{"id":16839,"date":"2024-07-21T18:31:38","date_gmt":"2024-07-21T18:31:38","guid":{"rendered":"https:\/\/sodepal.es\/?p=16839"},"modified":"2024-07-21T18:35:54","modified_gmt":"2024-07-21T18:35:54","slug":"el-isla-bonita-love-festival-visibiliza-las-experiencias-del-colectivo-lgtbiq-con-el-encuentro-realidades-insulares","status":"publish","type":"post","link":"https:\/\/sodepal.es\/en\/el-isla-bonita-love-festival-visibiliza-las-experiencias-del-colectivo-lgtbiq-con-el-encuentro-realidades-insulares\/","title":{"rendered":"The Isla Bonita Love Festival makes the experiences of the LGTBIQ+ community visible with the meeting 'Island Realities'."},"content":{"rendered":"<div data-elementor-type=\"wp-post\" data-elementor-id=\"16839\" class=\"elementor elementor-16839\" data-elementor-post-type=\"post\">\n\t\t\t\t\t\t<section class=\"elementor-section elementor-top-section elementor-element elementor-element-2e30694 elementor-section-boxed elementor-section-height-default elementor-section-height-default\" data-id=\"2e30694\" data-element_type=\"section\" data-e-type=\"section\">\n\t\t\t\t\t\t<div class=\"elementor-container elementor-column-gap-default\">\n\t\t\t\t\t<div class=\"elementor-column elementor-col-100 elementor-top-column elementor-element elementor-element-0c475aa\" data-id=\"0c475aa\" data-element_type=\"column\" data-e-type=\"column\">\n\t\t\t<div class=\"elementor-widget-wrap elementor-element-populated\">\n\t\t\t\t\t\t<div class=\"elementor-element elementor-element-90b12f1 elementor-widget elementor-widget-text-editor\" data-id=\"90b12f1\" data-element_type=\"widget\" data-e-type=\"widget\" data-widget_type=\"text-editor.default\">\n\t\t\t\t<div class=\"elementor-widget-container\">\n\t\t\t\t\t\t\t\t\t<p>The Isla Bonita Love Festival, managed by the public company Sodepal of the Cabildo de La Palma, seeks to make the experiences of the LGTBIQ+ community more visible through a round table discussion entitled Realidades Insulares, which will be held on Tuesday, 23 July, in the Casa de la Cultura in Los Llanos de Aridane, starting at 12:00 noon.<\/p><p>At this event, a diagnosis will be made of the progress, needs and commitments of this group on the island of La Palma, with the aim of studying possible improvements to be made in order to increase the well-being of the people involved.\u00a0<\/p><p>The Cabildo de La Palma emphasises the need to join forces in the search for the full happiness of the LGBTIQ+ community. For this reason, activities such as the round table Insular Realities, benefit the contribution of ideas with the aim of achieving progress in this area.<\/p><p>It is worth highlighting the participation of different LGTBIQ+ associations at regional level in the round table, which is a great opportunity to share experiences between the different islands, all in favour of continuing to make progress in the social aspect.\u00a0\u00a0<\/p><p>This is the first meeting in which the Garo\u00e9 association, recently born on the island of El Hierro, participates, which is a very important social advance for the green islands that La Palma led seven years ago. This advance was born from the Social Strategy of the Isla Bonita Love Festival, whose commitment has been renewed in this edition.<\/p><p>In addition to Garo\u00e9, representatives of the association Violetas LGTBi from La Palma, L\u00e1nzate, the LGTBI association of Lanzarote, Altihy from Fuerteventura and Diversas from the north of Tenerife will also take part in the Insular Realities meeting. Also present will be the president of the State Federation LGTBI+, Uge Sangil, and the Canarian Association of Anthropology.<\/p>\t\t\t\t\t\t\t\t<\/div>\n\t\t\t\t<\/div>\n\t\t\t\t\t<\/div>\n\t\t<\/div>\n\t\t\t\t\t<\/div>\n\t\t<\/section>\n\t\t\t\t<\/div>","protected":false},"excerpt":{"rendered":"<p>The Isla Bonita Love Festival, managed by the public company Sodepal of the Cabildo de La Palma, seeks to make the experiences of the LGTBIQ+ community more visible through a round table discussion called Realidades Insulares, to be held on Tuesday, 23 July, in the Casa de la Cultura in Los Llanos de Aridane, on the island of La Palma, in the ... <a title=\"The Isla Bonita Love Festival makes the experiences of the LGTBIQ+ community visible with the meeting &#039;Island Realities&#039;.\" class=\"read-more\" href=\"https:\/\/sodepal.es\/en\/el-isla-bonita-love-festival-visibiliza-las-experiencias-del-colectivo-lgtbiq-con-el-encuentro-realidades-insulares\/\" aria-label=\"Read more about El Isla Bonita Love Festival visibiliza las experiencias del colectivo LGTBIQ+ con el encuentro \u2018Realidades Insulares\u2019\">Read more<\/a><\/p>","protected":false},"author":1,"featured_media":16841,"comment_status":"open","ping_status":"open","sticky":false,"template":"","format":"standard","meta":{"_acf_changed":false,"footnotes":""},"categories":[19],"tags":[],"class_list":["post-16839","post","type-post","status-publish","format-standard","has-post-thumbnail","hentry","category-noticias"],"acf":[],"yoast_head":"<!-- This site is optimized with the Yoast SEO Premium plugin v22.0 (Yoast SEO v27.5) - https:\/\/yoast.com\/product\/yoast-seo-premium-wordpress\/ -->\n<title>El Isla Bonita Love Festival visibiliza las experiencias del colectivo LGTBIQ+ con el encuentro \u2018Realidades Insulares\u2019 - Sociedad de Promoci\u00f3n y Desarrollo Econ\u00f3mico y Social de La Palma - SODEPAL<\/title>\n<meta name=\"description\" content=\"Toda la actualidad de los proyectos y eventos desarrollados por SODEPAL\" \/>\n<meta name=\"robots\" content=\"index, follow, max-snippet:-1, max-image-preview:large, max-video-preview:-1\" \/>\n<link rel=\"canonical\" href=\"https:\/\/sodepal.es\/en\/el-isla-bonita-love-festival-visibiliza-las-experiencias-del-colectivo-lgtbiq-con-el-encuentro-realidades-insulares\/\" \/>\n<meta property=\"og:locale\" content=\"en_GB\" \/>\n<meta property=\"og:type\" content=\"article\" \/>\n<meta property=\"og:title\" content=\"El Isla Bonita Love Festival visibiliza las experiencias del colectivo LGTBIQ+ con el encuentro \u2018Realidades Insulares\u2019\" \/>\n<meta property=\"og:description\" content=\"Toda la actualidad de los proyectos y eventos desarrollados por SODEPAL\" \/>\n<meta property=\"og:url\" content=\"https:\/\/sodepal.es\/en\/el-isla-bonita-love-festival-visibiliza-las-experiencias-del-colectivo-lgtbiq-con-el-encuentro-realidades-insulares\/\" \/>\n<meta property=\"og:site_name\" content=\"Sociedad de Promoci\u00f3n y Desarrollo Econ\u00f3mico y Social de La Palma - SODEPAL\" \/>\n<meta property=\"article:publisher\" content=\"https:\/\/www.facebook.com\/sodepal\" \/>\n<meta property=\"article:published_time\" content=\"2024-07-21T18:31:38+00:00\" \/>\n<meta property=\"article:modified_time\" content=\"2024-07-21T18:35:54+00:00\" \/>\n<meta property=\"og:image\" content=\"https:\/\/sodepal.es\/wp-content\/uploads\/2024\/07\/Realidades_insultares.jpeg\" \/>\n\t<meta property=\"og:image:width\" content=\"1600\" \/>\n\t<meta property=\"og:image:height\" content=\"1600\" \/>\n\t<meta property=\"og:image:type\" content=\"image\/jpeg\" \/>\n<meta name=\"author\" content=\"gerencia\" \/>\n<meta name=\"twitter:card\" content=\"summary_large_image\" \/>\n<script type=\"application\/ld+json\" class=\"yoast-schema-graph\">{\"@context\":\"https:\\\/\\\/schema.org\",\"@graph\":[{\"@type\":\"Article\",\"@id\":\"https:\\\/\\\/sodepal.es\\\/el-isla-bonita-love-festival-visibiliza-las-experiencias-del-colectivo-lgtbiq-con-el-encuentro-realidades-insulares\\\/#article\",\"isPartOf\":{\"@id\":\"https:\\\/\\\/sodepal.es\\\/el-isla-bonita-love-festival-visibiliza-las-experiencias-del-colectivo-lgtbiq-con-el-encuentro-realidades-insulares\\\/\"},\"author\":{\"name\":\"gerencia\",\"@id\":\"https:\\\/\\\/sodepal.es\\\/#\\\/schema\\\/person\\\/43b1d623bde0c4ec4efd5656ef0958b2\"},\"headline\":\"El Isla Bonita Love Festival visibiliza las experiencias del colectivo LGTBIQ+ con el encuentro \u2018Realidades Insulares\u2019\",\"datePublished\":\"2024-07-21T18:31:38+00:00\",\"dateModified\":\"2024-07-21T18:35:54+00:00\",\"mainEntityOfPage\":{\"@id\":\"https:\\\/\\\/sodepal.es\\\/el-isla-bonita-love-festival-visibiliza-las-experiencias-del-colectivo-lgtbiq-con-el-encuentro-realidades-insulares\\\/\"},\"wordCount\":357,\"commentCount\":0,\"publisher\":{\"@id\":\"https:\\\/\\\/sodepal.es\\\/#organization\"},\"image\":{\"@id\":\"https:\\\/\\\/sodepal.es\\\/el-isla-bonita-love-festival-visibiliza-las-experiencias-del-colectivo-lgtbiq-con-el-encuentro-realidades-insulares\\\/#primaryimage\"},\"thumbnailUrl\":\"https:\\\/\\\/sodepal.es\\\/wp-content\\\/uploads\\\/2024\\\/07\\\/Realidades_insultares.jpeg\",\"articleSection\":[\"Noticias\"],\"inLanguage\":\"en-GB\",\"potentialAction\":[{\"@type\":\"CommentAction\",\"name\":\"Comment\",\"target\":[\"https:\\\/\\\/sodepal.es\\\/el-isla-bonita-love-festival-visibiliza-las-experiencias-del-colectivo-lgtbiq-con-el-encuentro-realidades-insulares\\\/#respond\"]}]},{\"@type\":\"WebPage\",\"@id\":\"https:\\\/\\\/sodepal.es\\\/el-isla-bonita-love-festival-visibiliza-las-experiencias-del-colectivo-lgtbiq-con-el-encuentro-realidades-insulares\\\/\",\"url\":\"https:\\\/\\\/sodepal.es\\\/el-isla-bonita-love-festival-visibiliza-las-experiencias-del-colectivo-lgtbiq-con-el-encuentro-realidades-insulares\\\/\",\"name\":\"El Isla Bonita Love Festival visibiliza las experiencias del colectivo LGTBIQ+ con el encuentro \u2018Realidades Insulares\u2019 - Sociedad de Promoci\u00f3n y Desarrollo Econ\u00f3mico y Social de La Palma - SODEPAL\",\"isPartOf\":{\"@id\":\"https:\\\/\\\/sodepal.es\\\/#website\"},\"primaryImageOfPage\":{\"@id\":\"https:\\\/\\\/sodepal.es\\\/el-isla-bonita-love-festival-visibiliza-las-experiencias-del-colectivo-lgtbiq-con-el-encuentro-realidades-insulares\\\/#primaryimage\"},\"image\":{\"@id\":\"https:\\\/\\\/sodepal.es\\\/el-isla-bonita-love-festival-visibiliza-las-experiencias-del-colectivo-lgtbiq-con-el-encuentro-realidades-insulares\\\/#primaryimage\"},\"thumbnailUrl\":\"https:\\\/\\\/sodepal.es\\\/wp-content\\\/uploads\\\/2024\\\/07\\\/Realidades_insultares.jpeg\",\"datePublished\":\"2024-07-21T18:31:38+00:00\",\"dateModified\":\"2024-07-21T18:35:54+00:00\",\"description\":\"Toda la actualidad de los proyectos y eventos desarrollados por SODEPAL\",\"breadcrumb\":{\"@id\":\"https:\\\/\\\/sodepal.es\\\/el-isla-bonita-love-festival-visibiliza-las-experiencias-del-colectivo-lgtbiq-con-el-encuentro-realidades-insulares\\\/#breadcrumb\"},\"inLanguage\":\"en-GB\",\"potentialAction\":[{\"@type\":\"ReadAction\",\"target\":[\"https:\\\/\\\/sodepal.es\\\/el-isla-bonita-love-festival-visibiliza-las-experiencias-del-colectivo-lgtbiq-con-el-encuentro-realidades-insulares\\\/\"]}]},{\"@type\":\"ImageObject\",\"inLanguage\":\"en-GB\",\"@id\":\"https:\\\/\\\/sodepal.es\\\/el-isla-bonita-love-festival-visibiliza-las-experiencias-del-colectivo-lgtbiq-con-el-encuentro-realidades-insulares\\\/#primaryimage\",\"url\":\"https:\\\/\\\/sodepal.es\\\/wp-content\\\/uploads\\\/2024\\\/07\\\/Realidades_insultares.jpeg\",\"contentUrl\":\"https:\\\/\\\/sodepal.es\\\/wp-content\\\/uploads\\\/2024\\\/07\\\/Realidades_insultares.jpeg\",\"width\":1600,\"height\":1600},{\"@type\":\"BreadcrumbList\",\"@id\":\"https:\\\/\\\/sodepal.es\\\/el-isla-bonita-love-festival-visibiliza-las-experiencias-del-colectivo-lgtbiq-con-el-encuentro-realidades-insulares\\\/#breadcrumb\",\"itemListElement\":[{\"@type\":\"ListItem\",\"position\":1,\"name\":\"Inicio\",\"item\":\"https:\\\/\\\/sodepal.es\\\/\"},{\"@type\":\"ListItem\",\"position\":2,\"name\":\"El Isla Bonita Love Festival visibiliza las experiencias del colectivo LGTBIQ+ con el encuentro \u2018Realidades Insulares\u2019\"}]},{\"@type\":\"WebSite\",\"@id\":\"https:\\\/\\\/sodepal.es\\\/#website\",\"url\":\"https:\\\/\\\/sodepal.es\\\/\",\"name\":\"Sodepal\",\"description\":\"SODEPAL es una empresa p\u00fablica dependiente del Cabildo de La Palma. Promoci\u00f3n, Fomento y Desarrollo para la isla de La Palma\",\"publisher\":{\"@id\":\"https:\\\/\\\/sodepal.es\\\/#organization\"},\"alternateName\":\"Sociedad de Promoci\u00f3n y Desarrollo Econ\u00f3mico y Social de La Palma\",\"potentialAction\":[{\"@type\":\"SearchAction\",\"target\":{\"@type\":\"EntryPoint\",\"urlTemplate\":\"https:\\\/\\\/sodepal.es\\\/?s={search_term_string}\"},\"query-input\":{\"@type\":\"PropertyValueSpecification\",\"valueRequired\":true,\"valueName\":\"search_term_string\"}}],\"inLanguage\":\"en-GB\"},{\"@type\":\"Organization\",\"@id\":\"https:\\\/\\\/sodepal.es\\\/#organization\",\"name\":\"Sociedad de Promoci\u00f3n y Desarrollo Econ\u00f3mico y Social de La Palma\",\"alternateName\":\"Sodepal\",\"url\":\"https:\\\/\\\/sodepal.es\\\/\",\"logo\":{\"@type\":\"ImageObject\",\"inLanguage\":\"en-GB\",\"@id\":\"https:\\\/\\\/sodepal.es\\\/#\\\/schema\\\/logo\\\/image\\\/\",\"url\":\"https:\\\/\\\/sodepal.es\\\/wp-content\\\/uploads\\\/2022\\\/09\\\/logo_web.png\",\"contentUrl\":\"https:\\\/\\\/sodepal.es\\\/wp-content\\\/uploads\\\/2022\\\/09\\\/logo_web.png\",\"width\":658,\"height\":156,\"caption\":\"Sociedad de Promoci\u00f3n y Desarrollo Econ\u00f3mico y Social de La Palma\"},\"image\":{\"@id\":\"https:\\\/\\\/sodepal.es\\\/#\\\/schema\\\/logo\\\/image\\\/\"},\"sameAs\":[\"https:\\\/\\\/www.facebook.com\\\/sodepal\",\"https:\\\/\\\/www.instagram.com\\\/sodepallapalma\\\/\"],\"description\":\"Sociedad de Promoci\u00f3n y Desarrollo econ\u00f3mico y Social de La Palma, empresa p\u00fablica dependiente del Cabildo de La Palma\",\"email\":\"info@sodepal.es\",\"telephone\":\"922417323\",\"legalName\":\"Sociedad de Promoci\u00f3n y Desarrollo Econ\u00f3mico de la isla de La Palma S.A.U.\"},{\"@type\":\"Person\",\"@id\":\"https:\\\/\\\/sodepal.es\\\/#\\\/schema\\\/person\\\/43b1d623bde0c4ec4efd5656ef0958b2\",\"name\":\"gerencia\",\"image\":{\"@type\":\"ImageObject\",\"inLanguage\":\"en-GB\",\"@id\":\"https:\\\/\\\/secure.gravatar.com\\\/avatar\\\/2aa1ba3e33e6721e413a7499ea7cab2e4414b99cea1516e7404245c8da655d86?s=96&d=mm&r=g\",\"url\":\"https:\\\/\\\/secure.gravatar.com\\\/avatar\\\/2aa1ba3e33e6721e413a7499ea7cab2e4414b99cea1516e7404245c8da655d86?s=96&d=mm&r=g\",\"contentUrl\":\"https:\\\/\\\/secure.gravatar.com\\\/avatar\\\/2aa1ba3e33e6721e413a7499ea7cab2e4414b99cea1516e7404245c8da655d86?s=96&d=mm&r=g\",\"caption\":\"gerencia\"}}]}<\/script>\n<!-- \/ Yoast SEO Premium plugin. -->","yoast_head_json":{"title":"El Isla Bonita Love Festival visibiliza las experiencias del colectivo LGTBIQ+ con el encuentro \u2018Realidades Insulares\u2019 - Sociedad de Promoci\u00f3n y Desarrollo Econ\u00f3mico y Social de La Palma - SODEPAL","description":"Toda la actualidad de los proyectos y eventos desarrollados por SODEPAL","robots":{"index":"index","follow":"follow","max-snippet":"max-snippet:-1","max-image-preview":"max-image-preview:large","max-video-preview":"max-video-preview:-1"},"canonical":"https:\/\/sodepal.es\/en\/el-isla-bonita-love-festival-visibiliza-las-experiencias-del-colectivo-lgtbiq-con-el-encuentro-realidades-insulares\/","og_locale":"en_GB","og_type":"article","og_title":"El Isla Bonita Love Festival visibiliza las experiencias del colectivo LGTBIQ+ con el encuentro \u2018Realidades Insulares\u2019","og_description":"Toda la actualidad de los proyectos y eventos desarrollados por SODEPAL","og_url":"https:\/\/sodepal.es\/en\/el-isla-bonita-love-festival-visibiliza-las-experiencias-del-colectivo-lgtbiq-con-el-encuentro-realidades-insulares\/","og_site_name":"Sociedad de Promoci\u00f3n y Desarrollo Econ\u00f3mico y Social de La Palma - SODEPAL","article_publisher":"https:\/\/www.facebook.com\/sodepal","article_published_time":"2024-07-21T18:31:38+00:00","article_modified_time":"2024-07-21T18:35:54+00:00","og_image":[{"width":1600,"height":1600,"url":"https:\/\/sodepal.es\/wp-content\/uploads\/2024\/07\/Realidades_insultares.jpeg","type":"image\/jpeg"}],"author":"gerencia","twitter_card":"summary_large_image","schema":{"@context":"https:\/\/schema.org","@graph":[{"@type":"Article","@id":"https:\/\/sodepal.es\/el-isla-bonita-love-festival-visibiliza-las-experiencias-del-colectivo-lgtbiq-con-el-encuentro-realidades-insulares\/#article","isPartOf":{"@id":"https:\/\/sodepal.es\/el-isla-bonita-love-festival-visibiliza-las-experiencias-del-colectivo-lgtbiq-con-el-encuentro-realidades-insulares\/"},"author":{"name":"gerencia","@id":"https:\/\/sodepal.es\/#\/schema\/person\/43b1d623bde0c4ec4efd5656ef0958b2"},"headline":"El Isla Bonita Love Festival visibiliza las experiencias del colectivo LGTBIQ+ con el encuentro \u2018Realidades Insulares\u2019","datePublished":"2024-07-21T18:31:38+00:00","dateModified":"2024-07-21T18:35:54+00:00","mainEntityOfPage":{"@id":"https:\/\/sodepal.es\/el-isla-bonita-love-festival-visibiliza-las-experiencias-del-colectivo-lgtbiq-con-el-encuentro-realidades-insulares\/"},"wordCount":357,"commentCount":0,"publisher":{"@id":"https:\/\/sodepal.es\/#organization"},"image":{"@id":"https:\/\/sodepal.es\/el-isla-bonita-love-festival-visibiliza-las-experiencias-del-colectivo-lgtbiq-con-el-encuentro-realidades-insulares\/#primaryimage"},"thumbnailUrl":"https:\/\/sodepal.es\/wp-content\/uploads\/2024\/07\/Realidades_insultares.jpeg","articleSection":["Noticias"],"inLanguage":"en-GB","potentialAction":[{"@type":"CommentAction","name":"Comment","target":["https:\/\/sodepal.es\/el-isla-bonita-love-festival-visibiliza-las-experiencias-del-colectivo-lgtbiq-con-el-encuentro-realidades-insulares\/#respond"]}]},{"@type":"WebPage","@id":"https:\/\/sodepal.es\/el-isla-bonita-love-festival-visibiliza-las-experiencias-del-colectivo-lgtbiq-con-el-encuentro-realidades-insulares\/","url":"https:\/\/sodepal.es\/el-isla-bonita-love-festival-visibiliza-las-experiencias-del-colectivo-lgtbiq-con-el-encuentro-realidades-insulares\/","name":"El Isla Bonita Love Festival visibiliza las experiencias del colectivo LGTBIQ+ con el encuentro \u2018Realidades Insulares\u2019 - Sociedad de Promoci\u00f3n y Desarrollo Econ\u00f3mico y Social de La Palma - SODEPAL","isPartOf":{"@id":"https:\/\/sodepal.es\/#website"},"primaryImageOfPage":{"@id":"https:\/\/sodepal.es\/el-isla-bonita-love-festival-visibiliza-las-experiencias-del-colectivo-lgtbiq-con-el-encuentro-realidades-insulares\/#primaryimage"},"image":{"@id":"https:\/\/sodepal.es\/el-isla-bonita-love-festival-visibiliza-las-experiencias-del-colectivo-lgtbiq-con-el-encuentro-realidades-insulares\/#primaryimage"},"thumbnailUrl":"https:\/\/sodepal.es\/wp-content\/uploads\/2024\/07\/Realidades_insultares.jpeg","datePublished":"2024-07-21T18:31:38+00:00","dateModified":"2024-07-21T18:35:54+00:00","description":"Toda la actualidad de los proyectos y eventos desarrollados por SODEPAL","breadcrumb":{"@id":"https:\/\/sodepal.es\/el-isla-bonita-love-festival-visibiliza-las-experiencias-del-colectivo-lgtbiq-con-el-encuentro-realidades-insulares\/#breadcrumb"},"inLanguage":"en-GB","potentialAction":[{"@type":"ReadAction","target":["https:\/\/sodepal.es\/el-isla-bonita-love-festival-visibiliza-las-experiencias-del-colectivo-lgtbiq-con-el-encuentro-realidades-insulares\/"]}]},{"@type":"ImageObject","inLanguage":"en-GB","@id":"https:\/\/sodepal.es\/el-isla-bonita-love-festival-visibiliza-las-experiencias-del-colectivo-lgtbiq-con-el-encuentro-realidades-insulares\/#primaryimage","url":"https:\/\/sodepal.es\/wp-content\/uploads\/2024\/07\/Realidades_insultares.jpeg","contentUrl":"https:\/\/sodepal.es\/wp-content\/uploads\/2024\/07\/Realidades_insultares.jpeg","width":1600,"height":1600},{"@type":"BreadcrumbList","@id":"https:\/\/sodepal.es\/el-isla-bonita-love-festival-visibiliza-las-experiencias-del-colectivo-lgtbiq-con-el-encuentro-realidades-insulares\/#breadcrumb","itemListElement":[{"@type":"ListItem","position":1,"name":"Inicio","item":"https:\/\/sodepal.es\/"},{"@type":"ListItem","position":2,"name":"El Isla Bonita Love Festival visibiliza las experiencias del colectivo LGTBIQ+ con el encuentro \u2018Realidades Insulares\u2019"}]},{"@type":"WebSite","@id":"https:\/\/sodepal.es\/#website","url":"https:\/\/sodepal.es\/","name":"Sodepal","description":"SODEPAL es una empresa p\u00fablica dependiente del Cabildo de La Palma. Promoci\u00f3n, Fomento y Desarrollo para la isla de La Palma","publisher":{"@id":"https:\/\/sodepal.es\/#organization"},"alternateName":"Sociedad de Promoci\u00f3n y Desarrollo Econ\u00f3mico y Social de La Palma","potentialAction":[{"@type":"SearchAction","target":{"@type":"EntryPoint","urlTemplate":"https:\/\/sodepal.es\/?s={search_term_string}"},"query-input":{"@type":"PropertyValueSpecification","valueRequired":true,"valueName":"search_term_string"}}],"inLanguage":"en-GB"},{"@type":"Organization","@id":"https:\/\/sodepal.es\/#organization","name":"Sociedad de Promoci\u00f3n y Desarrollo Econ\u00f3mico y Social de La Palma","alternateName":"Sodepal","url":"https:\/\/sodepal.es\/","logo":{"@type":"ImageObject","inLanguage":"en-GB","@id":"https:\/\/sodepal.es\/#\/schema\/logo\/image\/","url":"https:\/\/sodepal.es\/wp-content\/uploads\/2022\/09\/logo_web.png","contentUrl":"https:\/\/sodepal.es\/wp-content\/uploads\/2022\/09\/logo_web.png","width":658,"height":156,"caption":"Sociedad de Promoci\u00f3n y Desarrollo Econ\u00f3mico y Social de La Palma"},"image":{"@id":"https:\/\/sodepal.es\/#\/schema\/logo\/image\/"},"sameAs":["https:\/\/www.facebook.com\/sodepal","https:\/\/www.instagram.com\/sodepallapalma\/"],"description":"Sociedad de Promoci\u00f3n y Desarrollo econ\u00f3mico y Social de La Palma, empresa p\u00fablica dependiente del Cabildo de La Palma","email":"info@sodepal.es","telephone":"922417323","legalName":"Sociedad de Promoci\u00f3n y Desarrollo Econ\u00f3mico de la isla de La Palma S.A.U."},{"@type":"Person","@id":"https:\/\/sodepal.es\/#\/schema\/person\/43b1d623bde0c4ec4efd5656ef0958b2","name":"gerencia","image":{"@type":"ImageObject","inLanguage":"en-GB","@id":"https:\/\/secure.gravatar.com\/avatar\/2aa1ba3e33e6721e413a7499ea7cab2e4414b99cea1516e7404245c8da655d86?s=96&d=mm&r=g","url":"https:\/\/secure.gravatar.com\/avatar\/2aa1ba3e33e6721e413a7499ea7cab2e4414b99cea1516e7404245c8da655d86?s=96&d=mm&r=g","contentUrl":"https:\/\/secure.gravatar.com\/avatar\/2aa1ba3e33e6721e413a7499ea7cab2e4414b99cea1516e7404245c8da655d86?s=96&d=mm&r=g","caption":"gerencia"}}]}},"_links":{"self":[{"href":"https:\/\/sodepal.es\/en\/wp-json\/wp\/v2\/posts\/16839","targetHints":{"allow":["GET"]}}],"collection":[{"href":"https:\/\/sodepal.es\/en\/wp-json\/wp\/v2\/posts"}],"about":[{"href":"https:\/\/sodepal.es\/en\/wp-json\/wp\/v2\/types\/post"}],"author":[{"embeddable":true,"href":"https:\/\/sodepal.es\/en\/wp-json\/wp\/v2\/users\/1"}],"replies":[{"embeddable":true,"href":"https:\/\/sodepal.es\/en\/wp-json\/wp\/v2\/comments?post=16839"}],"version-history":[{"count":0,"href":"https:\/\/sodepal.es\/en\/wp-json\/wp\/v2\/posts\/16839\/revisions"}],"wp:featuredmedia":[{"embeddable":true,"href":"https:\/\/sodepal.es\/en\/wp-json\/wp\/v2\/media\/16841"}],"wp:attachment":[{"href":"https:\/\/sodepal.es\/en\/wp-json\/wp\/v2\/media?parent=16839"}],"wp:term":[{"taxonomy":"category","embeddable":true,"href":"https:\/\/sodepal.es\/en\/wp-json\/wp\/v2\/categories?post=16839"},{"taxonomy":"post_tag","embeddable":true,"href":"https:\/\/sodepal.es\/en\/wp-json\/wp\/v2\/tags?post=16839"}],"curies":[{"name":"wp","href":"https:\/\/api.w.org\/{rel}","templated":true}]}}