{"id":16944,"date":"2024-07-22T18:03:26","date_gmt":"2024-07-22T18:03:26","guid":{"rendered":"https:\/\/sodepal.es\/?p=16944"},"modified":"2024-07-22T18:05:01","modified_gmt":"2024-07-22T18:05:01","slug":"isla-bonita-love-festival-presenta-los-vasos-inclusivos-para-dar-a-conocer-y-normalizar-conceptos-claves-del-colectivo-lgtbiq","status":"publish","type":"post","link":"https:\/\/sodepal.es\/en\/isla-bonita-love-festival-presenta-los-vasos-inclusivos-para-dar-a-conocer-y-normalizar-conceptos-claves-del-colectivo-lgtbiq\/","title":{"rendered":"Isla Bonita Love Festival presents the \"inclusive glasses\" to raise awareness and normalise key concepts of the LGTBIQ+ community."},"content":{"rendered":"<div data-elementor-type=\"wp-post\" data-elementor-id=\"16944\" class=\"elementor elementor-16944\" data-elementor-post-type=\"post\">\n\t\t\t\t\t\t<section class=\"elementor-section elementor-top-section elementor-element elementor-element-2e30694 elementor-section-boxed elementor-section-height-default elementor-section-height-default\" data-id=\"2e30694\" data-element_type=\"section\" data-e-type=\"section\">\n\t\t\t\t\t\t<div class=\"elementor-container elementor-column-gap-default\">\n\t\t\t\t\t<div class=\"elementor-column elementor-col-100 elementor-top-column elementor-element elementor-element-0c475aa\" data-id=\"0c475aa\" data-element_type=\"column\" data-e-type=\"column\">\n\t\t\t<div class=\"elementor-widget-wrap elementor-element-populated\">\n\t\t\t\t\t\t<div class=\"elementor-element elementor-element-90b12f1 elementor-widget elementor-widget-text-editor\" data-id=\"90b12f1\" data-element_type=\"widget\" data-e-type=\"widget\" data-widget_type=\"text-editor.default\">\n\t\t\t\t<div class=\"elementor-widget-container\">\n\t\t\t\t\t\t\t\t\t<div class=\"field field--name-field-noticias-entradilla field--type-text-long field--label-hidden field--item\"><p>People who have bought golden tickets for the concert on 27 July in Puerto de Tazacorte will receive this glass for free, which will also star in the event at a price of one euro for the rest of the attendees.<\/p><p><span style=\"font-size: inherit;\">The new edition of the Isla Bonita Love Festival incorporates the \"inclusive glasses\" to the actions that are developed within the framework of the event to continue to raise awareness and normalize among all the people of the society of La Palma and that will participate in the different activities of the same key concepts of the LGTBIQ+ collective.\u00a0<\/span><\/p><\/div><div class=\"field field--name-body field--type-text-with-summary field--label-hidden field--item\"><p>In this sense, the Corporation points out that this is a simple but close way of familiarising everyone with some terms linked to the new realities that we must normalise, understand and integrate into our daily lives.\u00a0<\/p><p>The first glasses will be given to those people who have bought golden tickets to attend the concert, which will put the finishing touch to a social agenda involved in the struggle of the collective and its participation in society from equality and freedom.<\/p><p>In addition, these will also star in the concert next Saturday, 27 July, in Puerto de Tazacorte, as they will be on sale, at a price of one euro, along with the drinks, with the dual aim of raising awareness of equality and diversity, as well as sustainability with these reusable cups.\u00a0<\/p><p>The glasses reflect simple, clear and concise definitions of terms such as sex, gender, gender expression, gender identity and sexual orientation.\u00a0<\/p><p>Tickets for the Isla Bonita Love Festival concert, which will feature Martin Garrix, Ricky Martin, Chanel, Ptazeta, St Pedro, Kingdom and Orribo, can be purchased on the website <a href=\"https:\/\/www.tomaticket.es\/es-es\/entradas-isla-bonita-love-festival-la-palma\" target=\"_blank\" rel=\"noopener\">https:\/\/www.tomaticket.es\/es-es\/entradas-isla-bonita-love-festival-la-palma<\/a><\/p><\/div>\t\t\t\t\t\t\t\t<\/div>\n\t\t\t\t<\/div>\n\t\t\t\t\t<\/div>\n\t\t<\/div>\n\t\t\t\t\t<\/div>\n\t\t<\/section>\n\t\t\t\t<\/div>","protected":false},"excerpt":{"rendered":"<p>Las personas que hayan adquirido las entradas golden para el concierto del pr\u00f3ximo 27 de julio en el Puerto de Tazacorte recibir\u00e1n gratis este vaso, que tambi\u00e9n protagonizar\u00e1 el evento a un precio de un euro para el resto de asistentes La nueva edici\u00f3n del Isla Bonita Love Festival incorpora los \u201cvasos inclusivos\u201d a las &#8230; <a title=\"Isla Bonita Love Festival presents the &quot;inclusive glasses&quot; to raise awareness and normalise key concepts of the LGTBIQ+ community.\" class=\"read-more\" href=\"https:\/\/sodepal.es\/en\/isla-bonita-love-festival-presenta-los-vasos-inclusivos-para-dar-a-conocer-y-normalizar-conceptos-claves-del-colectivo-lgtbiq\/\" aria-label=\"Read more about Isla Bonita Love Festival presenta los \u201cvasos inclusivos\u201d para dar a conocer y normalizar conceptos claves del colectivo LGTBIQ+\">Read more<\/a><\/p>","protected":false},"author":1,"featured_media":16945,"comment_status":"open","ping_status":"open","sticky":false,"template":"","format":"standard","meta":{"_acf_changed":false,"footnotes":""},"categories":[19],"tags":[],"class_list":["post-16944","post","type-post","status-publish","format-standard","has-post-thumbnail","hentry","category-noticias"],"acf":[],"yoast_head":"<!-- This site is optimized with the Yoast SEO Premium plugin v22.0 (Yoast SEO v27.5) - https:\/\/yoast.com\/product\/yoast-seo-premium-wordpress\/ -->\n<title>Isla Bonita Love Festival presenta los \u201cvasos inclusivos\u201d para dar a conocer y normalizar conceptos claves del colectivo LGTBIQ+ - Sociedad de Promoci\u00f3n y Desarrollo Econ\u00f3mico y Social de La Palma - SODEPAL<\/title>\n<meta name=\"description\" content=\"Toda la actualidad de los proyectos y eventos desarrollados por SODEPAL\" \/>\n<meta name=\"robots\" content=\"index, follow, max-snippet:-1, max-image-preview:large, max-video-preview:-1\" \/>\n<link rel=\"canonical\" href=\"https:\/\/sodepal.es\/en\/isla-bonita-love-festival-presenta-los-vasos-inclusivos-para-dar-a-conocer-y-normalizar-conceptos-claves-del-colectivo-lgtbiq\/\" \/>\n<meta property=\"og:locale\" content=\"en_GB\" \/>\n<meta property=\"og:type\" content=\"article\" \/>\n<meta property=\"og:title\" content=\"Isla Bonita Love Festival presenta los \u201cvasos inclusivos\u201d para dar a conocer y normalizar conceptos claves del colectivo LGTBIQ+\" \/>\n<meta property=\"og:description\" content=\"Toda la actualidad de los proyectos y eventos desarrollados por SODEPAL\" \/>\n<meta property=\"og:url\" content=\"https:\/\/sodepal.es\/en\/isla-bonita-love-festival-presenta-los-vasos-inclusivos-para-dar-a-conocer-y-normalizar-conceptos-claves-del-colectivo-lgtbiq\/\" \/>\n<meta property=\"og:site_name\" content=\"Sociedad de Promoci\u00f3n y Desarrollo Econ\u00f3mico y Social de La Palma - SODEPAL\" \/>\n<meta property=\"article:publisher\" content=\"https:\/\/www.facebook.com\/sodepal\" \/>\n<meta property=\"article:published_time\" content=\"2024-07-22T18:03:26+00:00\" \/>\n<meta property=\"article:modified_time\" content=\"2024-07-22T18:05:01+00:00\" \/>\n<meta property=\"og:image\" content=\"https:\/\/sodepal.es\/wp-content\/uploads\/2024\/07\/vasos_inclusivos.jpeg\" \/>\n\t<meta property=\"og:image:width\" content=\"1600\" \/>\n\t<meta property=\"og:image:height\" content=\"1172\" \/>\n\t<meta property=\"og:image:type\" content=\"image\/jpeg\" \/>\n<meta name=\"author\" content=\"gerencia\" \/>\n<meta name=\"twitter:card\" content=\"summary_large_image\" \/>\n<script type=\"application\/ld+json\" class=\"yoast-schema-graph\">{\"@context\":\"https:\\\/\\\/schema.org\",\"@graph\":[{\"@type\":\"Article\",\"@id\":\"https:\\\/\\\/sodepal.es\\\/isla-bonita-love-festival-presenta-los-vasos-inclusivos-para-dar-a-conocer-y-normalizar-conceptos-claves-del-colectivo-lgtbiq\\\/#article\",\"isPartOf\":{\"@id\":\"https:\\\/\\\/sodepal.es\\\/isla-bonita-love-festival-presenta-los-vasos-inclusivos-para-dar-a-conocer-y-normalizar-conceptos-claves-del-colectivo-lgtbiq\\\/\"},\"author\":{\"name\":\"gerencia\",\"@id\":\"https:\\\/\\\/sodepal.es\\\/#\\\/schema\\\/person\\\/43b1d623bde0c4ec4efd5656ef0958b2\"},\"headline\":\"Isla Bonita Love Festival presenta los \u201cvasos inclusivos\u201d para dar a conocer y normalizar conceptos claves del colectivo LGTBIQ+\",\"datePublished\":\"2024-07-22T18:03:26+00:00\",\"dateModified\":\"2024-07-22T18:05:01+00:00\",\"mainEntityOfPage\":{\"@id\":\"https:\\\/\\\/sodepal.es\\\/isla-bonita-love-festival-presenta-los-vasos-inclusivos-para-dar-a-conocer-y-normalizar-conceptos-claves-del-colectivo-lgtbiq\\\/\"},\"wordCount\":340,\"commentCount\":0,\"publisher\":{\"@id\":\"https:\\\/\\\/sodepal.es\\\/#organization\"},\"image\":{\"@id\":\"https:\\\/\\\/sodepal.es\\\/isla-bonita-love-festival-presenta-los-vasos-inclusivos-para-dar-a-conocer-y-normalizar-conceptos-claves-del-colectivo-lgtbiq\\\/#primaryimage\"},\"thumbnailUrl\":\"https:\\\/\\\/sodepal.es\\\/wp-content\\\/uploads\\\/2024\\\/07\\\/vasos_inclusivos.jpeg\",\"articleSection\":[\"Noticias\"],\"inLanguage\":\"en-GB\",\"potentialAction\":[{\"@type\":\"CommentAction\",\"name\":\"Comment\",\"target\":[\"https:\\\/\\\/sodepal.es\\\/isla-bonita-love-festival-presenta-los-vasos-inclusivos-para-dar-a-conocer-y-normalizar-conceptos-claves-del-colectivo-lgtbiq\\\/#respond\"]}]},{\"@type\":\"WebPage\",\"@id\":\"https:\\\/\\\/sodepal.es\\\/isla-bonita-love-festival-presenta-los-vasos-inclusivos-para-dar-a-conocer-y-normalizar-conceptos-claves-del-colectivo-lgtbiq\\\/\",\"url\":\"https:\\\/\\\/sodepal.es\\\/isla-bonita-love-festival-presenta-los-vasos-inclusivos-para-dar-a-conocer-y-normalizar-conceptos-claves-del-colectivo-lgtbiq\\\/\",\"name\":\"Isla Bonita Love Festival presenta los \u201cvasos inclusivos\u201d para dar a conocer y normalizar conceptos claves del colectivo LGTBIQ+ - Sociedad de Promoci\u00f3n y Desarrollo Econ\u00f3mico y Social de La Palma - SODEPAL\",\"isPartOf\":{\"@id\":\"https:\\\/\\\/sodepal.es\\\/#website\"},\"primaryImageOfPage\":{\"@id\":\"https:\\\/\\\/sodepal.es\\\/isla-bonita-love-festival-presenta-los-vasos-inclusivos-para-dar-a-conocer-y-normalizar-conceptos-claves-del-colectivo-lgtbiq\\\/#primaryimage\"},\"image\":{\"@id\":\"https:\\\/\\\/sodepal.es\\\/isla-bonita-love-festival-presenta-los-vasos-inclusivos-para-dar-a-conocer-y-normalizar-conceptos-claves-del-colectivo-lgtbiq\\\/#primaryimage\"},\"thumbnailUrl\":\"https:\\\/\\\/sodepal.es\\\/wp-content\\\/uploads\\\/2024\\\/07\\\/vasos_inclusivos.jpeg\",\"datePublished\":\"2024-07-22T18:03:26+00:00\",\"dateModified\":\"2024-07-22T18:05:01+00:00\",\"description\":\"Toda la actualidad de los proyectos y eventos desarrollados por SODEPAL\",\"breadcrumb\":{\"@id\":\"https:\\\/\\\/sodepal.es\\\/isla-bonita-love-festival-presenta-los-vasos-inclusivos-para-dar-a-conocer-y-normalizar-conceptos-claves-del-colectivo-lgtbiq\\\/#breadcrumb\"},\"inLanguage\":\"en-GB\",\"potentialAction\":[{\"@type\":\"ReadAction\",\"target\":[\"https:\\\/\\\/sodepal.es\\\/isla-bonita-love-festival-presenta-los-vasos-inclusivos-para-dar-a-conocer-y-normalizar-conceptos-claves-del-colectivo-lgtbiq\\\/\"]}]},{\"@type\":\"ImageObject\",\"inLanguage\":\"en-GB\",\"@id\":\"https:\\\/\\\/sodepal.es\\\/isla-bonita-love-festival-presenta-los-vasos-inclusivos-para-dar-a-conocer-y-normalizar-conceptos-claves-del-colectivo-lgtbiq\\\/#primaryimage\",\"url\":\"https:\\\/\\\/sodepal.es\\\/wp-content\\\/uploads\\\/2024\\\/07\\\/vasos_inclusivos.jpeg\",\"contentUrl\":\"https:\\\/\\\/sodepal.es\\\/wp-content\\\/uploads\\\/2024\\\/07\\\/vasos_inclusivos.jpeg\",\"width\":1600,\"height\":1172},{\"@type\":\"BreadcrumbList\",\"@id\":\"https:\\\/\\\/sodepal.es\\\/isla-bonita-love-festival-presenta-los-vasos-inclusivos-para-dar-a-conocer-y-normalizar-conceptos-claves-del-colectivo-lgtbiq\\\/#breadcrumb\",\"itemListElement\":[{\"@type\":\"ListItem\",\"position\":1,\"name\":\"Inicio\",\"item\":\"https:\\\/\\\/sodepal.es\\\/\"},{\"@type\":\"ListItem\",\"position\":2,\"name\":\"Isla Bonita Love Festival presenta los \u201cvasos inclusivos\u201d para dar a conocer y normalizar conceptos claves del colectivo LGTBIQ+\"}]},{\"@type\":\"WebSite\",\"@id\":\"https:\\\/\\\/sodepal.es\\\/#website\",\"url\":\"https:\\\/\\\/sodepal.es\\\/\",\"name\":\"Sodepal\",\"description\":\"SODEPAL es una empresa p\u00fablica dependiente del Cabildo de La Palma. Promoci\u00f3n, Fomento y Desarrollo para la isla de La Palma\",\"publisher\":{\"@id\":\"https:\\\/\\\/sodepal.es\\\/#organization\"},\"alternateName\":\"Sociedad de Promoci\u00f3n y Desarrollo Econ\u00f3mico y Social de La Palma\",\"potentialAction\":[{\"@type\":\"SearchAction\",\"target\":{\"@type\":\"EntryPoint\",\"urlTemplate\":\"https:\\\/\\\/sodepal.es\\\/?s={search_term_string}\"},\"query-input\":{\"@type\":\"PropertyValueSpecification\",\"valueRequired\":true,\"valueName\":\"search_term_string\"}}],\"inLanguage\":\"en-GB\"},{\"@type\":\"Organization\",\"@id\":\"https:\\\/\\\/sodepal.es\\\/#organization\",\"name\":\"Sociedad de Promoci\u00f3n y Desarrollo Econ\u00f3mico y Social de La Palma\",\"alternateName\":\"Sodepal\",\"url\":\"https:\\\/\\\/sodepal.es\\\/\",\"logo\":{\"@type\":\"ImageObject\",\"inLanguage\":\"en-GB\",\"@id\":\"https:\\\/\\\/sodepal.es\\\/#\\\/schema\\\/logo\\\/image\\\/\",\"url\":\"https:\\\/\\\/sodepal.es\\\/wp-content\\\/uploads\\\/2022\\\/09\\\/logo_web.png\",\"contentUrl\":\"https:\\\/\\\/sodepal.es\\\/wp-content\\\/uploads\\\/2022\\\/09\\\/logo_web.png\",\"width\":658,\"height\":156,\"caption\":\"Sociedad de Promoci\u00f3n y Desarrollo Econ\u00f3mico y Social de La Palma\"},\"image\":{\"@id\":\"https:\\\/\\\/sodepal.es\\\/#\\\/schema\\\/logo\\\/image\\\/\"},\"sameAs\":[\"https:\\\/\\\/www.facebook.com\\\/sodepal\",\"https:\\\/\\\/www.instagram.com\\\/sodepallapalma\\\/\"],\"description\":\"Sociedad de Promoci\u00f3n y Desarrollo econ\u00f3mico y Social de La Palma, empresa p\u00fablica dependiente del Cabildo de La Palma\",\"email\":\"info@sodepal.es\",\"telephone\":\"922417323\",\"legalName\":\"Sociedad de Promoci\u00f3n y Desarrollo Econ\u00f3mico de la isla de La Palma S.A.U.\"},{\"@type\":\"Person\",\"@id\":\"https:\\\/\\\/sodepal.es\\\/#\\\/schema\\\/person\\\/43b1d623bde0c4ec4efd5656ef0958b2\",\"name\":\"gerencia\",\"image\":{\"@type\":\"ImageObject\",\"inLanguage\":\"en-GB\",\"@id\":\"https:\\\/\\\/secure.gravatar.com\\\/avatar\\\/2aa1ba3e33e6721e413a7499ea7cab2e4414b99cea1516e7404245c8da655d86?s=96&d=mm&r=g\",\"url\":\"https:\\\/\\\/secure.gravatar.com\\\/avatar\\\/2aa1ba3e33e6721e413a7499ea7cab2e4414b99cea1516e7404245c8da655d86?s=96&d=mm&r=g\",\"contentUrl\":\"https:\\\/\\\/secure.gravatar.com\\\/avatar\\\/2aa1ba3e33e6721e413a7499ea7cab2e4414b99cea1516e7404245c8da655d86?s=96&d=mm&r=g\",\"caption\":\"gerencia\"}}]}<\/script>\n<!-- \/ Yoast SEO Premium plugin. -->","yoast_head_json":{"title":"Isla Bonita Love Festival presenta los \u201cvasos inclusivos\u201d para dar a conocer y normalizar conceptos claves del colectivo LGTBIQ+ - Sociedad de Promoci\u00f3n y Desarrollo Econ\u00f3mico y Social de La Palma - SODEPAL","description":"Toda la actualidad de los proyectos y eventos desarrollados por SODEPAL","robots":{"index":"index","follow":"follow","max-snippet":"max-snippet:-1","max-image-preview":"max-image-preview:large","max-video-preview":"max-video-preview:-1"},"canonical":"https:\/\/sodepal.es\/en\/isla-bonita-love-festival-presenta-los-vasos-inclusivos-para-dar-a-conocer-y-normalizar-conceptos-claves-del-colectivo-lgtbiq\/","og_locale":"en_GB","og_type":"article","og_title":"Isla Bonita Love Festival presenta los \u201cvasos inclusivos\u201d para dar a conocer y normalizar conceptos claves del colectivo LGTBIQ+","og_description":"Toda la actualidad de los proyectos y eventos desarrollados por SODEPAL","og_url":"https:\/\/sodepal.es\/en\/isla-bonita-love-festival-presenta-los-vasos-inclusivos-para-dar-a-conocer-y-normalizar-conceptos-claves-del-colectivo-lgtbiq\/","og_site_name":"Sociedad de Promoci\u00f3n y Desarrollo Econ\u00f3mico y Social de La Palma - SODEPAL","article_publisher":"https:\/\/www.facebook.com\/sodepal","article_published_time":"2024-07-22T18:03:26+00:00","article_modified_time":"2024-07-22T18:05:01+00:00","og_image":[{"width":1600,"height":1172,"url":"https:\/\/sodepal.es\/wp-content\/uploads\/2024\/07\/vasos_inclusivos.jpeg","type":"image\/jpeg"}],"author":"gerencia","twitter_card":"summary_large_image","schema":{"@context":"https:\/\/schema.org","@graph":[{"@type":"Article","@id":"https:\/\/sodepal.es\/isla-bonita-love-festival-presenta-los-vasos-inclusivos-para-dar-a-conocer-y-normalizar-conceptos-claves-del-colectivo-lgtbiq\/#article","isPartOf":{"@id":"https:\/\/sodepal.es\/isla-bonita-love-festival-presenta-los-vasos-inclusivos-para-dar-a-conocer-y-normalizar-conceptos-claves-del-colectivo-lgtbiq\/"},"author":{"name":"gerencia","@id":"https:\/\/sodepal.es\/#\/schema\/person\/43b1d623bde0c4ec4efd5656ef0958b2"},"headline":"Isla Bonita Love Festival presenta los \u201cvasos inclusivos\u201d para dar a conocer y normalizar conceptos claves del colectivo LGTBIQ+","datePublished":"2024-07-22T18:03:26+00:00","dateModified":"2024-07-22T18:05:01+00:00","mainEntityOfPage":{"@id":"https:\/\/sodepal.es\/isla-bonita-love-festival-presenta-los-vasos-inclusivos-para-dar-a-conocer-y-normalizar-conceptos-claves-del-colectivo-lgtbiq\/"},"wordCount":340,"commentCount":0,"publisher":{"@id":"https:\/\/sodepal.es\/#organization"},"image":{"@id":"https:\/\/sodepal.es\/isla-bonita-love-festival-presenta-los-vasos-inclusivos-para-dar-a-conocer-y-normalizar-conceptos-claves-del-colectivo-lgtbiq\/#primaryimage"},"thumbnailUrl":"https:\/\/sodepal.es\/wp-content\/uploads\/2024\/07\/vasos_inclusivos.jpeg","articleSection":["Noticias"],"inLanguage":"en-GB","potentialAction":[{"@type":"CommentAction","name":"Comment","target":["https:\/\/sodepal.es\/isla-bonita-love-festival-presenta-los-vasos-inclusivos-para-dar-a-conocer-y-normalizar-conceptos-claves-del-colectivo-lgtbiq\/#respond"]}]},{"@type":"WebPage","@id":"https:\/\/sodepal.es\/isla-bonita-love-festival-presenta-los-vasos-inclusivos-para-dar-a-conocer-y-normalizar-conceptos-claves-del-colectivo-lgtbiq\/","url":"https:\/\/sodepal.es\/isla-bonita-love-festival-presenta-los-vasos-inclusivos-para-dar-a-conocer-y-normalizar-conceptos-claves-del-colectivo-lgtbiq\/","name":"Isla Bonita Love Festival presenta los \u201cvasos inclusivos\u201d para dar a conocer y normalizar conceptos claves del colectivo LGTBIQ+ - Sociedad de Promoci\u00f3n y Desarrollo Econ\u00f3mico y Social de La Palma - SODEPAL","isPartOf":{"@id":"https:\/\/sodepal.es\/#website"},"primaryImageOfPage":{"@id":"https:\/\/sodepal.es\/isla-bonita-love-festival-presenta-los-vasos-inclusivos-para-dar-a-conocer-y-normalizar-conceptos-claves-del-colectivo-lgtbiq\/#primaryimage"},"image":{"@id":"https:\/\/sodepal.es\/isla-bonita-love-festival-presenta-los-vasos-inclusivos-para-dar-a-conocer-y-normalizar-conceptos-claves-del-colectivo-lgtbiq\/#primaryimage"},"thumbnailUrl":"https:\/\/sodepal.es\/wp-content\/uploads\/2024\/07\/vasos_inclusivos.jpeg","datePublished":"2024-07-22T18:03:26+00:00","dateModified":"2024-07-22T18:05:01+00:00","description":"Toda la actualidad de los proyectos y eventos desarrollados por SODEPAL","breadcrumb":{"@id":"https:\/\/sodepal.es\/isla-bonita-love-festival-presenta-los-vasos-inclusivos-para-dar-a-conocer-y-normalizar-conceptos-claves-del-colectivo-lgtbiq\/#breadcrumb"},"inLanguage":"en-GB","potentialAction":[{"@type":"ReadAction","target":["https:\/\/sodepal.es\/isla-bonita-love-festival-presenta-los-vasos-inclusivos-para-dar-a-conocer-y-normalizar-conceptos-claves-del-colectivo-lgtbiq\/"]}]},{"@type":"ImageObject","inLanguage":"en-GB","@id":"https:\/\/sodepal.es\/isla-bonita-love-festival-presenta-los-vasos-inclusivos-para-dar-a-conocer-y-normalizar-conceptos-claves-del-colectivo-lgtbiq\/#primaryimage","url":"https:\/\/sodepal.es\/wp-content\/uploads\/2024\/07\/vasos_inclusivos.jpeg","contentUrl":"https:\/\/sodepal.es\/wp-content\/uploads\/2024\/07\/vasos_inclusivos.jpeg","width":1600,"height":1172},{"@type":"BreadcrumbList","@id":"https:\/\/sodepal.es\/isla-bonita-love-festival-presenta-los-vasos-inclusivos-para-dar-a-conocer-y-normalizar-conceptos-claves-del-colectivo-lgtbiq\/#breadcrumb","itemListElement":[{"@type":"ListItem","position":1,"name":"Inicio","item":"https:\/\/sodepal.es\/"},{"@type":"ListItem","position":2,"name":"Isla Bonita Love Festival presenta los \u201cvasos inclusivos\u201d para dar a conocer y normalizar conceptos claves del colectivo LGTBIQ+"}]},{"@type":"WebSite","@id":"https:\/\/sodepal.es\/#website","url":"https:\/\/sodepal.es\/","name":"Sodepal","description":"SODEPAL es una empresa p\u00fablica dependiente del Cabildo de La Palma. Promoci\u00f3n, Fomento y Desarrollo para la isla de La Palma","publisher":{"@id":"https:\/\/sodepal.es\/#organization"},"alternateName":"Sociedad de Promoci\u00f3n y Desarrollo Econ\u00f3mico y Social de La Palma","potentialAction":[{"@type":"SearchAction","target":{"@type":"EntryPoint","urlTemplate":"https:\/\/sodepal.es\/?s={search_term_string}"},"query-input":{"@type":"PropertyValueSpecification","valueRequired":true,"valueName":"search_term_string"}}],"inLanguage":"en-GB"},{"@type":"Organization","@id":"https:\/\/sodepal.es\/#organization","name":"Sociedad de Promoci\u00f3n y Desarrollo Econ\u00f3mico y Social de La Palma","alternateName":"Sodepal","url":"https:\/\/sodepal.es\/","logo":{"@type":"ImageObject","inLanguage":"en-GB","@id":"https:\/\/sodepal.es\/#\/schema\/logo\/image\/","url":"https:\/\/sodepal.es\/wp-content\/uploads\/2022\/09\/logo_web.png","contentUrl":"https:\/\/sodepal.es\/wp-content\/uploads\/2022\/09\/logo_web.png","width":658,"height":156,"caption":"Sociedad de Promoci\u00f3n y Desarrollo Econ\u00f3mico y Social de La Palma"},"image":{"@id":"https:\/\/sodepal.es\/#\/schema\/logo\/image\/"},"sameAs":["https:\/\/www.facebook.com\/sodepal","https:\/\/www.instagram.com\/sodepallapalma\/"],"description":"Sociedad de Promoci\u00f3n y Desarrollo econ\u00f3mico y Social de La Palma, empresa p\u00fablica dependiente del Cabildo de La Palma","email":"info@sodepal.es","telephone":"922417323","legalName":"Sociedad de Promoci\u00f3n y Desarrollo Econ\u00f3mico de la isla de La Palma S.A.U."},{"@type":"Person","@id":"https:\/\/sodepal.es\/#\/schema\/person\/43b1d623bde0c4ec4efd5656ef0958b2","name":"gerencia","image":{"@type":"ImageObject","inLanguage":"en-GB","@id":"https:\/\/secure.gravatar.com\/avatar\/2aa1ba3e33e6721e413a7499ea7cab2e4414b99cea1516e7404245c8da655d86?s=96&d=mm&r=g","url":"https:\/\/secure.gravatar.com\/avatar\/2aa1ba3e33e6721e413a7499ea7cab2e4414b99cea1516e7404245c8da655d86?s=96&d=mm&r=g","contentUrl":"https:\/\/secure.gravatar.com\/avatar\/2aa1ba3e33e6721e413a7499ea7cab2e4414b99cea1516e7404245c8da655d86?s=96&d=mm&r=g","caption":"gerencia"}}]}},"_links":{"self":[{"href":"https:\/\/sodepal.es\/en\/wp-json\/wp\/v2\/posts\/16944","targetHints":{"allow":["GET"]}}],"collection":[{"href":"https:\/\/sodepal.es\/en\/wp-json\/wp\/v2\/posts"}],"about":[{"href":"https:\/\/sodepal.es\/en\/wp-json\/wp\/v2\/types\/post"}],"author":[{"embeddable":true,"href":"https:\/\/sodepal.es\/en\/wp-json\/wp\/v2\/users\/1"}],"replies":[{"embeddable":true,"href":"https:\/\/sodepal.es\/en\/wp-json\/wp\/v2\/comments?post=16944"}],"version-history":[{"count":0,"href":"https:\/\/sodepal.es\/en\/wp-json\/wp\/v2\/posts\/16944\/revisions"}],"wp:featuredmedia":[{"embeddable":true,"href":"https:\/\/sodepal.es\/en\/wp-json\/wp\/v2\/media\/16945"}],"wp:attachment":[{"href":"https:\/\/sodepal.es\/en\/wp-json\/wp\/v2\/media?parent=16944"}],"wp:term":[{"taxonomy":"category","embeddable":true,"href":"https:\/\/sodepal.es\/en\/wp-json\/wp\/v2\/categories?post=16944"},{"taxonomy":"post_tag","embeddable":true,"href":"https:\/\/sodepal.es\/en\/wp-json\/wp\/v2\/tags?post=16944"}],"curies":[{"name":"wp","href":"https:\/\/api.w.org\/{rel}","templated":true}]}}