{"id":17003,"date":"2024-07-23T09:28:58","date_gmt":"2024-07-23T09:28:58","guid":{"rendered":"https:\/\/sodepal.es\/?p=17003"},"modified":"2024-07-23T09:29:55","modified_gmt":"2024-07-23T09:29:55","slug":"el-love-festival-recupera-la-iluminacion-de-los-arcos-del-puerto-de-tazacorte-con-la-bandera-lgtbiq","status":"publish","type":"post","link":"https:\/\/sodepal.es\/en\/el-love-festival-recupera-la-iluminacion-de-los-arcos-del-puerto-de-tazacorte-con-la-bandera-lgtbiq\/","title":{"rendered":"The Love Festival recovers the lighting of the arches of Puerto de Tazacorte with the LGTBIQ+ flag."},"content":{"rendered":"<div data-elementor-type=\"wp-post\" data-elementor-id=\"17003\" class=\"elementor elementor-17003\" data-elementor-post-type=\"post\">\n\t\t\t\t\t\t<section class=\"elementor-section elementor-top-section elementor-element elementor-element-2e30694 elementor-section-boxed elementor-section-height-default elementor-section-height-default\" data-id=\"2e30694\" data-element_type=\"section\" data-e-type=\"section\">\n\t\t\t\t\t\t<div class=\"elementor-container elementor-column-gap-default\">\n\t\t\t\t\t<div class=\"elementor-column elementor-col-100 elementor-top-column elementor-element elementor-element-0c475aa\" data-id=\"0c475aa\" data-element_type=\"column\" data-e-type=\"column\">\n\t\t\t<div class=\"elementor-widget-wrap elementor-element-populated\">\n\t\t\t\t\t\t<div class=\"elementor-element elementor-element-90b12f1 elementor-widget elementor-widget-text-editor\" data-id=\"90b12f1\" data-element_type=\"widget\" data-e-type=\"widget\" data-widget_type=\"text-editor.default\">\n\t\t\t\t<div class=\"elementor-widget-container\">\n\t\t\t\t\t\t\t\t\t<div class=\"field field--name-field-noticias-entradilla field--type-text-long field--label-hidden field--item\"><p>The new edition of the Isla Bonita Love Festival, organised by the Cabildo de La Palma through the public company Sodepal, recovers the illumination of the arches of the Port of Tazacorte with the colours of the LGTBIQ+ flag, one of the traditional actions of the event since its beginnings.<\/p><p>This year, in addition, this action of the Love Festival's Social Agenda will feature a performance by Agoney, starting at 21:00 in the Avenida de la Constituci\u00f3n, in Tazacorte.<\/p><p>The singer, born in the Tenerife municipality of Adeje, rose to fame in 2017 when he participated in the casting of the ninth edition of Operaci\u00f3n Triunfo and, since his beginnings in music, he has openly shown his homosexuality, always defending the rights of the collective, both during and after the programme, an activism that has led him to be the herald of Madrid Pride.<\/p><\/div><div class=\"field field--name-body field--type-text-with-summary field--label-hidden field--item\">\u00a0<\/div>\t\t\t\t\t\t\t\t<\/div>\n\t\t\t\t<\/div>\n\t\t\t\t\t<\/div>\n\t\t<\/div>\n\t\t\t\t\t<\/div>\n\t\t<\/section>\n\t\t\t\t<\/div>","protected":false},"excerpt":{"rendered":"<p>The new edition of the Isla Bonita Love Festival, organised by the Cabildo de La Palma through the public company Sodepal, recovers the lighting of the arches of the Port of Tazacorte with the colours of the LGTBIQ+ flag, one of the traditional actions of the event since its beginnings. This year, in addition, this action of ... <a title=\"The Love Festival recovers the lighting of the arches of Puerto de Tazacorte with the LGTBIQ+ flag.\" class=\"read-more\" href=\"https:\/\/sodepal.es\/en\/el-love-festival-recupera-la-iluminacion-de-los-arcos-del-puerto-de-tazacorte-con-la-bandera-lgtbiq\/\" aria-label=\"Read more about El Love Festival recupera la iluminaci\u00f3n de los arcos del Puerto de Tazacorte con la bandera LGTBIQ+\">Read more<\/a><\/p>","protected":false},"author":1,"featured_media":17005,"comment_status":"open","ping_status":"open","sticky":false,"template":"","format":"standard","meta":{"_acf_changed":false,"footnotes":""},"categories":[19],"tags":[],"class_list":["post-17003","post","type-post","status-publish","format-standard","has-post-thumbnail","hentry","category-noticias"],"acf":[],"yoast_head":"<!-- This site is optimized with the Yoast SEO Premium plugin v22.0 (Yoast SEO v27.5) - https:\/\/yoast.com\/product\/yoast-seo-premium-wordpress\/ -->\n<title>El Love Festival recupera la iluminaci\u00f3n de los arcos del Puerto de Tazacorte con la bandera LGTBIQ+ - Sociedad de Promoci\u00f3n y Desarrollo Econ\u00f3mico y Social de La Palma - SODEPAL<\/title>\n<meta name=\"description\" content=\"Toda la actualidad de los proyectos y eventos desarrollados por SODEPAL\" \/>\n<meta name=\"robots\" content=\"index, follow, max-snippet:-1, max-image-preview:large, max-video-preview:-1\" \/>\n<link rel=\"canonical\" href=\"https:\/\/sodepal.es\/en\/el-love-festival-recupera-la-iluminacion-de-los-arcos-del-puerto-de-tazacorte-con-la-bandera-lgtbiq\/\" \/>\n<meta property=\"og:locale\" content=\"en_GB\" \/>\n<meta property=\"og:type\" content=\"article\" \/>\n<meta property=\"og:title\" content=\"El Love Festival recupera la iluminaci\u00f3n de los arcos del Puerto de Tazacorte con la bandera LGTBIQ+\" \/>\n<meta property=\"og:description\" content=\"Toda la actualidad de los proyectos y eventos desarrollados por SODEPAL\" \/>\n<meta property=\"og:url\" content=\"https:\/\/sodepal.es\/en\/el-love-festival-recupera-la-iluminacion-de-los-arcos-del-puerto-de-tazacorte-con-la-bandera-lgtbiq\/\" \/>\n<meta property=\"og:site_name\" content=\"Sociedad de Promoci\u00f3n y Desarrollo Econ\u00f3mico y Social de La Palma - SODEPAL\" \/>\n<meta property=\"article:publisher\" content=\"https:\/\/www.facebook.com\/sodepal\" \/>\n<meta property=\"article:published_time\" content=\"2024-07-23T09:28:58+00:00\" \/>\n<meta property=\"article:modified_time\" content=\"2024-07-23T09:29:55+00:00\" \/>\n<meta property=\"og:image\" content=\"https:\/\/sodepal.es\/wp-content\/uploads\/2024\/07\/Arcos_Puerto_Tazacorte-scaled.jpeg\" \/>\n\t<meta property=\"og:image:width\" content=\"2560\" \/>\n\t<meta property=\"og:image:height\" content=\"1920\" \/>\n\t<meta property=\"og:image:type\" content=\"image\/jpeg\" \/>\n<meta name=\"author\" content=\"gerencia\" \/>\n<meta name=\"twitter:card\" content=\"summary_large_image\" \/>\n<script type=\"application\/ld+json\" class=\"yoast-schema-graph\">{\"@context\":\"https:\\\/\\\/schema.org\",\"@graph\":[{\"@type\":\"Article\",\"@id\":\"https:\\\/\\\/sodepal.es\\\/el-love-festival-recupera-la-iluminacion-de-los-arcos-del-puerto-de-tazacorte-con-la-bandera-lgtbiq\\\/#article\",\"isPartOf\":{\"@id\":\"https:\\\/\\\/sodepal.es\\\/el-love-festival-recupera-la-iluminacion-de-los-arcos-del-puerto-de-tazacorte-con-la-bandera-lgtbiq\\\/\"},\"author\":{\"name\":\"gerencia\",\"@id\":\"https:\\\/\\\/sodepal.es\\\/#\\\/schema\\\/person\\\/43b1d623bde0c4ec4efd5656ef0958b2\"},\"headline\":\"El Love Festival recupera la iluminaci\u00f3n de los arcos del Puerto de Tazacorte con la bandera LGTBIQ+\",\"datePublished\":\"2024-07-23T09:28:58+00:00\",\"dateModified\":\"2024-07-23T09:29:55+00:00\",\"mainEntityOfPage\":{\"@id\":\"https:\\\/\\\/sodepal.es\\\/el-love-festival-recupera-la-iluminacion-de-los-arcos-del-puerto-de-tazacorte-con-la-bandera-lgtbiq\\\/\"},\"wordCount\":175,\"commentCount\":0,\"publisher\":{\"@id\":\"https:\\\/\\\/sodepal.es\\\/#organization\"},\"image\":{\"@id\":\"https:\\\/\\\/sodepal.es\\\/el-love-festival-recupera-la-iluminacion-de-los-arcos-del-puerto-de-tazacorte-con-la-bandera-lgtbiq\\\/#primaryimage\"},\"thumbnailUrl\":\"https:\\\/\\\/sodepal.es\\\/wp-content\\\/uploads\\\/2024\\\/07\\\/Arcos_Puerto_Tazacorte-scaled.jpeg\",\"articleSection\":[\"Noticias\"],\"inLanguage\":\"en-GB\",\"potentialAction\":[{\"@type\":\"CommentAction\",\"name\":\"Comment\",\"target\":[\"https:\\\/\\\/sodepal.es\\\/el-love-festival-recupera-la-iluminacion-de-los-arcos-del-puerto-de-tazacorte-con-la-bandera-lgtbiq\\\/#respond\"]}]},{\"@type\":\"WebPage\",\"@id\":\"https:\\\/\\\/sodepal.es\\\/el-love-festival-recupera-la-iluminacion-de-los-arcos-del-puerto-de-tazacorte-con-la-bandera-lgtbiq\\\/\",\"url\":\"https:\\\/\\\/sodepal.es\\\/el-love-festival-recupera-la-iluminacion-de-los-arcos-del-puerto-de-tazacorte-con-la-bandera-lgtbiq\\\/\",\"name\":\"El Love Festival recupera la iluminaci\u00f3n de los arcos del Puerto de Tazacorte con la bandera LGTBIQ+ - Sociedad de Promoci\u00f3n y Desarrollo Econ\u00f3mico y Social de La Palma - SODEPAL\",\"isPartOf\":{\"@id\":\"https:\\\/\\\/sodepal.es\\\/#website\"},\"primaryImageOfPage\":{\"@id\":\"https:\\\/\\\/sodepal.es\\\/el-love-festival-recupera-la-iluminacion-de-los-arcos-del-puerto-de-tazacorte-con-la-bandera-lgtbiq\\\/#primaryimage\"},\"image\":{\"@id\":\"https:\\\/\\\/sodepal.es\\\/el-love-festival-recupera-la-iluminacion-de-los-arcos-del-puerto-de-tazacorte-con-la-bandera-lgtbiq\\\/#primaryimage\"},\"thumbnailUrl\":\"https:\\\/\\\/sodepal.es\\\/wp-content\\\/uploads\\\/2024\\\/07\\\/Arcos_Puerto_Tazacorte-scaled.jpeg\",\"datePublished\":\"2024-07-23T09:28:58+00:00\",\"dateModified\":\"2024-07-23T09:29:55+00:00\",\"description\":\"Toda la actualidad de los proyectos y eventos desarrollados por SODEPAL\",\"breadcrumb\":{\"@id\":\"https:\\\/\\\/sodepal.es\\\/el-love-festival-recupera-la-iluminacion-de-los-arcos-del-puerto-de-tazacorte-con-la-bandera-lgtbiq\\\/#breadcrumb\"},\"inLanguage\":\"en-GB\",\"potentialAction\":[{\"@type\":\"ReadAction\",\"target\":[\"https:\\\/\\\/sodepal.es\\\/el-love-festival-recupera-la-iluminacion-de-los-arcos-del-puerto-de-tazacorte-con-la-bandera-lgtbiq\\\/\"]}]},{\"@type\":\"ImageObject\",\"inLanguage\":\"en-GB\",\"@id\":\"https:\\\/\\\/sodepal.es\\\/el-love-festival-recupera-la-iluminacion-de-los-arcos-del-puerto-de-tazacorte-con-la-bandera-lgtbiq\\\/#primaryimage\",\"url\":\"https:\\\/\\\/sodepal.es\\\/wp-content\\\/uploads\\\/2024\\\/07\\\/Arcos_Puerto_Tazacorte-scaled.jpeg\",\"contentUrl\":\"https:\\\/\\\/sodepal.es\\\/wp-content\\\/uploads\\\/2024\\\/07\\\/Arcos_Puerto_Tazacorte-scaled.jpeg\",\"width\":2560,\"height\":1920},{\"@type\":\"BreadcrumbList\",\"@id\":\"https:\\\/\\\/sodepal.es\\\/el-love-festival-recupera-la-iluminacion-de-los-arcos-del-puerto-de-tazacorte-con-la-bandera-lgtbiq\\\/#breadcrumb\",\"itemListElement\":[{\"@type\":\"ListItem\",\"position\":1,\"name\":\"Inicio\",\"item\":\"https:\\\/\\\/sodepal.es\\\/\"},{\"@type\":\"ListItem\",\"position\":2,\"name\":\"El Love Festival recupera la iluminaci\u00f3n de los arcos del Puerto de Tazacorte con la bandera LGTBIQ+\"}]},{\"@type\":\"WebSite\",\"@id\":\"https:\\\/\\\/sodepal.es\\\/#website\",\"url\":\"https:\\\/\\\/sodepal.es\\\/\",\"name\":\"Sodepal\",\"description\":\"SODEPAL es una empresa p\u00fablica dependiente del Cabildo de La Palma. Promoci\u00f3n, Fomento y Desarrollo para la isla de La Palma\",\"publisher\":{\"@id\":\"https:\\\/\\\/sodepal.es\\\/#organization\"},\"alternateName\":\"Sociedad de Promoci\u00f3n y Desarrollo Econ\u00f3mico y Social de La Palma\",\"potentialAction\":[{\"@type\":\"SearchAction\",\"target\":{\"@type\":\"EntryPoint\",\"urlTemplate\":\"https:\\\/\\\/sodepal.es\\\/?s={search_term_string}\"},\"query-input\":{\"@type\":\"PropertyValueSpecification\",\"valueRequired\":true,\"valueName\":\"search_term_string\"}}],\"inLanguage\":\"en-GB\"},{\"@type\":\"Organization\",\"@id\":\"https:\\\/\\\/sodepal.es\\\/#organization\",\"name\":\"Sociedad de Promoci\u00f3n y Desarrollo Econ\u00f3mico y Social de La Palma\",\"alternateName\":\"Sodepal\",\"url\":\"https:\\\/\\\/sodepal.es\\\/\",\"logo\":{\"@type\":\"ImageObject\",\"inLanguage\":\"en-GB\",\"@id\":\"https:\\\/\\\/sodepal.es\\\/#\\\/schema\\\/logo\\\/image\\\/\",\"url\":\"https:\\\/\\\/sodepal.es\\\/wp-content\\\/uploads\\\/2022\\\/09\\\/logo_web.png\",\"contentUrl\":\"https:\\\/\\\/sodepal.es\\\/wp-content\\\/uploads\\\/2022\\\/09\\\/logo_web.png\",\"width\":658,\"height\":156,\"caption\":\"Sociedad de Promoci\u00f3n y Desarrollo Econ\u00f3mico y Social de La Palma\"},\"image\":{\"@id\":\"https:\\\/\\\/sodepal.es\\\/#\\\/schema\\\/logo\\\/image\\\/\"},\"sameAs\":[\"https:\\\/\\\/www.facebook.com\\\/sodepal\",\"https:\\\/\\\/www.instagram.com\\\/sodepallapalma\\\/\"],\"description\":\"Sociedad de Promoci\u00f3n y Desarrollo econ\u00f3mico y Social de La Palma, empresa p\u00fablica dependiente del Cabildo de La Palma\",\"email\":\"info@sodepal.es\",\"telephone\":\"922417323\",\"legalName\":\"Sociedad de Promoci\u00f3n y Desarrollo Econ\u00f3mico de la isla de La Palma S.A.U.\"},{\"@type\":\"Person\",\"@id\":\"https:\\\/\\\/sodepal.es\\\/#\\\/schema\\\/person\\\/43b1d623bde0c4ec4efd5656ef0958b2\",\"name\":\"gerencia\",\"image\":{\"@type\":\"ImageObject\",\"inLanguage\":\"en-GB\",\"@id\":\"https:\\\/\\\/secure.gravatar.com\\\/avatar\\\/2aa1ba3e33e6721e413a7499ea7cab2e4414b99cea1516e7404245c8da655d86?s=96&d=mm&r=g\",\"url\":\"https:\\\/\\\/secure.gravatar.com\\\/avatar\\\/2aa1ba3e33e6721e413a7499ea7cab2e4414b99cea1516e7404245c8da655d86?s=96&d=mm&r=g\",\"contentUrl\":\"https:\\\/\\\/secure.gravatar.com\\\/avatar\\\/2aa1ba3e33e6721e413a7499ea7cab2e4414b99cea1516e7404245c8da655d86?s=96&d=mm&r=g\",\"caption\":\"gerencia\"}}]}<\/script>\n<!-- \/ Yoast SEO Premium plugin. -->","yoast_head_json":{"title":"El Love Festival recupera la iluminaci\u00f3n de los arcos del Puerto de Tazacorte con la bandera LGTBIQ+ - Sociedad de Promoci\u00f3n y Desarrollo Econ\u00f3mico y Social de La Palma - SODEPAL","description":"Toda la actualidad de los proyectos y eventos desarrollados por SODEPAL","robots":{"index":"index","follow":"follow","max-snippet":"max-snippet:-1","max-image-preview":"max-image-preview:large","max-video-preview":"max-video-preview:-1"},"canonical":"https:\/\/sodepal.es\/en\/el-love-festival-recupera-la-iluminacion-de-los-arcos-del-puerto-de-tazacorte-con-la-bandera-lgtbiq\/","og_locale":"en_GB","og_type":"article","og_title":"El Love Festival recupera la iluminaci\u00f3n de los arcos del Puerto de Tazacorte con la bandera LGTBIQ+","og_description":"Toda la actualidad de los proyectos y eventos desarrollados por SODEPAL","og_url":"https:\/\/sodepal.es\/en\/el-love-festival-recupera-la-iluminacion-de-los-arcos-del-puerto-de-tazacorte-con-la-bandera-lgtbiq\/","og_site_name":"Sociedad de Promoci\u00f3n y Desarrollo Econ\u00f3mico y Social de La Palma - SODEPAL","article_publisher":"https:\/\/www.facebook.com\/sodepal","article_published_time":"2024-07-23T09:28:58+00:00","article_modified_time":"2024-07-23T09:29:55+00:00","og_image":[{"width":2560,"height":1920,"url":"https:\/\/sodepal.es\/wp-content\/uploads\/2024\/07\/Arcos_Puerto_Tazacorte-scaled.jpeg","type":"image\/jpeg"}],"author":"gerencia","twitter_card":"summary_large_image","schema":{"@context":"https:\/\/schema.org","@graph":[{"@type":"Article","@id":"https:\/\/sodepal.es\/el-love-festival-recupera-la-iluminacion-de-los-arcos-del-puerto-de-tazacorte-con-la-bandera-lgtbiq\/#article","isPartOf":{"@id":"https:\/\/sodepal.es\/el-love-festival-recupera-la-iluminacion-de-los-arcos-del-puerto-de-tazacorte-con-la-bandera-lgtbiq\/"},"author":{"name":"gerencia","@id":"https:\/\/sodepal.es\/#\/schema\/person\/43b1d623bde0c4ec4efd5656ef0958b2"},"headline":"El Love Festival recupera la iluminaci\u00f3n de los arcos del Puerto de Tazacorte con la bandera LGTBIQ+","datePublished":"2024-07-23T09:28:58+00:00","dateModified":"2024-07-23T09:29:55+00:00","mainEntityOfPage":{"@id":"https:\/\/sodepal.es\/el-love-festival-recupera-la-iluminacion-de-los-arcos-del-puerto-de-tazacorte-con-la-bandera-lgtbiq\/"},"wordCount":175,"commentCount":0,"publisher":{"@id":"https:\/\/sodepal.es\/#organization"},"image":{"@id":"https:\/\/sodepal.es\/el-love-festival-recupera-la-iluminacion-de-los-arcos-del-puerto-de-tazacorte-con-la-bandera-lgtbiq\/#primaryimage"},"thumbnailUrl":"https:\/\/sodepal.es\/wp-content\/uploads\/2024\/07\/Arcos_Puerto_Tazacorte-scaled.jpeg","articleSection":["Noticias"],"inLanguage":"en-GB","potentialAction":[{"@type":"CommentAction","name":"Comment","target":["https:\/\/sodepal.es\/el-love-festival-recupera-la-iluminacion-de-los-arcos-del-puerto-de-tazacorte-con-la-bandera-lgtbiq\/#respond"]}]},{"@type":"WebPage","@id":"https:\/\/sodepal.es\/el-love-festival-recupera-la-iluminacion-de-los-arcos-del-puerto-de-tazacorte-con-la-bandera-lgtbiq\/","url":"https:\/\/sodepal.es\/el-love-festival-recupera-la-iluminacion-de-los-arcos-del-puerto-de-tazacorte-con-la-bandera-lgtbiq\/","name":"El Love Festival recupera la iluminaci\u00f3n de los arcos del Puerto de Tazacorte con la bandera LGTBIQ+ - Sociedad de Promoci\u00f3n y Desarrollo Econ\u00f3mico y Social de La Palma - SODEPAL","isPartOf":{"@id":"https:\/\/sodepal.es\/#website"},"primaryImageOfPage":{"@id":"https:\/\/sodepal.es\/el-love-festival-recupera-la-iluminacion-de-los-arcos-del-puerto-de-tazacorte-con-la-bandera-lgtbiq\/#primaryimage"},"image":{"@id":"https:\/\/sodepal.es\/el-love-festival-recupera-la-iluminacion-de-los-arcos-del-puerto-de-tazacorte-con-la-bandera-lgtbiq\/#primaryimage"},"thumbnailUrl":"https:\/\/sodepal.es\/wp-content\/uploads\/2024\/07\/Arcos_Puerto_Tazacorte-scaled.jpeg","datePublished":"2024-07-23T09:28:58+00:00","dateModified":"2024-07-23T09:29:55+00:00","description":"Toda la actualidad de los proyectos y eventos desarrollados por SODEPAL","breadcrumb":{"@id":"https:\/\/sodepal.es\/el-love-festival-recupera-la-iluminacion-de-los-arcos-del-puerto-de-tazacorte-con-la-bandera-lgtbiq\/#breadcrumb"},"inLanguage":"en-GB","potentialAction":[{"@type":"ReadAction","target":["https:\/\/sodepal.es\/el-love-festival-recupera-la-iluminacion-de-los-arcos-del-puerto-de-tazacorte-con-la-bandera-lgtbiq\/"]}]},{"@type":"ImageObject","inLanguage":"en-GB","@id":"https:\/\/sodepal.es\/el-love-festival-recupera-la-iluminacion-de-los-arcos-del-puerto-de-tazacorte-con-la-bandera-lgtbiq\/#primaryimage","url":"https:\/\/sodepal.es\/wp-content\/uploads\/2024\/07\/Arcos_Puerto_Tazacorte-scaled.jpeg","contentUrl":"https:\/\/sodepal.es\/wp-content\/uploads\/2024\/07\/Arcos_Puerto_Tazacorte-scaled.jpeg","width":2560,"height":1920},{"@type":"BreadcrumbList","@id":"https:\/\/sodepal.es\/el-love-festival-recupera-la-iluminacion-de-los-arcos-del-puerto-de-tazacorte-con-la-bandera-lgtbiq\/#breadcrumb","itemListElement":[{"@type":"ListItem","position":1,"name":"Inicio","item":"https:\/\/sodepal.es\/"},{"@type":"ListItem","position":2,"name":"El Love Festival recupera la iluminaci\u00f3n de los arcos del Puerto de Tazacorte con la bandera LGTBIQ+"}]},{"@type":"WebSite","@id":"https:\/\/sodepal.es\/#website","url":"https:\/\/sodepal.es\/","name":"Sodepal","description":"SODEPAL es una empresa p\u00fablica dependiente del Cabildo de La Palma. Promoci\u00f3n, Fomento y Desarrollo para la isla de La Palma","publisher":{"@id":"https:\/\/sodepal.es\/#organization"},"alternateName":"Sociedad de Promoci\u00f3n y Desarrollo Econ\u00f3mico y Social de La Palma","potentialAction":[{"@type":"SearchAction","target":{"@type":"EntryPoint","urlTemplate":"https:\/\/sodepal.es\/?s={search_term_string}"},"query-input":{"@type":"PropertyValueSpecification","valueRequired":true,"valueName":"search_term_string"}}],"inLanguage":"en-GB"},{"@type":"Organization","@id":"https:\/\/sodepal.es\/#organization","name":"Sociedad de Promoci\u00f3n y Desarrollo Econ\u00f3mico y Social de La Palma","alternateName":"Sodepal","url":"https:\/\/sodepal.es\/","logo":{"@type":"ImageObject","inLanguage":"en-GB","@id":"https:\/\/sodepal.es\/#\/schema\/logo\/image\/","url":"https:\/\/sodepal.es\/wp-content\/uploads\/2022\/09\/logo_web.png","contentUrl":"https:\/\/sodepal.es\/wp-content\/uploads\/2022\/09\/logo_web.png","width":658,"height":156,"caption":"Sociedad de Promoci\u00f3n y Desarrollo Econ\u00f3mico y Social de La Palma"},"image":{"@id":"https:\/\/sodepal.es\/#\/schema\/logo\/image\/"},"sameAs":["https:\/\/www.facebook.com\/sodepal","https:\/\/www.instagram.com\/sodepallapalma\/"],"description":"Sociedad de Promoci\u00f3n y Desarrollo econ\u00f3mico y Social de La Palma, empresa p\u00fablica dependiente del Cabildo de La Palma","email":"info@sodepal.es","telephone":"922417323","legalName":"Sociedad de Promoci\u00f3n y Desarrollo Econ\u00f3mico de la isla de La Palma S.A.U."},{"@type":"Person","@id":"https:\/\/sodepal.es\/#\/schema\/person\/43b1d623bde0c4ec4efd5656ef0958b2","name":"gerencia","image":{"@type":"ImageObject","inLanguage":"en-GB","@id":"https:\/\/secure.gravatar.com\/avatar\/2aa1ba3e33e6721e413a7499ea7cab2e4414b99cea1516e7404245c8da655d86?s=96&d=mm&r=g","url":"https:\/\/secure.gravatar.com\/avatar\/2aa1ba3e33e6721e413a7499ea7cab2e4414b99cea1516e7404245c8da655d86?s=96&d=mm&r=g","contentUrl":"https:\/\/secure.gravatar.com\/avatar\/2aa1ba3e33e6721e413a7499ea7cab2e4414b99cea1516e7404245c8da655d86?s=96&d=mm&r=g","caption":"gerencia"}}]}},"_links":{"self":[{"href":"https:\/\/sodepal.es\/en\/wp-json\/wp\/v2\/posts\/17003","targetHints":{"allow":["GET"]}}],"collection":[{"href":"https:\/\/sodepal.es\/en\/wp-json\/wp\/v2\/posts"}],"about":[{"href":"https:\/\/sodepal.es\/en\/wp-json\/wp\/v2\/types\/post"}],"author":[{"embeddable":true,"href":"https:\/\/sodepal.es\/en\/wp-json\/wp\/v2\/users\/1"}],"replies":[{"embeddable":true,"href":"https:\/\/sodepal.es\/en\/wp-json\/wp\/v2\/comments?post=17003"}],"version-history":[{"count":0,"href":"https:\/\/sodepal.es\/en\/wp-json\/wp\/v2\/posts\/17003\/revisions"}],"wp:featuredmedia":[{"embeddable":true,"href":"https:\/\/sodepal.es\/en\/wp-json\/wp\/v2\/media\/17005"}],"wp:attachment":[{"href":"https:\/\/sodepal.es\/en\/wp-json\/wp\/v2\/media?parent=17003"}],"wp:term":[{"taxonomy":"category","embeddable":true,"href":"https:\/\/sodepal.es\/en\/wp-json\/wp\/v2\/categories?post=17003"},{"taxonomy":"post_tag","embeddable":true,"href":"https:\/\/sodepal.es\/en\/wp-json\/wp\/v2\/tags?post=17003"}],"curies":[{"name":"wp","href":"https:\/\/api.w.org\/{rel}","templated":true}]}}