{"id":17150,"date":"2024-07-24T08:36:04","date_gmt":"2024-07-24T08:36:04","guid":{"rendered":"https:\/\/sodepal.es\/?p=17150"},"modified":"2024-07-24T08:40:36","modified_gmt":"2024-07-24T08:40:36","slug":"ferchos-y-macaca-radiata-participaran-en-el-concierto-del-love-festival-tras-ganar-el-certamen-de-talentos","status":"publish","type":"post","link":"https:\/\/sodepal.es\/en\/ferchos-y-macaca-radiata-participaran-en-el-concierto-del-love-festival-tras-ganar-el-certamen-de-talentos\/","title":{"rendered":"Ferchos and Macaca Radiata to perform at Love Festival concert after winning talent contest"},"content":{"rendered":"<div data-elementor-type=\"wp-post\" data-elementor-id=\"17150\" class=\"elementor elementor-17150\" data-elementor-post-type=\"post\">\n\t\t\t\t\t\t<section class=\"elementor-section elementor-top-section elementor-element elementor-element-2e30694 elementor-section-boxed elementor-section-height-default elementor-section-height-default\" data-id=\"2e30694\" data-element_type=\"section\" data-e-type=\"section\">\n\t\t\t\t\t\t<div class=\"elementor-container elementor-column-gap-default\">\n\t\t\t\t\t<div class=\"elementor-column elementor-col-100 elementor-top-column elementor-element elementor-element-0c475aa\" data-id=\"0c475aa\" data-element_type=\"column\" data-e-type=\"column\">\n\t\t\t<div class=\"elementor-widget-wrap elementor-element-populated\">\n\t\t\t\t\t\t<div class=\"elementor-element elementor-element-90b12f1 elementor-widget elementor-widget-text-editor\" data-id=\"90b12f1\" data-element_type=\"widget\" data-e-type=\"widget\" data-widget_type=\"text-editor.default\">\n\t\t\t\t<div class=\"elementor-widget-container\">\n\t\t\t\t\t\t\t\t\t<div class=\"field field--name-field-noticias-entradilla field--type-text-long field--label-hidden field--item\"><div class=\"field field--name-field-noticias-entradilla field--type-text-long field--label-hidden field--item\"><h4>The original singer and band from La Palma will share the stage with the likes of Ricky Martin and Martin Garrix at the musical closing of this year's Love Festival.<\/h4><p><span style=\"font-size: inherit;\">The singer Ferchos and the band Macaca Radiata will take part in the concert of the Love Festival 2024, joining the already announced line-up with artists such as Ricky Martin, Martin Garrix, Chanel, Ptazeta, St Pedro, Orribo and Kingdom next Saturday, 27 July, from 18:00 hours, in the Port of Tazacorte.<\/span><\/p><\/div><div class=\"field field--name-body field--type-text-with-summary field--label-hidden field--item\"><p>Ferchos and Macaca Radiata have won the talent contest of the new edition of the Love Festival, \"an initiative that seeks to give visibility and support to local talent by promoting artists from the island and giving them the opportunity to share the stage with the other singers in the concert line-up, which has become a reference point in the cultural agenda of La Palma and the Canary Islands\", says the CEO of Sodepal, Miriam Perestelo.\u00a0<\/p><p>The organisers of the event invite those who attend the concert to enjoy the talent from La Palma, who will take the stage at 18:00 hours, to liven up the closing of the Social Agenda of the Isla Bonita Love Festival, which has been running since 23 July with various actions that continue to promote freedom and diversity.\u00a0<\/p><\/div><\/div>\t\t\t\t\t\t\t\t<\/div>\n\t\t\t\t<\/div>\n\t\t\t\t<div class=\"elementor-element elementor-element-ac47e67 elementor-widget elementor-widget-image\" data-id=\"ac47e67\" data-element_type=\"widget\" data-e-type=\"widget\" data-widget_type=\"image.default\">\n\t\t\t\t<div class=\"elementor-widget-container\">\n\t\t\t\t\t\t\t\t\t\t\t\t\t\t\t<img fetchpriority=\"high\" decoding=\"async\" width=\"1024\" height=\"1024\" src=\"https:\/\/sodepal.es\/wp-content\/uploads\/2024\/07\/ferchos-1024x1024.png\" class=\"attachment-large size-large wp-image-17154\" alt=\"\" srcset=\"https:\/\/sodepal.es\/wp-content\/uploads\/2024\/07\/ferchos-1024x1024.png 1024w, https:\/\/sodepal.es\/wp-content\/uploads\/2024\/07\/ferchos-300x300.png 300w, https:\/\/sodepal.es\/wp-content\/uploads\/2024\/07\/ferchos-150x150.png 150w, https:\/\/sodepal.es\/wp-content\/uploads\/2024\/07\/ferchos-768x768.png 768w, https:\/\/sodepal.es\/wp-content\/uploads\/2024\/07\/ferchos-1536x1536.png 1536w, https:\/\/sodepal.es\/wp-content\/uploads\/2024\/07\/ferchos-2048x2048.png 2048w, https:\/\/sodepal.es\/wp-content\/uploads\/2024\/07\/ferchos-12x12.png 12w, https:\/\/sodepal.es\/wp-content\/uploads\/2024\/07\/ferchos-700x700.png 700w\" sizes=\"(max-width: 1024px) 100vw, 1024px\" \/>\t\t\t\t\t\t\t\t\t\t\t\t\t\t\t<\/div>\n\t\t\t\t<\/div>\n\t\t\t\t<div class=\"elementor-element elementor-element-e8cd722 elementor-widget elementor-widget-text-editor\" data-id=\"e8cd722\" data-element_type=\"widget\" data-e-type=\"widget\" data-widget_type=\"text-editor.default\">\n\t\t\t\t<div class=\"elementor-widget-container\">\n\t\t\t\t\t\t\t\t\t<div class=\"field field--name-field-noticias-entradilla field--type-text-long field--label-hidden field--item\"><div class=\"field field--name-field-noticias-entradilla field--type-text-long field--label-hidden field--item\"><div class=\"field field--name-field-noticias-entradilla field--type-text-long field--label-hidden field--item\"><span style=\"font-family: inherit; font-size: 24px; font-style: inherit; font-weight: inherit;\">Ferchos<\/span><\/div><div class=\"field field--name-body field--type-text-with-summary field--label-hidden field--item\"><p>Ferchos is the collection of artistic facets of Fernando P\u00e9rez, a native of Todoque. In this project he allows himself to put aside his profession as a computer engineer to make \"soft music for shy kids\", as he himself puts it, exploring music as another language with which to describe the world and what it evokes in order to better understand and cope with life.<\/p><p>In 2023 he released his first EP, \"Es lo que hay, y ser\u00e1 lo que hubo\", a journey through the differences between resignation (as inevitable grief) and acceptance (as a next stage of peace) through songs composed since the pandemic, tested in open mikes in Madrid where he lived, and recorded with Gabriel Vidanauta, producer and presenter of El Calvario's Micro.<\/p><p>This year he returns to his island to reconnect with his identity, his family and to assimilate his seven years abroad, in three countries and two different continents, with the desire to continue creating.<\/p><h4>Macaca Radiata<\/h4><p>Macaca Radiata is a band founded in 2022 by pianist Sonia Martell (1997) and guitarist and vocalist Jorge P\u00e9rez (1998), both natives of La Palma but who have lived for years in Madrid.<\/p><p>Since their inception they have had a frenetic presence in both the Canarian and Madrid music scene, standing out for their own compositions and covering a wide spectrum of styles ranging from pop, rock, jazz, blues or classic New Age.\u00a0<\/p><p>In 2024 they released their first album A\u00fan nos queda tiempo, produced by the Buenos Aires producer Leandro Sabino, with the collaboration of musicians such as Andr\u00e9s Ollari (Fito P\u00e1ez's trumpet player), Daniel Acebes (cellist of C-Tangana or Antonio Carmona) or Maia Prieto (Xoel L\u00f3pez's violinist) among others.<\/p><\/div><\/div><\/div>\t\t\t\t\t\t\t\t<\/div>\n\t\t\t\t<\/div>\n\t\t\t\t\t<\/div>\n\t\t<\/div>\n\t\t\t\t\t<\/div>\n\t\t<\/section>\n\t\t\t\t<\/div>","protected":false},"excerpt":{"rendered":"<p>The original singer and band from La Palma will share the stage with the likes of Ricky Martin and Martin Garrix at the musical closing of this year's Love Festival. The singer Ferchos and the band Macaca Radiata will take part in the concert of the Love Festival 2024, joining the line-up of the ... <a title=\"Ferchos and Macaca Radiata to perform at Love Festival concert after winning talent contest\" class=\"read-more\" href=\"https:\/\/sodepal.es\/en\/ferchos-y-macaca-radiata-participaran-en-el-concierto-del-love-festival-tras-ganar-el-certamen-de-talentos\/\" aria-label=\"Read more about Ferchos y Macaca Radiata participar\u00e1n en el concierto del Love Festival tras ganar el certamen de talentos\">Read more<\/a><\/p>","protected":false},"author":1,"featured_media":17153,"comment_status":"open","ping_status":"open","sticky":false,"template":"","format":"standard","meta":{"_acf_changed":false,"footnotes":""},"categories":[19],"tags":[],"class_list":["post-17150","post","type-post","status-publish","format-standard","has-post-thumbnail","hentry","category-noticias"],"acf":[],"yoast_head":"<!-- This site is optimized with the Yoast SEO Premium plugin v22.0 (Yoast SEO v27.5) - https:\/\/yoast.com\/product\/yoast-seo-premium-wordpress\/ -->\n<title>Ferchos y Macaca Radiata participar\u00e1n en el concierto del Love Festival tras ganar el certamen de talentos - Sociedad de Promoci\u00f3n y Desarrollo Econ\u00f3mico y Social de La Palma - SODEPAL<\/title>\n<meta name=\"description\" content=\"Toda la actualidad de los proyectos y eventos desarrollados por SODEPAL\" \/>\n<meta name=\"robots\" content=\"index, follow, max-snippet:-1, max-image-preview:large, max-video-preview:-1\" \/>\n<link rel=\"canonical\" href=\"https:\/\/sodepal.es\/en\/ferchos-y-macaca-radiata-participaran-en-el-concierto-del-love-festival-tras-ganar-el-certamen-de-talentos\/\" \/>\n<meta property=\"og:locale\" content=\"en_GB\" \/>\n<meta property=\"og:type\" content=\"article\" \/>\n<meta property=\"og:title\" content=\"Ferchos y Macaca Radiata participar\u00e1n en el concierto del Love Festival tras ganar el certamen de talentos\" \/>\n<meta property=\"og:description\" content=\"Toda la actualidad de los proyectos y eventos desarrollados por SODEPAL\" \/>\n<meta property=\"og:url\" content=\"https:\/\/sodepal.es\/en\/ferchos-y-macaca-radiata-participaran-en-el-concierto-del-love-festival-tras-ganar-el-certamen-de-talentos\/\" \/>\n<meta property=\"og:site_name\" content=\"Sociedad de Promoci\u00f3n y Desarrollo Econ\u00f3mico y Social de La Palma - SODEPAL\" \/>\n<meta property=\"article:publisher\" content=\"https:\/\/www.facebook.com\/sodepal\" \/>\n<meta property=\"article:published_time\" content=\"2024-07-24T08:36:04+00:00\" \/>\n<meta property=\"article:modified_time\" content=\"2024-07-24T08:40:36+00:00\" \/>\n<meta property=\"og:image\" content=\"https:\/\/sodepal.es\/wp-content\/uploads\/2024\/07\/macaca_radiata.png\" \/>\n\t<meta property=\"og:image:width\" content=\"2250\" \/>\n\t<meta property=\"og:image:height\" content=\"2250\" \/>\n\t<meta property=\"og:image:type\" content=\"image\/png\" \/>\n<meta name=\"author\" content=\"gerencia\" \/>\n<meta name=\"twitter:card\" content=\"summary_large_image\" \/>\n<script type=\"application\/ld+json\" class=\"yoast-schema-graph\">{\"@context\":\"https:\\\/\\\/schema.org\",\"@graph\":[{\"@type\":\"Article\",\"@id\":\"https:\\\/\\\/sodepal.es\\\/ferchos-y-macaca-radiata-participaran-en-el-concierto-del-love-festival-tras-ganar-el-certamen-de-talentos\\\/#article\",\"isPartOf\":{\"@id\":\"https:\\\/\\\/sodepal.es\\\/ferchos-y-macaca-radiata-participaran-en-el-concierto-del-love-festival-tras-ganar-el-certamen-de-talentos\\\/\"},\"author\":{\"name\":\"gerencia\",\"@id\":\"https:\\\/\\\/sodepal.es\\\/#\\\/schema\\\/person\\\/43b1d623bde0c4ec4efd5656ef0958b2\"},\"headline\":\"Ferchos y Macaca Radiata participar\u00e1n en el concierto del Love Festival tras ganar el certamen de talentos\",\"datePublished\":\"2024-07-24T08:36:04+00:00\",\"dateModified\":\"2024-07-24T08:40:36+00:00\",\"mainEntityOfPage\":{\"@id\":\"https:\\\/\\\/sodepal.es\\\/ferchos-y-macaca-radiata-participaran-en-el-concierto-del-love-festival-tras-ganar-el-certamen-de-talentos\\\/\"},\"wordCount\":566,\"commentCount\":0,\"publisher\":{\"@id\":\"https:\\\/\\\/sodepal.es\\\/#organization\"},\"image\":{\"@id\":\"https:\\\/\\\/sodepal.es\\\/ferchos-y-macaca-radiata-participaran-en-el-concierto-del-love-festival-tras-ganar-el-certamen-de-talentos\\\/#primaryimage\"},\"thumbnailUrl\":\"https:\\\/\\\/sodepal.es\\\/wp-content\\\/uploads\\\/2024\\\/07\\\/macaca_radiata.png\",\"articleSection\":[\"Noticias\"],\"inLanguage\":\"en-GB\",\"potentialAction\":[{\"@type\":\"CommentAction\",\"name\":\"Comment\",\"target\":[\"https:\\\/\\\/sodepal.es\\\/ferchos-y-macaca-radiata-participaran-en-el-concierto-del-love-festival-tras-ganar-el-certamen-de-talentos\\\/#respond\"]}]},{\"@type\":\"WebPage\",\"@id\":\"https:\\\/\\\/sodepal.es\\\/ferchos-y-macaca-radiata-participaran-en-el-concierto-del-love-festival-tras-ganar-el-certamen-de-talentos\\\/\",\"url\":\"https:\\\/\\\/sodepal.es\\\/ferchos-y-macaca-radiata-participaran-en-el-concierto-del-love-festival-tras-ganar-el-certamen-de-talentos\\\/\",\"name\":\"Ferchos y Macaca Radiata participar\u00e1n en el concierto del Love Festival tras ganar el certamen de talentos - Sociedad de Promoci\u00f3n y Desarrollo Econ\u00f3mico y Social de La Palma - SODEPAL\",\"isPartOf\":{\"@id\":\"https:\\\/\\\/sodepal.es\\\/#website\"},\"primaryImageOfPage\":{\"@id\":\"https:\\\/\\\/sodepal.es\\\/ferchos-y-macaca-radiata-participaran-en-el-concierto-del-love-festival-tras-ganar-el-certamen-de-talentos\\\/#primaryimage\"},\"image\":{\"@id\":\"https:\\\/\\\/sodepal.es\\\/ferchos-y-macaca-radiata-participaran-en-el-concierto-del-love-festival-tras-ganar-el-certamen-de-talentos\\\/#primaryimage\"},\"thumbnailUrl\":\"https:\\\/\\\/sodepal.es\\\/wp-content\\\/uploads\\\/2024\\\/07\\\/macaca_radiata.png\",\"datePublished\":\"2024-07-24T08:36:04+00:00\",\"dateModified\":\"2024-07-24T08:40:36+00:00\",\"description\":\"Toda la actualidad de los proyectos y eventos desarrollados por SODEPAL\",\"breadcrumb\":{\"@id\":\"https:\\\/\\\/sodepal.es\\\/ferchos-y-macaca-radiata-participaran-en-el-concierto-del-love-festival-tras-ganar-el-certamen-de-talentos\\\/#breadcrumb\"},\"inLanguage\":\"en-GB\",\"potentialAction\":[{\"@type\":\"ReadAction\",\"target\":[\"https:\\\/\\\/sodepal.es\\\/ferchos-y-macaca-radiata-participaran-en-el-concierto-del-love-festival-tras-ganar-el-certamen-de-talentos\\\/\"]}]},{\"@type\":\"ImageObject\",\"inLanguage\":\"en-GB\",\"@id\":\"https:\\\/\\\/sodepal.es\\\/ferchos-y-macaca-radiata-participaran-en-el-concierto-del-love-festival-tras-ganar-el-certamen-de-talentos\\\/#primaryimage\",\"url\":\"https:\\\/\\\/sodepal.es\\\/wp-content\\\/uploads\\\/2024\\\/07\\\/macaca_radiata.png\",\"contentUrl\":\"https:\\\/\\\/sodepal.es\\\/wp-content\\\/uploads\\\/2024\\\/07\\\/macaca_radiata.png\",\"width\":2250,\"height\":2250},{\"@type\":\"BreadcrumbList\",\"@id\":\"https:\\\/\\\/sodepal.es\\\/ferchos-y-macaca-radiata-participaran-en-el-concierto-del-love-festival-tras-ganar-el-certamen-de-talentos\\\/#breadcrumb\",\"itemListElement\":[{\"@type\":\"ListItem\",\"position\":1,\"name\":\"Inicio\",\"item\":\"https:\\\/\\\/sodepal.es\\\/\"},{\"@type\":\"ListItem\",\"position\":2,\"name\":\"Ferchos y Macaca Radiata participar\u00e1n en el concierto del Love Festival tras ganar el certamen de talentos\"}]},{\"@type\":\"WebSite\",\"@id\":\"https:\\\/\\\/sodepal.es\\\/#website\",\"url\":\"https:\\\/\\\/sodepal.es\\\/\",\"name\":\"Sodepal\",\"description\":\"SODEPAL es una empresa p\u00fablica dependiente del Cabildo de La Palma. Promoci\u00f3n, Fomento y Desarrollo para la isla de La Palma\",\"publisher\":{\"@id\":\"https:\\\/\\\/sodepal.es\\\/#organization\"},\"alternateName\":\"Sociedad de Promoci\u00f3n y Desarrollo Econ\u00f3mico y Social de La Palma\",\"potentialAction\":[{\"@type\":\"SearchAction\",\"target\":{\"@type\":\"EntryPoint\",\"urlTemplate\":\"https:\\\/\\\/sodepal.es\\\/?s={search_term_string}\"},\"query-input\":{\"@type\":\"PropertyValueSpecification\",\"valueRequired\":true,\"valueName\":\"search_term_string\"}}],\"inLanguage\":\"en-GB\"},{\"@type\":\"Organization\",\"@id\":\"https:\\\/\\\/sodepal.es\\\/#organization\",\"name\":\"Sociedad de Promoci\u00f3n y Desarrollo Econ\u00f3mico y Social de La Palma\",\"alternateName\":\"Sodepal\",\"url\":\"https:\\\/\\\/sodepal.es\\\/\",\"logo\":{\"@type\":\"ImageObject\",\"inLanguage\":\"en-GB\",\"@id\":\"https:\\\/\\\/sodepal.es\\\/#\\\/schema\\\/logo\\\/image\\\/\",\"url\":\"https:\\\/\\\/sodepal.es\\\/wp-content\\\/uploads\\\/2022\\\/09\\\/logo_web.png\",\"contentUrl\":\"https:\\\/\\\/sodepal.es\\\/wp-content\\\/uploads\\\/2022\\\/09\\\/logo_web.png\",\"width\":658,\"height\":156,\"caption\":\"Sociedad de Promoci\u00f3n y Desarrollo Econ\u00f3mico y Social de La Palma\"},\"image\":{\"@id\":\"https:\\\/\\\/sodepal.es\\\/#\\\/schema\\\/logo\\\/image\\\/\"},\"sameAs\":[\"https:\\\/\\\/www.facebook.com\\\/sodepal\",\"https:\\\/\\\/www.instagram.com\\\/sodepallapalma\\\/\"],\"description\":\"Sociedad de Promoci\u00f3n y Desarrollo econ\u00f3mico y Social de La Palma, empresa p\u00fablica dependiente del Cabildo de La Palma\",\"email\":\"info@sodepal.es\",\"telephone\":\"922417323\",\"legalName\":\"Sociedad de Promoci\u00f3n y Desarrollo Econ\u00f3mico de la isla de La Palma S.A.U.\"},{\"@type\":\"Person\",\"@id\":\"https:\\\/\\\/sodepal.es\\\/#\\\/schema\\\/person\\\/43b1d623bde0c4ec4efd5656ef0958b2\",\"name\":\"gerencia\",\"image\":{\"@type\":\"ImageObject\",\"inLanguage\":\"en-GB\",\"@id\":\"https:\\\/\\\/secure.gravatar.com\\\/avatar\\\/2aa1ba3e33e6721e413a7499ea7cab2e4414b99cea1516e7404245c8da655d86?s=96&d=mm&r=g\",\"url\":\"https:\\\/\\\/secure.gravatar.com\\\/avatar\\\/2aa1ba3e33e6721e413a7499ea7cab2e4414b99cea1516e7404245c8da655d86?s=96&d=mm&r=g\",\"contentUrl\":\"https:\\\/\\\/secure.gravatar.com\\\/avatar\\\/2aa1ba3e33e6721e413a7499ea7cab2e4414b99cea1516e7404245c8da655d86?s=96&d=mm&r=g\",\"caption\":\"gerencia\"}}]}<\/script>\n<!-- \/ Yoast SEO Premium plugin. -->","yoast_head_json":{"title":"Ferchos y Macaca Radiata participar\u00e1n en el concierto del Love Festival tras ganar el certamen de talentos - Sociedad de Promoci\u00f3n y Desarrollo Econ\u00f3mico y Social de La Palma - SODEPAL","description":"Toda la actualidad de los proyectos y eventos desarrollados por SODEPAL","robots":{"index":"index","follow":"follow","max-snippet":"max-snippet:-1","max-image-preview":"max-image-preview:large","max-video-preview":"max-video-preview:-1"},"canonical":"https:\/\/sodepal.es\/en\/ferchos-y-macaca-radiata-participaran-en-el-concierto-del-love-festival-tras-ganar-el-certamen-de-talentos\/","og_locale":"en_GB","og_type":"article","og_title":"Ferchos y Macaca Radiata participar\u00e1n en el concierto del Love Festival tras ganar el certamen de talentos","og_description":"Toda la actualidad de los proyectos y eventos desarrollados por SODEPAL","og_url":"https:\/\/sodepal.es\/en\/ferchos-y-macaca-radiata-participaran-en-el-concierto-del-love-festival-tras-ganar-el-certamen-de-talentos\/","og_site_name":"Sociedad de Promoci\u00f3n y Desarrollo Econ\u00f3mico y Social de La Palma - SODEPAL","article_publisher":"https:\/\/www.facebook.com\/sodepal","article_published_time":"2024-07-24T08:36:04+00:00","article_modified_time":"2024-07-24T08:40:36+00:00","og_image":[{"width":2250,"height":2250,"url":"https:\/\/sodepal.es\/wp-content\/uploads\/2024\/07\/macaca_radiata.png","type":"image\/png"}],"author":"gerencia","twitter_card":"summary_large_image","schema":{"@context":"https:\/\/schema.org","@graph":[{"@type":"Article","@id":"https:\/\/sodepal.es\/ferchos-y-macaca-radiata-participaran-en-el-concierto-del-love-festival-tras-ganar-el-certamen-de-talentos\/#article","isPartOf":{"@id":"https:\/\/sodepal.es\/ferchos-y-macaca-radiata-participaran-en-el-concierto-del-love-festival-tras-ganar-el-certamen-de-talentos\/"},"author":{"name":"gerencia","@id":"https:\/\/sodepal.es\/#\/schema\/person\/43b1d623bde0c4ec4efd5656ef0958b2"},"headline":"Ferchos y Macaca Radiata participar\u00e1n en el concierto del Love Festival tras ganar el certamen de talentos","datePublished":"2024-07-24T08:36:04+00:00","dateModified":"2024-07-24T08:40:36+00:00","mainEntityOfPage":{"@id":"https:\/\/sodepal.es\/ferchos-y-macaca-radiata-participaran-en-el-concierto-del-love-festival-tras-ganar-el-certamen-de-talentos\/"},"wordCount":566,"commentCount":0,"publisher":{"@id":"https:\/\/sodepal.es\/#organization"},"image":{"@id":"https:\/\/sodepal.es\/ferchos-y-macaca-radiata-participaran-en-el-concierto-del-love-festival-tras-ganar-el-certamen-de-talentos\/#primaryimage"},"thumbnailUrl":"https:\/\/sodepal.es\/wp-content\/uploads\/2024\/07\/macaca_radiata.png","articleSection":["Noticias"],"inLanguage":"en-GB","potentialAction":[{"@type":"CommentAction","name":"Comment","target":["https:\/\/sodepal.es\/ferchos-y-macaca-radiata-participaran-en-el-concierto-del-love-festival-tras-ganar-el-certamen-de-talentos\/#respond"]}]},{"@type":"WebPage","@id":"https:\/\/sodepal.es\/ferchos-y-macaca-radiata-participaran-en-el-concierto-del-love-festival-tras-ganar-el-certamen-de-talentos\/","url":"https:\/\/sodepal.es\/ferchos-y-macaca-radiata-participaran-en-el-concierto-del-love-festival-tras-ganar-el-certamen-de-talentos\/","name":"Ferchos y Macaca Radiata participar\u00e1n en el concierto del Love Festival tras ganar el certamen de talentos - Sociedad de Promoci\u00f3n y Desarrollo Econ\u00f3mico y Social de La Palma - SODEPAL","isPartOf":{"@id":"https:\/\/sodepal.es\/#website"},"primaryImageOfPage":{"@id":"https:\/\/sodepal.es\/ferchos-y-macaca-radiata-participaran-en-el-concierto-del-love-festival-tras-ganar-el-certamen-de-talentos\/#primaryimage"},"image":{"@id":"https:\/\/sodepal.es\/ferchos-y-macaca-radiata-participaran-en-el-concierto-del-love-festival-tras-ganar-el-certamen-de-talentos\/#primaryimage"},"thumbnailUrl":"https:\/\/sodepal.es\/wp-content\/uploads\/2024\/07\/macaca_radiata.png","datePublished":"2024-07-24T08:36:04+00:00","dateModified":"2024-07-24T08:40:36+00:00","description":"Toda la actualidad de los proyectos y eventos desarrollados por SODEPAL","breadcrumb":{"@id":"https:\/\/sodepal.es\/ferchos-y-macaca-radiata-participaran-en-el-concierto-del-love-festival-tras-ganar-el-certamen-de-talentos\/#breadcrumb"},"inLanguage":"en-GB","potentialAction":[{"@type":"ReadAction","target":["https:\/\/sodepal.es\/ferchos-y-macaca-radiata-participaran-en-el-concierto-del-love-festival-tras-ganar-el-certamen-de-talentos\/"]}]},{"@type":"ImageObject","inLanguage":"en-GB","@id":"https:\/\/sodepal.es\/ferchos-y-macaca-radiata-participaran-en-el-concierto-del-love-festival-tras-ganar-el-certamen-de-talentos\/#primaryimage","url":"https:\/\/sodepal.es\/wp-content\/uploads\/2024\/07\/macaca_radiata.png","contentUrl":"https:\/\/sodepal.es\/wp-content\/uploads\/2024\/07\/macaca_radiata.png","width":2250,"height":2250},{"@type":"BreadcrumbList","@id":"https:\/\/sodepal.es\/ferchos-y-macaca-radiata-participaran-en-el-concierto-del-love-festival-tras-ganar-el-certamen-de-talentos\/#breadcrumb","itemListElement":[{"@type":"ListItem","position":1,"name":"Inicio","item":"https:\/\/sodepal.es\/"},{"@type":"ListItem","position":2,"name":"Ferchos y Macaca Radiata participar\u00e1n en el concierto del Love Festival tras ganar el certamen de talentos"}]},{"@type":"WebSite","@id":"https:\/\/sodepal.es\/#website","url":"https:\/\/sodepal.es\/","name":"Sodepal","description":"SODEPAL es una empresa p\u00fablica dependiente del Cabildo de La Palma. Promoci\u00f3n, Fomento y Desarrollo para la isla de La Palma","publisher":{"@id":"https:\/\/sodepal.es\/#organization"},"alternateName":"Sociedad de Promoci\u00f3n y Desarrollo Econ\u00f3mico y Social de La Palma","potentialAction":[{"@type":"SearchAction","target":{"@type":"EntryPoint","urlTemplate":"https:\/\/sodepal.es\/?s={search_term_string}"},"query-input":{"@type":"PropertyValueSpecification","valueRequired":true,"valueName":"search_term_string"}}],"inLanguage":"en-GB"},{"@type":"Organization","@id":"https:\/\/sodepal.es\/#organization","name":"Sociedad de Promoci\u00f3n y Desarrollo Econ\u00f3mico y Social de La Palma","alternateName":"Sodepal","url":"https:\/\/sodepal.es\/","logo":{"@type":"ImageObject","inLanguage":"en-GB","@id":"https:\/\/sodepal.es\/#\/schema\/logo\/image\/","url":"https:\/\/sodepal.es\/wp-content\/uploads\/2022\/09\/logo_web.png","contentUrl":"https:\/\/sodepal.es\/wp-content\/uploads\/2022\/09\/logo_web.png","width":658,"height":156,"caption":"Sociedad de Promoci\u00f3n y Desarrollo Econ\u00f3mico y Social de La Palma"},"image":{"@id":"https:\/\/sodepal.es\/#\/schema\/logo\/image\/"},"sameAs":["https:\/\/www.facebook.com\/sodepal","https:\/\/www.instagram.com\/sodepallapalma\/"],"description":"Sociedad de Promoci\u00f3n y Desarrollo econ\u00f3mico y Social de La Palma, empresa p\u00fablica dependiente del Cabildo de La Palma","email":"info@sodepal.es","telephone":"922417323","legalName":"Sociedad de Promoci\u00f3n y Desarrollo Econ\u00f3mico de la isla de La Palma S.A.U."},{"@type":"Person","@id":"https:\/\/sodepal.es\/#\/schema\/person\/43b1d623bde0c4ec4efd5656ef0958b2","name":"gerencia","image":{"@type":"ImageObject","inLanguage":"en-GB","@id":"https:\/\/secure.gravatar.com\/avatar\/2aa1ba3e33e6721e413a7499ea7cab2e4414b99cea1516e7404245c8da655d86?s=96&d=mm&r=g","url":"https:\/\/secure.gravatar.com\/avatar\/2aa1ba3e33e6721e413a7499ea7cab2e4414b99cea1516e7404245c8da655d86?s=96&d=mm&r=g","contentUrl":"https:\/\/secure.gravatar.com\/avatar\/2aa1ba3e33e6721e413a7499ea7cab2e4414b99cea1516e7404245c8da655d86?s=96&d=mm&r=g","caption":"gerencia"}}]}},"_links":{"self":[{"href":"https:\/\/sodepal.es\/en\/wp-json\/wp\/v2\/posts\/17150","targetHints":{"allow":["GET"]}}],"collection":[{"href":"https:\/\/sodepal.es\/en\/wp-json\/wp\/v2\/posts"}],"about":[{"href":"https:\/\/sodepal.es\/en\/wp-json\/wp\/v2\/types\/post"}],"author":[{"embeddable":true,"href":"https:\/\/sodepal.es\/en\/wp-json\/wp\/v2\/users\/1"}],"replies":[{"embeddable":true,"href":"https:\/\/sodepal.es\/en\/wp-json\/wp\/v2\/comments?post=17150"}],"version-history":[{"count":0,"href":"https:\/\/sodepal.es\/en\/wp-json\/wp\/v2\/posts\/17150\/revisions"}],"wp:featuredmedia":[{"embeddable":true,"href":"https:\/\/sodepal.es\/en\/wp-json\/wp\/v2\/media\/17153"}],"wp:attachment":[{"href":"https:\/\/sodepal.es\/en\/wp-json\/wp\/v2\/media?parent=17150"}],"wp:term":[{"taxonomy":"category","embeddable":true,"href":"https:\/\/sodepal.es\/en\/wp-json\/wp\/v2\/categories?post=17150"},{"taxonomy":"post_tag","embeddable":true,"href":"https:\/\/sodepal.es\/en\/wp-json\/wp\/v2\/tags?post=17150"}],"curies":[{"name":"wp","href":"https:\/\/api.w.org\/{rel}","templated":true}]}}