{"id":17168,"date":"2024-07-24T08:57:45","date_gmt":"2024-07-24T08:57:45","guid":{"rendered":"https:\/\/sodepal.es\/?p=17168"},"modified":"2024-07-24T08:59:04","modified_gmt":"2024-07-24T08:59:04","slug":"el-love-festival-impulsa-una-sociedad-mas-igualitaria-a-traves-de-una-convencion-politica-y-social-sobre-las-familias-diversas","status":"publish","type":"post","link":"https:\/\/sodepal.es\/en\/el-love-festival-impulsa-una-sociedad-mas-igualitaria-a-traves-de-una-convencion-politica-y-social-sobre-las-familias-diversas\/","title":{"rendered":"The Love Festival promotes a more egalitarian society through a political and social convention on diverse families."},"content":{"rendered":"<div data-elementor-type=\"wp-post\" data-elementor-id=\"17168\" class=\"elementor elementor-17168\" data-elementor-post-type=\"post\">\n\t\t\t\t\t\t<section class=\"elementor-section elementor-top-section elementor-element elementor-element-2e30694 elementor-section-boxed elementor-section-height-default elementor-section-height-default\" data-id=\"2e30694\" data-element_type=\"section\" data-e-type=\"section\">\n\t\t\t\t\t\t<div class=\"elementor-container elementor-column-gap-default\">\n\t\t\t\t\t<div class=\"elementor-column elementor-col-100 elementor-top-column elementor-element elementor-element-0c475aa\" data-id=\"0c475aa\" data-element_type=\"column\" data-e-type=\"column\">\n\t\t\t<div class=\"elementor-widget-wrap elementor-element-populated\">\n\t\t\t\t\t\t<div class=\"elementor-element elementor-element-90b12f1 elementor-widget elementor-widget-text-editor\" data-id=\"90b12f1\" data-element_type=\"widget\" data-e-type=\"widget\" data-widget_type=\"text-editor.default\">\n\t\t\t\t<div class=\"elementor-widget-container\">\n\t\t\t\t\t\t\t\t\t<div class=\"field field--name-field-noticias-entradilla field--type-text-long field--label-hidden field--item\"><div class=\"field field--name-field-noticias-entradilla field--type-text-long field--label-hidden field--item\"><div class=\"field field--name-field-noticias-entradilla field--type-text-long field--label-hidden field--item\"><h4>The aim of this convention is to encourage social improvement through people's testimonies about their lives.<\/h4><\/div><div class=\"field field--name-body field--type-text-with-summary field--label-hidden field--item\"><p>The Isla Bonita Love Festival aims to improve the daily life of the LGTBIQ+ community, and therefore carries out different activities for the benefit of these people. On Thursday, 25th July, from 12:00 noon, the V Political and Social Convention for a Fairer and More Equal Society: the reality of diverse families will take place in the Casa de la Cultura in Los Llanos de Aridane.<\/p><p>This initiative will be attended by three diverse families, all of whom live in the Canary Islands, one of them from La Palma. The protagonists will talk about their life experiences, their daily life and the difficulties they have encountered so far.<\/p><p>The CEO of Sodepal, Miriam Perestelo, advocates social respect and the need to develop this type of activity in order to \"make public the different disadvantages\" that this type of family has to face because they do not have the \"traditional role\". The aim of this convention is to \"confront\" the social injustices and inequalities that exist at present, as well as to \"seek solutions to these problems\", adds the councillor.<\/p><p>The testimonies of the people involved will shed light and make visible the different inequalities and injustices they have had to face, which is a great opportunity for everyone who is interested in attending and helping this type of group.<\/p><\/div><\/div><\/div>\t\t\t\t\t\t\t\t<\/div>\n\t\t\t\t<\/div>\n\t\t\t\t\t<\/div>\n\t\t<\/div>\n\t\t\t\t\t<\/div>\n\t\t<\/section>\n\t\t\t\t<\/div>","protected":false},"excerpt":{"rendered":"<p>The aim of this convention is to promote social improvement as a result of the testimony of people about their lives. The Isla Bonita Love Festival aims to improve the daily life of the LGTBIQ+ community, and therefore carries out different activities for the benefit of these people. On Thursday, 25th July, from ... <a title=\"The Love Festival promotes a more egalitarian society through a political and social convention on diverse families.\" class=\"read-more\" href=\"https:\/\/sodepal.es\/en\/el-love-festival-impulsa-una-sociedad-mas-igualitaria-a-traves-de-una-convencion-politica-y-social-sobre-las-familias-diversas\/\" aria-label=\"Read more about El Love Festival impulsa una sociedad m\u00e1s igualitaria a trav\u00e9s de una convenci\u00f3n pol\u00edtica y social sobre las familias diversas\">Read more<\/a><\/p>","protected":false},"author":1,"featured_media":17170,"comment_status":"open","ping_status":"open","sticky":false,"template":"","format":"standard","meta":{"_acf_changed":false,"footnotes":""},"categories":[19],"tags":[],"class_list":["post-17168","post","type-post","status-publish","format-standard","has-post-thumbnail","hentry","category-noticias"],"acf":[],"yoast_head":"<!-- This site is optimized with the Yoast SEO Premium plugin v22.0 (Yoast SEO v27.5) - https:\/\/yoast.com\/product\/yoast-seo-premium-wordpress\/ -->\n<title>El Love Festival impulsa una sociedad m\u00e1s igualitaria a trav\u00e9s de una convenci\u00f3n pol\u00edtica y social sobre las familias diversas - Sociedad de Promoci\u00f3n y Desarrollo Econ\u00f3mico y Social de La Palma - SODEPAL<\/title>\n<meta name=\"description\" content=\"Toda la actualidad de los proyectos y eventos desarrollados por SODEPAL\" \/>\n<meta name=\"robots\" content=\"index, follow, max-snippet:-1, max-image-preview:large, max-video-preview:-1\" \/>\n<link rel=\"canonical\" href=\"https:\/\/sodepal.es\/en\/el-love-festival-impulsa-una-sociedad-mas-igualitaria-a-traves-de-una-convencion-politica-y-social-sobre-las-familias-diversas\/\" \/>\n<meta property=\"og:locale\" content=\"en_GB\" \/>\n<meta property=\"og:type\" content=\"article\" \/>\n<meta property=\"og:title\" content=\"El Love Festival impulsa una sociedad m\u00e1s igualitaria a trav\u00e9s de una convenci\u00f3n pol\u00edtica y social sobre las familias diversas\" \/>\n<meta property=\"og:description\" content=\"Toda la actualidad de los proyectos y eventos desarrollados por SODEPAL\" \/>\n<meta property=\"og:url\" content=\"https:\/\/sodepal.es\/en\/el-love-festival-impulsa-una-sociedad-mas-igualitaria-a-traves-de-una-convencion-politica-y-social-sobre-las-familias-diversas\/\" \/>\n<meta property=\"og:site_name\" content=\"Sociedad de Promoci\u00f3n y Desarrollo Econ\u00f3mico y Social de La Palma - SODEPAL\" \/>\n<meta property=\"article:publisher\" content=\"https:\/\/www.facebook.com\/sodepal\" \/>\n<meta property=\"article:published_time\" content=\"2024-07-24T08:57:45+00:00\" \/>\n<meta property=\"article:modified_time\" content=\"2024-07-24T08:59:04+00:00\" \/>\n<meta property=\"og:image\" content=\"https:\/\/sodepal.es\/wp-content\/uploads\/2024\/07\/Convencion_politica.jpg\" \/>\n\t<meta property=\"og:image:width\" content=\"1440\" \/>\n\t<meta property=\"og:image:height\" content=\"1440\" \/>\n\t<meta property=\"og:image:type\" content=\"image\/jpeg\" \/>\n<meta name=\"author\" content=\"gerencia\" \/>\n<meta name=\"twitter:card\" content=\"summary_large_image\" \/>\n<script type=\"application\/ld+json\" class=\"yoast-schema-graph\">{\"@context\":\"https:\\\/\\\/schema.org\",\"@graph\":[{\"@type\":\"Article\",\"@id\":\"https:\\\/\\\/sodepal.es\\\/el-love-festival-impulsa-una-sociedad-mas-igualitaria-a-traves-de-una-convencion-politica-y-social-sobre-las-familias-diversas\\\/#article\",\"isPartOf\":{\"@id\":\"https:\\\/\\\/sodepal.es\\\/el-love-festival-impulsa-una-sociedad-mas-igualitaria-a-traves-de-una-convencion-politica-y-social-sobre-las-familias-diversas\\\/\"},\"author\":{\"name\":\"gerencia\",\"@id\":\"https:\\\/\\\/sodepal.es\\\/#\\\/schema\\\/person\\\/43b1d623bde0c4ec4efd5656ef0958b2\"},\"headline\":\"El Love Festival impulsa una sociedad m\u00e1s igualitaria a trav\u00e9s de una convenci\u00f3n pol\u00edtica y social sobre las familias diversas\",\"datePublished\":\"2024-07-24T08:57:45+00:00\",\"dateModified\":\"2024-07-24T08:59:04+00:00\",\"mainEntityOfPage\":{\"@id\":\"https:\\\/\\\/sodepal.es\\\/el-love-festival-impulsa-una-sociedad-mas-igualitaria-a-traves-de-una-convencion-politica-y-social-sobre-las-familias-diversas\\\/\"},\"wordCount\":298,\"commentCount\":0,\"publisher\":{\"@id\":\"https:\\\/\\\/sodepal.es\\\/#organization\"},\"image\":{\"@id\":\"https:\\\/\\\/sodepal.es\\\/el-love-festival-impulsa-una-sociedad-mas-igualitaria-a-traves-de-una-convencion-politica-y-social-sobre-las-familias-diversas\\\/#primaryimage\"},\"thumbnailUrl\":\"https:\\\/\\\/sodepal.es\\\/wp-content\\\/uploads\\\/2024\\\/07\\\/Convencion_politica.jpg\",\"articleSection\":[\"Noticias\"],\"inLanguage\":\"en-GB\",\"potentialAction\":[{\"@type\":\"CommentAction\",\"name\":\"Comment\",\"target\":[\"https:\\\/\\\/sodepal.es\\\/el-love-festival-impulsa-una-sociedad-mas-igualitaria-a-traves-de-una-convencion-politica-y-social-sobre-las-familias-diversas\\\/#respond\"]}]},{\"@type\":\"WebPage\",\"@id\":\"https:\\\/\\\/sodepal.es\\\/el-love-festival-impulsa-una-sociedad-mas-igualitaria-a-traves-de-una-convencion-politica-y-social-sobre-las-familias-diversas\\\/\",\"url\":\"https:\\\/\\\/sodepal.es\\\/el-love-festival-impulsa-una-sociedad-mas-igualitaria-a-traves-de-una-convencion-politica-y-social-sobre-las-familias-diversas\\\/\",\"name\":\"El Love Festival impulsa una sociedad m\u00e1s igualitaria a trav\u00e9s de una convenci\u00f3n pol\u00edtica y social sobre las familias diversas - Sociedad de Promoci\u00f3n y Desarrollo Econ\u00f3mico y Social de La Palma - SODEPAL\",\"isPartOf\":{\"@id\":\"https:\\\/\\\/sodepal.es\\\/#website\"},\"primaryImageOfPage\":{\"@id\":\"https:\\\/\\\/sodepal.es\\\/el-love-festival-impulsa-una-sociedad-mas-igualitaria-a-traves-de-una-convencion-politica-y-social-sobre-las-familias-diversas\\\/#primaryimage\"},\"image\":{\"@id\":\"https:\\\/\\\/sodepal.es\\\/el-love-festival-impulsa-una-sociedad-mas-igualitaria-a-traves-de-una-convencion-politica-y-social-sobre-las-familias-diversas\\\/#primaryimage\"},\"thumbnailUrl\":\"https:\\\/\\\/sodepal.es\\\/wp-content\\\/uploads\\\/2024\\\/07\\\/Convencion_politica.jpg\",\"datePublished\":\"2024-07-24T08:57:45+00:00\",\"dateModified\":\"2024-07-24T08:59:04+00:00\",\"description\":\"Toda la actualidad de los proyectos y eventos desarrollados por SODEPAL\",\"breadcrumb\":{\"@id\":\"https:\\\/\\\/sodepal.es\\\/el-love-festival-impulsa-una-sociedad-mas-igualitaria-a-traves-de-una-convencion-politica-y-social-sobre-las-familias-diversas\\\/#breadcrumb\"},\"inLanguage\":\"en-GB\",\"potentialAction\":[{\"@type\":\"ReadAction\",\"target\":[\"https:\\\/\\\/sodepal.es\\\/el-love-festival-impulsa-una-sociedad-mas-igualitaria-a-traves-de-una-convencion-politica-y-social-sobre-las-familias-diversas\\\/\"]}]},{\"@type\":\"ImageObject\",\"inLanguage\":\"en-GB\",\"@id\":\"https:\\\/\\\/sodepal.es\\\/el-love-festival-impulsa-una-sociedad-mas-igualitaria-a-traves-de-una-convencion-politica-y-social-sobre-las-familias-diversas\\\/#primaryimage\",\"url\":\"https:\\\/\\\/sodepal.es\\\/wp-content\\\/uploads\\\/2024\\\/07\\\/Convencion_politica.jpg\",\"contentUrl\":\"https:\\\/\\\/sodepal.es\\\/wp-content\\\/uploads\\\/2024\\\/07\\\/Convencion_politica.jpg\",\"width\":1440,\"height\":1440},{\"@type\":\"BreadcrumbList\",\"@id\":\"https:\\\/\\\/sodepal.es\\\/el-love-festival-impulsa-una-sociedad-mas-igualitaria-a-traves-de-una-convencion-politica-y-social-sobre-las-familias-diversas\\\/#breadcrumb\",\"itemListElement\":[{\"@type\":\"ListItem\",\"position\":1,\"name\":\"Inicio\",\"item\":\"https:\\\/\\\/sodepal.es\\\/\"},{\"@type\":\"ListItem\",\"position\":2,\"name\":\"El Love Festival impulsa una sociedad m\u00e1s igualitaria a trav\u00e9s de una convenci\u00f3n pol\u00edtica y social sobre las familias diversas\"}]},{\"@type\":\"WebSite\",\"@id\":\"https:\\\/\\\/sodepal.es\\\/#website\",\"url\":\"https:\\\/\\\/sodepal.es\\\/\",\"name\":\"Sodepal\",\"description\":\"SODEPAL es una empresa p\u00fablica dependiente del Cabildo de La Palma. Promoci\u00f3n, Fomento y Desarrollo para la isla de La Palma\",\"publisher\":{\"@id\":\"https:\\\/\\\/sodepal.es\\\/#organization\"},\"alternateName\":\"Sociedad de Promoci\u00f3n y Desarrollo Econ\u00f3mico y Social de La Palma\",\"potentialAction\":[{\"@type\":\"SearchAction\",\"target\":{\"@type\":\"EntryPoint\",\"urlTemplate\":\"https:\\\/\\\/sodepal.es\\\/?s={search_term_string}\"},\"query-input\":{\"@type\":\"PropertyValueSpecification\",\"valueRequired\":true,\"valueName\":\"search_term_string\"}}],\"inLanguage\":\"en-GB\"},{\"@type\":\"Organization\",\"@id\":\"https:\\\/\\\/sodepal.es\\\/#organization\",\"name\":\"Sociedad de Promoci\u00f3n y Desarrollo Econ\u00f3mico y Social de La Palma\",\"alternateName\":\"Sodepal\",\"url\":\"https:\\\/\\\/sodepal.es\\\/\",\"logo\":{\"@type\":\"ImageObject\",\"inLanguage\":\"en-GB\",\"@id\":\"https:\\\/\\\/sodepal.es\\\/#\\\/schema\\\/logo\\\/image\\\/\",\"url\":\"https:\\\/\\\/sodepal.es\\\/wp-content\\\/uploads\\\/2022\\\/09\\\/logo_web.png\",\"contentUrl\":\"https:\\\/\\\/sodepal.es\\\/wp-content\\\/uploads\\\/2022\\\/09\\\/logo_web.png\",\"width\":658,\"height\":156,\"caption\":\"Sociedad de Promoci\u00f3n y Desarrollo Econ\u00f3mico y Social de La Palma\"},\"image\":{\"@id\":\"https:\\\/\\\/sodepal.es\\\/#\\\/schema\\\/logo\\\/image\\\/\"},\"sameAs\":[\"https:\\\/\\\/www.facebook.com\\\/sodepal\",\"https:\\\/\\\/www.instagram.com\\\/sodepallapalma\\\/\"],\"description\":\"Sociedad de Promoci\u00f3n y Desarrollo econ\u00f3mico y Social de La Palma, empresa p\u00fablica dependiente del Cabildo de La Palma\",\"email\":\"info@sodepal.es\",\"telephone\":\"922417323\",\"legalName\":\"Sociedad de Promoci\u00f3n y Desarrollo Econ\u00f3mico de la isla de La Palma S.A.U.\"},{\"@type\":\"Person\",\"@id\":\"https:\\\/\\\/sodepal.es\\\/#\\\/schema\\\/person\\\/43b1d623bde0c4ec4efd5656ef0958b2\",\"name\":\"gerencia\",\"image\":{\"@type\":\"ImageObject\",\"inLanguage\":\"en-GB\",\"@id\":\"https:\\\/\\\/secure.gravatar.com\\\/avatar\\\/2aa1ba3e33e6721e413a7499ea7cab2e4414b99cea1516e7404245c8da655d86?s=96&d=mm&r=g\",\"url\":\"https:\\\/\\\/secure.gravatar.com\\\/avatar\\\/2aa1ba3e33e6721e413a7499ea7cab2e4414b99cea1516e7404245c8da655d86?s=96&d=mm&r=g\",\"contentUrl\":\"https:\\\/\\\/secure.gravatar.com\\\/avatar\\\/2aa1ba3e33e6721e413a7499ea7cab2e4414b99cea1516e7404245c8da655d86?s=96&d=mm&r=g\",\"caption\":\"gerencia\"}}]}<\/script>\n<!-- \/ Yoast SEO Premium plugin. -->","yoast_head_json":{"title":"El Love Festival impulsa una sociedad m\u00e1s igualitaria a trav\u00e9s de una convenci\u00f3n pol\u00edtica y social sobre las familias diversas - Sociedad de Promoci\u00f3n y Desarrollo Econ\u00f3mico y Social de La Palma - SODEPAL","description":"Toda la actualidad de los proyectos y eventos desarrollados por SODEPAL","robots":{"index":"index","follow":"follow","max-snippet":"max-snippet:-1","max-image-preview":"max-image-preview:large","max-video-preview":"max-video-preview:-1"},"canonical":"https:\/\/sodepal.es\/en\/el-love-festival-impulsa-una-sociedad-mas-igualitaria-a-traves-de-una-convencion-politica-y-social-sobre-las-familias-diversas\/","og_locale":"en_GB","og_type":"article","og_title":"El Love Festival impulsa una sociedad m\u00e1s igualitaria a trav\u00e9s de una convenci\u00f3n pol\u00edtica y social sobre las familias diversas","og_description":"Toda la actualidad de los proyectos y eventos desarrollados por SODEPAL","og_url":"https:\/\/sodepal.es\/en\/el-love-festival-impulsa-una-sociedad-mas-igualitaria-a-traves-de-una-convencion-politica-y-social-sobre-las-familias-diversas\/","og_site_name":"Sociedad de Promoci\u00f3n y Desarrollo Econ\u00f3mico y Social de La Palma - SODEPAL","article_publisher":"https:\/\/www.facebook.com\/sodepal","article_published_time":"2024-07-24T08:57:45+00:00","article_modified_time":"2024-07-24T08:59:04+00:00","og_image":[{"width":1440,"height":1440,"url":"https:\/\/sodepal.es\/wp-content\/uploads\/2024\/07\/Convencion_politica.jpg","type":"image\/jpeg"}],"author":"gerencia","twitter_card":"summary_large_image","schema":{"@context":"https:\/\/schema.org","@graph":[{"@type":"Article","@id":"https:\/\/sodepal.es\/el-love-festival-impulsa-una-sociedad-mas-igualitaria-a-traves-de-una-convencion-politica-y-social-sobre-las-familias-diversas\/#article","isPartOf":{"@id":"https:\/\/sodepal.es\/el-love-festival-impulsa-una-sociedad-mas-igualitaria-a-traves-de-una-convencion-politica-y-social-sobre-las-familias-diversas\/"},"author":{"name":"gerencia","@id":"https:\/\/sodepal.es\/#\/schema\/person\/43b1d623bde0c4ec4efd5656ef0958b2"},"headline":"El Love Festival impulsa una sociedad m\u00e1s igualitaria a trav\u00e9s de una convenci\u00f3n pol\u00edtica y social sobre las familias diversas","datePublished":"2024-07-24T08:57:45+00:00","dateModified":"2024-07-24T08:59:04+00:00","mainEntityOfPage":{"@id":"https:\/\/sodepal.es\/el-love-festival-impulsa-una-sociedad-mas-igualitaria-a-traves-de-una-convencion-politica-y-social-sobre-las-familias-diversas\/"},"wordCount":298,"commentCount":0,"publisher":{"@id":"https:\/\/sodepal.es\/#organization"},"image":{"@id":"https:\/\/sodepal.es\/el-love-festival-impulsa-una-sociedad-mas-igualitaria-a-traves-de-una-convencion-politica-y-social-sobre-las-familias-diversas\/#primaryimage"},"thumbnailUrl":"https:\/\/sodepal.es\/wp-content\/uploads\/2024\/07\/Convencion_politica.jpg","articleSection":["Noticias"],"inLanguage":"en-GB","potentialAction":[{"@type":"CommentAction","name":"Comment","target":["https:\/\/sodepal.es\/el-love-festival-impulsa-una-sociedad-mas-igualitaria-a-traves-de-una-convencion-politica-y-social-sobre-las-familias-diversas\/#respond"]}]},{"@type":"WebPage","@id":"https:\/\/sodepal.es\/el-love-festival-impulsa-una-sociedad-mas-igualitaria-a-traves-de-una-convencion-politica-y-social-sobre-las-familias-diversas\/","url":"https:\/\/sodepal.es\/el-love-festival-impulsa-una-sociedad-mas-igualitaria-a-traves-de-una-convencion-politica-y-social-sobre-las-familias-diversas\/","name":"El Love Festival impulsa una sociedad m\u00e1s igualitaria a trav\u00e9s de una convenci\u00f3n pol\u00edtica y social sobre las familias diversas - Sociedad de Promoci\u00f3n y Desarrollo Econ\u00f3mico y Social de La Palma - SODEPAL","isPartOf":{"@id":"https:\/\/sodepal.es\/#website"},"primaryImageOfPage":{"@id":"https:\/\/sodepal.es\/el-love-festival-impulsa-una-sociedad-mas-igualitaria-a-traves-de-una-convencion-politica-y-social-sobre-las-familias-diversas\/#primaryimage"},"image":{"@id":"https:\/\/sodepal.es\/el-love-festival-impulsa-una-sociedad-mas-igualitaria-a-traves-de-una-convencion-politica-y-social-sobre-las-familias-diversas\/#primaryimage"},"thumbnailUrl":"https:\/\/sodepal.es\/wp-content\/uploads\/2024\/07\/Convencion_politica.jpg","datePublished":"2024-07-24T08:57:45+00:00","dateModified":"2024-07-24T08:59:04+00:00","description":"Toda la actualidad de los proyectos y eventos desarrollados por SODEPAL","breadcrumb":{"@id":"https:\/\/sodepal.es\/el-love-festival-impulsa-una-sociedad-mas-igualitaria-a-traves-de-una-convencion-politica-y-social-sobre-las-familias-diversas\/#breadcrumb"},"inLanguage":"en-GB","potentialAction":[{"@type":"ReadAction","target":["https:\/\/sodepal.es\/el-love-festival-impulsa-una-sociedad-mas-igualitaria-a-traves-de-una-convencion-politica-y-social-sobre-las-familias-diversas\/"]}]},{"@type":"ImageObject","inLanguage":"en-GB","@id":"https:\/\/sodepal.es\/el-love-festival-impulsa-una-sociedad-mas-igualitaria-a-traves-de-una-convencion-politica-y-social-sobre-las-familias-diversas\/#primaryimage","url":"https:\/\/sodepal.es\/wp-content\/uploads\/2024\/07\/Convencion_politica.jpg","contentUrl":"https:\/\/sodepal.es\/wp-content\/uploads\/2024\/07\/Convencion_politica.jpg","width":1440,"height":1440},{"@type":"BreadcrumbList","@id":"https:\/\/sodepal.es\/el-love-festival-impulsa-una-sociedad-mas-igualitaria-a-traves-de-una-convencion-politica-y-social-sobre-las-familias-diversas\/#breadcrumb","itemListElement":[{"@type":"ListItem","position":1,"name":"Inicio","item":"https:\/\/sodepal.es\/"},{"@type":"ListItem","position":2,"name":"El Love Festival impulsa una sociedad m\u00e1s igualitaria a trav\u00e9s de una convenci\u00f3n pol\u00edtica y social sobre las familias diversas"}]},{"@type":"WebSite","@id":"https:\/\/sodepal.es\/#website","url":"https:\/\/sodepal.es\/","name":"Sodepal","description":"SODEPAL es una empresa p\u00fablica dependiente del Cabildo de La Palma. Promoci\u00f3n, Fomento y Desarrollo para la isla de La Palma","publisher":{"@id":"https:\/\/sodepal.es\/#organization"},"alternateName":"Sociedad de Promoci\u00f3n y Desarrollo Econ\u00f3mico y Social de La Palma","potentialAction":[{"@type":"SearchAction","target":{"@type":"EntryPoint","urlTemplate":"https:\/\/sodepal.es\/?s={search_term_string}"},"query-input":{"@type":"PropertyValueSpecification","valueRequired":true,"valueName":"search_term_string"}}],"inLanguage":"en-GB"},{"@type":"Organization","@id":"https:\/\/sodepal.es\/#organization","name":"Sociedad de Promoci\u00f3n y Desarrollo Econ\u00f3mico y Social de La Palma","alternateName":"Sodepal","url":"https:\/\/sodepal.es\/","logo":{"@type":"ImageObject","inLanguage":"en-GB","@id":"https:\/\/sodepal.es\/#\/schema\/logo\/image\/","url":"https:\/\/sodepal.es\/wp-content\/uploads\/2022\/09\/logo_web.png","contentUrl":"https:\/\/sodepal.es\/wp-content\/uploads\/2022\/09\/logo_web.png","width":658,"height":156,"caption":"Sociedad de Promoci\u00f3n y Desarrollo Econ\u00f3mico y Social de La Palma"},"image":{"@id":"https:\/\/sodepal.es\/#\/schema\/logo\/image\/"},"sameAs":["https:\/\/www.facebook.com\/sodepal","https:\/\/www.instagram.com\/sodepallapalma\/"],"description":"Sociedad de Promoci\u00f3n y Desarrollo econ\u00f3mico y Social de La Palma, empresa p\u00fablica dependiente del Cabildo de La Palma","email":"info@sodepal.es","telephone":"922417323","legalName":"Sociedad de Promoci\u00f3n y Desarrollo Econ\u00f3mico de la isla de La Palma S.A.U."},{"@type":"Person","@id":"https:\/\/sodepal.es\/#\/schema\/person\/43b1d623bde0c4ec4efd5656ef0958b2","name":"gerencia","image":{"@type":"ImageObject","inLanguage":"en-GB","@id":"https:\/\/secure.gravatar.com\/avatar\/2aa1ba3e33e6721e413a7499ea7cab2e4414b99cea1516e7404245c8da655d86?s=96&d=mm&r=g","url":"https:\/\/secure.gravatar.com\/avatar\/2aa1ba3e33e6721e413a7499ea7cab2e4414b99cea1516e7404245c8da655d86?s=96&d=mm&r=g","contentUrl":"https:\/\/secure.gravatar.com\/avatar\/2aa1ba3e33e6721e413a7499ea7cab2e4414b99cea1516e7404245c8da655d86?s=96&d=mm&r=g","caption":"gerencia"}}]}},"_links":{"self":[{"href":"https:\/\/sodepal.es\/en\/wp-json\/wp\/v2\/posts\/17168","targetHints":{"allow":["GET"]}}],"collection":[{"href":"https:\/\/sodepal.es\/en\/wp-json\/wp\/v2\/posts"}],"about":[{"href":"https:\/\/sodepal.es\/en\/wp-json\/wp\/v2\/types\/post"}],"author":[{"embeddable":true,"href":"https:\/\/sodepal.es\/en\/wp-json\/wp\/v2\/users\/1"}],"replies":[{"embeddable":true,"href":"https:\/\/sodepal.es\/en\/wp-json\/wp\/v2\/comments?post=17168"}],"version-history":[{"count":0,"href":"https:\/\/sodepal.es\/en\/wp-json\/wp\/v2\/posts\/17168\/revisions"}],"wp:featuredmedia":[{"embeddable":true,"href":"https:\/\/sodepal.es\/en\/wp-json\/wp\/v2\/media\/17170"}],"wp:attachment":[{"href":"https:\/\/sodepal.es\/en\/wp-json\/wp\/v2\/media?parent=17168"}],"wp:term":[{"taxonomy":"category","embeddable":true,"href":"https:\/\/sodepal.es\/en\/wp-json\/wp\/v2\/categories?post=17168"},{"taxonomy":"post_tag","embeddable":true,"href":"https:\/\/sodepal.es\/en\/wp-json\/wp\/v2\/tags?post=17168"}],"curies":[{"name":"wp","href":"https:\/\/api.w.org\/{rel}","templated":true}]}}