{"id":17254,"date":"2024-07-24T15:10:41","date_gmt":"2024-07-24T15:10:41","guid":{"rendered":"https:\/\/sodepal.es\/?p=17254"},"modified":"2024-07-24T15:12:53","modified_gmt":"2024-07-24T15:12:53","slug":"carla-antonelli-cuando-vamos-a-decidir-cual-es-nuestra-vida-hemos-perdido-muchos-anos","status":"publish","type":"post","link":"https:\/\/sodepal.es\/en\/carla-antonelli-cuando-vamos-a-decidir-cual-es-nuestra-vida-hemos-perdido-muchos-anos\/","title":{"rendered":"Carla Antonelli: \"When we are going to decide what our life is, we have lost many years\"."},"content":{"rendered":"<div data-elementor-type=\"wp-post\" data-elementor-id=\"17254\" class=\"elementor elementor-17254\" data-elementor-post-type=\"post\">\n\t\t\t\t\t\t<section class=\"elementor-section elementor-top-section elementor-element elementor-element-2e30694 elementor-section-boxed elementor-section-height-default elementor-section-height-default\" data-id=\"2e30694\" data-element_type=\"section\" data-e-type=\"section\">\n\t\t\t\t\t\t<div class=\"elementor-container elementor-column-gap-default\">\n\t\t\t\t\t<div class=\"elementor-column elementor-col-100 elementor-top-column elementor-element elementor-element-0c475aa\" data-id=\"0c475aa\" data-element_type=\"column\" data-e-type=\"column\">\n\t\t\t<div class=\"elementor-widget-wrap elementor-element-populated\">\n\t\t\t\t\t\t<div class=\"elementor-element elementor-element-90b12f1 elementor-widget elementor-widget-text-editor\" data-id=\"90b12f1\" data-element_type=\"widget\" data-e-type=\"widget\" data-widget_type=\"text-editor.default\">\n\t\t\t\t<div class=\"elementor-widget-container\">\n\t\t\t\t\t\t\t\t\t<div class=\"field field--name-field-noticias-entradilla field--type-text-long field--label-hidden field--item\"><div class=\"field field--name-field-noticias-entradilla field--type-text-long field--label-hidden field--item\"><div class=\"field field--name-field-noticias-entradilla field--type-text-long field--label-hidden field--item\"><p>Senator Carla Antonelli was the first trans woman to hold public office in Spain. A 'Volcano Woman', as she defines herself in her book, who paved the way for the rest with her tireless fight for the rights of the LGTBI+ Collective. Today she opens up on the LOVE TV set, where she verbalises one of the best pieces of advice she was given when she was twenty years old: \"Carla, never do anything in your life for and to others. Look at me, I didn't come out of the wardrobe until my father and mother died out of respect for them, and I lost my whole life. Now, in my 60s, I'm living a life I should have started living possibly four decades ago.<\/p><p>Antonelli says that the name 'The Volcano Woman' chosen for the book of her memoirs symbolises how in a quiet environment \"underneath there is something that at a given moment can reveal itself and emerge\". The senator explains that in her daily life she is conciliatory, but when she speaks out to defend her rights she does so \"from the gut\".<\/p><p>Rewriting her own story has been a complex process: \"Many people have been surprised to see that I have opened myself up, we have entered into all the puddles, into things that I have never externalised, such as male violence, drugs...\".<\/p><h4>\"We are capable of devolution, we live in dark times\".<\/h4><p>Carla Antonelli explains during her interview on LOVE TV that she felt that it was now when she had to tell her whole story because we are seeing that \"we are capable of going backwards, we are living in dark times\". The senator verbalises that her intention is to convey that everyone can decide about their own life.<\/p><p>\"Normality is nothing other than what is repeated on a daily basis, so telling our stories is the only way to move towards respect,\" says the current senator.<\/p><p>\"When we are going to decide what our life is, we may have lost many years in between\".<\/p><p>Antnelli clarifies that, although she comes from a time when she had no reference points, she has understood that the family and the environment still condition the lives of trans people and the collective on many occasions, and \"when we are going to decide what our life is, perhaps we have lost many years in between\".<\/p><p>In fact, she says she will never forget that in her twenties, when she \"had some big internal battles\" over family estrangements, a friend told her: \"Carla, never do anything in your life for and to others. Look at me, I didn't come out of the wardrobe until my father and mother died out of respect for them, and I missed out on my whole life. Now, in my 60s, I'm living a life I should have started living possibly four decades ago.<\/p><p>More than half an hour of conversation with journalist Micaela Garc\u00eda captures the life story of Carla Antonelli, a reference for the collective. A 'Volcano Woman' who has been capable of anything and who today, with years of struggle behind her, tells her story on LOVE TV.<\/p><\/div><\/div><\/div>\t\t\t\t\t\t\t\t<\/div>\n\t\t\t\t<\/div>\n\t\t\t\t<div class=\"elementor-element elementor-element-0e4d1c8 elementor-widget elementor-widget-video\" data-id=\"0e4d1c8\" data-element_type=\"widget\" data-e-type=\"widget\" data-settings=\"{&quot;youtube_url&quot;:&quot;https:\\\/\\\/www.youtube.com\\\/watch?v=Sg1McOAAgxU&quot;,&quot;video_type&quot;:&quot;youtube&quot;,&quot;controls&quot;:&quot;yes&quot;}\" data-widget_type=\"video.default\">\n\t\t\t\t<div class=\"elementor-widget-container\">\n\t\t\t\t\t\t\t<div class=\"elementor-wrapper elementor-open-inline\">\n\t\t\t<div class=\"elementor-video\"><\/div>\t\t<\/div>\n\t\t\t\t\t\t<\/div>\n\t\t\t\t<\/div>\n\t\t\t\t\t<\/div>\n\t\t<\/div>\n\t\t\t\t\t<\/div>\n\t\t<\/section>\n\t\t\t\t<\/div>","protected":false},"excerpt":{"rendered":"<p>La senadora Carla Antonelli fue la primera mujer trans en tener un cargo p\u00fablico en Espa\u00f1a. Una \u2018Mujer Volc\u00e1n\u2019, como ella misma se define en su libro, que abri\u00f3 camino al resto con su lucha incansable por los derechos del Colectivo LGTBI+. Hoy se abre en canal en el plat\u00f3 de LOVE TV, donde verbaliza &#8230; <a title=\"Carla Antonelli: &quot;When we are going to decide what our life is, we have lost many years&quot;.\" class=\"read-more\" href=\"https:\/\/sodepal.es\/en\/carla-antonelli-cuando-vamos-a-decidir-cual-es-nuestra-vida-hemos-perdido-muchos-anos\/\" aria-label=\"Read more about Carla Antonelli: \u201cCuando vamos a decidir cu\u00e1l es nuestra vida, hemos perdido muchos a\u00f1os\u201d\">Read more<\/a><\/p>","protected":false},"author":1,"featured_media":17256,"comment_status":"open","ping_status":"open","sticky":false,"template":"","format":"standard","meta":{"_acf_changed":false,"footnotes":""},"categories":[19],"tags":[],"class_list":["post-17254","post","type-post","status-publish","format-standard","has-post-thumbnail","hentry","category-noticias"],"acf":[],"yoast_head":"<!-- This site is optimized with the Yoast SEO Premium plugin v22.0 (Yoast SEO v27.5) - https:\/\/yoast.com\/product\/yoast-seo-premium-wordpress\/ -->\n<title>Carla Antonelli: \u201cCuando vamos a decidir cu\u00e1l es nuestra vida, hemos perdido muchos a\u00f1os\u201d - Sociedad de Promoci\u00f3n y Desarrollo Econ\u00f3mico y Social de La Palma - SODEPAL<\/title>\n<meta name=\"description\" content=\"Toda la actualidad de los proyectos y eventos desarrollados por SODEPAL\" \/>\n<meta name=\"robots\" content=\"index, follow, max-snippet:-1, max-image-preview:large, max-video-preview:-1\" \/>\n<link rel=\"canonical\" href=\"https:\/\/sodepal.es\/en\/carla-antonelli-cuando-vamos-a-decidir-cual-es-nuestra-vida-hemos-perdido-muchos-anos\/\" \/>\n<meta property=\"og:locale\" content=\"en_GB\" \/>\n<meta property=\"og:type\" content=\"article\" \/>\n<meta property=\"og:title\" content=\"Carla Antonelli: \u201cCuando vamos a decidir cu\u00e1l es nuestra vida, hemos perdido muchos a\u00f1os\u201d\" \/>\n<meta property=\"og:description\" content=\"Toda la actualidad de los proyectos y eventos desarrollados por SODEPAL\" \/>\n<meta property=\"og:url\" content=\"https:\/\/sodepal.es\/en\/carla-antonelli-cuando-vamos-a-decidir-cual-es-nuestra-vida-hemos-perdido-muchos-anos\/\" \/>\n<meta property=\"og:site_name\" content=\"Sociedad de Promoci\u00f3n y Desarrollo Econ\u00f3mico y Social de La Palma - SODEPAL\" \/>\n<meta property=\"article:publisher\" content=\"https:\/\/www.facebook.com\/sodepal\" \/>\n<meta property=\"article:published_time\" content=\"2024-07-24T15:10:41+00:00\" \/>\n<meta property=\"article:modified_time\" content=\"2024-07-24T15:12:53+00:00\" \/>\n<meta property=\"og:image\" content=\"https:\/\/sodepal.es\/wp-content\/uploads\/2024\/07\/Carla_Antonelli.jpg\" \/>\n\t<meta property=\"og:image:width\" content=\"999\" \/>\n\t<meta property=\"og:image:height\" content=\"635\" \/>\n\t<meta property=\"og:image:type\" content=\"image\/jpeg\" \/>\n<meta name=\"author\" content=\"gerencia\" \/>\n<meta name=\"twitter:card\" content=\"summary_large_image\" \/>\n<script type=\"application\/ld+json\" class=\"yoast-schema-graph\">{\"@context\":\"https:\\\/\\\/schema.org\",\"@graph\":[{\"@type\":\"Article\",\"@id\":\"https:\\\/\\\/sodepal.es\\\/carla-antonelli-cuando-vamos-a-decidir-cual-es-nuestra-vida-hemos-perdido-muchos-anos\\\/#article\",\"isPartOf\":{\"@id\":\"https:\\\/\\\/sodepal.es\\\/carla-antonelli-cuando-vamos-a-decidir-cual-es-nuestra-vida-hemos-perdido-muchos-anos\\\/\"},\"author\":{\"name\":\"gerencia\",\"@id\":\"https:\\\/\\\/sodepal.es\\\/#\\\/schema\\\/person\\\/43b1d623bde0c4ec4efd5656ef0958b2\"},\"headline\":\"Carla Antonelli: \u201cCuando vamos a decidir cu\u00e1l es nuestra vida, hemos perdido muchos a\u00f1os\u201d\",\"datePublished\":\"2024-07-24T15:10:41+00:00\",\"dateModified\":\"2024-07-24T15:12:53+00:00\",\"mainEntityOfPage\":{\"@id\":\"https:\\\/\\\/sodepal.es\\\/carla-antonelli-cuando-vamos-a-decidir-cual-es-nuestra-vida-hemos-perdido-muchos-anos\\\/\"},\"wordCount\":560,\"commentCount\":0,\"publisher\":{\"@id\":\"https:\\\/\\\/sodepal.es\\\/#organization\"},\"image\":{\"@id\":\"https:\\\/\\\/sodepal.es\\\/carla-antonelli-cuando-vamos-a-decidir-cual-es-nuestra-vida-hemos-perdido-muchos-anos\\\/#primaryimage\"},\"thumbnailUrl\":\"https:\\\/\\\/sodepal.es\\\/wp-content\\\/uploads\\\/2024\\\/07\\\/Carla_Antonelli.jpg\",\"articleSection\":[\"Noticias\"],\"inLanguage\":\"en-GB\",\"potentialAction\":[{\"@type\":\"CommentAction\",\"name\":\"Comment\",\"target\":[\"https:\\\/\\\/sodepal.es\\\/carla-antonelli-cuando-vamos-a-decidir-cual-es-nuestra-vida-hemos-perdido-muchos-anos\\\/#respond\"]}]},{\"@type\":\"WebPage\",\"@id\":\"https:\\\/\\\/sodepal.es\\\/carla-antonelli-cuando-vamos-a-decidir-cual-es-nuestra-vida-hemos-perdido-muchos-anos\\\/\",\"url\":\"https:\\\/\\\/sodepal.es\\\/carla-antonelli-cuando-vamos-a-decidir-cual-es-nuestra-vida-hemos-perdido-muchos-anos\\\/\",\"name\":\"Carla Antonelli: \u201cCuando vamos a decidir cu\u00e1l es nuestra vida, hemos perdido muchos a\u00f1os\u201d - Sociedad de Promoci\u00f3n y Desarrollo Econ\u00f3mico y Social de La Palma - SODEPAL\",\"isPartOf\":{\"@id\":\"https:\\\/\\\/sodepal.es\\\/#website\"},\"primaryImageOfPage\":{\"@id\":\"https:\\\/\\\/sodepal.es\\\/carla-antonelli-cuando-vamos-a-decidir-cual-es-nuestra-vida-hemos-perdido-muchos-anos\\\/#primaryimage\"},\"image\":{\"@id\":\"https:\\\/\\\/sodepal.es\\\/carla-antonelli-cuando-vamos-a-decidir-cual-es-nuestra-vida-hemos-perdido-muchos-anos\\\/#primaryimage\"},\"thumbnailUrl\":\"https:\\\/\\\/sodepal.es\\\/wp-content\\\/uploads\\\/2024\\\/07\\\/Carla_Antonelli.jpg\",\"datePublished\":\"2024-07-24T15:10:41+00:00\",\"dateModified\":\"2024-07-24T15:12:53+00:00\",\"description\":\"Toda la actualidad de los proyectos y eventos desarrollados por SODEPAL\",\"breadcrumb\":{\"@id\":\"https:\\\/\\\/sodepal.es\\\/carla-antonelli-cuando-vamos-a-decidir-cual-es-nuestra-vida-hemos-perdido-muchos-anos\\\/#breadcrumb\"},\"inLanguage\":\"en-GB\",\"potentialAction\":[{\"@type\":\"ReadAction\",\"target\":[\"https:\\\/\\\/sodepal.es\\\/carla-antonelli-cuando-vamos-a-decidir-cual-es-nuestra-vida-hemos-perdido-muchos-anos\\\/\"]}]},{\"@type\":\"ImageObject\",\"inLanguage\":\"en-GB\",\"@id\":\"https:\\\/\\\/sodepal.es\\\/carla-antonelli-cuando-vamos-a-decidir-cual-es-nuestra-vida-hemos-perdido-muchos-anos\\\/#primaryimage\",\"url\":\"https:\\\/\\\/sodepal.es\\\/wp-content\\\/uploads\\\/2024\\\/07\\\/Carla_Antonelli.jpg\",\"contentUrl\":\"https:\\\/\\\/sodepal.es\\\/wp-content\\\/uploads\\\/2024\\\/07\\\/Carla_Antonelli.jpg\",\"width\":999,\"height\":635},{\"@type\":\"BreadcrumbList\",\"@id\":\"https:\\\/\\\/sodepal.es\\\/carla-antonelli-cuando-vamos-a-decidir-cual-es-nuestra-vida-hemos-perdido-muchos-anos\\\/#breadcrumb\",\"itemListElement\":[{\"@type\":\"ListItem\",\"position\":1,\"name\":\"Inicio\",\"item\":\"https:\\\/\\\/sodepal.es\\\/\"},{\"@type\":\"ListItem\",\"position\":2,\"name\":\"Carla Antonelli: \u201cCuando vamos a decidir cu\u00e1l es nuestra vida, hemos perdido muchos a\u00f1os\u201d\"}]},{\"@type\":\"WebSite\",\"@id\":\"https:\\\/\\\/sodepal.es\\\/#website\",\"url\":\"https:\\\/\\\/sodepal.es\\\/\",\"name\":\"Sodepal\",\"description\":\"SODEPAL es una empresa p\u00fablica dependiente del Cabildo de La Palma. Promoci\u00f3n, Fomento y Desarrollo para la isla de La Palma\",\"publisher\":{\"@id\":\"https:\\\/\\\/sodepal.es\\\/#organization\"},\"alternateName\":\"Sociedad de Promoci\u00f3n y Desarrollo Econ\u00f3mico y Social de La Palma\",\"potentialAction\":[{\"@type\":\"SearchAction\",\"target\":{\"@type\":\"EntryPoint\",\"urlTemplate\":\"https:\\\/\\\/sodepal.es\\\/?s={search_term_string}\"},\"query-input\":{\"@type\":\"PropertyValueSpecification\",\"valueRequired\":true,\"valueName\":\"search_term_string\"}}],\"inLanguage\":\"en-GB\"},{\"@type\":\"Organization\",\"@id\":\"https:\\\/\\\/sodepal.es\\\/#organization\",\"name\":\"Sociedad de Promoci\u00f3n y Desarrollo Econ\u00f3mico y Social de La Palma\",\"alternateName\":\"Sodepal\",\"url\":\"https:\\\/\\\/sodepal.es\\\/\",\"logo\":{\"@type\":\"ImageObject\",\"inLanguage\":\"en-GB\",\"@id\":\"https:\\\/\\\/sodepal.es\\\/#\\\/schema\\\/logo\\\/image\\\/\",\"url\":\"https:\\\/\\\/sodepal.es\\\/wp-content\\\/uploads\\\/2022\\\/09\\\/logo_web.png\",\"contentUrl\":\"https:\\\/\\\/sodepal.es\\\/wp-content\\\/uploads\\\/2022\\\/09\\\/logo_web.png\",\"width\":658,\"height\":156,\"caption\":\"Sociedad de Promoci\u00f3n y Desarrollo Econ\u00f3mico y Social de La Palma\"},\"image\":{\"@id\":\"https:\\\/\\\/sodepal.es\\\/#\\\/schema\\\/logo\\\/image\\\/\"},\"sameAs\":[\"https:\\\/\\\/www.facebook.com\\\/sodepal\",\"https:\\\/\\\/www.instagram.com\\\/sodepallapalma\\\/\"],\"description\":\"Sociedad de Promoci\u00f3n y Desarrollo econ\u00f3mico y Social de La Palma, empresa p\u00fablica dependiente del Cabildo de La Palma\",\"email\":\"info@sodepal.es\",\"telephone\":\"922417323\",\"legalName\":\"Sociedad de Promoci\u00f3n y Desarrollo Econ\u00f3mico de la isla de La Palma S.A.U.\"},{\"@type\":\"Person\",\"@id\":\"https:\\\/\\\/sodepal.es\\\/#\\\/schema\\\/person\\\/43b1d623bde0c4ec4efd5656ef0958b2\",\"name\":\"gerencia\",\"image\":{\"@type\":\"ImageObject\",\"inLanguage\":\"en-GB\",\"@id\":\"https:\\\/\\\/secure.gravatar.com\\\/avatar\\\/2aa1ba3e33e6721e413a7499ea7cab2e4414b99cea1516e7404245c8da655d86?s=96&d=mm&r=g\",\"url\":\"https:\\\/\\\/secure.gravatar.com\\\/avatar\\\/2aa1ba3e33e6721e413a7499ea7cab2e4414b99cea1516e7404245c8da655d86?s=96&d=mm&r=g\",\"contentUrl\":\"https:\\\/\\\/secure.gravatar.com\\\/avatar\\\/2aa1ba3e33e6721e413a7499ea7cab2e4414b99cea1516e7404245c8da655d86?s=96&d=mm&r=g\",\"caption\":\"gerencia\"}}]}<\/script>\n<!-- \/ Yoast SEO Premium plugin. -->","yoast_head_json":{"title":"Carla Antonelli: \u201cCuando vamos a decidir cu\u00e1l es nuestra vida, hemos perdido muchos a\u00f1os\u201d - Sociedad de Promoci\u00f3n y Desarrollo Econ\u00f3mico y Social de La Palma - SODEPAL","description":"Toda la actualidad de los proyectos y eventos desarrollados por SODEPAL","robots":{"index":"index","follow":"follow","max-snippet":"max-snippet:-1","max-image-preview":"max-image-preview:large","max-video-preview":"max-video-preview:-1"},"canonical":"https:\/\/sodepal.es\/en\/carla-antonelli-cuando-vamos-a-decidir-cual-es-nuestra-vida-hemos-perdido-muchos-anos\/","og_locale":"en_GB","og_type":"article","og_title":"Carla Antonelli: \u201cCuando vamos a decidir cu\u00e1l es nuestra vida, hemos perdido muchos a\u00f1os\u201d","og_description":"Toda la actualidad de los proyectos y eventos desarrollados por SODEPAL","og_url":"https:\/\/sodepal.es\/en\/carla-antonelli-cuando-vamos-a-decidir-cual-es-nuestra-vida-hemos-perdido-muchos-anos\/","og_site_name":"Sociedad de Promoci\u00f3n y Desarrollo Econ\u00f3mico y Social de La Palma - SODEPAL","article_publisher":"https:\/\/www.facebook.com\/sodepal","article_published_time":"2024-07-24T15:10:41+00:00","article_modified_time":"2024-07-24T15:12:53+00:00","og_image":[{"width":999,"height":635,"url":"https:\/\/sodepal.es\/wp-content\/uploads\/2024\/07\/Carla_Antonelli.jpg","type":"image\/jpeg"}],"author":"gerencia","twitter_card":"summary_large_image","schema":{"@context":"https:\/\/schema.org","@graph":[{"@type":"Article","@id":"https:\/\/sodepal.es\/carla-antonelli-cuando-vamos-a-decidir-cual-es-nuestra-vida-hemos-perdido-muchos-anos\/#article","isPartOf":{"@id":"https:\/\/sodepal.es\/carla-antonelli-cuando-vamos-a-decidir-cual-es-nuestra-vida-hemos-perdido-muchos-anos\/"},"author":{"name":"gerencia","@id":"https:\/\/sodepal.es\/#\/schema\/person\/43b1d623bde0c4ec4efd5656ef0958b2"},"headline":"Carla Antonelli: \u201cCuando vamos a decidir cu\u00e1l es nuestra vida, hemos perdido muchos a\u00f1os\u201d","datePublished":"2024-07-24T15:10:41+00:00","dateModified":"2024-07-24T15:12:53+00:00","mainEntityOfPage":{"@id":"https:\/\/sodepal.es\/carla-antonelli-cuando-vamos-a-decidir-cual-es-nuestra-vida-hemos-perdido-muchos-anos\/"},"wordCount":560,"commentCount":0,"publisher":{"@id":"https:\/\/sodepal.es\/#organization"},"image":{"@id":"https:\/\/sodepal.es\/carla-antonelli-cuando-vamos-a-decidir-cual-es-nuestra-vida-hemos-perdido-muchos-anos\/#primaryimage"},"thumbnailUrl":"https:\/\/sodepal.es\/wp-content\/uploads\/2024\/07\/Carla_Antonelli.jpg","articleSection":["Noticias"],"inLanguage":"en-GB","potentialAction":[{"@type":"CommentAction","name":"Comment","target":["https:\/\/sodepal.es\/carla-antonelli-cuando-vamos-a-decidir-cual-es-nuestra-vida-hemos-perdido-muchos-anos\/#respond"]}]},{"@type":"WebPage","@id":"https:\/\/sodepal.es\/carla-antonelli-cuando-vamos-a-decidir-cual-es-nuestra-vida-hemos-perdido-muchos-anos\/","url":"https:\/\/sodepal.es\/carla-antonelli-cuando-vamos-a-decidir-cual-es-nuestra-vida-hemos-perdido-muchos-anos\/","name":"Carla Antonelli: \u201cCuando vamos a decidir cu\u00e1l es nuestra vida, hemos perdido muchos a\u00f1os\u201d - Sociedad de Promoci\u00f3n y Desarrollo Econ\u00f3mico y Social de La Palma - SODEPAL","isPartOf":{"@id":"https:\/\/sodepal.es\/#website"},"primaryImageOfPage":{"@id":"https:\/\/sodepal.es\/carla-antonelli-cuando-vamos-a-decidir-cual-es-nuestra-vida-hemos-perdido-muchos-anos\/#primaryimage"},"image":{"@id":"https:\/\/sodepal.es\/carla-antonelli-cuando-vamos-a-decidir-cual-es-nuestra-vida-hemos-perdido-muchos-anos\/#primaryimage"},"thumbnailUrl":"https:\/\/sodepal.es\/wp-content\/uploads\/2024\/07\/Carla_Antonelli.jpg","datePublished":"2024-07-24T15:10:41+00:00","dateModified":"2024-07-24T15:12:53+00:00","description":"Toda la actualidad de los proyectos y eventos desarrollados por SODEPAL","breadcrumb":{"@id":"https:\/\/sodepal.es\/carla-antonelli-cuando-vamos-a-decidir-cual-es-nuestra-vida-hemos-perdido-muchos-anos\/#breadcrumb"},"inLanguage":"en-GB","potentialAction":[{"@type":"ReadAction","target":["https:\/\/sodepal.es\/carla-antonelli-cuando-vamos-a-decidir-cual-es-nuestra-vida-hemos-perdido-muchos-anos\/"]}]},{"@type":"ImageObject","inLanguage":"en-GB","@id":"https:\/\/sodepal.es\/carla-antonelli-cuando-vamos-a-decidir-cual-es-nuestra-vida-hemos-perdido-muchos-anos\/#primaryimage","url":"https:\/\/sodepal.es\/wp-content\/uploads\/2024\/07\/Carla_Antonelli.jpg","contentUrl":"https:\/\/sodepal.es\/wp-content\/uploads\/2024\/07\/Carla_Antonelli.jpg","width":999,"height":635},{"@type":"BreadcrumbList","@id":"https:\/\/sodepal.es\/carla-antonelli-cuando-vamos-a-decidir-cual-es-nuestra-vida-hemos-perdido-muchos-anos\/#breadcrumb","itemListElement":[{"@type":"ListItem","position":1,"name":"Inicio","item":"https:\/\/sodepal.es\/"},{"@type":"ListItem","position":2,"name":"Carla Antonelli: \u201cCuando vamos a decidir cu\u00e1l es nuestra vida, hemos perdido muchos a\u00f1os\u201d"}]},{"@type":"WebSite","@id":"https:\/\/sodepal.es\/#website","url":"https:\/\/sodepal.es\/","name":"Sodepal","description":"SODEPAL es una empresa p\u00fablica dependiente del Cabildo de La Palma. Promoci\u00f3n, Fomento y Desarrollo para la isla de La Palma","publisher":{"@id":"https:\/\/sodepal.es\/#organization"},"alternateName":"Sociedad de Promoci\u00f3n y Desarrollo Econ\u00f3mico y Social de La Palma","potentialAction":[{"@type":"SearchAction","target":{"@type":"EntryPoint","urlTemplate":"https:\/\/sodepal.es\/?s={search_term_string}"},"query-input":{"@type":"PropertyValueSpecification","valueRequired":true,"valueName":"search_term_string"}}],"inLanguage":"en-GB"},{"@type":"Organization","@id":"https:\/\/sodepal.es\/#organization","name":"Sociedad de Promoci\u00f3n y Desarrollo Econ\u00f3mico y Social de La Palma","alternateName":"Sodepal","url":"https:\/\/sodepal.es\/","logo":{"@type":"ImageObject","inLanguage":"en-GB","@id":"https:\/\/sodepal.es\/#\/schema\/logo\/image\/","url":"https:\/\/sodepal.es\/wp-content\/uploads\/2022\/09\/logo_web.png","contentUrl":"https:\/\/sodepal.es\/wp-content\/uploads\/2022\/09\/logo_web.png","width":658,"height":156,"caption":"Sociedad de Promoci\u00f3n y Desarrollo Econ\u00f3mico y Social de La Palma"},"image":{"@id":"https:\/\/sodepal.es\/#\/schema\/logo\/image\/"},"sameAs":["https:\/\/www.facebook.com\/sodepal","https:\/\/www.instagram.com\/sodepallapalma\/"],"description":"Sociedad de Promoci\u00f3n y Desarrollo econ\u00f3mico y Social de La Palma, empresa p\u00fablica dependiente del Cabildo de La Palma","email":"info@sodepal.es","telephone":"922417323","legalName":"Sociedad de Promoci\u00f3n y Desarrollo Econ\u00f3mico de la isla de La Palma S.A.U."},{"@type":"Person","@id":"https:\/\/sodepal.es\/#\/schema\/person\/43b1d623bde0c4ec4efd5656ef0958b2","name":"gerencia","image":{"@type":"ImageObject","inLanguage":"en-GB","@id":"https:\/\/secure.gravatar.com\/avatar\/2aa1ba3e33e6721e413a7499ea7cab2e4414b99cea1516e7404245c8da655d86?s=96&d=mm&r=g","url":"https:\/\/secure.gravatar.com\/avatar\/2aa1ba3e33e6721e413a7499ea7cab2e4414b99cea1516e7404245c8da655d86?s=96&d=mm&r=g","contentUrl":"https:\/\/secure.gravatar.com\/avatar\/2aa1ba3e33e6721e413a7499ea7cab2e4414b99cea1516e7404245c8da655d86?s=96&d=mm&r=g","caption":"gerencia"}}]}},"_links":{"self":[{"href":"https:\/\/sodepal.es\/en\/wp-json\/wp\/v2\/posts\/17254","targetHints":{"allow":["GET"]}}],"collection":[{"href":"https:\/\/sodepal.es\/en\/wp-json\/wp\/v2\/posts"}],"about":[{"href":"https:\/\/sodepal.es\/en\/wp-json\/wp\/v2\/types\/post"}],"author":[{"embeddable":true,"href":"https:\/\/sodepal.es\/en\/wp-json\/wp\/v2\/users\/1"}],"replies":[{"embeddable":true,"href":"https:\/\/sodepal.es\/en\/wp-json\/wp\/v2\/comments?post=17254"}],"version-history":[{"count":0,"href":"https:\/\/sodepal.es\/en\/wp-json\/wp\/v2\/posts\/17254\/revisions"}],"wp:featuredmedia":[{"embeddable":true,"href":"https:\/\/sodepal.es\/en\/wp-json\/wp\/v2\/media\/17256"}],"wp:attachment":[{"href":"https:\/\/sodepal.es\/en\/wp-json\/wp\/v2\/media?parent=17254"}],"wp:term":[{"taxonomy":"category","embeddable":true,"href":"https:\/\/sodepal.es\/en\/wp-json\/wp\/v2\/categories?post=17254"},{"taxonomy":"post_tag","embeddable":true,"href":"https:\/\/sodepal.es\/en\/wp-json\/wp\/v2\/tags?post=17254"}],"curies":[{"name":"wp","href":"https:\/\/api.w.org\/{rel}","templated":true}]}}