{"id":18645,"date":"2024-08-03T17:52:34","date_gmt":"2024-08-03T17:52:34","guid":{"rendered":"https:\/\/sodepal.es\/?p=18645"},"modified":"2024-08-04T17:55:25","modified_gmt":"2024-08-04T17:55:25","slug":"el-cabildo-fomenta-la-profesionalizacion-con-la-realizacion-de-diversos-talleres-sobre-el-sector-cinematografico","status":"publish","type":"post","link":"https:\/\/sodepal.es\/en\/el-cabildo-fomenta-la-profesionalizacion-con-la-realizacion-de-diversos-talleres-sobre-el-sector-cinematografico\/","title":{"rendered":"The Cabildo promotes professionalisation with various workshops on the film sector"},"content":{"rendered":"<div data-elementor-type=\"wp-post\" data-elementor-id=\"18645\" class=\"elementor elementor-18645\" data-elementor-post-type=\"post\">\n\t\t\t\t\t\t<section class=\"elementor-section elementor-top-section elementor-element elementor-element-2e30694 elementor-section-boxed elementor-section-height-default elementor-section-height-default\" data-id=\"2e30694\" data-element_type=\"section\" data-e-type=\"section\">\n\t\t\t\t\t\t<div class=\"elementor-container elementor-column-gap-default\">\n\t\t\t\t\t<div class=\"elementor-column elementor-col-100 elementor-top-column elementor-element elementor-element-0c475aa\" data-id=\"0c475aa\" data-element_type=\"column\" data-e-type=\"column\">\n\t\t\t<div class=\"elementor-widget-wrap elementor-element-populated\">\n\t\t\t\t\t\t<div class=\"elementor-element elementor-element-90b12f1 elementor-widget elementor-widget-text-editor\" data-id=\"90b12f1\" data-element_type=\"widget\" data-e-type=\"widget\" data-widget_type=\"text-editor.default\">\n\t\t\t\t<div class=\"elementor-widget-container\">\n\t\t\t\t\t\t\t\t\t<div class=\"field field--name-field-noticias-entradilla field--type-text-long field--label-hidden field--item\"><div class=\"field field--name-field-noticias-entradilla field--type-text-long field--label-hidden field--item\"><div class=\"field field--name-field-noticias-entradilla field--type-text-long field--label-hidden field--item\"><p>The Cabildo de La Palma, through the La Palma Film Commission programme of Sodepal, is carrying out different workshops with the aim of promoting professionalisation on the island within the film sector.<\/p><p>These actions have the presence of referents in this art, as is the case of Patricia Font, screenwriter and director, winner of a Goya in 2015 for best short film for 'Un caf\u00e9 para llevar', as well as having been nominated five times for the Goya Awards for 'El Maestro que prometi\u00f3 el Mar'. Nearly a hundred people gathered at the Teatro Cine Chico to attend the acting workshop held by the screenwriter.<\/p><p>President Sergio Rodr\u00edguez stresses the outstanding potential of La Palma to host productions of this kind. \"Promoting the image of La Palma in the audiovisual field is an important source of income, as well as benefiting the creation of jobs\", adds Rodr\u00edguez.<\/p><p>Miriam Perestelo, Councillor for Economic Promotion and head of Sodepal, explained the opportunity that La Palma has to become a national reference point for the recording of film projects due to the \"natural and unique landscapes\" that La Palma boasts.<\/p><p>The training activities have a significant practical component, in order to bring this training as close as possible to real cases that students may encounter in the different departments of audiovisual production.<\/p><p>\u00a0<\/p><p>Other workshops that will be held in the coming weeks are the location scouting and location manager workshop, which is scheduled from 29 July to 2 August. Yanira de Armas, a professional who has worked as a location manager on films such as 'Wonder Woman' and 'Jason Bourne', will be in charge of giving this lesson. Registrations can be accessed through the official website of the La Palma Film Commission:<a href=\"https:\/\/lapalmafilmcommission.com\/formacion\/\" target=\"_blank\" rel=\"noopener\">\u00a0https:\/\/lapalmafilmcommission.com\/formacion\/<\/a>.<\/p><p>There will also be room for a Film Script Writing workshop, which will be given by the director and scriptwriter Mercedes Afonso, and will take place from the 19th to the 23rd of August. Other possibilities include participation in workshops on wardrobe for film, television and advertising.<\/p><p>For those interested in specific sectors such as aesthetics, courses in characterisation make-up and silicone prostheses are also available.<\/p><p>Another great opportunity for the public will be to attend the workshop on sustainable productions, which will be given by Mrs. Greenfilm, who have experience with large platforms such as Netflix in terms of services for filming in this area.<\/p><p>It should be noted that these lessons have the collaboration of entities such as the Instituto de Formaci\u00f3n e Investigaci\u00f3n Cinematogr\u00e1fica, the Cl\u00faster Audiovisual de Canarias, the association Another Way and the Escuela de Arte Manolo Blahnik.<\/p><\/div><\/div><\/div>\t\t\t\t\t\t\t\t<\/div>\n\t\t\t\t<\/div>\n\t\t\t\t<div class=\"elementor-element elementor-element-689998d elementor-widget elementor-widget-eael-creative-button\" data-id=\"689998d\" data-element_type=\"widget\" data-e-type=\"widget\" data-widget_type=\"eael-creative-button.default\">\n\t\t\t\t<div class=\"elementor-widget-container\">\n\t\t\t\t\t        <div class=\"eael-creative-button-wrapper\">\n\n            <a class=\"eael-creative-button eael-creative-button--ujarak eael-cb-icon-position-left\" href=\"https:\/\/www.avaibooksports.com\/inscripcion\/astroaventura-la-palma\/\" target=\"_blank\" data-text=\"\">\n            \t    \n                <div class=\"creative-button-inner\">\n\n                                            <span class=\"eael-creative-button-icon-left\"><i aria-hidden=\"true\" class=\"fas fa-pen\"><\/i><\/span>                    \n                    <span class=\"cretive-button-text\">Further information<\/span>\n\n                                    <\/div>\n\t                        <\/a>\n        <\/div>\n        \t\t\t\t<\/div>\n\t\t\t\t<\/div>\n\t\t\t\t\t<\/div>\n\t\t<\/div>\n\t\t\t\t\t<\/div>\n\t\t<\/section>\n\t\t\t\t<\/div>","protected":false},"excerpt":{"rendered":"<p>The Cabildo de La Palma, through Sodepal's La Palma Film Commission programme, is carrying out different workshops with the aim of promoting the professionalisation of the island's film industry. These actions are attended by leading figures in this art form, such as Patricia Font, who has been working on the ... <a title=\"The Cabildo promotes professionalisation with various workshops on the film sector\" class=\"read-more\" href=\"https:\/\/sodepal.es\/en\/el-cabildo-fomenta-la-profesionalizacion-con-la-realizacion-de-diversos-talleres-sobre-el-sector-cinematografico\/\" aria-label=\"Read more about El Cabildo fomenta la profesionalizaci\u00f3n con la realizaci\u00f3n de diversos talleres sobre el sector cinematogr\u00e1fico\">Read more<\/a><\/p>","protected":false},"author":1,"featured_media":18647,"comment_status":"open","ping_status":"open","sticky":false,"template":"","format":"standard","meta":{"_acf_changed":false,"footnotes":""},"categories":[19],"tags":[],"class_list":["post-18645","post","type-post","status-publish","format-standard","has-post-thumbnail","hentry","category-noticias"],"acf":[],"yoast_head":"<!-- This site is optimized with the Yoast SEO Premium plugin v22.0 (Yoast SEO v27.5) - https:\/\/yoast.com\/product\/yoast-seo-premium-wordpress\/ -->\n<title>El Cabildo fomenta la profesionalizaci\u00f3n con la realizaci\u00f3n de diversos talleres sobre el sector cinematogr\u00e1fico - Sociedad de Promoci\u00f3n y Desarrollo Econ\u00f3mico y Social de La Palma - SODEPAL<\/title>\n<meta name=\"description\" content=\"Toda la actualidad de los proyectos y eventos desarrollados por SODEPAL\" \/>\n<meta name=\"robots\" content=\"index, follow, max-snippet:-1, max-image-preview:large, max-video-preview:-1\" \/>\n<link rel=\"canonical\" href=\"https:\/\/sodepal.es\/en\/el-cabildo-fomenta-la-profesionalizacion-con-la-realizacion-de-diversos-talleres-sobre-el-sector-cinematografico\/\" \/>\n<meta property=\"og:locale\" content=\"en_GB\" \/>\n<meta property=\"og:type\" content=\"article\" \/>\n<meta property=\"og:title\" content=\"El Cabildo fomenta la profesionalizaci\u00f3n con la realizaci\u00f3n de diversos talleres sobre el sector cinematogr\u00e1fico\" \/>\n<meta property=\"og:description\" content=\"Toda la actualidad de los proyectos y eventos desarrollados por SODEPAL\" \/>\n<meta property=\"og:url\" content=\"https:\/\/sodepal.es\/en\/el-cabildo-fomenta-la-profesionalizacion-con-la-realizacion-de-diversos-talleres-sobre-el-sector-cinematografico\/\" \/>\n<meta property=\"og:site_name\" content=\"Sociedad de Promoci\u00f3n y Desarrollo Econ\u00f3mico y Social de La Palma - SODEPAL\" \/>\n<meta property=\"article:publisher\" content=\"https:\/\/www.facebook.com\/sodepal\" \/>\n<meta property=\"article:published_time\" content=\"2024-08-03T17:52:34+00:00\" \/>\n<meta property=\"article:modified_time\" content=\"2024-08-04T17:55:25+00:00\" \/>\n<meta property=\"og:image\" content=\"https:\/\/sodepal.es\/wp-content\/uploads\/2024\/08\/forma_film.jpg\" \/>\n\t<meta property=\"og:image:width\" content=\"1200\" \/>\n\t<meta property=\"og:image:height\" content=\"1200\" \/>\n\t<meta property=\"og:image:type\" content=\"image\/jpeg\" \/>\n<meta name=\"author\" content=\"gerencia\" \/>\n<meta name=\"twitter:card\" content=\"summary_large_image\" \/>\n<script type=\"application\/ld+json\" class=\"yoast-schema-graph\">{\"@context\":\"https:\\\/\\\/schema.org\",\"@graph\":[{\"@type\":\"Article\",\"@id\":\"https:\\\/\\\/sodepal.es\\\/el-cabildo-fomenta-la-profesionalizacion-con-la-realizacion-de-diversos-talleres-sobre-el-sector-cinematografico\\\/#article\",\"isPartOf\":{\"@id\":\"https:\\\/\\\/sodepal.es\\\/el-cabildo-fomenta-la-profesionalizacion-con-la-realizacion-de-diversos-talleres-sobre-el-sector-cinematografico\\\/\"},\"author\":{\"name\":\"gerencia\",\"@id\":\"https:\\\/\\\/sodepal.es\\\/#\\\/schema\\\/person\\\/43b1d623bde0c4ec4efd5656ef0958b2\"},\"headline\":\"El Cabildo fomenta la profesionalizaci\u00f3n con la realizaci\u00f3n de diversos talleres sobre el sector cinematogr\u00e1fico\",\"datePublished\":\"2024-08-03T17:52:34+00:00\",\"dateModified\":\"2024-08-04T17:55:25+00:00\",\"mainEntityOfPage\":{\"@id\":\"https:\\\/\\\/sodepal.es\\\/el-cabildo-fomenta-la-profesionalizacion-con-la-realizacion-de-diversos-talleres-sobre-el-sector-cinematografico\\\/\"},\"wordCount\":524,\"commentCount\":0,\"publisher\":{\"@id\":\"https:\\\/\\\/sodepal.es\\\/#organization\"},\"image\":{\"@id\":\"https:\\\/\\\/sodepal.es\\\/el-cabildo-fomenta-la-profesionalizacion-con-la-realizacion-de-diversos-talleres-sobre-el-sector-cinematografico\\\/#primaryimage\"},\"thumbnailUrl\":\"https:\\\/\\\/sodepal.es\\\/wp-content\\\/uploads\\\/2024\\\/08\\\/forma_film.jpg\",\"articleSection\":[\"Noticias\"],\"inLanguage\":\"en-GB\",\"potentialAction\":[{\"@type\":\"CommentAction\",\"name\":\"Comment\",\"target\":[\"https:\\\/\\\/sodepal.es\\\/el-cabildo-fomenta-la-profesionalizacion-con-la-realizacion-de-diversos-talleres-sobre-el-sector-cinematografico\\\/#respond\"]}]},{\"@type\":\"WebPage\",\"@id\":\"https:\\\/\\\/sodepal.es\\\/el-cabildo-fomenta-la-profesionalizacion-con-la-realizacion-de-diversos-talleres-sobre-el-sector-cinematografico\\\/\",\"url\":\"https:\\\/\\\/sodepal.es\\\/el-cabildo-fomenta-la-profesionalizacion-con-la-realizacion-de-diversos-talleres-sobre-el-sector-cinematografico\\\/\",\"name\":\"El Cabildo fomenta la profesionalizaci\u00f3n con la realizaci\u00f3n de diversos talleres sobre el sector cinematogr\u00e1fico - Sociedad de Promoci\u00f3n y Desarrollo Econ\u00f3mico y Social de La Palma - SODEPAL\",\"isPartOf\":{\"@id\":\"https:\\\/\\\/sodepal.es\\\/#website\"},\"primaryImageOfPage\":{\"@id\":\"https:\\\/\\\/sodepal.es\\\/el-cabildo-fomenta-la-profesionalizacion-con-la-realizacion-de-diversos-talleres-sobre-el-sector-cinematografico\\\/#primaryimage\"},\"image\":{\"@id\":\"https:\\\/\\\/sodepal.es\\\/el-cabildo-fomenta-la-profesionalizacion-con-la-realizacion-de-diversos-talleres-sobre-el-sector-cinematografico\\\/#primaryimage\"},\"thumbnailUrl\":\"https:\\\/\\\/sodepal.es\\\/wp-content\\\/uploads\\\/2024\\\/08\\\/forma_film.jpg\",\"datePublished\":\"2024-08-03T17:52:34+00:00\",\"dateModified\":\"2024-08-04T17:55:25+00:00\",\"description\":\"Toda la actualidad de los proyectos y eventos desarrollados por SODEPAL\",\"breadcrumb\":{\"@id\":\"https:\\\/\\\/sodepal.es\\\/el-cabildo-fomenta-la-profesionalizacion-con-la-realizacion-de-diversos-talleres-sobre-el-sector-cinematografico\\\/#breadcrumb\"},\"inLanguage\":\"en-GB\",\"potentialAction\":[{\"@type\":\"ReadAction\",\"target\":[\"https:\\\/\\\/sodepal.es\\\/el-cabildo-fomenta-la-profesionalizacion-con-la-realizacion-de-diversos-talleres-sobre-el-sector-cinematografico\\\/\"]}]},{\"@type\":\"ImageObject\",\"inLanguage\":\"en-GB\",\"@id\":\"https:\\\/\\\/sodepal.es\\\/el-cabildo-fomenta-la-profesionalizacion-con-la-realizacion-de-diversos-talleres-sobre-el-sector-cinematografico\\\/#primaryimage\",\"url\":\"https:\\\/\\\/sodepal.es\\\/wp-content\\\/uploads\\\/2024\\\/08\\\/forma_film.jpg\",\"contentUrl\":\"https:\\\/\\\/sodepal.es\\\/wp-content\\\/uploads\\\/2024\\\/08\\\/forma_film.jpg\",\"width\":1200,\"height\":1200},{\"@type\":\"BreadcrumbList\",\"@id\":\"https:\\\/\\\/sodepal.es\\\/el-cabildo-fomenta-la-profesionalizacion-con-la-realizacion-de-diversos-talleres-sobre-el-sector-cinematografico\\\/#breadcrumb\",\"itemListElement\":[{\"@type\":\"ListItem\",\"position\":1,\"name\":\"Inicio\",\"item\":\"https:\\\/\\\/sodepal.es\\\/\"},{\"@type\":\"ListItem\",\"position\":2,\"name\":\"El Cabildo fomenta la profesionalizaci\u00f3n con la realizaci\u00f3n de diversos talleres sobre el sector cinematogr\u00e1fico\"}]},{\"@type\":\"WebSite\",\"@id\":\"https:\\\/\\\/sodepal.es\\\/#website\",\"url\":\"https:\\\/\\\/sodepal.es\\\/\",\"name\":\"Sodepal\",\"description\":\"SODEPAL es una empresa p\u00fablica dependiente del Cabildo de La Palma. Promoci\u00f3n, Fomento y Desarrollo para la isla de La Palma\",\"publisher\":{\"@id\":\"https:\\\/\\\/sodepal.es\\\/#organization\"},\"alternateName\":\"Sociedad de Promoci\u00f3n y Desarrollo Econ\u00f3mico y Social de La Palma\",\"potentialAction\":[{\"@type\":\"SearchAction\",\"target\":{\"@type\":\"EntryPoint\",\"urlTemplate\":\"https:\\\/\\\/sodepal.es\\\/?s={search_term_string}\"},\"query-input\":{\"@type\":\"PropertyValueSpecification\",\"valueRequired\":true,\"valueName\":\"search_term_string\"}}],\"inLanguage\":\"en-GB\"},{\"@type\":\"Organization\",\"@id\":\"https:\\\/\\\/sodepal.es\\\/#organization\",\"name\":\"Sociedad de Promoci\u00f3n y Desarrollo Econ\u00f3mico y Social de La Palma\",\"alternateName\":\"Sodepal\",\"url\":\"https:\\\/\\\/sodepal.es\\\/\",\"logo\":{\"@type\":\"ImageObject\",\"inLanguage\":\"en-GB\",\"@id\":\"https:\\\/\\\/sodepal.es\\\/#\\\/schema\\\/logo\\\/image\\\/\",\"url\":\"https:\\\/\\\/sodepal.es\\\/wp-content\\\/uploads\\\/2022\\\/09\\\/logo_web.png\",\"contentUrl\":\"https:\\\/\\\/sodepal.es\\\/wp-content\\\/uploads\\\/2022\\\/09\\\/logo_web.png\",\"width\":658,\"height\":156,\"caption\":\"Sociedad de Promoci\u00f3n y Desarrollo Econ\u00f3mico y Social de La Palma\"},\"image\":{\"@id\":\"https:\\\/\\\/sodepal.es\\\/#\\\/schema\\\/logo\\\/image\\\/\"},\"sameAs\":[\"https:\\\/\\\/www.facebook.com\\\/sodepal\",\"https:\\\/\\\/www.instagram.com\\\/sodepallapalma\\\/\"],\"description\":\"Sociedad de Promoci\u00f3n y Desarrollo econ\u00f3mico y Social de La Palma, empresa p\u00fablica dependiente del Cabildo de La Palma\",\"email\":\"info@sodepal.es\",\"telephone\":\"922417323\",\"legalName\":\"Sociedad de Promoci\u00f3n y Desarrollo Econ\u00f3mico de la isla de La Palma S.A.U.\"},{\"@type\":\"Person\",\"@id\":\"https:\\\/\\\/sodepal.es\\\/#\\\/schema\\\/person\\\/43b1d623bde0c4ec4efd5656ef0958b2\",\"name\":\"gerencia\",\"image\":{\"@type\":\"ImageObject\",\"inLanguage\":\"en-GB\",\"@id\":\"https:\\\/\\\/secure.gravatar.com\\\/avatar\\\/2aa1ba3e33e6721e413a7499ea7cab2e4414b99cea1516e7404245c8da655d86?s=96&d=mm&r=g\",\"url\":\"https:\\\/\\\/secure.gravatar.com\\\/avatar\\\/2aa1ba3e33e6721e413a7499ea7cab2e4414b99cea1516e7404245c8da655d86?s=96&d=mm&r=g\",\"contentUrl\":\"https:\\\/\\\/secure.gravatar.com\\\/avatar\\\/2aa1ba3e33e6721e413a7499ea7cab2e4414b99cea1516e7404245c8da655d86?s=96&d=mm&r=g\",\"caption\":\"gerencia\"}}]}<\/script>\n<!-- \/ Yoast SEO Premium plugin. -->","yoast_head_json":{"title":"El Cabildo fomenta la profesionalizaci\u00f3n con la realizaci\u00f3n de diversos talleres sobre el sector cinematogr\u00e1fico - Sociedad de Promoci\u00f3n y Desarrollo Econ\u00f3mico y Social de La Palma - SODEPAL","description":"Toda la actualidad de los proyectos y eventos desarrollados por SODEPAL","robots":{"index":"index","follow":"follow","max-snippet":"max-snippet:-1","max-image-preview":"max-image-preview:large","max-video-preview":"max-video-preview:-1"},"canonical":"https:\/\/sodepal.es\/en\/el-cabildo-fomenta-la-profesionalizacion-con-la-realizacion-de-diversos-talleres-sobre-el-sector-cinematografico\/","og_locale":"en_GB","og_type":"article","og_title":"El Cabildo fomenta la profesionalizaci\u00f3n con la realizaci\u00f3n de diversos talleres sobre el sector cinematogr\u00e1fico","og_description":"Toda la actualidad de los proyectos y eventos desarrollados por SODEPAL","og_url":"https:\/\/sodepal.es\/en\/el-cabildo-fomenta-la-profesionalizacion-con-la-realizacion-de-diversos-talleres-sobre-el-sector-cinematografico\/","og_site_name":"Sociedad de Promoci\u00f3n y Desarrollo Econ\u00f3mico y Social de La Palma - SODEPAL","article_publisher":"https:\/\/www.facebook.com\/sodepal","article_published_time":"2024-08-03T17:52:34+00:00","article_modified_time":"2024-08-04T17:55:25+00:00","og_image":[{"width":1200,"height":1200,"url":"https:\/\/sodepal.es\/wp-content\/uploads\/2024\/08\/forma_film.jpg","type":"image\/jpeg"}],"author":"gerencia","twitter_card":"summary_large_image","schema":{"@context":"https:\/\/schema.org","@graph":[{"@type":"Article","@id":"https:\/\/sodepal.es\/el-cabildo-fomenta-la-profesionalizacion-con-la-realizacion-de-diversos-talleres-sobre-el-sector-cinematografico\/#article","isPartOf":{"@id":"https:\/\/sodepal.es\/el-cabildo-fomenta-la-profesionalizacion-con-la-realizacion-de-diversos-talleres-sobre-el-sector-cinematografico\/"},"author":{"name":"gerencia","@id":"https:\/\/sodepal.es\/#\/schema\/person\/43b1d623bde0c4ec4efd5656ef0958b2"},"headline":"El Cabildo fomenta la profesionalizaci\u00f3n con la realizaci\u00f3n de diversos talleres sobre el sector cinematogr\u00e1fico","datePublished":"2024-08-03T17:52:34+00:00","dateModified":"2024-08-04T17:55:25+00:00","mainEntityOfPage":{"@id":"https:\/\/sodepal.es\/el-cabildo-fomenta-la-profesionalizacion-con-la-realizacion-de-diversos-talleres-sobre-el-sector-cinematografico\/"},"wordCount":524,"commentCount":0,"publisher":{"@id":"https:\/\/sodepal.es\/#organization"},"image":{"@id":"https:\/\/sodepal.es\/el-cabildo-fomenta-la-profesionalizacion-con-la-realizacion-de-diversos-talleres-sobre-el-sector-cinematografico\/#primaryimage"},"thumbnailUrl":"https:\/\/sodepal.es\/wp-content\/uploads\/2024\/08\/forma_film.jpg","articleSection":["Noticias"],"inLanguage":"en-GB","potentialAction":[{"@type":"CommentAction","name":"Comment","target":["https:\/\/sodepal.es\/el-cabildo-fomenta-la-profesionalizacion-con-la-realizacion-de-diversos-talleres-sobre-el-sector-cinematografico\/#respond"]}]},{"@type":"WebPage","@id":"https:\/\/sodepal.es\/el-cabildo-fomenta-la-profesionalizacion-con-la-realizacion-de-diversos-talleres-sobre-el-sector-cinematografico\/","url":"https:\/\/sodepal.es\/el-cabildo-fomenta-la-profesionalizacion-con-la-realizacion-de-diversos-talleres-sobre-el-sector-cinematografico\/","name":"El Cabildo fomenta la profesionalizaci\u00f3n con la realizaci\u00f3n de diversos talleres sobre el sector cinematogr\u00e1fico - Sociedad de Promoci\u00f3n y Desarrollo Econ\u00f3mico y Social de La Palma - SODEPAL","isPartOf":{"@id":"https:\/\/sodepal.es\/#website"},"primaryImageOfPage":{"@id":"https:\/\/sodepal.es\/el-cabildo-fomenta-la-profesionalizacion-con-la-realizacion-de-diversos-talleres-sobre-el-sector-cinematografico\/#primaryimage"},"image":{"@id":"https:\/\/sodepal.es\/el-cabildo-fomenta-la-profesionalizacion-con-la-realizacion-de-diversos-talleres-sobre-el-sector-cinematografico\/#primaryimage"},"thumbnailUrl":"https:\/\/sodepal.es\/wp-content\/uploads\/2024\/08\/forma_film.jpg","datePublished":"2024-08-03T17:52:34+00:00","dateModified":"2024-08-04T17:55:25+00:00","description":"Toda la actualidad de los proyectos y eventos desarrollados por SODEPAL","breadcrumb":{"@id":"https:\/\/sodepal.es\/el-cabildo-fomenta-la-profesionalizacion-con-la-realizacion-de-diversos-talleres-sobre-el-sector-cinematografico\/#breadcrumb"},"inLanguage":"en-GB","potentialAction":[{"@type":"ReadAction","target":["https:\/\/sodepal.es\/el-cabildo-fomenta-la-profesionalizacion-con-la-realizacion-de-diversos-talleres-sobre-el-sector-cinematografico\/"]}]},{"@type":"ImageObject","inLanguage":"en-GB","@id":"https:\/\/sodepal.es\/el-cabildo-fomenta-la-profesionalizacion-con-la-realizacion-de-diversos-talleres-sobre-el-sector-cinematografico\/#primaryimage","url":"https:\/\/sodepal.es\/wp-content\/uploads\/2024\/08\/forma_film.jpg","contentUrl":"https:\/\/sodepal.es\/wp-content\/uploads\/2024\/08\/forma_film.jpg","width":1200,"height":1200},{"@type":"BreadcrumbList","@id":"https:\/\/sodepal.es\/el-cabildo-fomenta-la-profesionalizacion-con-la-realizacion-de-diversos-talleres-sobre-el-sector-cinematografico\/#breadcrumb","itemListElement":[{"@type":"ListItem","position":1,"name":"Inicio","item":"https:\/\/sodepal.es\/"},{"@type":"ListItem","position":2,"name":"El Cabildo fomenta la profesionalizaci\u00f3n con la realizaci\u00f3n de diversos talleres sobre el sector cinematogr\u00e1fico"}]},{"@type":"WebSite","@id":"https:\/\/sodepal.es\/#website","url":"https:\/\/sodepal.es\/","name":"Sodepal","description":"SODEPAL es una empresa p\u00fablica dependiente del Cabildo de La Palma. Promoci\u00f3n, Fomento y Desarrollo para la isla de La Palma","publisher":{"@id":"https:\/\/sodepal.es\/#organization"},"alternateName":"Sociedad de Promoci\u00f3n y Desarrollo Econ\u00f3mico y Social de La Palma","potentialAction":[{"@type":"SearchAction","target":{"@type":"EntryPoint","urlTemplate":"https:\/\/sodepal.es\/?s={search_term_string}"},"query-input":{"@type":"PropertyValueSpecification","valueRequired":true,"valueName":"search_term_string"}}],"inLanguage":"en-GB"},{"@type":"Organization","@id":"https:\/\/sodepal.es\/#organization","name":"Sociedad de Promoci\u00f3n y Desarrollo Econ\u00f3mico y Social de La Palma","alternateName":"Sodepal","url":"https:\/\/sodepal.es\/","logo":{"@type":"ImageObject","inLanguage":"en-GB","@id":"https:\/\/sodepal.es\/#\/schema\/logo\/image\/","url":"https:\/\/sodepal.es\/wp-content\/uploads\/2022\/09\/logo_web.png","contentUrl":"https:\/\/sodepal.es\/wp-content\/uploads\/2022\/09\/logo_web.png","width":658,"height":156,"caption":"Sociedad de Promoci\u00f3n y Desarrollo Econ\u00f3mico y Social de La Palma"},"image":{"@id":"https:\/\/sodepal.es\/#\/schema\/logo\/image\/"},"sameAs":["https:\/\/www.facebook.com\/sodepal","https:\/\/www.instagram.com\/sodepallapalma\/"],"description":"Sociedad de Promoci\u00f3n y Desarrollo econ\u00f3mico y Social de La Palma, empresa p\u00fablica dependiente del Cabildo de La Palma","email":"info@sodepal.es","telephone":"922417323","legalName":"Sociedad de Promoci\u00f3n y Desarrollo Econ\u00f3mico de la isla de La Palma S.A.U."},{"@type":"Person","@id":"https:\/\/sodepal.es\/#\/schema\/person\/43b1d623bde0c4ec4efd5656ef0958b2","name":"gerencia","image":{"@type":"ImageObject","inLanguage":"en-GB","@id":"https:\/\/secure.gravatar.com\/avatar\/2aa1ba3e33e6721e413a7499ea7cab2e4414b99cea1516e7404245c8da655d86?s=96&d=mm&r=g","url":"https:\/\/secure.gravatar.com\/avatar\/2aa1ba3e33e6721e413a7499ea7cab2e4414b99cea1516e7404245c8da655d86?s=96&d=mm&r=g","contentUrl":"https:\/\/secure.gravatar.com\/avatar\/2aa1ba3e33e6721e413a7499ea7cab2e4414b99cea1516e7404245c8da655d86?s=96&d=mm&r=g","caption":"gerencia"}}]}},"_links":{"self":[{"href":"https:\/\/sodepal.es\/en\/wp-json\/wp\/v2\/posts\/18645","targetHints":{"allow":["GET"]}}],"collection":[{"href":"https:\/\/sodepal.es\/en\/wp-json\/wp\/v2\/posts"}],"about":[{"href":"https:\/\/sodepal.es\/en\/wp-json\/wp\/v2\/types\/post"}],"author":[{"embeddable":true,"href":"https:\/\/sodepal.es\/en\/wp-json\/wp\/v2\/users\/1"}],"replies":[{"embeddable":true,"href":"https:\/\/sodepal.es\/en\/wp-json\/wp\/v2\/comments?post=18645"}],"version-history":[{"count":0,"href":"https:\/\/sodepal.es\/en\/wp-json\/wp\/v2\/posts\/18645\/revisions"}],"wp:featuredmedia":[{"embeddable":true,"href":"https:\/\/sodepal.es\/en\/wp-json\/wp\/v2\/media\/18647"}],"wp:attachment":[{"href":"https:\/\/sodepal.es\/en\/wp-json\/wp\/v2\/media?parent=18645"}],"wp:term":[{"taxonomy":"category","embeddable":true,"href":"https:\/\/sodepal.es\/en\/wp-json\/wp\/v2\/categories?post=18645"},{"taxonomy":"post_tag","embeddable":true,"href":"https:\/\/sodepal.es\/en\/wp-json\/wp\/v2\/tags?post=18645"}],"curies":[{"name":"wp","href":"https:\/\/api.w.org\/{rel}","templated":true}]}}