{"id":21122,"date":"2024-09-17T21:26:53","date_gmt":"2024-09-17T21:26:53","guid":{"rendered":"https:\/\/sodepal.es\/?p=21122"},"modified":"2024-09-17T21:29:55","modified_gmt":"2024-09-17T21:29:55","slug":"el-astrofest-situa-a-la-palma-como-referente-internacional-del-astroturismo","status":"publish","type":"post","link":"https:\/\/sodepal.es\/en\/el-astrofest-situa-a-la-palma-como-referente-internacional-del-astroturismo\/","title":{"rendered":"The Astrofest places La Palma as an international reference point for astro-tourism"},"content":{"rendered":"<div data-elementor-type=\"wp-post\" data-elementor-id=\"21122\" class=\"elementor elementor-21122\" data-elementor-post-type=\"post\">\n\t\t\t\t\t\t<section class=\"elementor-section elementor-top-section elementor-element elementor-element-2e30694 elementor-section-boxed elementor-section-height-default elementor-section-height-default\" data-id=\"2e30694\" data-element_type=\"section\" data-e-type=\"section\">\n\t\t\t\t\t\t<div class=\"elementor-container elementor-column-gap-default\">\n\t\t\t\t\t<div class=\"elementor-column elementor-col-100 elementor-top-column elementor-element elementor-element-0c475aa\" data-id=\"0c475aa\" data-element_type=\"column\" data-e-type=\"column\">\n\t\t\t<div class=\"elementor-widget-wrap elementor-element-populated\">\n\t\t\t\t\t\t<div class=\"elementor-element elementor-element-90b12f1 elementor-widget elementor-widget-text-editor\" data-id=\"90b12f1\" data-element_type=\"widget\" data-e-type=\"widget\" data-widget_type=\"text-editor.default\">\n\t\t\t\t<div class=\"elementor-widget-container\">\n\t\t\t\t\t\t\t\t\t<div class=\"field field--name-field-noticias-entradilla field--type-text-long field--label-hidden field--item\"><div class=\"field field--name-field-noticias-entradilla field--type-text-long field--label-hidden field--item\"><h4>On Saturday, 21 September, several actions will take place at the San Antonio Volcano Visitor Centre to commemorate the autumnal equinox.<\/h4><\/div><div class=\"field field--name-body field--type-text-with-summary field--label-hidden field--item\"><p>The Cabildo de La Palma, through the public company Sodepal, continues to develop the activities planned for Astrofest 2024, which consolidate the island as a world reference in astro-tourism. Thus, this coming Saturday, 21 September, activities will be held to celebrate the autumn equinox at the San Antonio Volcano Visitor Centre.<\/p><p>The CEO of Sodepal, Miriam Perestelo, highlights the commitment of the Institution of La Palma to the activities carried out in this Astrofest event, which allow it to attract a diverse public. In this case, this Saturday's activities allow \"to intersperse different types of activities that can reach a specific public, such as those linked to prehistory or the use of telescopes, and to cover the widest possible range of ages in participation\".<\/p><p>The activities to be carried out that day will begin at 18:00 hours with solar observation with telescopes and will continue with a talk given by the director of Astronorte, Miguel Calero, at 19:15 hours. At 19:30 there will be a tracking of the sun's shadow on a marker, given by the Sodepal technician, Antonio Gonz\u00e1lez.<\/p><p>The activity will continue with the lecture The sky of the Awara, given by Miguel Mart\u00edn, from Iruere La Palma and this will be followed by the projection of 360\u00ba images of archaeological sites, by Antonio Gonz\u00e1lez. The activity will end with a night-time naked-eye and telescope viewing.<\/p><p>This free activity, aimed at all ages, offers a unique opportunity to enjoy the skies of the island, one of the best destinations in the world for astronomical observation.<\/p><p><strong>Telescope meeting<\/strong><\/p><p>In addition to this activity, the Astrofest La Palma calendar continues in September with a meeting of telescopes, which will take place on Friday, 27 September, in the Casa de la Cultura of Puntallana and its surroundings, from 20:00 to 23:00 hours.<\/p><p>This initiative, which will also be free and for all ages, will begin with a talk on the sky of La Palma and its protection, given by Ana Garc\u00eda, CEO of LaPalmaStars - AstroLaPalma, and will continue with a presentation on what to observe in the sky, given by Sodepal's Astrotourism technician, Antonio Gonz\u00e1lez.<\/p><p>The event will culminate with an astronomical observation session where participants can bring their own telescope or use those provided by the organisation.<\/p><p>For more information on activities and events, please visit the festival's official website:\u00a0<a href=\"https:\/\/astrofestlapalma.es\" target=\"_blank\" rel=\"noopener\">https:\/\/astrofestlapalma.es<\/a>.<\/p><\/div><\/div>\t\t\t\t\t\t\t\t<\/div>\n\t\t\t\t<\/div>\n\t\t\t\t\t<\/div>\n\t\t<\/div>\n\t\t\t\t\t<\/div>\n\t\t<\/section>\n\t\t\t\t<\/div>","protected":false},"excerpt":{"rendered":"<p>On Saturday, 21 September, several activities will take place at the San Antonio Volcano Visitor Centre to commemorate the autumnal equinox. The Cabildo de La Palma, through the public company Sodepal, continues to develop the activities planned for Astrofest 2024, which consolidate the island as a world reference in the field of astrophysical ... <a title=\"The Astrofest places La Palma as an international reference point for astro-tourism\" class=\"read-more\" href=\"https:\/\/sodepal.es\/en\/el-astrofest-situa-a-la-palma-como-referente-internacional-del-astroturismo\/\" aria-label=\"Read more about Astrofest makes La Palma an international benchmark for astro-tourism\">Read more<\/a><\/p>","protected":false},"author":1,"featured_media":21124,"comment_status":"open","ping_status":"open","sticky":false,"template":"","format":"standard","meta":{"_acf_changed":false,"footnotes":""},"categories":[19],"tags":[],"class_list":["post-21122","post","type-post","status-publish","format-standard","has-post-thumbnail","hentry","category-noticias"],"acf":[],"yoast_head":"<!-- This site is optimized with the Yoast SEO Premium plugin v22.0 (Yoast SEO v27.5) - https:\/\/yoast.com\/product\/yoast-seo-premium-wordpress\/ -->\n<title>El Astrofest sit\u00faa a La Palma como referente internacional del astroturismo - Sociedad de Promoci\u00f3n y Desarrollo Econ\u00f3mico y Social de La Palma - SODEPAL<\/title>\n<meta name=\"description\" content=\"Toda la actualidad de los proyectos y eventos desarrollados por SODEPAL\" \/>\n<meta name=\"robots\" content=\"index, follow, max-snippet:-1, max-image-preview:large, max-video-preview:-1\" \/>\n<link rel=\"canonical\" href=\"https:\/\/sodepal.es\/en\/el-astrofest-situa-a-la-palma-como-referente-internacional-del-astroturismo\/\" \/>\n<meta property=\"og:locale\" content=\"en_GB\" \/>\n<meta property=\"og:type\" content=\"article\" \/>\n<meta property=\"og:title\" content=\"El Astrofest sit\u00faa a La Palma como referente internacional del astroturismo\" \/>\n<meta property=\"og:description\" content=\"Toda la actualidad de los proyectos y eventos desarrollados por SODEPAL\" \/>\n<meta property=\"og:url\" content=\"https:\/\/sodepal.es\/en\/el-astrofest-situa-a-la-palma-como-referente-internacional-del-astroturismo\/\" \/>\n<meta property=\"og:site_name\" content=\"Sociedad de Promoci\u00f3n y Desarrollo Econ\u00f3mico y Social de La Palma - SODEPAL\" \/>\n<meta property=\"article:publisher\" content=\"https:\/\/www.facebook.com\/sodepal\" \/>\n<meta property=\"article:published_time\" content=\"2024-09-17T21:26:53+00:00\" \/>\n<meta property=\"article:modified_time\" content=\"2024-09-17T21:29:55+00:00\" \/>\n<meta property=\"og:image\" content=\"https:\/\/sodepal.es\/wp-content\/uploads\/2024\/09\/encuentro_telescopios.jpeg\" \/>\n\t<meta property=\"og:image:width\" content=\"1093\" \/>\n\t<meta property=\"og:image:height\" content=\"1600\" \/>\n\t<meta property=\"og:image:type\" content=\"image\/jpeg\" \/>\n<meta name=\"author\" content=\"gerencia\" \/>\n<meta name=\"twitter:card\" content=\"summary_large_image\" \/>\n<script type=\"application\/ld+json\" class=\"yoast-schema-graph\">{\"@context\":\"https:\\\/\\\/schema.org\",\"@graph\":[{\"@type\":\"Article\",\"@id\":\"https:\\\/\\\/sodepal.es\\\/el-astrofest-situa-a-la-palma-como-referente-internacional-del-astroturismo\\\/#article\",\"isPartOf\":{\"@id\":\"https:\\\/\\\/sodepal.es\\\/el-astrofest-situa-a-la-palma-como-referente-internacional-del-astroturismo\\\/\"},\"author\":{\"name\":\"gerencia\",\"@id\":\"https:\\\/\\\/sodepal.es\\\/#\\\/schema\\\/person\\\/43b1d623bde0c4ec4efd5656ef0958b2\"},\"headline\":\"El Astrofest sit\u00faa a La Palma como referente internacional del astroturismo\",\"datePublished\":\"2024-09-17T21:26:53+00:00\",\"dateModified\":\"2024-09-17T21:29:55+00:00\",\"mainEntityOfPage\":{\"@id\":\"https:\\\/\\\/sodepal.es\\\/el-astrofest-situa-a-la-palma-como-referente-internacional-del-astroturismo\\\/\"},\"wordCount\":491,\"commentCount\":0,\"publisher\":{\"@id\":\"https:\\\/\\\/sodepal.es\\\/#organization\"},\"image\":{\"@id\":\"https:\\\/\\\/sodepal.es\\\/el-astrofest-situa-a-la-palma-como-referente-internacional-del-astroturismo\\\/#primaryimage\"},\"thumbnailUrl\":\"https:\\\/\\\/sodepal.es\\\/wp-content\\\/uploads\\\/2024\\\/09\\\/encuentro_telescopios.jpeg\",\"articleSection\":[\"Noticias\"],\"inLanguage\":\"en-GB\",\"potentialAction\":[{\"@type\":\"CommentAction\",\"name\":\"Comment\",\"target\":[\"https:\\\/\\\/sodepal.es\\\/el-astrofest-situa-a-la-palma-como-referente-internacional-del-astroturismo\\\/#respond\"]}]},{\"@type\":\"WebPage\",\"@id\":\"https:\\\/\\\/sodepal.es\\\/el-astrofest-situa-a-la-palma-como-referente-internacional-del-astroturismo\\\/\",\"url\":\"https:\\\/\\\/sodepal.es\\\/el-astrofest-situa-a-la-palma-como-referente-internacional-del-astroturismo\\\/\",\"name\":\"El Astrofest sit\u00faa a La Palma como referente internacional del astroturismo - Sociedad de Promoci\u00f3n y Desarrollo Econ\u00f3mico y Social de La Palma - SODEPAL\",\"isPartOf\":{\"@id\":\"https:\\\/\\\/sodepal.es\\\/#website\"},\"primaryImageOfPage\":{\"@id\":\"https:\\\/\\\/sodepal.es\\\/el-astrofest-situa-a-la-palma-como-referente-internacional-del-astroturismo\\\/#primaryimage\"},\"image\":{\"@id\":\"https:\\\/\\\/sodepal.es\\\/el-astrofest-situa-a-la-palma-como-referente-internacional-del-astroturismo\\\/#primaryimage\"},\"thumbnailUrl\":\"https:\\\/\\\/sodepal.es\\\/wp-content\\\/uploads\\\/2024\\\/09\\\/encuentro_telescopios.jpeg\",\"datePublished\":\"2024-09-17T21:26:53+00:00\",\"dateModified\":\"2024-09-17T21:29:55+00:00\",\"description\":\"Toda la actualidad de los proyectos y eventos desarrollados por SODEPAL\",\"breadcrumb\":{\"@id\":\"https:\\\/\\\/sodepal.es\\\/el-astrofest-situa-a-la-palma-como-referente-internacional-del-astroturismo\\\/#breadcrumb\"},\"inLanguage\":\"en-GB\",\"potentialAction\":[{\"@type\":\"ReadAction\",\"target\":[\"https:\\\/\\\/sodepal.es\\\/el-astrofest-situa-a-la-palma-como-referente-internacional-del-astroturismo\\\/\"]}]},{\"@type\":\"ImageObject\",\"inLanguage\":\"en-GB\",\"@id\":\"https:\\\/\\\/sodepal.es\\\/el-astrofest-situa-a-la-palma-como-referente-internacional-del-astroturismo\\\/#primaryimage\",\"url\":\"https:\\\/\\\/sodepal.es\\\/wp-content\\\/uploads\\\/2024\\\/09\\\/encuentro_telescopios.jpeg\",\"contentUrl\":\"https:\\\/\\\/sodepal.es\\\/wp-content\\\/uploads\\\/2024\\\/09\\\/encuentro_telescopios.jpeg\",\"width\":1093,\"height\":1600},{\"@type\":\"BreadcrumbList\",\"@id\":\"https:\\\/\\\/sodepal.es\\\/el-astrofest-situa-a-la-palma-como-referente-internacional-del-astroturismo\\\/#breadcrumb\",\"itemListElement\":[{\"@type\":\"ListItem\",\"position\":1,\"name\":\"Inicio\",\"item\":\"https:\\\/\\\/sodepal.es\\\/\"},{\"@type\":\"ListItem\",\"position\":2,\"name\":\"El Astrofest sit\u00faa a La Palma como referente internacional del astroturismo\"}]},{\"@type\":\"WebSite\",\"@id\":\"https:\\\/\\\/sodepal.es\\\/#website\",\"url\":\"https:\\\/\\\/sodepal.es\\\/\",\"name\":\"Sodepal\",\"description\":\"SODEPAL es una empresa p\u00fablica dependiente del Cabildo de La Palma. Promoci\u00f3n, Fomento y Desarrollo para la isla de La Palma\",\"publisher\":{\"@id\":\"https:\\\/\\\/sodepal.es\\\/#organization\"},\"alternateName\":\"Sociedad de Promoci\u00f3n y Desarrollo Econ\u00f3mico y Social de La Palma\",\"potentialAction\":[{\"@type\":\"SearchAction\",\"target\":{\"@type\":\"EntryPoint\",\"urlTemplate\":\"https:\\\/\\\/sodepal.es\\\/?s={search_term_string}\"},\"query-input\":{\"@type\":\"PropertyValueSpecification\",\"valueRequired\":true,\"valueName\":\"search_term_string\"}}],\"inLanguage\":\"en-GB\"},{\"@type\":\"Organization\",\"@id\":\"https:\\\/\\\/sodepal.es\\\/#organization\",\"name\":\"Sociedad de Promoci\u00f3n y Desarrollo Econ\u00f3mico y Social de La Palma\",\"alternateName\":\"Sodepal\",\"url\":\"https:\\\/\\\/sodepal.es\\\/\",\"logo\":{\"@type\":\"ImageObject\",\"inLanguage\":\"en-GB\",\"@id\":\"https:\\\/\\\/sodepal.es\\\/#\\\/schema\\\/logo\\\/image\\\/\",\"url\":\"https:\\\/\\\/sodepal.es\\\/wp-content\\\/uploads\\\/2022\\\/09\\\/logo_web.png\",\"contentUrl\":\"https:\\\/\\\/sodepal.es\\\/wp-content\\\/uploads\\\/2022\\\/09\\\/logo_web.png\",\"width\":658,\"height\":156,\"caption\":\"Sociedad de Promoci\u00f3n y Desarrollo Econ\u00f3mico y Social de La Palma\"},\"image\":{\"@id\":\"https:\\\/\\\/sodepal.es\\\/#\\\/schema\\\/logo\\\/image\\\/\"},\"sameAs\":[\"https:\\\/\\\/www.facebook.com\\\/sodepal\",\"https:\\\/\\\/www.instagram.com\\\/sodepallapalma\\\/\"],\"description\":\"Sociedad de Promoci\u00f3n y Desarrollo econ\u00f3mico y Social de La Palma, empresa p\u00fablica dependiente del Cabildo de La Palma\",\"email\":\"info@sodepal.es\",\"telephone\":\"922417323\",\"legalName\":\"Sociedad de Promoci\u00f3n y Desarrollo Econ\u00f3mico de la isla de La Palma S.A.U.\"},{\"@type\":\"Person\",\"@id\":\"https:\\\/\\\/sodepal.es\\\/#\\\/schema\\\/person\\\/43b1d623bde0c4ec4efd5656ef0958b2\",\"name\":\"gerencia\",\"image\":{\"@type\":\"ImageObject\",\"inLanguage\":\"en-GB\",\"@id\":\"https:\\\/\\\/secure.gravatar.com\\\/avatar\\\/2aa1ba3e33e6721e413a7499ea7cab2e4414b99cea1516e7404245c8da655d86?s=96&d=mm&r=g\",\"url\":\"https:\\\/\\\/secure.gravatar.com\\\/avatar\\\/2aa1ba3e33e6721e413a7499ea7cab2e4414b99cea1516e7404245c8da655d86?s=96&d=mm&r=g\",\"contentUrl\":\"https:\\\/\\\/secure.gravatar.com\\\/avatar\\\/2aa1ba3e33e6721e413a7499ea7cab2e4414b99cea1516e7404245c8da655d86?s=96&d=mm&r=g\",\"caption\":\"gerencia\"}}]}<\/script>\n<!-- \/ Yoast SEO Premium plugin. -->","yoast_head_json":{"title":"El Astrofest sit\u00faa a La Palma como referente internacional del astroturismo - Sociedad de Promoci\u00f3n y Desarrollo Econ\u00f3mico y Social de La Palma - SODEPAL","description":"Toda la actualidad de los proyectos y eventos desarrollados por SODEPAL","robots":{"index":"index","follow":"follow","max-snippet":"max-snippet:-1","max-image-preview":"max-image-preview:large","max-video-preview":"max-video-preview:-1"},"canonical":"https:\/\/sodepal.es\/en\/el-astrofest-situa-a-la-palma-como-referente-internacional-del-astroturismo\/","og_locale":"en_GB","og_type":"article","og_title":"El Astrofest sit\u00faa a La Palma como referente internacional del astroturismo","og_description":"Toda la actualidad de los proyectos y eventos desarrollados por SODEPAL","og_url":"https:\/\/sodepal.es\/en\/el-astrofest-situa-a-la-palma-como-referente-internacional-del-astroturismo\/","og_site_name":"Sociedad de Promoci\u00f3n y Desarrollo Econ\u00f3mico y Social de La Palma - SODEPAL","article_publisher":"https:\/\/www.facebook.com\/sodepal","article_published_time":"2024-09-17T21:26:53+00:00","article_modified_time":"2024-09-17T21:29:55+00:00","og_image":[{"width":1093,"height":1600,"url":"https:\/\/sodepal.es\/wp-content\/uploads\/2024\/09\/encuentro_telescopios.jpeg","type":"image\/jpeg"}],"author":"gerencia","twitter_card":"summary_large_image","schema":{"@context":"https:\/\/schema.org","@graph":[{"@type":"Article","@id":"https:\/\/sodepal.es\/el-astrofest-situa-a-la-palma-como-referente-internacional-del-astroturismo\/#article","isPartOf":{"@id":"https:\/\/sodepal.es\/el-astrofest-situa-a-la-palma-como-referente-internacional-del-astroturismo\/"},"author":{"name":"gerencia","@id":"https:\/\/sodepal.es\/#\/schema\/person\/43b1d623bde0c4ec4efd5656ef0958b2"},"headline":"El Astrofest sit\u00faa a La Palma como referente internacional del astroturismo","datePublished":"2024-09-17T21:26:53+00:00","dateModified":"2024-09-17T21:29:55+00:00","mainEntityOfPage":{"@id":"https:\/\/sodepal.es\/el-astrofest-situa-a-la-palma-como-referente-internacional-del-astroturismo\/"},"wordCount":491,"commentCount":0,"publisher":{"@id":"https:\/\/sodepal.es\/#organization"},"image":{"@id":"https:\/\/sodepal.es\/el-astrofest-situa-a-la-palma-como-referente-internacional-del-astroturismo\/#primaryimage"},"thumbnailUrl":"https:\/\/sodepal.es\/wp-content\/uploads\/2024\/09\/encuentro_telescopios.jpeg","articleSection":["Noticias"],"inLanguage":"en-GB","potentialAction":[{"@type":"CommentAction","name":"Comment","target":["https:\/\/sodepal.es\/el-astrofest-situa-a-la-palma-como-referente-internacional-del-astroturismo\/#respond"]}]},{"@type":"WebPage","@id":"https:\/\/sodepal.es\/el-astrofest-situa-a-la-palma-como-referente-internacional-del-astroturismo\/","url":"https:\/\/sodepal.es\/el-astrofest-situa-a-la-palma-como-referente-internacional-del-astroturismo\/","name":"El Astrofest sit\u00faa a La Palma como referente internacional del astroturismo - Sociedad de Promoci\u00f3n y Desarrollo Econ\u00f3mico y Social de La Palma - SODEPAL","isPartOf":{"@id":"https:\/\/sodepal.es\/#website"},"primaryImageOfPage":{"@id":"https:\/\/sodepal.es\/el-astrofest-situa-a-la-palma-como-referente-internacional-del-astroturismo\/#primaryimage"},"image":{"@id":"https:\/\/sodepal.es\/el-astrofest-situa-a-la-palma-como-referente-internacional-del-astroturismo\/#primaryimage"},"thumbnailUrl":"https:\/\/sodepal.es\/wp-content\/uploads\/2024\/09\/encuentro_telescopios.jpeg","datePublished":"2024-09-17T21:26:53+00:00","dateModified":"2024-09-17T21:29:55+00:00","description":"Toda la actualidad de los proyectos y eventos desarrollados por SODEPAL","breadcrumb":{"@id":"https:\/\/sodepal.es\/el-astrofest-situa-a-la-palma-como-referente-internacional-del-astroturismo\/#breadcrumb"},"inLanguage":"en-GB","potentialAction":[{"@type":"ReadAction","target":["https:\/\/sodepal.es\/el-astrofest-situa-a-la-palma-como-referente-internacional-del-astroturismo\/"]}]},{"@type":"ImageObject","inLanguage":"en-GB","@id":"https:\/\/sodepal.es\/el-astrofest-situa-a-la-palma-como-referente-internacional-del-astroturismo\/#primaryimage","url":"https:\/\/sodepal.es\/wp-content\/uploads\/2024\/09\/encuentro_telescopios.jpeg","contentUrl":"https:\/\/sodepal.es\/wp-content\/uploads\/2024\/09\/encuentro_telescopios.jpeg","width":1093,"height":1600},{"@type":"BreadcrumbList","@id":"https:\/\/sodepal.es\/el-astrofest-situa-a-la-palma-como-referente-internacional-del-astroturismo\/#breadcrumb","itemListElement":[{"@type":"ListItem","position":1,"name":"Inicio","item":"https:\/\/sodepal.es\/"},{"@type":"ListItem","position":2,"name":"El Astrofest sit\u00faa a La Palma como referente internacional del astroturismo"}]},{"@type":"WebSite","@id":"https:\/\/sodepal.es\/#website","url":"https:\/\/sodepal.es\/","name":"Sodepal","description":"SODEPAL es una empresa p\u00fablica dependiente del Cabildo de La Palma. Promoci\u00f3n, Fomento y Desarrollo para la isla de La Palma","publisher":{"@id":"https:\/\/sodepal.es\/#organization"},"alternateName":"Sociedad de Promoci\u00f3n y Desarrollo Econ\u00f3mico y Social de La Palma","potentialAction":[{"@type":"SearchAction","target":{"@type":"EntryPoint","urlTemplate":"https:\/\/sodepal.es\/?s={search_term_string}"},"query-input":{"@type":"PropertyValueSpecification","valueRequired":true,"valueName":"search_term_string"}}],"inLanguage":"en-GB"},{"@type":"Organization","@id":"https:\/\/sodepal.es\/#organization","name":"Sociedad de Promoci\u00f3n y Desarrollo Econ\u00f3mico y Social de La Palma","alternateName":"Sodepal","url":"https:\/\/sodepal.es\/","logo":{"@type":"ImageObject","inLanguage":"en-GB","@id":"https:\/\/sodepal.es\/#\/schema\/logo\/image\/","url":"https:\/\/sodepal.es\/wp-content\/uploads\/2022\/09\/logo_web.png","contentUrl":"https:\/\/sodepal.es\/wp-content\/uploads\/2022\/09\/logo_web.png","width":658,"height":156,"caption":"Sociedad de Promoci\u00f3n y Desarrollo Econ\u00f3mico y Social de La Palma"},"image":{"@id":"https:\/\/sodepal.es\/#\/schema\/logo\/image\/"},"sameAs":["https:\/\/www.facebook.com\/sodepal","https:\/\/www.instagram.com\/sodepallapalma\/"],"description":"Sociedad de Promoci\u00f3n y Desarrollo econ\u00f3mico y Social de La Palma, empresa p\u00fablica dependiente del Cabildo de La Palma","email":"info@sodepal.es","telephone":"922417323","legalName":"Sociedad de Promoci\u00f3n y Desarrollo Econ\u00f3mico de la isla de La Palma S.A.U."},{"@type":"Person","@id":"https:\/\/sodepal.es\/#\/schema\/person\/43b1d623bde0c4ec4efd5656ef0958b2","name":"gerencia","image":{"@type":"ImageObject","inLanguage":"en-GB","@id":"https:\/\/secure.gravatar.com\/avatar\/2aa1ba3e33e6721e413a7499ea7cab2e4414b99cea1516e7404245c8da655d86?s=96&d=mm&r=g","url":"https:\/\/secure.gravatar.com\/avatar\/2aa1ba3e33e6721e413a7499ea7cab2e4414b99cea1516e7404245c8da655d86?s=96&d=mm&r=g","contentUrl":"https:\/\/secure.gravatar.com\/avatar\/2aa1ba3e33e6721e413a7499ea7cab2e4414b99cea1516e7404245c8da655d86?s=96&d=mm&r=g","caption":"gerencia"}}]}},"_links":{"self":[{"href":"https:\/\/sodepal.es\/en\/wp-json\/wp\/v2\/posts\/21122","targetHints":{"allow":["GET"]}}],"collection":[{"href":"https:\/\/sodepal.es\/en\/wp-json\/wp\/v2\/posts"}],"about":[{"href":"https:\/\/sodepal.es\/en\/wp-json\/wp\/v2\/types\/post"}],"author":[{"embeddable":true,"href":"https:\/\/sodepal.es\/en\/wp-json\/wp\/v2\/users\/1"}],"replies":[{"embeddable":true,"href":"https:\/\/sodepal.es\/en\/wp-json\/wp\/v2\/comments?post=21122"}],"version-history":[{"count":0,"href":"https:\/\/sodepal.es\/en\/wp-json\/wp\/v2\/posts\/21122\/revisions"}],"wp:featuredmedia":[{"embeddable":true,"href":"https:\/\/sodepal.es\/en\/wp-json\/wp\/v2\/media\/21124"}],"wp:attachment":[{"href":"https:\/\/sodepal.es\/en\/wp-json\/wp\/v2\/media?parent=21122"}],"wp:term":[{"taxonomy":"category","embeddable":true,"href":"https:\/\/sodepal.es\/en\/wp-json\/wp\/v2\/categories?post=21122"},{"taxonomy":"post_tag","embeddable":true,"href":"https:\/\/sodepal.es\/en\/wp-json\/wp\/v2\/tags?post=21122"}],"curies":[{"name":"wp","href":"https:\/\/api.w.org\/{rel}","templated":true}]}}