{"id":22738,"date":"2024-12-12T15:10:52","date_gmt":"2024-12-12T15:10:52","guid":{"rendered":"https:\/\/sodepal.es\/?p=22738"},"modified":"2024-12-20T14:26:57","modified_gmt":"2024-12-20T14:26:57","slug":"ya-estan-aqui-las-geminidas","status":"publish","type":"post","link":"https:\/\/sodepal.es\/en\/ya-estan-aqui-las-geminidas\/","title":{"rendered":"The Geminids are here"},"content":{"rendered":"<div data-elementor-type=\"wp-post\" data-elementor-id=\"22738\" class=\"elementor elementor-22738\" data-elementor-post-type=\"post\">\n\t\t\t\t\t\t<section class=\"elementor-section elementor-top-section elementor-element elementor-element-2e30694 elementor-section-boxed elementor-section-height-default elementor-section-height-default\" data-id=\"2e30694\" data-element_type=\"section\" data-e-type=\"section\">\n\t\t\t\t\t\t<div class=\"elementor-container elementor-column-gap-default\">\n\t\t\t\t\t<div class=\"elementor-column elementor-col-100 elementor-top-column elementor-element elementor-element-0c475aa\" data-id=\"0c475aa\" data-element_type=\"column\" data-e-type=\"column\">\n\t\t\t<div class=\"elementor-widget-wrap elementor-element-populated\">\n\t\t\t\t\t\t<div class=\"elementor-element elementor-element-90b12f1 elementor-widget elementor-widget-text-editor\" data-id=\"90b12f1\" data-element_type=\"widget\" data-e-type=\"widget\" data-widget_type=\"text-editor.default\">\n\t\t\t\t<div class=\"elementor-widget-container\">\n\t\t\t\t\t\t\t\t\t<div class=\"field field--name-field-noticias-entradilla field--type-text-long field--label-hidden field--item\"><div class=\"field field--name-field-noticias-entradilla field--type-text-long field--label-hidden field--item\"><div class=\"field field--name-field-noticias-entradilla field--type-text-long field--label-hidden field--item\"><div class=\"field field--name-field-noticias-entradilla field--type-text-long field--label-hidden field--item\"><div class=\"field field--name-field-noticias-entradilla field--type-text-long field--label-hidden field--item\"><div class=\"field field--name-field-noticias-entradilla field--type-text-long field--label-hidden field--item\"><div class=\"field field--name-field-noticias-entradilla field--type-text-long field--label-hidden field--item\"><div class=\"field field--name-field-noticias-entradilla field--type-text-long field--label-hidden field--item\"><p>Although we can already see them from the 4th to the 17th of December, the maximum of this shower of stars will be around the 13th, 14th and 15th. For some experts the peak (when we will be able to see up to 120 meteors per hour) will be in the early morning of the 13th to the 14th, around 01:00 h., when the constellation Gemini will be appearing on the north-eastern horizon.<\/p><p>Why Geminids? Because the traces of the shooting stars we see apparently come from Gemini. That connection point is called a radiant.<\/p><p>Why do these events happen at the same times? Because every year, around the same time, we pass through the orbit of, usually, comets. And what our planet does is to sweep away the particles that these comets leave in their respective paths, after suffering the \"effect\" of the Sun (as they approach, the tails are produced = pieces that are detached and remain free).<\/p><p>So... what we see in the sky are pieces of comets? The vast majority of shooting star showers that we know of are caused by the disintegration of comet pieces in our atmosphere, however, this is an exceptional case, what we will see in the sky these nights are pieces of the asteroid 3200 Phaethon.<\/p><p>How big are shooting stars? Also called meteors (not meteor, meteorite is when it collides with the surface of our planet) they are about the size of a chickpea. Friction on the upper layers of our atmosphere they are so big that they seem to ignite. They can reach speeds of 40 km\/sec.<\/p><p>On the night of 13 to 14 December, from midnight (24:00 h.), and weather permitting, SODEPAL's Astronomy Outreach Programme, as part of the AstroFest activities, will broadcast on the AstroFest website:\u00a0<a href=\"http:\/\/www.facebook.com\/sodepal\/\" target=\"_blank\" rel=\"noopener\">www.facebook.com\/sodepal\/<\/a><\/p><p>Video of the Geminids:\u00a0<a href=\"https:\/\/www.youtube.com\/watch?v=tGPfd7fNeC8\" target=\"_blank\" rel=\"noopener\">https:\/\/www.youtube.com\/watch?v=tGPfd7fNeC8<\/a><\/p><\/div><\/div><\/div><\/div><\/div><\/div><\/div><\/div>\t\t\t\t\t\t\t\t<\/div>\n\t\t\t\t<\/div>\n\t\t\t\t<div class=\"elementor-element elementor-element-7c0bf24 elementor-widget elementor-widget-image-gallery\" data-id=\"7c0bf24\" data-element_type=\"widget\" data-e-type=\"widget\" data-widget_type=\"image-gallery.default\">\n\t\t\t\t<div class=\"elementor-widget-container\">\n\t\t\t\t\t\t\t<div class=\"elementor-image-gallery\">\n\t\t\t<div id='gallery-1' class='gallery galleryid-22738 gallery-columns-3 gallery-size-medium'><figure class='gallery-item'>\n\t\t\t<div class='gallery-icon landscape'>\n\t\t\t\t<a data-elementor-open-lightbox=\"yes\" data-elementor-lightbox-slideshow=\"7c0bf24\" data-elementor-lightbox-title=\"lluvia_estrellas3\" data-e-action-hash=\"#elementor-action%3Aaction%3Dlightbox%26settings%3DeyJpZCI6MjI3NDEsInVybCI6Imh0dHBzOlwvXC9zb2RlcGFsLmVzXC93cC1jb250ZW50XC91cGxvYWRzXC8yMDI0XC8xMlwvbGx1dmlhX2VzdHJlbGxhczMuanBnIiwic2xpZGVzaG93IjoiN2MwYmYyNCJ9\" href='https:\/\/sodepal.es\/wp-content\/uploads\/2024\/12\/lluvia_estrellas3.jpg'><img fetchpriority=\"high\" width=\"300\" height=\"200\" src=\"https:\/\/sodepal.es\/wp-content\/uploads\/2024\/12\/lluvia_estrellas3-300x200.jpg\" class=\"attachment-medium size-medium\" alt=\"\" decoding=\"async\" srcset=\"https:\/\/sodepal.es\/wp-content\/uploads\/2024\/12\/lluvia_estrellas3-300x200.jpg 300w, https:\/\/sodepal.es\/wp-content\/uploads\/2024\/12\/lluvia_estrellas3-1024x684.jpg 1024w, https:\/\/sodepal.es\/wp-content\/uploads\/2024\/12\/lluvia_estrellas3-768x513.jpg 768w, https:\/\/sodepal.es\/wp-content\/uploads\/2024\/12\/lluvia_estrellas3-1536x1025.jpg 1536w, https:\/\/sodepal.es\/wp-content\/uploads\/2024\/12\/lluvia_estrellas3-18x12.jpg 18w, https:\/\/sodepal.es\/wp-content\/uploads\/2024\/12\/lluvia_estrellas3.jpg 2048w\" sizes=\"(max-width: 300px) 100vw, 300px\" \/><\/a>\n\t\t\t<\/div><\/figure><figure class='gallery-item'>\n\t\t\t<div class='gallery-icon landscape'>\n\t\t\t\t<a data-elementor-open-lightbox=\"yes\" data-elementor-lightbox-slideshow=\"7c0bf24\" data-elementor-lightbox-title=\"lluvia_estrellas1\" data-e-action-hash=\"#elementor-action%3Aaction%3Dlightbox%26settings%3DeyJpZCI6MjI3NDIsInVybCI6Imh0dHBzOlwvXC9zb2RlcGFsLmVzXC93cC1jb250ZW50XC91cGxvYWRzXC8yMDI0XC8xMlwvbGx1dmlhX2VzdHJlbGxhczEuanBnIiwic2xpZGVzaG93IjoiN2MwYmYyNCJ9\" href='https:\/\/sodepal.es\/wp-content\/uploads\/2024\/12\/lluvia_estrellas1.jpg'><img width=\"300\" height=\"300\" src=\"https:\/\/sodepal.es\/wp-content\/uploads\/2024\/12\/lluvia_estrellas1-300x300.jpg\" class=\"attachment-medium size-medium\" alt=\"\" decoding=\"async\" srcset=\"https:\/\/sodepal.es\/wp-content\/uploads\/2024\/12\/lluvia_estrellas1-300x300.jpg 300w, https:\/\/sodepal.es\/wp-content\/uploads\/2024\/12\/lluvia_estrellas1-1024x1024.jpg 1024w, https:\/\/sodepal.es\/wp-content\/uploads\/2024\/12\/lluvia_estrellas1-150x150.jpg 150w, https:\/\/sodepal.es\/wp-content\/uploads\/2024\/12\/lluvia_estrellas1-768x768.jpg 768w, https:\/\/sodepal.es\/wp-content\/uploads\/2024\/12\/lluvia_estrellas1-12x12.jpg 12w, https:\/\/sodepal.es\/wp-content\/uploads\/2024\/12\/lluvia_estrellas1-700x700.jpg 700w, https:\/\/sodepal.es\/wp-content\/uploads\/2024\/12\/lluvia_estrellas1.jpg 1300w\" sizes=\"(max-width: 300px) 100vw, 300px\" \/><\/a>\n\t\t\t<\/div><\/figure><figure class='gallery-item'>\n\t\t\t<div class='gallery-icon landscape'>\n\t\t\t\t<a data-elementor-open-lightbox=\"yes\" data-elementor-lightbox-slideshow=\"7c0bf24\" data-elementor-lightbox-title=\"lluvia_estrellas2\" data-e-action-hash=\"#elementor-action%3Aaction%3Dlightbox%26settings%3DeyJpZCI6MjI3NDMsInVybCI6Imh0dHBzOlwvXC9zb2RlcGFsLmVzXC93cC1jb250ZW50XC91cGxvYWRzXC8yMDI0XC8xMlwvbGx1dmlhX2VzdHJlbGxhczIuanBnIiwic2xpZGVzaG93IjoiN2MwYmYyNCJ9\" href='https:\/\/sodepal.es\/wp-content\/uploads\/2024\/12\/lluvia_estrellas2.jpg'><img width=\"300\" height=\"205\" src=\"https:\/\/sodepal.es\/wp-content\/uploads\/2024\/12\/lluvia_estrellas2-300x205.jpg\" class=\"attachment-medium size-medium\" alt=\"\" decoding=\"async\" srcset=\"https:\/\/sodepal.es\/wp-content\/uploads\/2024\/12\/lluvia_estrellas2-300x205.jpg 300w, https:\/\/sodepal.es\/wp-content\/uploads\/2024\/12\/lluvia_estrellas2-1024x701.jpg 1024w, https:\/\/sodepal.es\/wp-content\/uploads\/2024\/12\/lluvia_estrellas2-768x525.jpg 768w, https:\/\/sodepal.es\/wp-content\/uploads\/2024\/12\/lluvia_estrellas2-1536x1051.jpg 1536w, https:\/\/sodepal.es\/wp-content\/uploads\/2024\/12\/lluvia_estrellas2-18x12.jpg 18w, https:\/\/sodepal.es\/wp-content\/uploads\/2024\/12\/lluvia_estrellas2.jpg 2048w\" sizes=\"(max-width: 300px) 100vw, 300px\" \/><\/a>\n\t\t\t<\/div><\/figure>\n\t\t<\/div>\n\t\t<\/div>\n\t\t\t\t\t\t<\/div>\n\t\t\t\t<\/div>\n\t\t\t\t\t<\/div>\n\t\t<\/div>\n\t\t\t\t\t<\/div>\n\t\t<\/section>\n\t\t\t\t<\/div>","protected":false},"excerpt":{"rendered":"<p>Although we can already see them from 4 to 17 December, the maximum of this shower of stars will be around the 13th, 14th and 15th. According to some experts, the peak (when up to 120 meteors per hour can be seen) will be in the early hours of the 13th to the 14th, around ... <a title=\"The Geminids are here\" class=\"read-more\" href=\"https:\/\/sodepal.es\/en\/ya-estan-aqui-las-geminidas\/\" aria-label=\"Read more about The Geminids are here\">Read more<\/a><\/p>","protected":false},"author":1,"featured_media":22740,"comment_status":"open","ping_status":"open","sticky":false,"template":"","format":"standard","meta":{"_acf_changed":false,"footnotes":""},"categories":[19],"tags":[],"class_list":["post-22738","post","type-post","status-publish","format-standard","has-post-thumbnail","hentry","category-noticias"],"acf":[],"yoast_head":"<!-- This site is optimized with the Yoast SEO Premium plugin v22.0 (Yoast SEO v27.4) - https:\/\/yoast.com\/product\/yoast-seo-premium-wordpress\/ -->\n<title>Ya est\u00e1n aqu\u00ed las Gem\u00ednidas - Sociedad de Promoci\u00f3n y Desarrollo Econ\u00f3mico y Social de La Palma - SODEPAL<\/title>\n<meta name=\"description\" content=\"Toda la actualidad de los proyectos y eventos desarrollados por SODEPAL\" \/>\n<meta name=\"robots\" content=\"index, follow, max-snippet:-1, max-image-preview:large, max-video-preview:-1\" \/>\n<link rel=\"canonical\" href=\"https:\/\/sodepal.es\/en\/ya-estan-aqui-las-geminidas\/\" \/>\n<meta property=\"og:locale\" content=\"en_GB\" \/>\n<meta property=\"og:type\" content=\"article\" \/>\n<meta property=\"og:title\" content=\"Ya est\u00e1n aqu\u00ed las Gem\u00ednidas\" \/>\n<meta property=\"og:description\" content=\"Toda la actualidad de los proyectos y eventos desarrollados por SODEPAL\" \/>\n<meta property=\"og:url\" content=\"https:\/\/sodepal.es\/en\/ya-estan-aqui-las-geminidas\/\" \/>\n<meta property=\"og:site_name\" content=\"Sociedad de Promoci\u00f3n y Desarrollo Econ\u00f3mico y Social de La Palma - SODEPAL\" \/>\n<meta property=\"article:publisher\" content=\"https:\/\/www.facebook.com\/sodepal\" \/>\n<meta property=\"article:published_time\" content=\"2024-12-12T15:10:52+00:00\" \/>\n<meta property=\"article:modified_time\" content=\"2024-12-20T14:26:57+00:00\" \/>\n<meta property=\"og:image\" content=\"https:\/\/sodepal.es\/wp-content\/uploads\/2024\/12\/geminidas.jpg\" \/>\n\t<meta property=\"og:image:width\" content=\"1080\" \/>\n\t<meta property=\"og:image:height\" content=\"1080\" \/>\n\t<meta property=\"og:image:type\" content=\"image\/jpeg\" \/>\n<meta name=\"author\" content=\"gerencia\" \/>\n<meta name=\"twitter:card\" content=\"summary_large_image\" \/>\n<script type=\"application\/ld+json\" class=\"yoast-schema-graph\">{\"@context\":\"https:\\\/\\\/schema.org\",\"@graph\":[{\"@type\":\"Article\",\"@id\":\"https:\\\/\\\/sodepal.es\\\/ya-estan-aqui-las-geminidas\\\/#article\",\"isPartOf\":{\"@id\":\"https:\\\/\\\/sodepal.es\\\/ya-estan-aqui-las-geminidas\\\/\"},\"author\":{\"name\":\"gerencia\",\"@id\":\"https:\\\/\\\/sodepal.es\\\/#\\\/schema\\\/person\\\/43b1d623bde0c4ec4efd5656ef0958b2\"},\"headline\":\"Ya est\u00e1n aqu\u00ed las Gem\u00ednidas\",\"datePublished\":\"2024-12-12T15:10:52+00:00\",\"dateModified\":\"2024-12-20T14:26:57+00:00\",\"mainEntityOfPage\":{\"@id\":\"https:\\\/\\\/sodepal.es\\\/ya-estan-aqui-las-geminidas\\\/\"},\"wordCount\":346,\"commentCount\":0,\"publisher\":{\"@id\":\"https:\\\/\\\/sodepal.es\\\/#organization\"},\"image\":{\"@id\":\"https:\\\/\\\/sodepal.es\\\/ya-estan-aqui-las-geminidas\\\/#primaryimage\"},\"thumbnailUrl\":\"https:\\\/\\\/sodepal.es\\\/wp-content\\\/uploads\\\/2024\\\/12\\\/geminidas.jpg\",\"articleSection\":[\"Noticias\"],\"inLanguage\":\"en-GB\",\"potentialAction\":[{\"@type\":\"CommentAction\",\"name\":\"Comment\",\"target\":[\"https:\\\/\\\/sodepal.es\\\/ya-estan-aqui-las-geminidas\\\/#respond\"]}]},{\"@type\":\"WebPage\",\"@id\":\"https:\\\/\\\/sodepal.es\\\/ya-estan-aqui-las-geminidas\\\/\",\"url\":\"https:\\\/\\\/sodepal.es\\\/ya-estan-aqui-las-geminidas\\\/\",\"name\":\"Ya est\u00e1n aqu\u00ed las Gem\u00ednidas - Sociedad de Promoci\u00f3n y Desarrollo Econ\u00f3mico y Social de La Palma - SODEPAL\",\"isPartOf\":{\"@id\":\"https:\\\/\\\/sodepal.es\\\/#website\"},\"primaryImageOfPage\":{\"@id\":\"https:\\\/\\\/sodepal.es\\\/ya-estan-aqui-las-geminidas\\\/#primaryimage\"},\"image\":{\"@id\":\"https:\\\/\\\/sodepal.es\\\/ya-estan-aqui-las-geminidas\\\/#primaryimage\"},\"thumbnailUrl\":\"https:\\\/\\\/sodepal.es\\\/wp-content\\\/uploads\\\/2024\\\/12\\\/geminidas.jpg\",\"datePublished\":\"2024-12-12T15:10:52+00:00\",\"dateModified\":\"2024-12-20T14:26:57+00:00\",\"description\":\"Toda la actualidad de los proyectos y eventos desarrollados por SODEPAL\",\"breadcrumb\":{\"@id\":\"https:\\\/\\\/sodepal.es\\\/ya-estan-aqui-las-geminidas\\\/#breadcrumb\"},\"inLanguage\":\"en-GB\",\"potentialAction\":[{\"@type\":\"ReadAction\",\"target\":[\"https:\\\/\\\/sodepal.es\\\/ya-estan-aqui-las-geminidas\\\/\"]}]},{\"@type\":\"ImageObject\",\"inLanguage\":\"en-GB\",\"@id\":\"https:\\\/\\\/sodepal.es\\\/ya-estan-aqui-las-geminidas\\\/#primaryimage\",\"url\":\"https:\\\/\\\/sodepal.es\\\/wp-content\\\/uploads\\\/2024\\\/12\\\/geminidas.jpg\",\"contentUrl\":\"https:\\\/\\\/sodepal.es\\\/wp-content\\\/uploads\\\/2024\\\/12\\\/geminidas.jpg\",\"width\":1080,\"height\":1080},{\"@type\":\"BreadcrumbList\",\"@id\":\"https:\\\/\\\/sodepal.es\\\/ya-estan-aqui-las-geminidas\\\/#breadcrumb\",\"itemListElement\":[{\"@type\":\"ListItem\",\"position\":1,\"name\":\"Inicio\",\"item\":\"https:\\\/\\\/sodepal.es\\\/\"},{\"@type\":\"ListItem\",\"position\":2,\"name\":\"Ya est\u00e1n aqu\u00ed las Gem\u00ednidas\"}]},{\"@type\":\"WebSite\",\"@id\":\"https:\\\/\\\/sodepal.es\\\/#website\",\"url\":\"https:\\\/\\\/sodepal.es\\\/\",\"name\":\"Sodepal\",\"description\":\"SODEPAL es una empresa p\u00fablica dependiente del Cabildo de La Palma. Promoci\u00f3n, Fomento y Desarrollo para la isla de La Palma\",\"publisher\":{\"@id\":\"https:\\\/\\\/sodepal.es\\\/#organization\"},\"alternateName\":\"Sociedad de Promoci\u00f3n y Desarrollo Econ\u00f3mico y Social de La Palma\",\"potentialAction\":[{\"@type\":\"SearchAction\",\"target\":{\"@type\":\"EntryPoint\",\"urlTemplate\":\"https:\\\/\\\/sodepal.es\\\/?s={search_term_string}\"},\"query-input\":{\"@type\":\"PropertyValueSpecification\",\"valueRequired\":true,\"valueName\":\"search_term_string\"}}],\"inLanguage\":\"en-GB\"},{\"@type\":\"Organization\",\"@id\":\"https:\\\/\\\/sodepal.es\\\/#organization\",\"name\":\"Sociedad de Promoci\u00f3n y Desarrollo Econ\u00f3mico y Social de La Palma\",\"alternateName\":\"Sodepal\",\"url\":\"https:\\\/\\\/sodepal.es\\\/\",\"logo\":{\"@type\":\"ImageObject\",\"inLanguage\":\"en-GB\",\"@id\":\"https:\\\/\\\/sodepal.es\\\/#\\\/schema\\\/logo\\\/image\\\/\",\"url\":\"https:\\\/\\\/sodepal.es\\\/wp-content\\\/uploads\\\/2022\\\/09\\\/logo_web.png\",\"contentUrl\":\"https:\\\/\\\/sodepal.es\\\/wp-content\\\/uploads\\\/2022\\\/09\\\/logo_web.png\",\"width\":658,\"height\":156,\"caption\":\"Sociedad de Promoci\u00f3n y Desarrollo Econ\u00f3mico y Social de La Palma\"},\"image\":{\"@id\":\"https:\\\/\\\/sodepal.es\\\/#\\\/schema\\\/logo\\\/image\\\/\"},\"sameAs\":[\"https:\\\/\\\/www.facebook.com\\\/sodepal\",\"https:\\\/\\\/www.instagram.com\\\/sodepallapalma\\\/\"],\"description\":\"Sociedad de Promoci\u00f3n y Desarrollo econ\u00f3mico y Social de La Palma, empresa p\u00fablica dependiente del Cabildo de La Palma\",\"email\":\"info@sodepal.es\",\"telephone\":\"922417323\",\"legalName\":\"Sociedad de Promoci\u00f3n y Desarrollo Econ\u00f3mico de la isla de La Palma S.A.U.\"},{\"@type\":\"Person\",\"@id\":\"https:\\\/\\\/sodepal.es\\\/#\\\/schema\\\/person\\\/43b1d623bde0c4ec4efd5656ef0958b2\",\"name\":\"gerencia\",\"image\":{\"@type\":\"ImageObject\",\"inLanguage\":\"en-GB\",\"@id\":\"https:\\\/\\\/secure.gravatar.com\\\/avatar\\\/2aa1ba3e33e6721e413a7499ea7cab2e4414b99cea1516e7404245c8da655d86?s=96&d=mm&r=g\",\"url\":\"https:\\\/\\\/secure.gravatar.com\\\/avatar\\\/2aa1ba3e33e6721e413a7499ea7cab2e4414b99cea1516e7404245c8da655d86?s=96&d=mm&r=g\",\"contentUrl\":\"https:\\\/\\\/secure.gravatar.com\\\/avatar\\\/2aa1ba3e33e6721e413a7499ea7cab2e4414b99cea1516e7404245c8da655d86?s=96&d=mm&r=g\",\"caption\":\"gerencia\"}}]}<\/script>\n<!-- \/ Yoast SEO Premium plugin. -->","yoast_head_json":{"title":"Ya est\u00e1n aqu\u00ed las Gem\u00ednidas - Sociedad de Promoci\u00f3n y Desarrollo Econ\u00f3mico y Social de La Palma - SODEPAL","description":"Toda la actualidad de los proyectos y eventos desarrollados por SODEPAL","robots":{"index":"index","follow":"follow","max-snippet":"max-snippet:-1","max-image-preview":"max-image-preview:large","max-video-preview":"max-video-preview:-1"},"canonical":"https:\/\/sodepal.es\/en\/ya-estan-aqui-las-geminidas\/","og_locale":"en_GB","og_type":"article","og_title":"Ya est\u00e1n aqu\u00ed las Gem\u00ednidas","og_description":"Toda la actualidad de los proyectos y eventos desarrollados por SODEPAL","og_url":"https:\/\/sodepal.es\/en\/ya-estan-aqui-las-geminidas\/","og_site_name":"Sociedad de Promoci\u00f3n y Desarrollo Econ\u00f3mico y Social de La Palma - SODEPAL","article_publisher":"https:\/\/www.facebook.com\/sodepal","article_published_time":"2024-12-12T15:10:52+00:00","article_modified_time":"2024-12-20T14:26:57+00:00","og_image":[{"width":1080,"height":1080,"url":"https:\/\/sodepal.es\/wp-content\/uploads\/2024\/12\/geminidas.jpg","type":"image\/jpeg"}],"author":"gerencia","twitter_card":"summary_large_image","schema":{"@context":"https:\/\/schema.org","@graph":[{"@type":"Article","@id":"https:\/\/sodepal.es\/ya-estan-aqui-las-geminidas\/#article","isPartOf":{"@id":"https:\/\/sodepal.es\/ya-estan-aqui-las-geminidas\/"},"author":{"name":"gerencia","@id":"https:\/\/sodepal.es\/#\/schema\/person\/43b1d623bde0c4ec4efd5656ef0958b2"},"headline":"Ya est\u00e1n aqu\u00ed las Gem\u00ednidas","datePublished":"2024-12-12T15:10:52+00:00","dateModified":"2024-12-20T14:26:57+00:00","mainEntityOfPage":{"@id":"https:\/\/sodepal.es\/ya-estan-aqui-las-geminidas\/"},"wordCount":346,"commentCount":0,"publisher":{"@id":"https:\/\/sodepal.es\/#organization"},"image":{"@id":"https:\/\/sodepal.es\/ya-estan-aqui-las-geminidas\/#primaryimage"},"thumbnailUrl":"https:\/\/sodepal.es\/wp-content\/uploads\/2024\/12\/geminidas.jpg","articleSection":["Noticias"],"inLanguage":"en-GB","potentialAction":[{"@type":"CommentAction","name":"Comment","target":["https:\/\/sodepal.es\/ya-estan-aqui-las-geminidas\/#respond"]}]},{"@type":"WebPage","@id":"https:\/\/sodepal.es\/ya-estan-aqui-las-geminidas\/","url":"https:\/\/sodepal.es\/ya-estan-aqui-las-geminidas\/","name":"Ya est\u00e1n aqu\u00ed las Gem\u00ednidas - Sociedad de Promoci\u00f3n y Desarrollo Econ\u00f3mico y Social de La Palma - SODEPAL","isPartOf":{"@id":"https:\/\/sodepal.es\/#website"},"primaryImageOfPage":{"@id":"https:\/\/sodepal.es\/ya-estan-aqui-las-geminidas\/#primaryimage"},"image":{"@id":"https:\/\/sodepal.es\/ya-estan-aqui-las-geminidas\/#primaryimage"},"thumbnailUrl":"https:\/\/sodepal.es\/wp-content\/uploads\/2024\/12\/geminidas.jpg","datePublished":"2024-12-12T15:10:52+00:00","dateModified":"2024-12-20T14:26:57+00:00","description":"Toda la actualidad de los proyectos y eventos desarrollados por SODEPAL","breadcrumb":{"@id":"https:\/\/sodepal.es\/ya-estan-aqui-las-geminidas\/#breadcrumb"},"inLanguage":"en-GB","potentialAction":[{"@type":"ReadAction","target":["https:\/\/sodepal.es\/ya-estan-aqui-las-geminidas\/"]}]},{"@type":"ImageObject","inLanguage":"en-GB","@id":"https:\/\/sodepal.es\/ya-estan-aqui-las-geminidas\/#primaryimage","url":"https:\/\/sodepal.es\/wp-content\/uploads\/2024\/12\/geminidas.jpg","contentUrl":"https:\/\/sodepal.es\/wp-content\/uploads\/2024\/12\/geminidas.jpg","width":1080,"height":1080},{"@type":"BreadcrumbList","@id":"https:\/\/sodepal.es\/ya-estan-aqui-las-geminidas\/#breadcrumb","itemListElement":[{"@type":"ListItem","position":1,"name":"Inicio","item":"https:\/\/sodepal.es\/"},{"@type":"ListItem","position":2,"name":"Ya est\u00e1n aqu\u00ed las Gem\u00ednidas"}]},{"@type":"WebSite","@id":"https:\/\/sodepal.es\/#website","url":"https:\/\/sodepal.es\/","name":"Sodepal","description":"SODEPAL es una empresa p\u00fablica dependiente del Cabildo de La Palma. Promoci\u00f3n, Fomento y Desarrollo para la isla de La Palma","publisher":{"@id":"https:\/\/sodepal.es\/#organization"},"alternateName":"Sociedad de Promoci\u00f3n y Desarrollo Econ\u00f3mico y Social de La Palma","potentialAction":[{"@type":"SearchAction","target":{"@type":"EntryPoint","urlTemplate":"https:\/\/sodepal.es\/?s={search_term_string}"},"query-input":{"@type":"PropertyValueSpecification","valueRequired":true,"valueName":"search_term_string"}}],"inLanguage":"en-GB"},{"@type":"Organization","@id":"https:\/\/sodepal.es\/#organization","name":"Sociedad de Promoci\u00f3n y Desarrollo Econ\u00f3mico y Social de La Palma","alternateName":"Sodepal","url":"https:\/\/sodepal.es\/","logo":{"@type":"ImageObject","inLanguage":"en-GB","@id":"https:\/\/sodepal.es\/#\/schema\/logo\/image\/","url":"https:\/\/sodepal.es\/wp-content\/uploads\/2022\/09\/logo_web.png","contentUrl":"https:\/\/sodepal.es\/wp-content\/uploads\/2022\/09\/logo_web.png","width":658,"height":156,"caption":"Sociedad de Promoci\u00f3n y Desarrollo Econ\u00f3mico y Social de La Palma"},"image":{"@id":"https:\/\/sodepal.es\/#\/schema\/logo\/image\/"},"sameAs":["https:\/\/www.facebook.com\/sodepal","https:\/\/www.instagram.com\/sodepallapalma\/"],"description":"Sociedad de Promoci\u00f3n y Desarrollo econ\u00f3mico y Social de La Palma, empresa p\u00fablica dependiente del Cabildo de La Palma","email":"info@sodepal.es","telephone":"922417323","legalName":"Sociedad de Promoci\u00f3n y Desarrollo Econ\u00f3mico de la isla de La Palma S.A.U."},{"@type":"Person","@id":"https:\/\/sodepal.es\/#\/schema\/person\/43b1d623bde0c4ec4efd5656ef0958b2","name":"gerencia","image":{"@type":"ImageObject","inLanguage":"en-GB","@id":"https:\/\/secure.gravatar.com\/avatar\/2aa1ba3e33e6721e413a7499ea7cab2e4414b99cea1516e7404245c8da655d86?s=96&d=mm&r=g","url":"https:\/\/secure.gravatar.com\/avatar\/2aa1ba3e33e6721e413a7499ea7cab2e4414b99cea1516e7404245c8da655d86?s=96&d=mm&r=g","contentUrl":"https:\/\/secure.gravatar.com\/avatar\/2aa1ba3e33e6721e413a7499ea7cab2e4414b99cea1516e7404245c8da655d86?s=96&d=mm&r=g","caption":"gerencia"}}]}},"_links":{"self":[{"href":"https:\/\/sodepal.es\/en\/wp-json\/wp\/v2\/posts\/22738","targetHints":{"allow":["GET"]}}],"collection":[{"href":"https:\/\/sodepal.es\/en\/wp-json\/wp\/v2\/posts"}],"about":[{"href":"https:\/\/sodepal.es\/en\/wp-json\/wp\/v2\/types\/post"}],"author":[{"embeddable":true,"href":"https:\/\/sodepal.es\/en\/wp-json\/wp\/v2\/users\/1"}],"replies":[{"embeddable":true,"href":"https:\/\/sodepal.es\/en\/wp-json\/wp\/v2\/comments?post=22738"}],"version-history":[{"count":0,"href":"https:\/\/sodepal.es\/en\/wp-json\/wp\/v2\/posts\/22738\/revisions"}],"wp:featuredmedia":[{"embeddable":true,"href":"https:\/\/sodepal.es\/en\/wp-json\/wp\/v2\/media\/22740"}],"wp:attachment":[{"href":"https:\/\/sodepal.es\/en\/wp-json\/wp\/v2\/media?parent=22738"}],"wp:term":[{"taxonomy":"category","embeddable":true,"href":"https:\/\/sodepal.es\/en\/wp-json\/wp\/v2\/categories?post=22738"},{"taxonomy":"post_tag","embeddable":true,"href":"https:\/\/sodepal.es\/en\/wp-json\/wp\/v2\/tags?post=22738"}],"curies":[{"name":"wp","href":"https:\/\/api.w.org\/{rel}","templated":true}]}}