{"id":22799,"date":"2024-12-21T12:21:34","date_gmt":"2024-12-21T12:21:34","guid":{"rendered":"https:\/\/sodepal.es\/?p=22799"},"modified":"2024-12-21T12:23:55","modified_gmt":"2024-12-21T12:23:55","slug":"el-bono-bonito-del-cabildo-regresa-esta-navidad-generando-una-inversion-de-700-000e-en-el-tejido-comercial-de-la-isla","status":"publish","type":"post","link":"https:\/\/sodepal.es\/en\/el-bono-bonito-del-cabildo-regresa-esta-navidad-generando-una-inversion-de-700-000e-en-el-tejido-comercial-de-la-isla\/","title":{"rendered":"The Cabildo's Bono Bonito returns this Christmas, generating an investment of 700,000 euros in the island's commercial fabric."},"content":{"rendered":"<div data-elementor-type=\"wp-post\" data-elementor-id=\"22799\" class=\"elementor elementor-22799\" data-elementor-post-type=\"post\">\n\t\t\t\t\t\t<section class=\"elementor-section elementor-top-section elementor-element elementor-element-a31ad79 elementor-section-boxed elementor-section-height-default elementor-section-height-default\" data-id=\"a31ad79\" data-element_type=\"section\" data-e-type=\"section\">\n\t\t\t\t\t\t<div class=\"elementor-container elementor-column-gap-default\">\n\t\t\t\t\t<div class=\"elementor-column elementor-col-100 elementor-top-column elementor-element elementor-element-46d91ac\" data-id=\"46d91ac\" data-element_type=\"column\" data-e-type=\"column\">\n\t\t\t<div class=\"elementor-widget-wrap elementor-element-populated\">\n\t\t\t\t\t\t<div class=\"elementor-element elementor-element-9b2de91 elementor-widget elementor-widget-text-editor\" data-id=\"9b2de91\" data-element_type=\"widget\" data-e-type=\"widget\" data-widget_type=\"text-editor.default\">\n\t\t\t\t<div class=\"elementor-widget-container\">\n\t\t\t\t\t\t\t\t\t<div data-id=\"f1b14ae\" data-element_type=\"column\"><div data-id=\"c7a3ea4\" data-element_type=\"widget\" data-widget_type=\"theme-post-content.default\"><div data-elementor-type=\"wp-post\" data-elementor-id=\"22782\" data-elementor-post-type=\"post\"><section data-id=\"2e30694\" data-element_type=\"section\"><div data-id=\"0c475aa\" data-element_type=\"column\"><div data-id=\"90b12f1\" data-element_type=\"widget\" data-widget_type=\"text-editor.default\"><div class=\"field field--name-field-noticias-entradilla field--type-text-long field--label-hidden field--item\"><h4>Those who buy in the local shops of La Palma will have vouchers worth 10 euros, which will be complemented by another 10 euros from each individual.<\/h4><p><span style=\"font-size: inherit;\">The Cabildo de La Palma, through its Department of Economic Promotion and Commerce, directed by Miriam Perestelo, is promoting a new edition of the Bono Bonito, special for Christmas 2024, which will allow a total of 700,000 euros to be invested in the economic and commercial fabric of the island. This action has the collaboration of the Federation of Urban Areas of the Canary Islands (FAUCA).<\/span><\/p><\/div><div class=\"field field--name-body field--type-text-with-summary field--label-hidden field--item\"><p>The island's president, Sergio Rodr\u00edguez, stresses that the institution's objective is to reinforce the work being done to encourage consumption in local commerce and to continue supporting the establishments closest to the island's citizens.\u00a0<\/p><p>To this end, the Cabildo de La Palma will implement vouchers for the amount of 350,000 euros, which will double the investment to 700,000 euros with the contribution made by each user.\u00a0<\/p><p>Each consumer will be able to buy up to a maximum of 10 vouchers per National Identity Document. The price of each voucher will be 10 euros, with an additional contribution of 10 euros from the Cabildo, so the total value of the voucher will be 20 euros.<\/p><p>Establishments wishing to take part in this campaign can now join the campaign on the bonobonito.com website.<\/p><p>Miriam Perestelo emphasised that this campaign not only seeks to promote the Christmas spirit that characterises this time of year, but also to strengthen the commercial fabric and support small and medium-sized businesses, \"which are the heart of our local economy\", she explained.<\/p><p>This campaign is in addition to the one already launched in the past, 'Gifts with history', linked to trade during the Christmas season, as well as the Tarjetazo initiative, aimed at injecting 30,000 euros in consumer vouchers and aimed at the Valle de Aridane area, taking into account its economic situation and differentiated, at this time and for obvious reasons, from the rest of the island's territory.<\/p><p>On the 5th of December, Santa Cruz de La Palma celebrated Shopping Day, a unique opportunity to showcase the products and services offered by local businesses, a unique day with different activities, promotions and surprises.<\/p><p>Similarly, in 2024, the Cabildo de La Palma has made a series of financial contributions to organisations such as trade associations, federations, the Chamber of Commerce and town councils where there are no commercial organisations, with the aim of generating different actions to boost local trade, especially during the Christmas campaigns when there is an increase in shopping.<\/p><p>In short, Sergio Rodr\u00edguez stresses, these are initiatives that seek to strengthen the commercial fabric of La Palma, supported by the business federations and associations, and which also offer great advantages to continue shopping locally.\u00a0<\/p><\/div><\/div><\/div><\/section><\/div><\/div><\/div>\t\t\t\t\t\t\t\t<\/div>\n\t\t\t\t<\/div>\n\t\t\t\t<div class=\"elementor-element elementor-element-c8cbec6 elementor-widget elementor-widget-eael-creative-button\" data-id=\"c8cbec6\" data-element_type=\"widget\" data-e-type=\"widget\" data-widget_type=\"eael-creative-button.default\">\n\t\t\t\t<div class=\"elementor-widget-container\">\n\t\t\t\t\t        <div class=\"eael-creative-button-wrapper\">\n\n            <a class=\"eael-creative-button eael-creative-button--default eael-cb-icon-position-left\" href=\"https:\/\/sodepal.es\/wp-content\/uploads\/2024\/12\/CONDICIONES_ESTABLECIMIENTOS_BONO_BONITO_LA_PALMA_2024.pdf\" target=\"_blank\" data-text=\"Condiciones para establecimientos\">\n            \t    \n                <div class=\"creative-button-inner\">\n\n                                            <span class=\"eael-creative-button-icon-left\"><i aria-hidden=\"true\" class=\"fas fa-list-alt\"><\/i><\/span>                    \n                    <span class=\"cretive-button-text\">Conditions for establishments<\/span>\n\n                                    <\/div>\n\t                        <\/a>\n        <\/div>\n        \t\t\t\t<\/div>\n\t\t\t\t<\/div>\n\t\t\t\t<div class=\"elementor-element elementor-element-0ae8bb5 elementor-widget elementor-widget-eael-creative-button\" data-id=\"0ae8bb5\" data-element_type=\"widget\" data-e-type=\"widget\" data-widget_type=\"eael-creative-button.default\">\n\t\t\t\t<div class=\"elementor-widget-container\">\n\t\t\t\t\t        <div class=\"eael-creative-button-wrapper\">\n\n            <a class=\"eael-creative-button eael-creative-button--default eael-cb-icon-position-left\" href=\"https:\/\/sodepal.es\/wp-content\/uploads\/2024\/12\/CONDICIONES_CONSUMIDORES_BONO_BONITO_LA_PALMA_2024.pdf\" target=\"_blank\" data-text=\"Condiciones para consumidores\">\n            \t    \n                <div class=\"creative-button-inner\">\n\n                                            <span class=\"eael-creative-button-icon-left\"><i aria-hidden=\"true\" class=\"fas fa-list-alt\"><\/i><\/span>                    \n                    <span class=\"cretive-button-text\">Conditions for consumers<\/span>\n\n                                    <\/div>\n\t                        <\/a>\n        <\/div>\n        \t\t\t\t<\/div>\n\t\t\t\t<\/div>\n\t\t\t\t\t<\/div>\n\t\t<\/div>\n\t\t\t\t\t<\/div>\n\t\t<\/section>\n\t\t\t\t<\/div>","protected":false},"excerpt":{"rendered":"<p>Those who consume in the local commerce of La Palma will have vouchers worth 10 euros, which will be complemented with another 10 euros of contribution from each individual. The Cabildo de La Palma, through its Department of Economic Promotion and Commerce, directed by Miriam Perestelo, is promoting a new edition of the Bono Bonito, especially for those who ... <a title=\"The Cabildo&#039;s Bono Bonito returns this Christmas, generating an investment of 700,000 euros in the island&#039;s commercial fabric.\" class=\"read-more\" href=\"https:\/\/sodepal.es\/en\/el-bono-bonito-del-cabildo-regresa-esta-navidad-generando-una-inversion-de-700-000e-en-el-tejido-comercial-de-la-isla\/\" aria-label=\"Read more about The Cabildo&#039;s Bono Bonito returns this Christmas generating an investment of 700,000\u20ac in the Island&#039;s commercial fabric\">Read more<\/a><\/p>","protected":false},"author":1,"featured_media":22801,"comment_status":"open","ping_status":"open","sticky":false,"template":"","format":"standard","meta":{"_acf_changed":false,"footnotes":""},"categories":[19],"tags":[],"class_list":["post-22799","post","type-post","status-publish","format-standard","has-post-thumbnail","hentry","category-noticias"],"acf":[],"yoast_head":"<!-- This site is optimized with the Yoast SEO Premium plugin v22.0 (Yoast SEO v27.4) - https:\/\/yoast.com\/product\/yoast-seo-premium-wordpress\/ -->\n<title>El Bono Bonito del Cabildo regresa esta Navidad generando una inversi\u00f3n de 700.000\u20ac en el tejido comercial de la Isla - Sociedad de Promoci\u00f3n y Desarrollo Econ\u00f3mico y Social de La Palma - SODEPAL<\/title>\n<meta name=\"description\" content=\"Toda la actualidad de los proyectos y eventos desarrollados por SODEPAL\" \/>\n<meta name=\"robots\" content=\"index, follow, max-snippet:-1, max-image-preview:large, max-video-preview:-1\" \/>\n<link rel=\"canonical\" href=\"https:\/\/sodepal.es\/en\/el-bono-bonito-del-cabildo-regresa-esta-navidad-generando-una-inversion-de-700-000e-en-el-tejido-comercial-de-la-isla\/\" \/>\n<meta property=\"og:locale\" content=\"en_GB\" \/>\n<meta property=\"og:type\" content=\"article\" \/>\n<meta property=\"og:title\" content=\"El Bono Bonito del Cabildo regresa esta Navidad generando una inversi\u00f3n de 700.000\u20ac en el tejido comercial de la Isla\" \/>\n<meta property=\"og:description\" content=\"Toda la actualidad de los proyectos y eventos desarrollados por SODEPAL\" \/>\n<meta property=\"og:url\" content=\"https:\/\/sodepal.es\/en\/el-bono-bonito-del-cabildo-regresa-esta-navidad-generando-una-inversion-de-700-000e-en-el-tejido-comercial-de-la-isla\/\" \/>\n<meta property=\"og:site_name\" content=\"Sociedad de Promoci\u00f3n y Desarrollo Econ\u00f3mico y Social de La Palma - SODEPAL\" \/>\n<meta property=\"article:publisher\" content=\"https:\/\/www.facebook.com\/sodepal\" \/>\n<meta property=\"article:published_time\" content=\"2024-12-21T12:21:34+00:00\" \/>\n<meta property=\"article:modified_time\" content=\"2024-12-21T12:23:55+00:00\" \/>\n<meta property=\"og:image\" content=\"https:\/\/sodepal.es\/wp-content\/uploads\/2024\/12\/Bono_bonito2.jpeg\" \/>\n\t<meta property=\"og:image:width\" content=\"1477\" \/>\n\t<meta property=\"og:image:height\" content=\"1477\" \/>\n\t<meta property=\"og:image:type\" content=\"image\/jpeg\" \/>\n<meta name=\"author\" content=\"gerencia\" \/>\n<meta name=\"twitter:card\" content=\"summary_large_image\" \/>\n<script type=\"application\/ld+json\" class=\"yoast-schema-graph\">{\"@context\":\"https:\\\/\\\/schema.org\",\"@graph\":[{\"@type\":\"Article\",\"@id\":\"https:\\\/\\\/sodepal.es\\\/el-bono-bonito-del-cabildo-regresa-esta-navidad-generando-una-inversion-de-700-000e-en-el-tejido-comercial-de-la-isla\\\/#article\",\"isPartOf\":{\"@id\":\"https:\\\/\\\/sodepal.es\\\/el-bono-bonito-del-cabildo-regresa-esta-navidad-generando-una-inversion-de-700-000e-en-el-tejido-comercial-de-la-isla\\\/\"},\"author\":{\"name\":\"gerencia\",\"@id\":\"https:\\\/\\\/sodepal.es\\\/#\\\/schema\\\/person\\\/43b1d623bde0c4ec4efd5656ef0958b2\"},\"headline\":\"El Bono Bonito del Cabildo regresa esta Navidad generando una inversi\u00f3n de 700.000\u20ac en el tejido comercial de la Isla\",\"datePublished\":\"2024-12-21T12:21:34+00:00\",\"dateModified\":\"2024-12-21T12:23:55+00:00\",\"mainEntityOfPage\":{\"@id\":\"https:\\\/\\\/sodepal.es\\\/el-bono-bonito-del-cabildo-regresa-esta-navidad-generando-una-inversion-de-700-000e-en-el-tejido-comercial-de-la-isla\\\/\"},\"wordCount\":554,\"commentCount\":0,\"publisher\":{\"@id\":\"https:\\\/\\\/sodepal.es\\\/#organization\"},\"image\":{\"@id\":\"https:\\\/\\\/sodepal.es\\\/el-bono-bonito-del-cabildo-regresa-esta-navidad-generando-una-inversion-de-700-000e-en-el-tejido-comercial-de-la-isla\\\/#primaryimage\"},\"thumbnailUrl\":\"https:\\\/\\\/sodepal.es\\\/wp-content\\\/uploads\\\/2024\\\/12\\\/Bono_bonito2.jpeg\",\"articleSection\":[\"Noticias\"],\"inLanguage\":\"en-GB\",\"potentialAction\":[{\"@type\":\"CommentAction\",\"name\":\"Comment\",\"target\":[\"https:\\\/\\\/sodepal.es\\\/el-bono-bonito-del-cabildo-regresa-esta-navidad-generando-una-inversion-de-700-000e-en-el-tejido-comercial-de-la-isla\\\/#respond\"]}]},{\"@type\":\"WebPage\",\"@id\":\"https:\\\/\\\/sodepal.es\\\/el-bono-bonito-del-cabildo-regresa-esta-navidad-generando-una-inversion-de-700-000e-en-el-tejido-comercial-de-la-isla\\\/\",\"url\":\"https:\\\/\\\/sodepal.es\\\/el-bono-bonito-del-cabildo-regresa-esta-navidad-generando-una-inversion-de-700-000e-en-el-tejido-comercial-de-la-isla\\\/\",\"name\":\"El Bono Bonito del Cabildo regresa esta Navidad generando una inversi\u00f3n de 700.000\u20ac en el tejido comercial de la Isla - Sociedad de Promoci\u00f3n y Desarrollo Econ\u00f3mico y Social de La Palma - SODEPAL\",\"isPartOf\":{\"@id\":\"https:\\\/\\\/sodepal.es\\\/#website\"},\"primaryImageOfPage\":{\"@id\":\"https:\\\/\\\/sodepal.es\\\/el-bono-bonito-del-cabildo-regresa-esta-navidad-generando-una-inversion-de-700-000e-en-el-tejido-comercial-de-la-isla\\\/#primaryimage\"},\"image\":{\"@id\":\"https:\\\/\\\/sodepal.es\\\/el-bono-bonito-del-cabildo-regresa-esta-navidad-generando-una-inversion-de-700-000e-en-el-tejido-comercial-de-la-isla\\\/#primaryimage\"},\"thumbnailUrl\":\"https:\\\/\\\/sodepal.es\\\/wp-content\\\/uploads\\\/2024\\\/12\\\/Bono_bonito2.jpeg\",\"datePublished\":\"2024-12-21T12:21:34+00:00\",\"dateModified\":\"2024-12-21T12:23:55+00:00\",\"description\":\"Toda la actualidad de los proyectos y eventos desarrollados por SODEPAL\",\"breadcrumb\":{\"@id\":\"https:\\\/\\\/sodepal.es\\\/el-bono-bonito-del-cabildo-regresa-esta-navidad-generando-una-inversion-de-700-000e-en-el-tejido-comercial-de-la-isla\\\/#breadcrumb\"},\"inLanguage\":\"en-GB\",\"potentialAction\":[{\"@type\":\"ReadAction\",\"target\":[\"https:\\\/\\\/sodepal.es\\\/el-bono-bonito-del-cabildo-regresa-esta-navidad-generando-una-inversion-de-700-000e-en-el-tejido-comercial-de-la-isla\\\/\"]}]},{\"@type\":\"ImageObject\",\"inLanguage\":\"en-GB\",\"@id\":\"https:\\\/\\\/sodepal.es\\\/el-bono-bonito-del-cabildo-regresa-esta-navidad-generando-una-inversion-de-700-000e-en-el-tejido-comercial-de-la-isla\\\/#primaryimage\",\"url\":\"https:\\\/\\\/sodepal.es\\\/wp-content\\\/uploads\\\/2024\\\/12\\\/Bono_bonito2.jpeg\",\"contentUrl\":\"https:\\\/\\\/sodepal.es\\\/wp-content\\\/uploads\\\/2024\\\/12\\\/Bono_bonito2.jpeg\",\"width\":1477,\"height\":1477},{\"@type\":\"BreadcrumbList\",\"@id\":\"https:\\\/\\\/sodepal.es\\\/el-bono-bonito-del-cabildo-regresa-esta-navidad-generando-una-inversion-de-700-000e-en-el-tejido-comercial-de-la-isla\\\/#breadcrumb\",\"itemListElement\":[{\"@type\":\"ListItem\",\"position\":1,\"name\":\"Inicio\",\"item\":\"https:\\\/\\\/sodepal.es\\\/\"},{\"@type\":\"ListItem\",\"position\":2,\"name\":\"El Bono Bonito del Cabildo regresa esta Navidad generando una inversi\u00f3n de 700.000\u20ac en el tejido comercial de la Isla\"}]},{\"@type\":\"WebSite\",\"@id\":\"https:\\\/\\\/sodepal.es\\\/#website\",\"url\":\"https:\\\/\\\/sodepal.es\\\/\",\"name\":\"Sodepal\",\"description\":\"SODEPAL es una empresa p\u00fablica dependiente del Cabildo de La Palma. Promoci\u00f3n, Fomento y Desarrollo para la isla de La Palma\",\"publisher\":{\"@id\":\"https:\\\/\\\/sodepal.es\\\/#organization\"},\"alternateName\":\"Sociedad de Promoci\u00f3n y Desarrollo Econ\u00f3mico y Social de La Palma\",\"potentialAction\":[{\"@type\":\"SearchAction\",\"target\":{\"@type\":\"EntryPoint\",\"urlTemplate\":\"https:\\\/\\\/sodepal.es\\\/?s={search_term_string}\"},\"query-input\":{\"@type\":\"PropertyValueSpecification\",\"valueRequired\":true,\"valueName\":\"search_term_string\"}}],\"inLanguage\":\"en-GB\"},{\"@type\":\"Organization\",\"@id\":\"https:\\\/\\\/sodepal.es\\\/#organization\",\"name\":\"Sociedad de Promoci\u00f3n y Desarrollo Econ\u00f3mico y Social de La Palma\",\"alternateName\":\"Sodepal\",\"url\":\"https:\\\/\\\/sodepal.es\\\/\",\"logo\":{\"@type\":\"ImageObject\",\"inLanguage\":\"en-GB\",\"@id\":\"https:\\\/\\\/sodepal.es\\\/#\\\/schema\\\/logo\\\/image\\\/\",\"url\":\"https:\\\/\\\/sodepal.es\\\/wp-content\\\/uploads\\\/2022\\\/09\\\/logo_web.png\",\"contentUrl\":\"https:\\\/\\\/sodepal.es\\\/wp-content\\\/uploads\\\/2022\\\/09\\\/logo_web.png\",\"width\":658,\"height\":156,\"caption\":\"Sociedad de Promoci\u00f3n y Desarrollo Econ\u00f3mico y Social de La Palma\"},\"image\":{\"@id\":\"https:\\\/\\\/sodepal.es\\\/#\\\/schema\\\/logo\\\/image\\\/\"},\"sameAs\":[\"https:\\\/\\\/www.facebook.com\\\/sodepal\",\"https:\\\/\\\/www.instagram.com\\\/sodepallapalma\\\/\"],\"description\":\"Sociedad de Promoci\u00f3n y Desarrollo econ\u00f3mico y Social de La Palma, empresa p\u00fablica dependiente del Cabildo de La Palma\",\"email\":\"info@sodepal.es\",\"telephone\":\"922417323\",\"legalName\":\"Sociedad de Promoci\u00f3n y Desarrollo Econ\u00f3mico de la isla de La Palma S.A.U.\"},{\"@type\":\"Person\",\"@id\":\"https:\\\/\\\/sodepal.es\\\/#\\\/schema\\\/person\\\/43b1d623bde0c4ec4efd5656ef0958b2\",\"name\":\"gerencia\",\"image\":{\"@type\":\"ImageObject\",\"inLanguage\":\"en-GB\",\"@id\":\"https:\\\/\\\/secure.gravatar.com\\\/avatar\\\/2aa1ba3e33e6721e413a7499ea7cab2e4414b99cea1516e7404245c8da655d86?s=96&d=mm&r=g\",\"url\":\"https:\\\/\\\/secure.gravatar.com\\\/avatar\\\/2aa1ba3e33e6721e413a7499ea7cab2e4414b99cea1516e7404245c8da655d86?s=96&d=mm&r=g\",\"contentUrl\":\"https:\\\/\\\/secure.gravatar.com\\\/avatar\\\/2aa1ba3e33e6721e413a7499ea7cab2e4414b99cea1516e7404245c8da655d86?s=96&d=mm&r=g\",\"caption\":\"gerencia\"}}]}<\/script>\n<!-- \/ Yoast SEO Premium plugin. -->","yoast_head_json":{"title":"El Bono Bonito del Cabildo regresa esta Navidad generando una inversi\u00f3n de 700.000\u20ac en el tejido comercial de la Isla - Sociedad de Promoci\u00f3n y Desarrollo Econ\u00f3mico y Social de La Palma - SODEPAL","description":"Toda la actualidad de los proyectos y eventos desarrollados por SODEPAL","robots":{"index":"index","follow":"follow","max-snippet":"max-snippet:-1","max-image-preview":"max-image-preview:large","max-video-preview":"max-video-preview:-1"},"canonical":"https:\/\/sodepal.es\/en\/el-bono-bonito-del-cabildo-regresa-esta-navidad-generando-una-inversion-de-700-000e-en-el-tejido-comercial-de-la-isla\/","og_locale":"en_GB","og_type":"article","og_title":"El Bono Bonito del Cabildo regresa esta Navidad generando una inversi\u00f3n de 700.000\u20ac en el tejido comercial de la Isla","og_description":"Toda la actualidad de los proyectos y eventos desarrollados por SODEPAL","og_url":"https:\/\/sodepal.es\/en\/el-bono-bonito-del-cabildo-regresa-esta-navidad-generando-una-inversion-de-700-000e-en-el-tejido-comercial-de-la-isla\/","og_site_name":"Sociedad de Promoci\u00f3n y Desarrollo Econ\u00f3mico y Social de La Palma - SODEPAL","article_publisher":"https:\/\/www.facebook.com\/sodepal","article_published_time":"2024-12-21T12:21:34+00:00","article_modified_time":"2024-12-21T12:23:55+00:00","og_image":[{"width":1477,"height":1477,"url":"https:\/\/sodepal.es\/wp-content\/uploads\/2024\/12\/Bono_bonito2.jpeg","type":"image\/jpeg"}],"author":"gerencia","twitter_card":"summary_large_image","schema":{"@context":"https:\/\/schema.org","@graph":[{"@type":"Article","@id":"https:\/\/sodepal.es\/el-bono-bonito-del-cabildo-regresa-esta-navidad-generando-una-inversion-de-700-000e-en-el-tejido-comercial-de-la-isla\/#article","isPartOf":{"@id":"https:\/\/sodepal.es\/el-bono-bonito-del-cabildo-regresa-esta-navidad-generando-una-inversion-de-700-000e-en-el-tejido-comercial-de-la-isla\/"},"author":{"name":"gerencia","@id":"https:\/\/sodepal.es\/#\/schema\/person\/43b1d623bde0c4ec4efd5656ef0958b2"},"headline":"El Bono Bonito del Cabildo regresa esta Navidad generando una inversi\u00f3n de 700.000\u20ac en el tejido comercial de la Isla","datePublished":"2024-12-21T12:21:34+00:00","dateModified":"2024-12-21T12:23:55+00:00","mainEntityOfPage":{"@id":"https:\/\/sodepal.es\/el-bono-bonito-del-cabildo-regresa-esta-navidad-generando-una-inversion-de-700-000e-en-el-tejido-comercial-de-la-isla\/"},"wordCount":554,"commentCount":0,"publisher":{"@id":"https:\/\/sodepal.es\/#organization"},"image":{"@id":"https:\/\/sodepal.es\/el-bono-bonito-del-cabildo-regresa-esta-navidad-generando-una-inversion-de-700-000e-en-el-tejido-comercial-de-la-isla\/#primaryimage"},"thumbnailUrl":"https:\/\/sodepal.es\/wp-content\/uploads\/2024\/12\/Bono_bonito2.jpeg","articleSection":["Noticias"],"inLanguage":"en-GB","potentialAction":[{"@type":"CommentAction","name":"Comment","target":["https:\/\/sodepal.es\/el-bono-bonito-del-cabildo-regresa-esta-navidad-generando-una-inversion-de-700-000e-en-el-tejido-comercial-de-la-isla\/#respond"]}]},{"@type":"WebPage","@id":"https:\/\/sodepal.es\/el-bono-bonito-del-cabildo-regresa-esta-navidad-generando-una-inversion-de-700-000e-en-el-tejido-comercial-de-la-isla\/","url":"https:\/\/sodepal.es\/el-bono-bonito-del-cabildo-regresa-esta-navidad-generando-una-inversion-de-700-000e-en-el-tejido-comercial-de-la-isla\/","name":"El Bono Bonito del Cabildo regresa esta Navidad generando una inversi\u00f3n de 700.000\u20ac en el tejido comercial de la Isla - Sociedad de Promoci\u00f3n y Desarrollo Econ\u00f3mico y Social de La Palma - SODEPAL","isPartOf":{"@id":"https:\/\/sodepal.es\/#website"},"primaryImageOfPage":{"@id":"https:\/\/sodepal.es\/el-bono-bonito-del-cabildo-regresa-esta-navidad-generando-una-inversion-de-700-000e-en-el-tejido-comercial-de-la-isla\/#primaryimage"},"image":{"@id":"https:\/\/sodepal.es\/el-bono-bonito-del-cabildo-regresa-esta-navidad-generando-una-inversion-de-700-000e-en-el-tejido-comercial-de-la-isla\/#primaryimage"},"thumbnailUrl":"https:\/\/sodepal.es\/wp-content\/uploads\/2024\/12\/Bono_bonito2.jpeg","datePublished":"2024-12-21T12:21:34+00:00","dateModified":"2024-12-21T12:23:55+00:00","description":"Toda la actualidad de los proyectos y eventos desarrollados por SODEPAL","breadcrumb":{"@id":"https:\/\/sodepal.es\/el-bono-bonito-del-cabildo-regresa-esta-navidad-generando-una-inversion-de-700-000e-en-el-tejido-comercial-de-la-isla\/#breadcrumb"},"inLanguage":"en-GB","potentialAction":[{"@type":"ReadAction","target":["https:\/\/sodepal.es\/el-bono-bonito-del-cabildo-regresa-esta-navidad-generando-una-inversion-de-700-000e-en-el-tejido-comercial-de-la-isla\/"]}]},{"@type":"ImageObject","inLanguage":"en-GB","@id":"https:\/\/sodepal.es\/el-bono-bonito-del-cabildo-regresa-esta-navidad-generando-una-inversion-de-700-000e-en-el-tejido-comercial-de-la-isla\/#primaryimage","url":"https:\/\/sodepal.es\/wp-content\/uploads\/2024\/12\/Bono_bonito2.jpeg","contentUrl":"https:\/\/sodepal.es\/wp-content\/uploads\/2024\/12\/Bono_bonito2.jpeg","width":1477,"height":1477},{"@type":"BreadcrumbList","@id":"https:\/\/sodepal.es\/el-bono-bonito-del-cabildo-regresa-esta-navidad-generando-una-inversion-de-700-000e-en-el-tejido-comercial-de-la-isla\/#breadcrumb","itemListElement":[{"@type":"ListItem","position":1,"name":"Inicio","item":"https:\/\/sodepal.es\/"},{"@type":"ListItem","position":2,"name":"El Bono Bonito del Cabildo regresa esta Navidad generando una inversi\u00f3n de 700.000\u20ac en el tejido comercial de la Isla"}]},{"@type":"WebSite","@id":"https:\/\/sodepal.es\/#website","url":"https:\/\/sodepal.es\/","name":"Sodepal","description":"SODEPAL es una empresa p\u00fablica dependiente del Cabildo de La Palma. Promoci\u00f3n, Fomento y Desarrollo para la isla de La Palma","publisher":{"@id":"https:\/\/sodepal.es\/#organization"},"alternateName":"Sociedad de Promoci\u00f3n y Desarrollo Econ\u00f3mico y Social de La Palma","potentialAction":[{"@type":"SearchAction","target":{"@type":"EntryPoint","urlTemplate":"https:\/\/sodepal.es\/?s={search_term_string}"},"query-input":{"@type":"PropertyValueSpecification","valueRequired":true,"valueName":"search_term_string"}}],"inLanguage":"en-GB"},{"@type":"Organization","@id":"https:\/\/sodepal.es\/#organization","name":"Sociedad de Promoci\u00f3n y Desarrollo Econ\u00f3mico y Social de La Palma","alternateName":"Sodepal","url":"https:\/\/sodepal.es\/","logo":{"@type":"ImageObject","inLanguage":"en-GB","@id":"https:\/\/sodepal.es\/#\/schema\/logo\/image\/","url":"https:\/\/sodepal.es\/wp-content\/uploads\/2022\/09\/logo_web.png","contentUrl":"https:\/\/sodepal.es\/wp-content\/uploads\/2022\/09\/logo_web.png","width":658,"height":156,"caption":"Sociedad de Promoci\u00f3n y Desarrollo Econ\u00f3mico y Social de La Palma"},"image":{"@id":"https:\/\/sodepal.es\/#\/schema\/logo\/image\/"},"sameAs":["https:\/\/www.facebook.com\/sodepal","https:\/\/www.instagram.com\/sodepallapalma\/"],"description":"Sociedad de Promoci\u00f3n y Desarrollo econ\u00f3mico y Social de La Palma, empresa p\u00fablica dependiente del Cabildo de La Palma","email":"info@sodepal.es","telephone":"922417323","legalName":"Sociedad de Promoci\u00f3n y Desarrollo Econ\u00f3mico de la isla de La Palma S.A.U."},{"@type":"Person","@id":"https:\/\/sodepal.es\/#\/schema\/person\/43b1d623bde0c4ec4efd5656ef0958b2","name":"gerencia","image":{"@type":"ImageObject","inLanguage":"en-GB","@id":"https:\/\/secure.gravatar.com\/avatar\/2aa1ba3e33e6721e413a7499ea7cab2e4414b99cea1516e7404245c8da655d86?s=96&d=mm&r=g","url":"https:\/\/secure.gravatar.com\/avatar\/2aa1ba3e33e6721e413a7499ea7cab2e4414b99cea1516e7404245c8da655d86?s=96&d=mm&r=g","contentUrl":"https:\/\/secure.gravatar.com\/avatar\/2aa1ba3e33e6721e413a7499ea7cab2e4414b99cea1516e7404245c8da655d86?s=96&d=mm&r=g","caption":"gerencia"}}]}},"_links":{"self":[{"href":"https:\/\/sodepal.es\/en\/wp-json\/wp\/v2\/posts\/22799","targetHints":{"allow":["GET"]}}],"collection":[{"href":"https:\/\/sodepal.es\/en\/wp-json\/wp\/v2\/posts"}],"about":[{"href":"https:\/\/sodepal.es\/en\/wp-json\/wp\/v2\/types\/post"}],"author":[{"embeddable":true,"href":"https:\/\/sodepal.es\/en\/wp-json\/wp\/v2\/users\/1"}],"replies":[{"embeddable":true,"href":"https:\/\/sodepal.es\/en\/wp-json\/wp\/v2\/comments?post=22799"}],"version-history":[{"count":0,"href":"https:\/\/sodepal.es\/en\/wp-json\/wp\/v2\/posts\/22799\/revisions"}],"wp:featuredmedia":[{"embeddable":true,"href":"https:\/\/sodepal.es\/en\/wp-json\/wp\/v2\/media\/22801"}],"wp:attachment":[{"href":"https:\/\/sodepal.es\/en\/wp-json\/wp\/v2\/media?parent=22799"}],"wp:term":[{"taxonomy":"category","embeddable":true,"href":"https:\/\/sodepal.es\/en\/wp-json\/wp\/v2\/categories?post=22799"},{"taxonomy":"post_tag","embeddable":true,"href":"https:\/\/sodepal.es\/en\/wp-json\/wp\/v2\/tags?post=22799"}],"curies":[{"name":"wp","href":"https:\/\/api.w.org\/{rel}","templated":true}]}}