{"id":22808,"date":"2024-12-26T15:06:21","date_gmt":"2024-12-26T15:06:21","guid":{"rendered":"https:\/\/sodepal.es\/?p=22808"},"modified":"2024-12-26T15:08:02","modified_gmt":"2024-12-26T15:08:02","slug":"sodepal-contara-con-7-millones-de-euros-para-promover-diversos-proyectos-de-gran-envergadura-en-la-isla","status":"publish","type":"post","link":"https:\/\/sodepal.es\/en\/sodepal-contara-con-7-millones-de-euros-para-promover-diversos-proyectos-de-gran-envergadura-en-la-isla\/","title":{"rendered":"Sodepal will have 7 million euros to promote various large-scale projects on the island."},"content":{"rendered":"<div data-elementor-type=\"wp-post\" data-elementor-id=\"22808\" class=\"elementor elementor-22808\" data-elementor-post-type=\"post\">\n\t\t\t\t\t\t<section class=\"elementor-section elementor-top-section elementor-element elementor-element-a31ad79 elementor-section-boxed elementor-section-height-default elementor-section-height-default\" data-id=\"a31ad79\" data-element_type=\"section\" data-e-type=\"section\">\n\t\t\t\t\t\t<div class=\"elementor-container elementor-column-gap-default\">\n\t\t\t\t\t<div class=\"elementor-column elementor-col-100 elementor-top-column elementor-element elementor-element-46d91ac\" data-id=\"46d91ac\" data-element_type=\"column\" data-e-type=\"column\">\n\t\t\t<div class=\"elementor-widget-wrap elementor-element-populated\">\n\t\t\t\t\t\t<div class=\"elementor-element elementor-element-9b2de91 elementor-widget elementor-widget-text-editor\" data-id=\"9b2de91\" data-element_type=\"widget\" data-e-type=\"widget\" data-widget_type=\"text-editor.default\">\n\t\t\t\t<div class=\"elementor-widget-container\">\n\t\t\t\t\t\t\t\t\t<div data-id=\"f1b14ae\" data-element_type=\"column\"><div data-id=\"c7a3ea4\" data-element_type=\"widget\" data-widget_type=\"theme-post-content.default\"><div data-elementor-type=\"wp-post\" data-elementor-id=\"22782\" data-elementor-post-type=\"post\"><section data-id=\"2e30694\" data-element_type=\"section\"><div data-id=\"0c475aa\" data-element_type=\"column\"><div data-id=\"90b12f1\" data-element_type=\"widget\" data-widget_type=\"text-editor.default\"><div class=\"field field--name-field-noticias-entradilla field--type-text-long field--label-hidden field--item\"><div class=\"field field--name-field-noticias-entradilla field--type-text-long field--label-hidden field--item\"><h4>The island's president, Sergio Rodr\u00edguez, defends the consolidation of key events for the island, as well as the commitment to projects that position La Palma at an international level.<\/h4><\/div><div class=\"field field--name-body field--type-text-with-summary field--label-hidden field--item\"><p>The Board of Directors of Sodepal has approved the draft budget of the public company of the Cabildo de La Palma for the next fiscal year, a document that has more than 7 million euros earmarked to promote various major initiatives for the island.<\/p><p>The president of the island's Cabildo, Sergio Rodr\u00edguez, argues that these events consolidate several initiatives that have been having a positive impact on society and the island's economy for years, both directly and indirectly, while also attracting people from abroad for different events, such as Transvulcania or its cycling counterpart, or the Isla Bonita Love Festival, as well as incorporating new projects that the Government Group is committed to making a place for themselves in the island's annual calendar, such as the recent Benahoare League or the La Palma Blue Experience, among others.<\/p><p>In this sense, the president explained that the island's commitment to the island's talent will continue, through the Isla Bonita Moda label, as well as other already consolidated events, such as La Palma Ecuestre, and the important work of the La Palma Film Commission and the Saborea La Palma brand to promote the island and its attractions, in its different areas of activity, abroad.<\/p><p>Miriam Perestelo, the Councillor for Economic Promotion of the Cabildo and CEO of Sodepal, highlights the coordinated work between the public company and other areas of the Cabildo to continue developing strategic projects to position the island in different aspects, such as astro-tourism, fashion, sport, music and the audiovisual sector, among others. \"From Sodepal we work continuously hand in hand with the different areas of the Institution to continue improving the lives of the people of the island while at the same time strengthening the image of La Palma abroad to make known all its attractions in terms of gastronomy, culture, sport and consolidate it as a place that can host international sporting events or bring renowned international artists, as we have already done\", he emphasises.<\/p><p>Sergio Rodr\u00edguez stresses that Sodepal has become a transforming engine of the island and an important instrument to work on part of the economic recovery of the island, allowing through the various tasks and projects to promote the generation of resources that have an impact on the recovery.<\/p><p>In this line, the work carried out by the public company has been growing in recent years, both to include more initiatives to boost the local economy, as well as in the management of resources that enable advice and support to companies and self-employed Palmeros.<\/p><p>In this way, from projects linked to the primary sector, crafts, sustainability, cinema, gastronomy or tourism, to the most international ones such as the Isla Bonita Love Festival, Transvulcania or Fashion Week, or those that will allow a total transformation of La Palma, such as geothermal energy, Sodepal is leading the process of the island's recovery.<\/p><\/div><\/div><\/div><\/div><\/section><\/div><\/div><\/div>\t\t\t\t\t\t\t\t<\/div>\n\t\t\t\t<\/div>\n\t\t\t\t<div class=\"elementor-element elementor-element-c8cbec6 elementor-widget elementor-widget-eael-creative-button\" data-id=\"c8cbec6\" data-element_type=\"widget\" data-e-type=\"widget\" data-widget_type=\"eael-creative-button.default\">\n\t\t\t\t<div class=\"elementor-widget-container\">\n\t\t\t\t\t        <div class=\"eael-creative-button-wrapper\">\n\n            <a class=\"eael-creative-button eael-creative-button--default eael-cb-icon-position-left\" href=\"https:\/\/sodepal.es\/wp-content\/uploads\/2024\/12\/CONDICIONES_ESTABLECIMIENTOS_BONO_BONITO_LA_PALMA_2024.pdf\" target=\"_blank\" data-text=\"Condiciones para establecimientos\">\n            \t    \n                <div class=\"creative-button-inner\">\n\n                                            <span class=\"eael-creative-button-icon-left\"><i aria-hidden=\"true\" class=\"fas fa-list-alt\"><\/i><\/span>                    \n                    <span class=\"cretive-button-text\">Conditions for establishments<\/span>\n\n                                    <\/div>\n\t                        <\/a>\n        <\/div>\n        \t\t\t\t<\/div>\n\t\t\t\t<\/div>\n\t\t\t\t<div class=\"elementor-element elementor-element-0ae8bb5 elementor-widget elementor-widget-eael-creative-button\" data-id=\"0ae8bb5\" data-element_type=\"widget\" data-e-type=\"widget\" data-widget_type=\"eael-creative-button.default\">\n\t\t\t\t<div class=\"elementor-widget-container\">\n\t\t\t\t\t        <div class=\"eael-creative-button-wrapper\">\n\n            <a class=\"eael-creative-button eael-creative-button--default eael-cb-icon-position-left\" href=\"https:\/\/sodepal.es\/wp-content\/uploads\/2024\/12\/CONDICIONES_CONSUMIDORES_BONO_BONITO_LA_PALMA_2024.pdf\" target=\"_blank\" data-text=\"Condiciones para consumidores\">\n            \t    \n                <div class=\"creative-button-inner\">\n\n                                            <span class=\"eael-creative-button-icon-left\"><i aria-hidden=\"true\" class=\"fas fa-list-alt\"><\/i><\/span>                    \n                    <span class=\"cretive-button-text\">Conditions for consumers<\/span>\n\n                                    <\/div>\n\t                        <\/a>\n        <\/div>\n        \t\t\t\t<\/div>\n\t\t\t\t<\/div>\n\t\t\t\t\t<\/div>\n\t\t<\/div>\n\t\t\t\t\t<\/div>\n\t\t<\/section>\n\t\t\t\t<\/div>","protected":false},"excerpt":{"rendered":"<p>The island's president, Sergio Rodr\u00edguez, defends the consolidation of key events for the island, as well as the commitment to projects that position La Palma at an international level. The Board of Directors of Sodepal has approved the draft budget of the public company of the Cabildo de La Palma for the next fiscal year, a budget that ... <a title=\"Sodepal will have 7 million euros to promote various large-scale projects on the island.\" class=\"read-more\" href=\"https:\/\/sodepal.es\/en\/sodepal-contara-con-7-millones-de-euros-para-promover-diversos-proyectos-de-gran-envergadura-en-la-isla\/\" aria-label=\"Read more about Sodepal will have 7 million euros to promote various large-scale projects on the island\">Read more<\/a><\/p>","protected":false},"author":1,"featured_media":22810,"comment_status":"open","ping_status":"open","sticky":false,"template":"","format":"standard","meta":{"_acf_changed":false,"footnotes":""},"categories":[19],"tags":[],"class_list":["post-22808","post","type-post","status-publish","format-standard","has-post-thumbnail","hentry","category-noticias"],"acf":[],"yoast_head":"<!-- This site is optimized with the Yoast SEO Premium plugin v22.0 (Yoast SEO v27.4) - https:\/\/yoast.com\/product\/yoast-seo-premium-wordpress\/ -->\n<title>Sodepal contar\u00e1 con 7 millones de euros para promover diversos proyectos de gran envergadura en la Isla - Sociedad de Promoci\u00f3n y Desarrollo Econ\u00f3mico y Social de La Palma - SODEPAL<\/title>\n<meta name=\"description\" content=\"Toda la actualidad de los proyectos y eventos desarrollados por SODEPAL\" \/>\n<meta name=\"robots\" content=\"index, follow, max-snippet:-1, max-image-preview:large, max-video-preview:-1\" \/>\n<link rel=\"canonical\" href=\"https:\/\/sodepal.es\/en\/sodepal-contara-con-7-millones-de-euros-para-promover-diversos-proyectos-de-gran-envergadura-en-la-isla\/\" \/>\n<meta property=\"og:locale\" content=\"en_GB\" \/>\n<meta property=\"og:type\" content=\"article\" \/>\n<meta property=\"og:title\" content=\"Sodepal contar\u00e1 con 7 millones de euros para promover diversos proyectos de gran envergadura en la Isla\" \/>\n<meta property=\"og:description\" content=\"Toda la actualidad de los proyectos y eventos desarrollados por SODEPAL\" \/>\n<meta property=\"og:url\" content=\"https:\/\/sodepal.es\/en\/sodepal-contara-con-7-millones-de-euros-para-promover-diversos-proyectos-de-gran-envergadura-en-la-isla\/\" \/>\n<meta property=\"og:site_name\" content=\"Sociedad de Promoci\u00f3n y Desarrollo Econ\u00f3mico y Social de La Palma - SODEPAL\" \/>\n<meta property=\"article:publisher\" content=\"https:\/\/www.facebook.com\/sodepal\" \/>\n<meta property=\"article:published_time\" content=\"2024-12-26T15:06:21+00:00\" \/>\n<meta property=\"article:modified_time\" content=\"2024-12-26T15:08:02+00:00\" \/>\n<meta property=\"og:image\" content=\"https:\/\/sodepal.es\/wp-content\/uploads\/2024\/12\/Consejo_Administracion_Sodepal-scaled.jpeg\" \/>\n\t<meta property=\"og:image:width\" content=\"2560\" \/>\n\t<meta property=\"og:image:height\" content=\"1920\" \/>\n\t<meta property=\"og:image:type\" content=\"image\/jpeg\" \/>\n<meta name=\"author\" content=\"gerencia\" \/>\n<meta name=\"twitter:card\" content=\"summary_large_image\" \/>\n<script type=\"application\/ld+json\" class=\"yoast-schema-graph\">{\"@context\":\"https:\\\/\\\/schema.org\",\"@graph\":[{\"@type\":\"Article\",\"@id\":\"https:\\\/\\\/sodepal.es\\\/sodepal-contara-con-7-millones-de-euros-para-promover-diversos-proyectos-de-gran-envergadura-en-la-isla\\\/#article\",\"isPartOf\":{\"@id\":\"https:\\\/\\\/sodepal.es\\\/sodepal-contara-con-7-millones-de-euros-para-promover-diversos-proyectos-de-gran-envergadura-en-la-isla\\\/\"},\"author\":{\"name\":\"gerencia\",\"@id\":\"https:\\\/\\\/sodepal.es\\\/#\\\/schema\\\/person\\\/43b1d623bde0c4ec4efd5656ef0958b2\"},\"headline\":\"Sodepal contar\u00e1 con 7 millones de euros para promover diversos proyectos de gran envergadura en la Isla\",\"datePublished\":\"2024-12-26T15:06:21+00:00\",\"dateModified\":\"2024-12-26T15:08:02+00:00\",\"mainEntityOfPage\":{\"@id\":\"https:\\\/\\\/sodepal.es\\\/sodepal-contara-con-7-millones-de-euros-para-promover-diversos-proyectos-de-gran-envergadura-en-la-isla\\\/\"},\"wordCount\":599,\"commentCount\":0,\"publisher\":{\"@id\":\"https:\\\/\\\/sodepal.es\\\/#organization\"},\"image\":{\"@id\":\"https:\\\/\\\/sodepal.es\\\/sodepal-contara-con-7-millones-de-euros-para-promover-diversos-proyectos-de-gran-envergadura-en-la-isla\\\/#primaryimage\"},\"thumbnailUrl\":\"https:\\\/\\\/sodepal.es\\\/wp-content\\\/uploads\\\/2024\\\/12\\\/Consejo_Administracion_Sodepal-scaled.jpeg\",\"articleSection\":[\"Noticias\"],\"inLanguage\":\"en-GB\",\"potentialAction\":[{\"@type\":\"CommentAction\",\"name\":\"Comment\",\"target\":[\"https:\\\/\\\/sodepal.es\\\/sodepal-contara-con-7-millones-de-euros-para-promover-diversos-proyectos-de-gran-envergadura-en-la-isla\\\/#respond\"]}]},{\"@type\":\"WebPage\",\"@id\":\"https:\\\/\\\/sodepal.es\\\/sodepal-contara-con-7-millones-de-euros-para-promover-diversos-proyectos-de-gran-envergadura-en-la-isla\\\/\",\"url\":\"https:\\\/\\\/sodepal.es\\\/sodepal-contara-con-7-millones-de-euros-para-promover-diversos-proyectos-de-gran-envergadura-en-la-isla\\\/\",\"name\":\"Sodepal contar\u00e1 con 7 millones de euros para promover diversos proyectos de gran envergadura en la Isla - Sociedad de Promoci\u00f3n y Desarrollo Econ\u00f3mico y Social de La Palma - SODEPAL\",\"isPartOf\":{\"@id\":\"https:\\\/\\\/sodepal.es\\\/#website\"},\"primaryImageOfPage\":{\"@id\":\"https:\\\/\\\/sodepal.es\\\/sodepal-contara-con-7-millones-de-euros-para-promover-diversos-proyectos-de-gran-envergadura-en-la-isla\\\/#primaryimage\"},\"image\":{\"@id\":\"https:\\\/\\\/sodepal.es\\\/sodepal-contara-con-7-millones-de-euros-para-promover-diversos-proyectos-de-gran-envergadura-en-la-isla\\\/#primaryimage\"},\"thumbnailUrl\":\"https:\\\/\\\/sodepal.es\\\/wp-content\\\/uploads\\\/2024\\\/12\\\/Consejo_Administracion_Sodepal-scaled.jpeg\",\"datePublished\":\"2024-12-26T15:06:21+00:00\",\"dateModified\":\"2024-12-26T15:08:02+00:00\",\"description\":\"Toda la actualidad de los proyectos y eventos desarrollados por SODEPAL\",\"breadcrumb\":{\"@id\":\"https:\\\/\\\/sodepal.es\\\/sodepal-contara-con-7-millones-de-euros-para-promover-diversos-proyectos-de-gran-envergadura-en-la-isla\\\/#breadcrumb\"},\"inLanguage\":\"en-GB\",\"potentialAction\":[{\"@type\":\"ReadAction\",\"target\":[\"https:\\\/\\\/sodepal.es\\\/sodepal-contara-con-7-millones-de-euros-para-promover-diversos-proyectos-de-gran-envergadura-en-la-isla\\\/\"]}]},{\"@type\":\"ImageObject\",\"inLanguage\":\"en-GB\",\"@id\":\"https:\\\/\\\/sodepal.es\\\/sodepal-contara-con-7-millones-de-euros-para-promover-diversos-proyectos-de-gran-envergadura-en-la-isla\\\/#primaryimage\",\"url\":\"https:\\\/\\\/sodepal.es\\\/wp-content\\\/uploads\\\/2024\\\/12\\\/Consejo_Administracion_Sodepal-scaled.jpeg\",\"contentUrl\":\"https:\\\/\\\/sodepal.es\\\/wp-content\\\/uploads\\\/2024\\\/12\\\/Consejo_Administracion_Sodepal-scaled.jpeg\",\"width\":2560,\"height\":1920},{\"@type\":\"BreadcrumbList\",\"@id\":\"https:\\\/\\\/sodepal.es\\\/sodepal-contara-con-7-millones-de-euros-para-promover-diversos-proyectos-de-gran-envergadura-en-la-isla\\\/#breadcrumb\",\"itemListElement\":[{\"@type\":\"ListItem\",\"position\":1,\"name\":\"Inicio\",\"item\":\"https:\\\/\\\/sodepal.es\\\/\"},{\"@type\":\"ListItem\",\"position\":2,\"name\":\"Sodepal contar\u00e1 con 7 millones de euros para promover diversos proyectos de gran envergadura en la Isla\"}]},{\"@type\":\"WebSite\",\"@id\":\"https:\\\/\\\/sodepal.es\\\/#website\",\"url\":\"https:\\\/\\\/sodepal.es\\\/\",\"name\":\"Sodepal\",\"description\":\"SODEPAL es una empresa p\u00fablica dependiente del Cabildo de La Palma. Promoci\u00f3n, Fomento y Desarrollo para la isla de La Palma\",\"publisher\":{\"@id\":\"https:\\\/\\\/sodepal.es\\\/#organization\"},\"alternateName\":\"Sociedad de Promoci\u00f3n y Desarrollo Econ\u00f3mico y Social de La Palma\",\"potentialAction\":[{\"@type\":\"SearchAction\",\"target\":{\"@type\":\"EntryPoint\",\"urlTemplate\":\"https:\\\/\\\/sodepal.es\\\/?s={search_term_string}\"},\"query-input\":{\"@type\":\"PropertyValueSpecification\",\"valueRequired\":true,\"valueName\":\"search_term_string\"}}],\"inLanguage\":\"en-GB\"},{\"@type\":\"Organization\",\"@id\":\"https:\\\/\\\/sodepal.es\\\/#organization\",\"name\":\"Sociedad de Promoci\u00f3n y Desarrollo Econ\u00f3mico y Social de La Palma\",\"alternateName\":\"Sodepal\",\"url\":\"https:\\\/\\\/sodepal.es\\\/\",\"logo\":{\"@type\":\"ImageObject\",\"inLanguage\":\"en-GB\",\"@id\":\"https:\\\/\\\/sodepal.es\\\/#\\\/schema\\\/logo\\\/image\\\/\",\"url\":\"https:\\\/\\\/sodepal.es\\\/wp-content\\\/uploads\\\/2022\\\/09\\\/logo_web.png\",\"contentUrl\":\"https:\\\/\\\/sodepal.es\\\/wp-content\\\/uploads\\\/2022\\\/09\\\/logo_web.png\",\"width\":658,\"height\":156,\"caption\":\"Sociedad de Promoci\u00f3n y Desarrollo Econ\u00f3mico y Social de La Palma\"},\"image\":{\"@id\":\"https:\\\/\\\/sodepal.es\\\/#\\\/schema\\\/logo\\\/image\\\/\"},\"sameAs\":[\"https:\\\/\\\/www.facebook.com\\\/sodepal\",\"https:\\\/\\\/www.instagram.com\\\/sodepallapalma\\\/\"],\"description\":\"Sociedad de Promoci\u00f3n y Desarrollo econ\u00f3mico y Social de La Palma, empresa p\u00fablica dependiente del Cabildo de La Palma\",\"email\":\"info@sodepal.es\",\"telephone\":\"922417323\",\"legalName\":\"Sociedad de Promoci\u00f3n y Desarrollo Econ\u00f3mico de la isla de La Palma S.A.U.\"},{\"@type\":\"Person\",\"@id\":\"https:\\\/\\\/sodepal.es\\\/#\\\/schema\\\/person\\\/43b1d623bde0c4ec4efd5656ef0958b2\",\"name\":\"gerencia\",\"image\":{\"@type\":\"ImageObject\",\"inLanguage\":\"en-GB\",\"@id\":\"https:\\\/\\\/secure.gravatar.com\\\/avatar\\\/2aa1ba3e33e6721e413a7499ea7cab2e4414b99cea1516e7404245c8da655d86?s=96&d=mm&r=g\",\"url\":\"https:\\\/\\\/secure.gravatar.com\\\/avatar\\\/2aa1ba3e33e6721e413a7499ea7cab2e4414b99cea1516e7404245c8da655d86?s=96&d=mm&r=g\",\"contentUrl\":\"https:\\\/\\\/secure.gravatar.com\\\/avatar\\\/2aa1ba3e33e6721e413a7499ea7cab2e4414b99cea1516e7404245c8da655d86?s=96&d=mm&r=g\",\"caption\":\"gerencia\"}}]}<\/script>\n<!-- \/ Yoast SEO Premium plugin. -->","yoast_head_json":{"title":"Sodepal contar\u00e1 con 7 millones de euros para promover diversos proyectos de gran envergadura en la Isla - Sociedad de Promoci\u00f3n y Desarrollo Econ\u00f3mico y Social de La Palma - SODEPAL","description":"Toda la actualidad de los proyectos y eventos desarrollados por SODEPAL","robots":{"index":"index","follow":"follow","max-snippet":"max-snippet:-1","max-image-preview":"max-image-preview:large","max-video-preview":"max-video-preview:-1"},"canonical":"https:\/\/sodepal.es\/en\/sodepal-contara-con-7-millones-de-euros-para-promover-diversos-proyectos-de-gran-envergadura-en-la-isla\/","og_locale":"en_GB","og_type":"article","og_title":"Sodepal contar\u00e1 con 7 millones de euros para promover diversos proyectos de gran envergadura en la Isla","og_description":"Toda la actualidad de los proyectos y eventos desarrollados por SODEPAL","og_url":"https:\/\/sodepal.es\/en\/sodepal-contara-con-7-millones-de-euros-para-promover-diversos-proyectos-de-gran-envergadura-en-la-isla\/","og_site_name":"Sociedad de Promoci\u00f3n y Desarrollo Econ\u00f3mico y Social de La Palma - SODEPAL","article_publisher":"https:\/\/www.facebook.com\/sodepal","article_published_time":"2024-12-26T15:06:21+00:00","article_modified_time":"2024-12-26T15:08:02+00:00","og_image":[{"width":2560,"height":1920,"url":"https:\/\/sodepal.es\/wp-content\/uploads\/2024\/12\/Consejo_Administracion_Sodepal-scaled.jpeg","type":"image\/jpeg"}],"author":"gerencia","twitter_card":"summary_large_image","schema":{"@context":"https:\/\/schema.org","@graph":[{"@type":"Article","@id":"https:\/\/sodepal.es\/sodepal-contara-con-7-millones-de-euros-para-promover-diversos-proyectos-de-gran-envergadura-en-la-isla\/#article","isPartOf":{"@id":"https:\/\/sodepal.es\/sodepal-contara-con-7-millones-de-euros-para-promover-diversos-proyectos-de-gran-envergadura-en-la-isla\/"},"author":{"name":"gerencia","@id":"https:\/\/sodepal.es\/#\/schema\/person\/43b1d623bde0c4ec4efd5656ef0958b2"},"headline":"Sodepal contar\u00e1 con 7 millones de euros para promover diversos proyectos de gran envergadura en la Isla","datePublished":"2024-12-26T15:06:21+00:00","dateModified":"2024-12-26T15:08:02+00:00","mainEntityOfPage":{"@id":"https:\/\/sodepal.es\/sodepal-contara-con-7-millones-de-euros-para-promover-diversos-proyectos-de-gran-envergadura-en-la-isla\/"},"wordCount":599,"commentCount":0,"publisher":{"@id":"https:\/\/sodepal.es\/#organization"},"image":{"@id":"https:\/\/sodepal.es\/sodepal-contara-con-7-millones-de-euros-para-promover-diversos-proyectos-de-gran-envergadura-en-la-isla\/#primaryimage"},"thumbnailUrl":"https:\/\/sodepal.es\/wp-content\/uploads\/2024\/12\/Consejo_Administracion_Sodepal-scaled.jpeg","articleSection":["Noticias"],"inLanguage":"en-GB","potentialAction":[{"@type":"CommentAction","name":"Comment","target":["https:\/\/sodepal.es\/sodepal-contara-con-7-millones-de-euros-para-promover-diversos-proyectos-de-gran-envergadura-en-la-isla\/#respond"]}]},{"@type":"WebPage","@id":"https:\/\/sodepal.es\/sodepal-contara-con-7-millones-de-euros-para-promover-diversos-proyectos-de-gran-envergadura-en-la-isla\/","url":"https:\/\/sodepal.es\/sodepal-contara-con-7-millones-de-euros-para-promover-diversos-proyectos-de-gran-envergadura-en-la-isla\/","name":"Sodepal contar\u00e1 con 7 millones de euros para promover diversos proyectos de gran envergadura en la Isla - Sociedad de Promoci\u00f3n y Desarrollo Econ\u00f3mico y Social de La Palma - SODEPAL","isPartOf":{"@id":"https:\/\/sodepal.es\/#website"},"primaryImageOfPage":{"@id":"https:\/\/sodepal.es\/sodepal-contara-con-7-millones-de-euros-para-promover-diversos-proyectos-de-gran-envergadura-en-la-isla\/#primaryimage"},"image":{"@id":"https:\/\/sodepal.es\/sodepal-contara-con-7-millones-de-euros-para-promover-diversos-proyectos-de-gran-envergadura-en-la-isla\/#primaryimage"},"thumbnailUrl":"https:\/\/sodepal.es\/wp-content\/uploads\/2024\/12\/Consejo_Administracion_Sodepal-scaled.jpeg","datePublished":"2024-12-26T15:06:21+00:00","dateModified":"2024-12-26T15:08:02+00:00","description":"Toda la actualidad de los proyectos y eventos desarrollados por SODEPAL","breadcrumb":{"@id":"https:\/\/sodepal.es\/sodepal-contara-con-7-millones-de-euros-para-promover-diversos-proyectos-de-gran-envergadura-en-la-isla\/#breadcrumb"},"inLanguage":"en-GB","potentialAction":[{"@type":"ReadAction","target":["https:\/\/sodepal.es\/sodepal-contara-con-7-millones-de-euros-para-promover-diversos-proyectos-de-gran-envergadura-en-la-isla\/"]}]},{"@type":"ImageObject","inLanguage":"en-GB","@id":"https:\/\/sodepal.es\/sodepal-contara-con-7-millones-de-euros-para-promover-diversos-proyectos-de-gran-envergadura-en-la-isla\/#primaryimage","url":"https:\/\/sodepal.es\/wp-content\/uploads\/2024\/12\/Consejo_Administracion_Sodepal-scaled.jpeg","contentUrl":"https:\/\/sodepal.es\/wp-content\/uploads\/2024\/12\/Consejo_Administracion_Sodepal-scaled.jpeg","width":2560,"height":1920},{"@type":"BreadcrumbList","@id":"https:\/\/sodepal.es\/sodepal-contara-con-7-millones-de-euros-para-promover-diversos-proyectos-de-gran-envergadura-en-la-isla\/#breadcrumb","itemListElement":[{"@type":"ListItem","position":1,"name":"Inicio","item":"https:\/\/sodepal.es\/"},{"@type":"ListItem","position":2,"name":"Sodepal contar\u00e1 con 7 millones de euros para promover diversos proyectos de gran envergadura en la Isla"}]},{"@type":"WebSite","@id":"https:\/\/sodepal.es\/#website","url":"https:\/\/sodepal.es\/","name":"Sodepal","description":"SODEPAL es una empresa p\u00fablica dependiente del Cabildo de La Palma. Promoci\u00f3n, Fomento y Desarrollo para la isla de La Palma","publisher":{"@id":"https:\/\/sodepal.es\/#organization"},"alternateName":"Sociedad de Promoci\u00f3n y Desarrollo Econ\u00f3mico y Social de La Palma","potentialAction":[{"@type":"SearchAction","target":{"@type":"EntryPoint","urlTemplate":"https:\/\/sodepal.es\/?s={search_term_string}"},"query-input":{"@type":"PropertyValueSpecification","valueRequired":true,"valueName":"search_term_string"}}],"inLanguage":"en-GB"},{"@type":"Organization","@id":"https:\/\/sodepal.es\/#organization","name":"Sociedad de Promoci\u00f3n y Desarrollo Econ\u00f3mico y Social de La Palma","alternateName":"Sodepal","url":"https:\/\/sodepal.es\/","logo":{"@type":"ImageObject","inLanguage":"en-GB","@id":"https:\/\/sodepal.es\/#\/schema\/logo\/image\/","url":"https:\/\/sodepal.es\/wp-content\/uploads\/2022\/09\/logo_web.png","contentUrl":"https:\/\/sodepal.es\/wp-content\/uploads\/2022\/09\/logo_web.png","width":658,"height":156,"caption":"Sociedad de Promoci\u00f3n y Desarrollo Econ\u00f3mico y Social de La Palma"},"image":{"@id":"https:\/\/sodepal.es\/#\/schema\/logo\/image\/"},"sameAs":["https:\/\/www.facebook.com\/sodepal","https:\/\/www.instagram.com\/sodepallapalma\/"],"description":"Sociedad de Promoci\u00f3n y Desarrollo econ\u00f3mico y Social de La Palma, empresa p\u00fablica dependiente del Cabildo de La Palma","email":"info@sodepal.es","telephone":"922417323","legalName":"Sociedad de Promoci\u00f3n y Desarrollo Econ\u00f3mico de la isla de La Palma S.A.U."},{"@type":"Person","@id":"https:\/\/sodepal.es\/#\/schema\/person\/43b1d623bde0c4ec4efd5656ef0958b2","name":"gerencia","image":{"@type":"ImageObject","inLanguage":"en-GB","@id":"https:\/\/secure.gravatar.com\/avatar\/2aa1ba3e33e6721e413a7499ea7cab2e4414b99cea1516e7404245c8da655d86?s=96&d=mm&r=g","url":"https:\/\/secure.gravatar.com\/avatar\/2aa1ba3e33e6721e413a7499ea7cab2e4414b99cea1516e7404245c8da655d86?s=96&d=mm&r=g","contentUrl":"https:\/\/secure.gravatar.com\/avatar\/2aa1ba3e33e6721e413a7499ea7cab2e4414b99cea1516e7404245c8da655d86?s=96&d=mm&r=g","caption":"gerencia"}}]}},"_links":{"self":[{"href":"https:\/\/sodepal.es\/en\/wp-json\/wp\/v2\/posts\/22808","targetHints":{"allow":["GET"]}}],"collection":[{"href":"https:\/\/sodepal.es\/en\/wp-json\/wp\/v2\/posts"}],"about":[{"href":"https:\/\/sodepal.es\/en\/wp-json\/wp\/v2\/types\/post"}],"author":[{"embeddable":true,"href":"https:\/\/sodepal.es\/en\/wp-json\/wp\/v2\/users\/1"}],"replies":[{"embeddable":true,"href":"https:\/\/sodepal.es\/en\/wp-json\/wp\/v2\/comments?post=22808"}],"version-history":[{"count":0,"href":"https:\/\/sodepal.es\/en\/wp-json\/wp\/v2\/posts\/22808\/revisions"}],"wp:featuredmedia":[{"embeddable":true,"href":"https:\/\/sodepal.es\/en\/wp-json\/wp\/v2\/media\/22810"}],"wp:attachment":[{"href":"https:\/\/sodepal.es\/en\/wp-json\/wp\/v2\/media?parent=22808"}],"wp:term":[{"taxonomy":"category","embeddable":true,"href":"https:\/\/sodepal.es\/en\/wp-json\/wp\/v2\/categories?post=22808"},{"taxonomy":"post_tag","embeddable":true,"href":"https:\/\/sodepal.es\/en\/wp-json\/wp\/v2\/tags?post=22808"}],"curies":[{"name":"wp","href":"https:\/\/api.w.org\/{rel}","templated":true}]}}