{"id":22817,"date":"2024-12-26T15:08:31","date_gmt":"2024-12-26T15:08:31","guid":{"rendered":"https:\/\/sodepal.es\/?p=22817"},"modified":"2024-12-26T15:10:40","modified_gmt":"2024-12-26T15:10:40","slug":"el-cabildo-a-traves-de-sodepal-contratara-a-12-profesionales-para-avanzar-en-la-explotacion-de-energias-renovables","status":"publish","type":"post","link":"https:\/\/sodepal.es\/en\/el-cabildo-a-traves-de-sodepal-contratara-a-12-profesionales-para-avanzar-en-la-explotacion-de-energias-renovables\/","title":{"rendered":"The Cabildo, through Sodepal, will hire 12 professionals to advance in the exploitation of renewable energies."},"content":{"rendered":"<div data-elementor-type=\"wp-post\" data-elementor-id=\"22817\" class=\"elementor elementor-22817\" data-elementor-post-type=\"post\">\n\t\t\t\t\t\t<section class=\"elementor-section elementor-top-section elementor-element elementor-element-a31ad79 elementor-section-boxed elementor-section-height-default elementor-section-height-default\" data-id=\"a31ad79\" data-element_type=\"section\" data-e-type=\"section\">\n\t\t\t\t\t\t<div class=\"elementor-container elementor-column-gap-default\">\n\t\t\t\t\t<div class=\"elementor-column elementor-col-100 elementor-top-column elementor-element elementor-element-46d91ac\" data-id=\"46d91ac\" data-element_type=\"column\" data-e-type=\"column\">\n\t\t\t<div class=\"elementor-widget-wrap elementor-element-populated\">\n\t\t\t\t\t\t<div class=\"elementor-element elementor-element-9b2de91 elementor-widget elementor-widget-text-editor\" data-id=\"9b2de91\" data-element_type=\"widget\" data-e-type=\"widget\" data-widget_type=\"text-editor.default\">\n\t\t\t\t<div class=\"elementor-widget-container\">\n\t\t\t\t\t\t\t\t\t<div data-id=\"f1b14ae\" data-element_type=\"column\"><div data-id=\"c7a3ea4\" data-element_type=\"widget\" data-widget_type=\"theme-post-content.default\"><div data-elementor-type=\"wp-post\" data-elementor-id=\"22782\" data-elementor-post-type=\"post\"><section data-id=\"2e30694\" data-element_type=\"section\"><div data-id=\"0c475aa\" data-element_type=\"column\"><div data-id=\"90b12f1\" data-element_type=\"widget\" data-widget_type=\"text-editor.default\"><div class=\"field field--name-field-noticias-entradilla field--type-text-long field--label-hidden field--item\"><div class=\"field field--name-field-noticias-entradilla field--type-text-long field--label-hidden field--item\"><div class=\"field field--name-field-noticias-entradilla field--type-text-long field--label-hidden field--item\"><h4>Sergio Rodr\u00edguez points out that the exploitation of geothermal energy is a fundamental axis in the bid to transform the island.<\/h4><\/div><div class=\"field field--name-body field--type-text-with-summary field--label-hidden field--item\"><p>The Cabildo de La Palma, through the public company Sodepal, will hire twelve professionals from different specialties to continue advancing in the exploitation of new energies on the island, giving support and backing to the entity's Renewable Energy Management Centre.<\/p><p>The island's president, Sergio Rodr\u00edguez, emphasises that these staff will support the projects being carried out by Sodepal on behalf of the Island Council, enabling further progress to be made in the total change of the island's energy mix, bringing much more autonomy to the territory.<\/p><p>With this project, for which a grant of 500,000 euros has been received from the Canary Islands Employment Service, within the framework of the Canary Islands - State agreement of the Integral Employment Plan, it is possible to promote measures that are in line with the energy transition and to turn it into an axis of transformation.<\/p><p>The investment will enable the recruitment for twelve months of a geology technician, a GIS technician, an environmental technician, a public works technician, a community facilitation technician, a psychology technician, an anthropology technician, a multimedia technician, a computer technician, a field technician, a labour technician and an administrative officer.<\/p><p>This subsidy is also of a training nature, providing personnel trained in this very specific area and allowing the public company and external companies to have specialised professionals available on the island.<\/p><p>The Cabildo's commitment to transforming the island has the exploitation of geothermal energy as a fundamental axis, allowing this action, Sergio Rodr\u00edguez emphasises, also to retain local talent on the island, especially in the sectors in which more qualifications will be needed, such as the energy sector.<\/p><p>Furthermore, this work is framed in a context in which the public company of La Palma has obtained the mining rights to obtain geothermal energy in the areas of greatest scientific interest on the island. Once the tender for geothermal resources has been awarded, the Palms Institution will be able to work in the municipalities of Villa de Mazo and Fuencaliente.<\/p><\/div><\/div><\/div><\/div><\/div><\/section><\/div><\/div><\/div>\t\t\t\t\t\t\t\t<\/div>\n\t\t\t\t<\/div>\n\t\t\t\t<div class=\"elementor-element elementor-element-c8cbec6 elementor-widget elementor-widget-eael-creative-button\" data-id=\"c8cbec6\" data-element_type=\"widget\" data-e-type=\"widget\" data-widget_type=\"eael-creative-button.default\">\n\t\t\t\t<div class=\"elementor-widget-container\">\n\t\t\t\t\t        <div class=\"eael-creative-button-wrapper\">\n\n            <a class=\"eael-creative-button eael-creative-button--default eael-cb-icon-position-left\" href=\"https:\/\/sodepal.es\/wp-content\/uploads\/2024\/12\/CONDICIONES_ESTABLECIMIENTOS_BONO_BONITO_LA_PALMA_2024.pdf\" target=\"_blank\" data-text=\"Condiciones para establecimientos\">\n            \t    \n                <div class=\"creative-button-inner\">\n\n                                            <span class=\"eael-creative-button-icon-left\"><i aria-hidden=\"true\" class=\"fas fa-list-alt\"><\/i><\/span>                    \n                    <span class=\"cretive-button-text\">Conditions for establishments<\/span>\n\n                                    <\/div>\n\t                        <\/a>\n        <\/div>\n        \t\t\t\t<\/div>\n\t\t\t\t<\/div>\n\t\t\t\t<div class=\"elementor-element elementor-element-0ae8bb5 elementor-widget elementor-widget-eael-creative-button\" data-id=\"0ae8bb5\" data-element_type=\"widget\" data-e-type=\"widget\" data-widget_type=\"eael-creative-button.default\">\n\t\t\t\t<div class=\"elementor-widget-container\">\n\t\t\t\t\t        <div class=\"eael-creative-button-wrapper\">\n\n            <a class=\"eael-creative-button eael-creative-button--default eael-cb-icon-position-left\" href=\"https:\/\/sodepal.es\/wp-content\/uploads\/2024\/12\/CONDICIONES_CONSUMIDORES_BONO_BONITO_LA_PALMA_2024.pdf\" target=\"_blank\" data-text=\"Condiciones para consumidores\">\n            \t    \n                <div class=\"creative-button-inner\">\n\n                                            <span class=\"eael-creative-button-icon-left\"><i aria-hidden=\"true\" class=\"fas fa-list-alt\"><\/i><\/span>                    \n                    <span class=\"cretive-button-text\">Conditions for consumers<\/span>\n\n                                    <\/div>\n\t                        <\/a>\n        <\/div>\n        \t\t\t\t<\/div>\n\t\t\t\t<\/div>\n\t\t\t\t\t<\/div>\n\t\t<\/div>\n\t\t\t\t\t<\/div>\n\t\t<\/section>\n\t\t\t\t<\/div>","protected":false},"excerpt":{"rendered":"<p>Sergio Rodr\u00edguez points out that the exploitation of geothermal energy is a fundamental axis in the commitment to transform the island. The Cabildo de La Palma, through the public company Sodepal, will hire twelve professionals in different specialties to continue advancing in the exploitation of new energies on the island, giving the island a new ... <a title=\"The Cabildo, through Sodepal, will hire 12 professionals to advance in the exploitation of renewable energies.\" class=\"read-more\" href=\"https:\/\/sodepal.es\/en\/el-cabildo-a-traves-de-sodepal-contratara-a-12-profesionales-para-avanzar-en-la-explotacion-de-energias-renovables\/\" aria-label=\"Read more about The Cabildo, through Sodepal, will hire 12 professionals to advance in the exploitation of renewable energies\">Read more<\/a><\/p>","protected":false},"author":1,"featured_media":22819,"comment_status":"open","ping_status":"open","sticky":false,"template":"","format":"standard","meta":{"_acf_changed":false,"footnotes":""},"categories":[19],"tags":[],"class_list":["post-22817","post","type-post","status-publish","format-standard","has-post-thumbnail","hentry","category-noticias"],"acf":[],"yoast_head":"<!-- This site is optimized with the Yoast SEO Premium plugin v22.0 (Yoast SEO v27.4) - https:\/\/yoast.com\/product\/yoast-seo-premium-wordpress\/ -->\n<title>El Cabildo, a trav\u00e9s de Sodepal, contratar\u00e1 a 12 profesionales para avanzar en la explotaci\u00f3n de energ\u00edas renovables - Sociedad de Promoci\u00f3n y Desarrollo Econ\u00f3mico y Social de La Palma - SODEPAL<\/title>\n<meta name=\"description\" content=\"Toda la actualidad de los proyectos y eventos desarrollados por SODEPAL\" \/>\n<meta name=\"robots\" content=\"index, follow, max-snippet:-1, max-image-preview:large, max-video-preview:-1\" \/>\n<link rel=\"canonical\" href=\"https:\/\/sodepal.es\/en\/el-cabildo-a-traves-de-sodepal-contratara-a-12-profesionales-para-avanzar-en-la-explotacion-de-energias-renovables\/\" \/>\n<meta property=\"og:locale\" content=\"en_GB\" \/>\n<meta property=\"og:type\" content=\"article\" \/>\n<meta property=\"og:title\" content=\"El Cabildo, a trav\u00e9s de Sodepal, contratar\u00e1 a 12 profesionales para avanzar en la explotaci\u00f3n de energ\u00edas renovables\" \/>\n<meta property=\"og:description\" content=\"Toda la actualidad de los proyectos y eventos desarrollados por SODEPAL\" \/>\n<meta property=\"og:url\" content=\"https:\/\/sodepal.es\/en\/el-cabildo-a-traves-de-sodepal-contratara-a-12-profesionales-para-avanzar-en-la-explotacion-de-energias-renovables\/\" \/>\n<meta property=\"og:site_name\" content=\"Sociedad de Promoci\u00f3n y Desarrollo Econ\u00f3mico y Social de La Palma - SODEPAL\" \/>\n<meta property=\"article:publisher\" content=\"https:\/\/www.facebook.com\/sodepal\" \/>\n<meta property=\"article:published_time\" content=\"2024-12-26T15:08:31+00:00\" \/>\n<meta property=\"article:modified_time\" content=\"2024-12-26T15:10:40+00:00\" \/>\n<meta property=\"og:image\" content=\"https:\/\/sodepal.es\/wp-content\/uploads\/2024\/12\/Sergio_Rodriguez.jpg\" \/>\n\t<meta property=\"og:image:width\" content=\"1600\" \/>\n\t<meta property=\"og:image:height\" content=\"1066\" \/>\n\t<meta property=\"og:image:type\" content=\"image\/jpeg\" \/>\n<meta name=\"author\" content=\"gerencia\" \/>\n<meta name=\"twitter:card\" content=\"summary_large_image\" \/>\n<script type=\"application\/ld+json\" class=\"yoast-schema-graph\">{\"@context\":\"https:\\\/\\\/schema.org\",\"@graph\":[{\"@type\":\"Article\",\"@id\":\"https:\\\/\\\/sodepal.es\\\/el-cabildo-a-traves-de-sodepal-contratara-a-12-profesionales-para-avanzar-en-la-explotacion-de-energias-renovables\\\/#article\",\"isPartOf\":{\"@id\":\"https:\\\/\\\/sodepal.es\\\/el-cabildo-a-traves-de-sodepal-contratara-a-12-profesionales-para-avanzar-en-la-explotacion-de-energias-renovables\\\/\"},\"author\":{\"name\":\"gerencia\",\"@id\":\"https:\\\/\\\/sodepal.es\\\/#\\\/schema\\\/person\\\/43b1d623bde0c4ec4efd5656ef0958b2\"},\"headline\":\"El Cabildo, a trav\u00e9s de Sodepal, contratar\u00e1 a 12 profesionales para avanzar en la explotaci\u00f3n de energ\u00edas renovables\",\"datePublished\":\"2024-12-26T15:08:31+00:00\",\"dateModified\":\"2024-12-26T15:10:40+00:00\",\"mainEntityOfPage\":{\"@id\":\"https:\\\/\\\/sodepal.es\\\/el-cabildo-a-traves-de-sodepal-contratara-a-12-profesionales-para-avanzar-en-la-explotacion-de-energias-renovables\\\/\"},\"wordCount\":450,\"commentCount\":0,\"publisher\":{\"@id\":\"https:\\\/\\\/sodepal.es\\\/#organization\"},\"image\":{\"@id\":\"https:\\\/\\\/sodepal.es\\\/el-cabildo-a-traves-de-sodepal-contratara-a-12-profesionales-para-avanzar-en-la-explotacion-de-energias-renovables\\\/#primaryimage\"},\"thumbnailUrl\":\"https:\\\/\\\/sodepal.es\\\/wp-content\\\/uploads\\\/2024\\\/12\\\/Sergio_Rodriguez.jpg\",\"articleSection\":[\"Noticias\"],\"inLanguage\":\"en-GB\",\"potentialAction\":[{\"@type\":\"CommentAction\",\"name\":\"Comment\",\"target\":[\"https:\\\/\\\/sodepal.es\\\/el-cabildo-a-traves-de-sodepal-contratara-a-12-profesionales-para-avanzar-en-la-explotacion-de-energias-renovables\\\/#respond\"]}]},{\"@type\":\"WebPage\",\"@id\":\"https:\\\/\\\/sodepal.es\\\/el-cabildo-a-traves-de-sodepal-contratara-a-12-profesionales-para-avanzar-en-la-explotacion-de-energias-renovables\\\/\",\"url\":\"https:\\\/\\\/sodepal.es\\\/el-cabildo-a-traves-de-sodepal-contratara-a-12-profesionales-para-avanzar-en-la-explotacion-de-energias-renovables\\\/\",\"name\":\"El Cabildo, a trav\u00e9s de Sodepal, contratar\u00e1 a 12 profesionales para avanzar en la explotaci\u00f3n de energ\u00edas renovables - Sociedad de Promoci\u00f3n y Desarrollo Econ\u00f3mico y Social de La Palma - SODEPAL\",\"isPartOf\":{\"@id\":\"https:\\\/\\\/sodepal.es\\\/#website\"},\"primaryImageOfPage\":{\"@id\":\"https:\\\/\\\/sodepal.es\\\/el-cabildo-a-traves-de-sodepal-contratara-a-12-profesionales-para-avanzar-en-la-explotacion-de-energias-renovables\\\/#primaryimage\"},\"image\":{\"@id\":\"https:\\\/\\\/sodepal.es\\\/el-cabildo-a-traves-de-sodepal-contratara-a-12-profesionales-para-avanzar-en-la-explotacion-de-energias-renovables\\\/#primaryimage\"},\"thumbnailUrl\":\"https:\\\/\\\/sodepal.es\\\/wp-content\\\/uploads\\\/2024\\\/12\\\/Sergio_Rodriguez.jpg\",\"datePublished\":\"2024-12-26T15:08:31+00:00\",\"dateModified\":\"2024-12-26T15:10:40+00:00\",\"description\":\"Toda la actualidad de los proyectos y eventos desarrollados por SODEPAL\",\"breadcrumb\":{\"@id\":\"https:\\\/\\\/sodepal.es\\\/el-cabildo-a-traves-de-sodepal-contratara-a-12-profesionales-para-avanzar-en-la-explotacion-de-energias-renovables\\\/#breadcrumb\"},\"inLanguage\":\"en-GB\",\"potentialAction\":[{\"@type\":\"ReadAction\",\"target\":[\"https:\\\/\\\/sodepal.es\\\/el-cabildo-a-traves-de-sodepal-contratara-a-12-profesionales-para-avanzar-en-la-explotacion-de-energias-renovables\\\/\"]}]},{\"@type\":\"ImageObject\",\"inLanguage\":\"en-GB\",\"@id\":\"https:\\\/\\\/sodepal.es\\\/el-cabildo-a-traves-de-sodepal-contratara-a-12-profesionales-para-avanzar-en-la-explotacion-de-energias-renovables\\\/#primaryimage\",\"url\":\"https:\\\/\\\/sodepal.es\\\/wp-content\\\/uploads\\\/2024\\\/12\\\/Sergio_Rodriguez.jpg\",\"contentUrl\":\"https:\\\/\\\/sodepal.es\\\/wp-content\\\/uploads\\\/2024\\\/12\\\/Sergio_Rodriguez.jpg\",\"width\":1600,\"height\":1066},{\"@type\":\"BreadcrumbList\",\"@id\":\"https:\\\/\\\/sodepal.es\\\/el-cabildo-a-traves-de-sodepal-contratara-a-12-profesionales-para-avanzar-en-la-explotacion-de-energias-renovables\\\/#breadcrumb\",\"itemListElement\":[{\"@type\":\"ListItem\",\"position\":1,\"name\":\"Inicio\",\"item\":\"https:\\\/\\\/sodepal.es\\\/\"},{\"@type\":\"ListItem\",\"position\":2,\"name\":\"El Cabildo, a trav\u00e9s de Sodepal, contratar\u00e1 a 12 profesionales para avanzar en la explotaci\u00f3n de energ\u00edas renovables\"}]},{\"@type\":\"WebSite\",\"@id\":\"https:\\\/\\\/sodepal.es\\\/#website\",\"url\":\"https:\\\/\\\/sodepal.es\\\/\",\"name\":\"Sodepal\",\"description\":\"SODEPAL es una empresa p\u00fablica dependiente del Cabildo de La Palma. Promoci\u00f3n, Fomento y Desarrollo para la isla de La Palma\",\"publisher\":{\"@id\":\"https:\\\/\\\/sodepal.es\\\/#organization\"},\"alternateName\":\"Sociedad de Promoci\u00f3n y Desarrollo Econ\u00f3mico y Social de La Palma\",\"potentialAction\":[{\"@type\":\"SearchAction\",\"target\":{\"@type\":\"EntryPoint\",\"urlTemplate\":\"https:\\\/\\\/sodepal.es\\\/?s={search_term_string}\"},\"query-input\":{\"@type\":\"PropertyValueSpecification\",\"valueRequired\":true,\"valueName\":\"search_term_string\"}}],\"inLanguage\":\"en-GB\"},{\"@type\":\"Organization\",\"@id\":\"https:\\\/\\\/sodepal.es\\\/#organization\",\"name\":\"Sociedad de Promoci\u00f3n y Desarrollo Econ\u00f3mico y Social de La Palma\",\"alternateName\":\"Sodepal\",\"url\":\"https:\\\/\\\/sodepal.es\\\/\",\"logo\":{\"@type\":\"ImageObject\",\"inLanguage\":\"en-GB\",\"@id\":\"https:\\\/\\\/sodepal.es\\\/#\\\/schema\\\/logo\\\/image\\\/\",\"url\":\"https:\\\/\\\/sodepal.es\\\/wp-content\\\/uploads\\\/2022\\\/09\\\/logo_web.png\",\"contentUrl\":\"https:\\\/\\\/sodepal.es\\\/wp-content\\\/uploads\\\/2022\\\/09\\\/logo_web.png\",\"width\":658,\"height\":156,\"caption\":\"Sociedad de Promoci\u00f3n y Desarrollo Econ\u00f3mico y Social de La Palma\"},\"image\":{\"@id\":\"https:\\\/\\\/sodepal.es\\\/#\\\/schema\\\/logo\\\/image\\\/\"},\"sameAs\":[\"https:\\\/\\\/www.facebook.com\\\/sodepal\",\"https:\\\/\\\/www.instagram.com\\\/sodepallapalma\\\/\"],\"description\":\"Sociedad de Promoci\u00f3n y Desarrollo econ\u00f3mico y Social de La Palma, empresa p\u00fablica dependiente del Cabildo de La Palma\",\"email\":\"info@sodepal.es\",\"telephone\":\"922417323\",\"legalName\":\"Sociedad de Promoci\u00f3n y Desarrollo Econ\u00f3mico de la isla de La Palma S.A.U.\"},{\"@type\":\"Person\",\"@id\":\"https:\\\/\\\/sodepal.es\\\/#\\\/schema\\\/person\\\/43b1d623bde0c4ec4efd5656ef0958b2\",\"name\":\"gerencia\",\"image\":{\"@type\":\"ImageObject\",\"inLanguage\":\"en-GB\",\"@id\":\"https:\\\/\\\/secure.gravatar.com\\\/avatar\\\/2aa1ba3e33e6721e413a7499ea7cab2e4414b99cea1516e7404245c8da655d86?s=96&d=mm&r=g\",\"url\":\"https:\\\/\\\/secure.gravatar.com\\\/avatar\\\/2aa1ba3e33e6721e413a7499ea7cab2e4414b99cea1516e7404245c8da655d86?s=96&d=mm&r=g\",\"contentUrl\":\"https:\\\/\\\/secure.gravatar.com\\\/avatar\\\/2aa1ba3e33e6721e413a7499ea7cab2e4414b99cea1516e7404245c8da655d86?s=96&d=mm&r=g\",\"caption\":\"gerencia\"}}]}<\/script>\n<!-- \/ Yoast SEO Premium plugin. -->","yoast_head_json":{"title":"El Cabildo, a trav\u00e9s de Sodepal, contratar\u00e1 a 12 profesionales para avanzar en la explotaci\u00f3n de energ\u00edas renovables - Sociedad de Promoci\u00f3n y Desarrollo Econ\u00f3mico y Social de La Palma - SODEPAL","description":"Toda la actualidad de los proyectos y eventos desarrollados por SODEPAL","robots":{"index":"index","follow":"follow","max-snippet":"max-snippet:-1","max-image-preview":"max-image-preview:large","max-video-preview":"max-video-preview:-1"},"canonical":"https:\/\/sodepal.es\/en\/el-cabildo-a-traves-de-sodepal-contratara-a-12-profesionales-para-avanzar-en-la-explotacion-de-energias-renovables\/","og_locale":"en_GB","og_type":"article","og_title":"El Cabildo, a trav\u00e9s de Sodepal, contratar\u00e1 a 12 profesionales para avanzar en la explotaci\u00f3n de energ\u00edas renovables","og_description":"Toda la actualidad de los proyectos y eventos desarrollados por SODEPAL","og_url":"https:\/\/sodepal.es\/en\/el-cabildo-a-traves-de-sodepal-contratara-a-12-profesionales-para-avanzar-en-la-explotacion-de-energias-renovables\/","og_site_name":"Sociedad de Promoci\u00f3n y Desarrollo Econ\u00f3mico y Social de La Palma - SODEPAL","article_publisher":"https:\/\/www.facebook.com\/sodepal","article_published_time":"2024-12-26T15:08:31+00:00","article_modified_time":"2024-12-26T15:10:40+00:00","og_image":[{"width":1600,"height":1066,"url":"https:\/\/sodepal.es\/wp-content\/uploads\/2024\/12\/Sergio_Rodriguez.jpg","type":"image\/jpeg"}],"author":"gerencia","twitter_card":"summary_large_image","schema":{"@context":"https:\/\/schema.org","@graph":[{"@type":"Article","@id":"https:\/\/sodepal.es\/el-cabildo-a-traves-de-sodepal-contratara-a-12-profesionales-para-avanzar-en-la-explotacion-de-energias-renovables\/#article","isPartOf":{"@id":"https:\/\/sodepal.es\/el-cabildo-a-traves-de-sodepal-contratara-a-12-profesionales-para-avanzar-en-la-explotacion-de-energias-renovables\/"},"author":{"name":"gerencia","@id":"https:\/\/sodepal.es\/#\/schema\/person\/43b1d623bde0c4ec4efd5656ef0958b2"},"headline":"El Cabildo, a trav\u00e9s de Sodepal, contratar\u00e1 a 12 profesionales para avanzar en la explotaci\u00f3n de energ\u00edas renovables","datePublished":"2024-12-26T15:08:31+00:00","dateModified":"2024-12-26T15:10:40+00:00","mainEntityOfPage":{"@id":"https:\/\/sodepal.es\/el-cabildo-a-traves-de-sodepal-contratara-a-12-profesionales-para-avanzar-en-la-explotacion-de-energias-renovables\/"},"wordCount":450,"commentCount":0,"publisher":{"@id":"https:\/\/sodepal.es\/#organization"},"image":{"@id":"https:\/\/sodepal.es\/el-cabildo-a-traves-de-sodepal-contratara-a-12-profesionales-para-avanzar-en-la-explotacion-de-energias-renovables\/#primaryimage"},"thumbnailUrl":"https:\/\/sodepal.es\/wp-content\/uploads\/2024\/12\/Sergio_Rodriguez.jpg","articleSection":["Noticias"],"inLanguage":"en-GB","potentialAction":[{"@type":"CommentAction","name":"Comment","target":["https:\/\/sodepal.es\/el-cabildo-a-traves-de-sodepal-contratara-a-12-profesionales-para-avanzar-en-la-explotacion-de-energias-renovables\/#respond"]}]},{"@type":"WebPage","@id":"https:\/\/sodepal.es\/el-cabildo-a-traves-de-sodepal-contratara-a-12-profesionales-para-avanzar-en-la-explotacion-de-energias-renovables\/","url":"https:\/\/sodepal.es\/el-cabildo-a-traves-de-sodepal-contratara-a-12-profesionales-para-avanzar-en-la-explotacion-de-energias-renovables\/","name":"El Cabildo, a trav\u00e9s de Sodepal, contratar\u00e1 a 12 profesionales para avanzar en la explotaci\u00f3n de energ\u00edas renovables - Sociedad de Promoci\u00f3n y Desarrollo Econ\u00f3mico y Social de La Palma - SODEPAL","isPartOf":{"@id":"https:\/\/sodepal.es\/#website"},"primaryImageOfPage":{"@id":"https:\/\/sodepal.es\/el-cabildo-a-traves-de-sodepal-contratara-a-12-profesionales-para-avanzar-en-la-explotacion-de-energias-renovables\/#primaryimage"},"image":{"@id":"https:\/\/sodepal.es\/el-cabildo-a-traves-de-sodepal-contratara-a-12-profesionales-para-avanzar-en-la-explotacion-de-energias-renovables\/#primaryimage"},"thumbnailUrl":"https:\/\/sodepal.es\/wp-content\/uploads\/2024\/12\/Sergio_Rodriguez.jpg","datePublished":"2024-12-26T15:08:31+00:00","dateModified":"2024-12-26T15:10:40+00:00","description":"Toda la actualidad de los proyectos y eventos desarrollados por SODEPAL","breadcrumb":{"@id":"https:\/\/sodepal.es\/el-cabildo-a-traves-de-sodepal-contratara-a-12-profesionales-para-avanzar-en-la-explotacion-de-energias-renovables\/#breadcrumb"},"inLanguage":"en-GB","potentialAction":[{"@type":"ReadAction","target":["https:\/\/sodepal.es\/el-cabildo-a-traves-de-sodepal-contratara-a-12-profesionales-para-avanzar-en-la-explotacion-de-energias-renovables\/"]}]},{"@type":"ImageObject","inLanguage":"en-GB","@id":"https:\/\/sodepal.es\/el-cabildo-a-traves-de-sodepal-contratara-a-12-profesionales-para-avanzar-en-la-explotacion-de-energias-renovables\/#primaryimage","url":"https:\/\/sodepal.es\/wp-content\/uploads\/2024\/12\/Sergio_Rodriguez.jpg","contentUrl":"https:\/\/sodepal.es\/wp-content\/uploads\/2024\/12\/Sergio_Rodriguez.jpg","width":1600,"height":1066},{"@type":"BreadcrumbList","@id":"https:\/\/sodepal.es\/el-cabildo-a-traves-de-sodepal-contratara-a-12-profesionales-para-avanzar-en-la-explotacion-de-energias-renovables\/#breadcrumb","itemListElement":[{"@type":"ListItem","position":1,"name":"Inicio","item":"https:\/\/sodepal.es\/"},{"@type":"ListItem","position":2,"name":"El Cabildo, a trav\u00e9s de Sodepal, contratar\u00e1 a 12 profesionales para avanzar en la explotaci\u00f3n de energ\u00edas renovables"}]},{"@type":"WebSite","@id":"https:\/\/sodepal.es\/#website","url":"https:\/\/sodepal.es\/","name":"Sodepal","description":"SODEPAL es una empresa p\u00fablica dependiente del Cabildo de La Palma. Promoci\u00f3n, Fomento y Desarrollo para la isla de La Palma","publisher":{"@id":"https:\/\/sodepal.es\/#organization"},"alternateName":"Sociedad de Promoci\u00f3n y Desarrollo Econ\u00f3mico y Social de La Palma","potentialAction":[{"@type":"SearchAction","target":{"@type":"EntryPoint","urlTemplate":"https:\/\/sodepal.es\/?s={search_term_string}"},"query-input":{"@type":"PropertyValueSpecification","valueRequired":true,"valueName":"search_term_string"}}],"inLanguage":"en-GB"},{"@type":"Organization","@id":"https:\/\/sodepal.es\/#organization","name":"Sociedad de Promoci\u00f3n y Desarrollo Econ\u00f3mico y Social de La Palma","alternateName":"Sodepal","url":"https:\/\/sodepal.es\/","logo":{"@type":"ImageObject","inLanguage":"en-GB","@id":"https:\/\/sodepal.es\/#\/schema\/logo\/image\/","url":"https:\/\/sodepal.es\/wp-content\/uploads\/2022\/09\/logo_web.png","contentUrl":"https:\/\/sodepal.es\/wp-content\/uploads\/2022\/09\/logo_web.png","width":658,"height":156,"caption":"Sociedad de Promoci\u00f3n y Desarrollo Econ\u00f3mico y Social de La Palma"},"image":{"@id":"https:\/\/sodepal.es\/#\/schema\/logo\/image\/"},"sameAs":["https:\/\/www.facebook.com\/sodepal","https:\/\/www.instagram.com\/sodepallapalma\/"],"description":"Sociedad de Promoci\u00f3n y Desarrollo econ\u00f3mico y Social de La Palma, empresa p\u00fablica dependiente del Cabildo de La Palma","email":"info@sodepal.es","telephone":"922417323","legalName":"Sociedad de Promoci\u00f3n y Desarrollo Econ\u00f3mico de la isla de La Palma S.A.U."},{"@type":"Person","@id":"https:\/\/sodepal.es\/#\/schema\/person\/43b1d623bde0c4ec4efd5656ef0958b2","name":"gerencia","image":{"@type":"ImageObject","inLanguage":"en-GB","@id":"https:\/\/secure.gravatar.com\/avatar\/2aa1ba3e33e6721e413a7499ea7cab2e4414b99cea1516e7404245c8da655d86?s=96&d=mm&r=g","url":"https:\/\/secure.gravatar.com\/avatar\/2aa1ba3e33e6721e413a7499ea7cab2e4414b99cea1516e7404245c8da655d86?s=96&d=mm&r=g","contentUrl":"https:\/\/secure.gravatar.com\/avatar\/2aa1ba3e33e6721e413a7499ea7cab2e4414b99cea1516e7404245c8da655d86?s=96&d=mm&r=g","caption":"gerencia"}}]}},"_links":{"self":[{"href":"https:\/\/sodepal.es\/en\/wp-json\/wp\/v2\/posts\/22817","targetHints":{"allow":["GET"]}}],"collection":[{"href":"https:\/\/sodepal.es\/en\/wp-json\/wp\/v2\/posts"}],"about":[{"href":"https:\/\/sodepal.es\/en\/wp-json\/wp\/v2\/types\/post"}],"author":[{"embeddable":true,"href":"https:\/\/sodepal.es\/en\/wp-json\/wp\/v2\/users\/1"}],"replies":[{"embeddable":true,"href":"https:\/\/sodepal.es\/en\/wp-json\/wp\/v2\/comments?post=22817"}],"version-history":[{"count":0,"href":"https:\/\/sodepal.es\/en\/wp-json\/wp\/v2\/posts\/22817\/revisions"}],"wp:featuredmedia":[{"embeddable":true,"href":"https:\/\/sodepal.es\/en\/wp-json\/wp\/v2\/media\/22819"}],"wp:attachment":[{"href":"https:\/\/sodepal.es\/en\/wp-json\/wp\/v2\/media?parent=22817"}],"wp:term":[{"taxonomy":"category","embeddable":true,"href":"https:\/\/sodepal.es\/en\/wp-json\/wp\/v2\/categories?post=22817"},{"taxonomy":"post_tag","embeddable":true,"href":"https:\/\/sodepal.es\/en\/wp-json\/wp\/v2\/tags?post=22817"}],"curies":[{"name":"wp","href":"https:\/\/api.w.org\/{rel}","templated":true}]}}