{"id":22826,"date":"2024-12-27T13:59:50","date_gmt":"2024-12-27T13:59:50","guid":{"rendered":"https:\/\/sodepal.es\/?p=22826"},"modified":"2024-12-27T14:02:03","modified_gmt":"2024-12-27T14:02:03","slug":"el-bono-bonito-del-cabildo-ya-puede-adquirirse-para-impulsar-el-tejido-comercial-durante-estas-fechas","status":"publish","type":"post","link":"https:\/\/sodepal.es\/en\/el-bono-bonito-del-cabildo-ya-puede-adquirirse-para-impulsar-el-tejido-comercial-durante-estas-fechas\/","title":{"rendered":"The Bono Bonito of the Cabildo can now be purchased to boost the commercial fabric during these dates."},"content":{"rendered":"<div data-elementor-type=\"wp-post\" data-elementor-id=\"22826\" class=\"elementor elementor-22826\" data-elementor-post-type=\"post\">\n\t\t\t\t\t\t<section class=\"elementor-section elementor-top-section elementor-element elementor-element-a31ad79 elementor-section-boxed elementor-section-height-default elementor-section-height-default\" data-id=\"a31ad79\" data-element_type=\"section\" data-e-type=\"section\">\n\t\t\t\t\t\t<div class=\"elementor-container elementor-column-gap-default\">\n\t\t\t\t\t<div class=\"elementor-column elementor-col-100 elementor-top-column elementor-element elementor-element-46d91ac\" data-id=\"46d91ac\" data-element_type=\"column\" data-e-type=\"column\">\n\t\t\t<div class=\"elementor-widget-wrap elementor-element-populated\">\n\t\t\t\t\t\t<div class=\"elementor-element elementor-element-9b2de91 elementor-widget elementor-widget-text-editor\" data-id=\"9b2de91\" data-element_type=\"widget\" data-e-type=\"widget\" data-widget_type=\"text-editor.default\">\n\t\t\t\t<div class=\"elementor-widget-container\">\n\t\t\t\t\t\t\t\t\t<div data-id=\"f1b14ae\" data-element_type=\"column\"><div data-id=\"c7a3ea4\" data-element_type=\"widget\" data-widget_type=\"theme-post-content.default\"><div data-elementor-type=\"wp-post\" data-elementor-id=\"22782\" data-elementor-post-type=\"post\"><section data-id=\"2e30694\" data-element_type=\"section\"><div data-id=\"0c475aa\" data-element_type=\"column\"><div data-id=\"90b12f1\" data-element_type=\"widget\" data-widget_type=\"text-editor.default\"><div class=\"field field--name-field-noticias-entradilla field--type-text-long field--label-hidden field--item\"><div class=\"field field--name-field-noticias-entradilla field--type-text-long field--label-hidden field--item\"><div class=\"field field--name-field-noticias-entradilla field--type-text-long field--label-hidden field--item\"><div class=\"field field--name-field-noticias-entradilla field--type-text-long field--label-hidden field--item\"><h4>People who consume in the participating establishments will receive a voucher of 10 euros, which will be complemented by the same amount contributed by each user.<\/h4><\/div><div class=\"field field--name-body field--type-text-with-summary field--label-hidden field--item\"><p>The Department of Economic Promotion and Commerce of the Cabildo de La Palma, directed by Miriam Perestelo, has already launched the purchase of the Bono Bonito, a special Christmas edition, with which the island's commercial fabric can be boosted during this time of year.\u00a0<\/p><p>The initiative, which has the collaboration of the Federation of Urban Areas of the Canary Islands (FAUCA), will allow a total of 700,000 euros to be invested in the economic and commercial fabric of the Island and people who consume in the participating establishments will be able to buy these vouchers from this Friday, 27 December, at 12:00 noon.<\/p><p>A total of 300 companies on the island have already registered to take part in the campaign. Companies can still register to participate in this initiative through the website https:\/\/www.bonobonito.com\/ and vouchers can be purchased until 31 January or while stocks last.\u00a0<\/p><p>Miriam Perestelo highlights the good reception of this special edition of the programme, which aims to continue supporting local consumption, backing the island's businesses and encouraging residents and visitors to do their Christmas shopping in La Palma, \"where we have a wide offer and where our businesses are an essential part of our economic and social development\", says the councillor.\u00a0<\/p><p>In this new edition of the Bono Bonito, each person who consumes in the island's establishments can purchase up to a maximum of 10 vouchers, the price of each voucher being 10 euros with an extra contribution of another 10 euros from the Cabildo de La Palma, making the total value of the voucher 20 euros.\u00a0<\/p><p>It is worth remembering that the Island Corporation has invested 350,000 euros in this initiative, an amount to which a further 350,000 euros will be added with the purchases of the people who consume in these businesses and which will have a direct impact on the Island's commercial fabric.<\/p><\/div><\/div><\/div><\/div><\/div><\/div><\/section><\/div><\/div><\/div>\t\t\t\t\t\t\t\t<\/div>\n\t\t\t\t<\/div>\n\t\t\t\t<div class=\"elementor-element elementor-element-c8cbec6 elementor-widget elementor-widget-eael-creative-button\" data-id=\"c8cbec6\" data-element_type=\"widget\" data-e-type=\"widget\" data-widget_type=\"eael-creative-button.default\">\n\t\t\t\t<div class=\"elementor-widget-container\">\n\t\t\t\t\t        <div class=\"eael-creative-button-wrapper\">\n\n            <a class=\"eael-creative-button eael-creative-button--default eael-cb-icon-position-left\" href=\"https:\/\/sodepal.es\/wp-content\/uploads\/2024\/12\/CONDICIONES_ESTABLECIMIENTOS_BONO_BONITO_LA_PALMA_2024.pdf\" target=\"_blank\" data-text=\"Condiciones para establecimientos\">\n            \t    \n                <div class=\"creative-button-inner\">\n\n                                            <span class=\"eael-creative-button-icon-left\"><i aria-hidden=\"true\" class=\"fas fa-list-alt\"><\/i><\/span>                    \n                    <span class=\"cretive-button-text\">Conditions for establishments<\/span>\n\n                                    <\/div>\n\t                        <\/a>\n        <\/div>\n        \t\t\t\t<\/div>\n\t\t\t\t<\/div>\n\t\t\t\t<div class=\"elementor-element elementor-element-0ae8bb5 elementor-widget elementor-widget-eael-creative-button\" data-id=\"0ae8bb5\" data-element_type=\"widget\" data-e-type=\"widget\" data-widget_type=\"eael-creative-button.default\">\n\t\t\t\t<div class=\"elementor-widget-container\">\n\t\t\t\t\t        <div class=\"eael-creative-button-wrapper\">\n\n            <a class=\"eael-creative-button eael-creative-button--default eael-cb-icon-position-left\" href=\"https:\/\/sodepal.es\/wp-content\/uploads\/2024\/12\/CONDICIONES_CONSUMIDORES_BONO_BONITO_LA_PALMA_2024.pdf\" target=\"_blank\" data-text=\"Condiciones para consumidores\">\n            \t    \n                <div class=\"creative-button-inner\">\n\n                                            <span class=\"eael-creative-button-icon-left\"><i aria-hidden=\"true\" class=\"fas fa-list-alt\"><\/i><\/span>                    \n                    <span class=\"cretive-button-text\">Conditions for consumers<\/span>\n\n                                    <\/div>\n\t                        <\/a>\n        <\/div>\n        \t\t\t\t<\/div>\n\t\t\t\t<\/div>\n\t\t\t\t\t<\/div>\n\t\t<\/div>\n\t\t\t\t\t<\/div>\n\t\t<\/section>\n\t\t\t\t<\/div>","protected":false},"excerpt":{"rendered":"<p>People who consume in the participating establishments will receive a voucher of 10 euros, which will be complemented by the same amount contributed by each user. The Department of Economic Promotion and Commerce of the Cabildo de La Palma, directed by Miriam Perestelo, has already launched the purchase of the Bono Bonito, a special edition of the Bono Bonito, which ... <a title=\"The Bono Bonito of the Cabildo can now be purchased to boost the commercial fabric during these dates.\" class=\"read-more\" href=\"https:\/\/sodepal.es\/en\/el-bono-bonito-del-cabildo-ya-puede-adquirirse-para-impulsar-el-tejido-comercial-durante-estas-fechas\/\" aria-label=\"Read more about The Cabildo&#039;s Bono Bonito can now be purchased to boost the commercial fabric during the holiday season\">Read more<\/a><\/p>","protected":false},"author":1,"featured_media":22828,"comment_status":"open","ping_status":"open","sticky":false,"template":"","format":"standard","meta":{"_acf_changed":false,"footnotes":""},"categories":[19],"tags":[],"class_list":["post-22826","post","type-post","status-publish","format-standard","has-post-thumbnail","hentry","category-noticias"],"acf":[],"yoast_head":"<!-- This site is optimized with the Yoast SEO Premium plugin v22.0 (Yoast SEO v27.4) - https:\/\/yoast.com\/product\/yoast-seo-premium-wordpress\/ -->\n<title>El Bono Bonito del Cabildo ya puede adquirirse para impulsar el tejido comercial durante estas fechas - Sociedad de Promoci\u00f3n y Desarrollo Econ\u00f3mico y Social de La Palma - SODEPAL<\/title>\n<meta name=\"description\" content=\"Toda la actualidad de los proyectos y eventos desarrollados por SODEPAL\" \/>\n<meta name=\"robots\" content=\"index, follow, max-snippet:-1, max-image-preview:large, max-video-preview:-1\" \/>\n<link rel=\"canonical\" href=\"https:\/\/sodepal.es\/en\/el-bono-bonito-del-cabildo-ya-puede-adquirirse-para-impulsar-el-tejido-comercial-durante-estas-fechas\/\" \/>\n<meta property=\"og:locale\" content=\"en_GB\" \/>\n<meta property=\"og:type\" content=\"article\" \/>\n<meta property=\"og:title\" content=\"El Bono Bonito del Cabildo ya puede adquirirse para impulsar el tejido comercial durante estas fechas\" \/>\n<meta property=\"og:description\" content=\"Toda la actualidad de los proyectos y eventos desarrollados por SODEPAL\" \/>\n<meta property=\"og:url\" content=\"https:\/\/sodepal.es\/en\/el-bono-bonito-del-cabildo-ya-puede-adquirirse-para-impulsar-el-tejido-comercial-durante-estas-fechas\/\" \/>\n<meta property=\"og:site_name\" content=\"Sociedad de Promoci\u00f3n y Desarrollo Econ\u00f3mico y Social de La Palma - SODEPAL\" \/>\n<meta property=\"article:publisher\" content=\"https:\/\/www.facebook.com\/sodepal\" \/>\n<meta property=\"article:published_time\" content=\"2024-12-27T13:59:50+00:00\" \/>\n<meta property=\"article:modified_time\" content=\"2024-12-27T14:02:03+00:00\" \/>\n<meta property=\"og:image\" content=\"https:\/\/sodepal.es\/wp-content\/uploads\/2024\/12\/Cartel_bono_bonito.jpg\" \/>\n\t<meta property=\"og:image:width\" content=\"2560\" \/>\n\t<meta property=\"og:image:height\" content=\"2560\" \/>\n\t<meta property=\"og:image:type\" content=\"image\/jpeg\" \/>\n<meta name=\"author\" content=\"gerencia\" \/>\n<meta name=\"twitter:card\" content=\"summary_large_image\" \/>\n<script type=\"application\/ld+json\" class=\"yoast-schema-graph\">{\"@context\":\"https:\\\/\\\/schema.org\",\"@graph\":[{\"@type\":\"Article\",\"@id\":\"https:\\\/\\\/sodepal.es\\\/el-bono-bonito-del-cabildo-ya-puede-adquirirse-para-impulsar-el-tejido-comercial-durante-estas-fechas\\\/#article\",\"isPartOf\":{\"@id\":\"https:\\\/\\\/sodepal.es\\\/el-bono-bonito-del-cabildo-ya-puede-adquirirse-para-impulsar-el-tejido-comercial-durante-estas-fechas\\\/\"},\"author\":{\"name\":\"gerencia\",\"@id\":\"https:\\\/\\\/sodepal.es\\\/#\\\/schema\\\/person\\\/43b1d623bde0c4ec4efd5656ef0958b2\"},\"headline\":\"El Bono Bonito del Cabildo ya puede adquirirse para impulsar el tejido comercial durante estas fechas\",\"datePublished\":\"2024-12-27T13:59:50+00:00\",\"dateModified\":\"2024-12-27T14:02:03+00:00\",\"mainEntityOfPage\":{\"@id\":\"https:\\\/\\\/sodepal.es\\\/el-bono-bonito-del-cabildo-ya-puede-adquirirse-para-impulsar-el-tejido-comercial-durante-estas-fechas\\\/\"},\"wordCount\":387,\"commentCount\":0,\"publisher\":{\"@id\":\"https:\\\/\\\/sodepal.es\\\/#organization\"},\"image\":{\"@id\":\"https:\\\/\\\/sodepal.es\\\/el-bono-bonito-del-cabildo-ya-puede-adquirirse-para-impulsar-el-tejido-comercial-durante-estas-fechas\\\/#primaryimage\"},\"thumbnailUrl\":\"https:\\\/\\\/sodepal.es\\\/wp-content\\\/uploads\\\/2024\\\/12\\\/Cartel_bono_bonito.jpg\",\"articleSection\":[\"Noticias\"],\"inLanguage\":\"en-GB\",\"potentialAction\":[{\"@type\":\"CommentAction\",\"name\":\"Comment\",\"target\":[\"https:\\\/\\\/sodepal.es\\\/el-bono-bonito-del-cabildo-ya-puede-adquirirse-para-impulsar-el-tejido-comercial-durante-estas-fechas\\\/#respond\"]}]},{\"@type\":\"WebPage\",\"@id\":\"https:\\\/\\\/sodepal.es\\\/el-bono-bonito-del-cabildo-ya-puede-adquirirse-para-impulsar-el-tejido-comercial-durante-estas-fechas\\\/\",\"url\":\"https:\\\/\\\/sodepal.es\\\/el-bono-bonito-del-cabildo-ya-puede-adquirirse-para-impulsar-el-tejido-comercial-durante-estas-fechas\\\/\",\"name\":\"El Bono Bonito del Cabildo ya puede adquirirse para impulsar el tejido comercial durante estas fechas - Sociedad de Promoci\u00f3n y Desarrollo Econ\u00f3mico y Social de La Palma - SODEPAL\",\"isPartOf\":{\"@id\":\"https:\\\/\\\/sodepal.es\\\/#website\"},\"primaryImageOfPage\":{\"@id\":\"https:\\\/\\\/sodepal.es\\\/el-bono-bonito-del-cabildo-ya-puede-adquirirse-para-impulsar-el-tejido-comercial-durante-estas-fechas\\\/#primaryimage\"},\"image\":{\"@id\":\"https:\\\/\\\/sodepal.es\\\/el-bono-bonito-del-cabildo-ya-puede-adquirirse-para-impulsar-el-tejido-comercial-durante-estas-fechas\\\/#primaryimage\"},\"thumbnailUrl\":\"https:\\\/\\\/sodepal.es\\\/wp-content\\\/uploads\\\/2024\\\/12\\\/Cartel_bono_bonito.jpg\",\"datePublished\":\"2024-12-27T13:59:50+00:00\",\"dateModified\":\"2024-12-27T14:02:03+00:00\",\"description\":\"Toda la actualidad de los proyectos y eventos desarrollados por SODEPAL\",\"breadcrumb\":{\"@id\":\"https:\\\/\\\/sodepal.es\\\/el-bono-bonito-del-cabildo-ya-puede-adquirirse-para-impulsar-el-tejido-comercial-durante-estas-fechas\\\/#breadcrumb\"},\"inLanguage\":\"en-GB\",\"potentialAction\":[{\"@type\":\"ReadAction\",\"target\":[\"https:\\\/\\\/sodepal.es\\\/el-bono-bonito-del-cabildo-ya-puede-adquirirse-para-impulsar-el-tejido-comercial-durante-estas-fechas\\\/\"]}]},{\"@type\":\"ImageObject\",\"inLanguage\":\"en-GB\",\"@id\":\"https:\\\/\\\/sodepal.es\\\/el-bono-bonito-del-cabildo-ya-puede-adquirirse-para-impulsar-el-tejido-comercial-durante-estas-fechas\\\/#primaryimage\",\"url\":\"https:\\\/\\\/sodepal.es\\\/wp-content\\\/uploads\\\/2024\\\/12\\\/Cartel_bono_bonito.jpg\",\"contentUrl\":\"https:\\\/\\\/sodepal.es\\\/wp-content\\\/uploads\\\/2024\\\/12\\\/Cartel_bono_bonito.jpg\",\"width\":2560,\"height\":2560},{\"@type\":\"BreadcrumbList\",\"@id\":\"https:\\\/\\\/sodepal.es\\\/el-bono-bonito-del-cabildo-ya-puede-adquirirse-para-impulsar-el-tejido-comercial-durante-estas-fechas\\\/#breadcrumb\",\"itemListElement\":[{\"@type\":\"ListItem\",\"position\":1,\"name\":\"Inicio\",\"item\":\"https:\\\/\\\/sodepal.es\\\/\"},{\"@type\":\"ListItem\",\"position\":2,\"name\":\"El Bono Bonito del Cabildo ya puede adquirirse para impulsar el tejido comercial durante estas fechas\"}]},{\"@type\":\"WebSite\",\"@id\":\"https:\\\/\\\/sodepal.es\\\/#website\",\"url\":\"https:\\\/\\\/sodepal.es\\\/\",\"name\":\"Sodepal\",\"description\":\"SODEPAL es una empresa p\u00fablica dependiente del Cabildo de La Palma. Promoci\u00f3n, Fomento y Desarrollo para la isla de La Palma\",\"publisher\":{\"@id\":\"https:\\\/\\\/sodepal.es\\\/#organization\"},\"alternateName\":\"Sociedad de Promoci\u00f3n y Desarrollo Econ\u00f3mico y Social de La Palma\",\"potentialAction\":[{\"@type\":\"SearchAction\",\"target\":{\"@type\":\"EntryPoint\",\"urlTemplate\":\"https:\\\/\\\/sodepal.es\\\/?s={search_term_string}\"},\"query-input\":{\"@type\":\"PropertyValueSpecification\",\"valueRequired\":true,\"valueName\":\"search_term_string\"}}],\"inLanguage\":\"en-GB\"},{\"@type\":\"Organization\",\"@id\":\"https:\\\/\\\/sodepal.es\\\/#organization\",\"name\":\"Sociedad de Promoci\u00f3n y Desarrollo Econ\u00f3mico y Social de La Palma\",\"alternateName\":\"Sodepal\",\"url\":\"https:\\\/\\\/sodepal.es\\\/\",\"logo\":{\"@type\":\"ImageObject\",\"inLanguage\":\"en-GB\",\"@id\":\"https:\\\/\\\/sodepal.es\\\/#\\\/schema\\\/logo\\\/image\\\/\",\"url\":\"https:\\\/\\\/sodepal.es\\\/wp-content\\\/uploads\\\/2022\\\/09\\\/logo_web.png\",\"contentUrl\":\"https:\\\/\\\/sodepal.es\\\/wp-content\\\/uploads\\\/2022\\\/09\\\/logo_web.png\",\"width\":658,\"height\":156,\"caption\":\"Sociedad de Promoci\u00f3n y Desarrollo Econ\u00f3mico y Social de La Palma\"},\"image\":{\"@id\":\"https:\\\/\\\/sodepal.es\\\/#\\\/schema\\\/logo\\\/image\\\/\"},\"sameAs\":[\"https:\\\/\\\/www.facebook.com\\\/sodepal\",\"https:\\\/\\\/www.instagram.com\\\/sodepallapalma\\\/\"],\"description\":\"Sociedad de Promoci\u00f3n y Desarrollo econ\u00f3mico y Social de La Palma, empresa p\u00fablica dependiente del Cabildo de La Palma\",\"email\":\"info@sodepal.es\",\"telephone\":\"922417323\",\"legalName\":\"Sociedad de Promoci\u00f3n y Desarrollo Econ\u00f3mico de la isla de La Palma S.A.U.\"},{\"@type\":\"Person\",\"@id\":\"https:\\\/\\\/sodepal.es\\\/#\\\/schema\\\/person\\\/43b1d623bde0c4ec4efd5656ef0958b2\",\"name\":\"gerencia\",\"image\":{\"@type\":\"ImageObject\",\"inLanguage\":\"en-GB\",\"@id\":\"https:\\\/\\\/secure.gravatar.com\\\/avatar\\\/2aa1ba3e33e6721e413a7499ea7cab2e4414b99cea1516e7404245c8da655d86?s=96&d=mm&r=g\",\"url\":\"https:\\\/\\\/secure.gravatar.com\\\/avatar\\\/2aa1ba3e33e6721e413a7499ea7cab2e4414b99cea1516e7404245c8da655d86?s=96&d=mm&r=g\",\"contentUrl\":\"https:\\\/\\\/secure.gravatar.com\\\/avatar\\\/2aa1ba3e33e6721e413a7499ea7cab2e4414b99cea1516e7404245c8da655d86?s=96&d=mm&r=g\",\"caption\":\"gerencia\"}}]}<\/script>\n<!-- \/ Yoast SEO Premium plugin. -->","yoast_head_json":{"title":"El Bono Bonito del Cabildo ya puede adquirirse para impulsar el tejido comercial durante estas fechas - Sociedad de Promoci\u00f3n y Desarrollo Econ\u00f3mico y Social de La Palma - SODEPAL","description":"Toda la actualidad de los proyectos y eventos desarrollados por SODEPAL","robots":{"index":"index","follow":"follow","max-snippet":"max-snippet:-1","max-image-preview":"max-image-preview:large","max-video-preview":"max-video-preview:-1"},"canonical":"https:\/\/sodepal.es\/en\/el-bono-bonito-del-cabildo-ya-puede-adquirirse-para-impulsar-el-tejido-comercial-durante-estas-fechas\/","og_locale":"en_GB","og_type":"article","og_title":"El Bono Bonito del Cabildo ya puede adquirirse para impulsar el tejido comercial durante estas fechas","og_description":"Toda la actualidad de los proyectos y eventos desarrollados por SODEPAL","og_url":"https:\/\/sodepal.es\/en\/el-bono-bonito-del-cabildo-ya-puede-adquirirse-para-impulsar-el-tejido-comercial-durante-estas-fechas\/","og_site_name":"Sociedad de Promoci\u00f3n y Desarrollo Econ\u00f3mico y Social de La Palma - SODEPAL","article_publisher":"https:\/\/www.facebook.com\/sodepal","article_published_time":"2024-12-27T13:59:50+00:00","article_modified_time":"2024-12-27T14:02:03+00:00","og_image":[{"width":2560,"height":2560,"url":"https:\/\/sodepal.es\/wp-content\/uploads\/2024\/12\/Cartel_bono_bonito.jpg","type":"image\/jpeg"}],"author":"gerencia","twitter_card":"summary_large_image","schema":{"@context":"https:\/\/schema.org","@graph":[{"@type":"Article","@id":"https:\/\/sodepal.es\/el-bono-bonito-del-cabildo-ya-puede-adquirirse-para-impulsar-el-tejido-comercial-durante-estas-fechas\/#article","isPartOf":{"@id":"https:\/\/sodepal.es\/el-bono-bonito-del-cabildo-ya-puede-adquirirse-para-impulsar-el-tejido-comercial-durante-estas-fechas\/"},"author":{"name":"gerencia","@id":"https:\/\/sodepal.es\/#\/schema\/person\/43b1d623bde0c4ec4efd5656ef0958b2"},"headline":"El Bono Bonito del Cabildo ya puede adquirirse para impulsar el tejido comercial durante estas fechas","datePublished":"2024-12-27T13:59:50+00:00","dateModified":"2024-12-27T14:02:03+00:00","mainEntityOfPage":{"@id":"https:\/\/sodepal.es\/el-bono-bonito-del-cabildo-ya-puede-adquirirse-para-impulsar-el-tejido-comercial-durante-estas-fechas\/"},"wordCount":387,"commentCount":0,"publisher":{"@id":"https:\/\/sodepal.es\/#organization"},"image":{"@id":"https:\/\/sodepal.es\/el-bono-bonito-del-cabildo-ya-puede-adquirirse-para-impulsar-el-tejido-comercial-durante-estas-fechas\/#primaryimage"},"thumbnailUrl":"https:\/\/sodepal.es\/wp-content\/uploads\/2024\/12\/Cartel_bono_bonito.jpg","articleSection":["Noticias"],"inLanguage":"en-GB","potentialAction":[{"@type":"CommentAction","name":"Comment","target":["https:\/\/sodepal.es\/el-bono-bonito-del-cabildo-ya-puede-adquirirse-para-impulsar-el-tejido-comercial-durante-estas-fechas\/#respond"]}]},{"@type":"WebPage","@id":"https:\/\/sodepal.es\/el-bono-bonito-del-cabildo-ya-puede-adquirirse-para-impulsar-el-tejido-comercial-durante-estas-fechas\/","url":"https:\/\/sodepal.es\/el-bono-bonito-del-cabildo-ya-puede-adquirirse-para-impulsar-el-tejido-comercial-durante-estas-fechas\/","name":"El Bono Bonito del Cabildo ya puede adquirirse para impulsar el tejido comercial durante estas fechas - Sociedad de Promoci\u00f3n y Desarrollo Econ\u00f3mico y Social de La Palma - SODEPAL","isPartOf":{"@id":"https:\/\/sodepal.es\/#website"},"primaryImageOfPage":{"@id":"https:\/\/sodepal.es\/el-bono-bonito-del-cabildo-ya-puede-adquirirse-para-impulsar-el-tejido-comercial-durante-estas-fechas\/#primaryimage"},"image":{"@id":"https:\/\/sodepal.es\/el-bono-bonito-del-cabildo-ya-puede-adquirirse-para-impulsar-el-tejido-comercial-durante-estas-fechas\/#primaryimage"},"thumbnailUrl":"https:\/\/sodepal.es\/wp-content\/uploads\/2024\/12\/Cartel_bono_bonito.jpg","datePublished":"2024-12-27T13:59:50+00:00","dateModified":"2024-12-27T14:02:03+00:00","description":"Toda la actualidad de los proyectos y eventos desarrollados por SODEPAL","breadcrumb":{"@id":"https:\/\/sodepal.es\/el-bono-bonito-del-cabildo-ya-puede-adquirirse-para-impulsar-el-tejido-comercial-durante-estas-fechas\/#breadcrumb"},"inLanguage":"en-GB","potentialAction":[{"@type":"ReadAction","target":["https:\/\/sodepal.es\/el-bono-bonito-del-cabildo-ya-puede-adquirirse-para-impulsar-el-tejido-comercial-durante-estas-fechas\/"]}]},{"@type":"ImageObject","inLanguage":"en-GB","@id":"https:\/\/sodepal.es\/el-bono-bonito-del-cabildo-ya-puede-adquirirse-para-impulsar-el-tejido-comercial-durante-estas-fechas\/#primaryimage","url":"https:\/\/sodepal.es\/wp-content\/uploads\/2024\/12\/Cartel_bono_bonito.jpg","contentUrl":"https:\/\/sodepal.es\/wp-content\/uploads\/2024\/12\/Cartel_bono_bonito.jpg","width":2560,"height":2560},{"@type":"BreadcrumbList","@id":"https:\/\/sodepal.es\/el-bono-bonito-del-cabildo-ya-puede-adquirirse-para-impulsar-el-tejido-comercial-durante-estas-fechas\/#breadcrumb","itemListElement":[{"@type":"ListItem","position":1,"name":"Inicio","item":"https:\/\/sodepal.es\/"},{"@type":"ListItem","position":2,"name":"El Bono Bonito del Cabildo ya puede adquirirse para impulsar el tejido comercial durante estas fechas"}]},{"@type":"WebSite","@id":"https:\/\/sodepal.es\/#website","url":"https:\/\/sodepal.es\/","name":"Sodepal","description":"SODEPAL es una empresa p\u00fablica dependiente del Cabildo de La Palma. Promoci\u00f3n, Fomento y Desarrollo para la isla de La Palma","publisher":{"@id":"https:\/\/sodepal.es\/#organization"},"alternateName":"Sociedad de Promoci\u00f3n y Desarrollo Econ\u00f3mico y Social de La Palma","potentialAction":[{"@type":"SearchAction","target":{"@type":"EntryPoint","urlTemplate":"https:\/\/sodepal.es\/?s={search_term_string}"},"query-input":{"@type":"PropertyValueSpecification","valueRequired":true,"valueName":"search_term_string"}}],"inLanguage":"en-GB"},{"@type":"Organization","@id":"https:\/\/sodepal.es\/#organization","name":"Sociedad de Promoci\u00f3n y Desarrollo Econ\u00f3mico y Social de La Palma","alternateName":"Sodepal","url":"https:\/\/sodepal.es\/","logo":{"@type":"ImageObject","inLanguage":"en-GB","@id":"https:\/\/sodepal.es\/#\/schema\/logo\/image\/","url":"https:\/\/sodepal.es\/wp-content\/uploads\/2022\/09\/logo_web.png","contentUrl":"https:\/\/sodepal.es\/wp-content\/uploads\/2022\/09\/logo_web.png","width":658,"height":156,"caption":"Sociedad de Promoci\u00f3n y Desarrollo Econ\u00f3mico y Social de La Palma"},"image":{"@id":"https:\/\/sodepal.es\/#\/schema\/logo\/image\/"},"sameAs":["https:\/\/www.facebook.com\/sodepal","https:\/\/www.instagram.com\/sodepallapalma\/"],"description":"Sociedad de Promoci\u00f3n y Desarrollo econ\u00f3mico y Social de La Palma, empresa p\u00fablica dependiente del Cabildo de La Palma","email":"info@sodepal.es","telephone":"922417323","legalName":"Sociedad de Promoci\u00f3n y Desarrollo Econ\u00f3mico de la isla de La Palma S.A.U."},{"@type":"Person","@id":"https:\/\/sodepal.es\/#\/schema\/person\/43b1d623bde0c4ec4efd5656ef0958b2","name":"gerencia","image":{"@type":"ImageObject","inLanguage":"en-GB","@id":"https:\/\/secure.gravatar.com\/avatar\/2aa1ba3e33e6721e413a7499ea7cab2e4414b99cea1516e7404245c8da655d86?s=96&d=mm&r=g","url":"https:\/\/secure.gravatar.com\/avatar\/2aa1ba3e33e6721e413a7499ea7cab2e4414b99cea1516e7404245c8da655d86?s=96&d=mm&r=g","contentUrl":"https:\/\/secure.gravatar.com\/avatar\/2aa1ba3e33e6721e413a7499ea7cab2e4414b99cea1516e7404245c8da655d86?s=96&d=mm&r=g","caption":"gerencia"}}]}},"_links":{"self":[{"href":"https:\/\/sodepal.es\/en\/wp-json\/wp\/v2\/posts\/22826","targetHints":{"allow":["GET"]}}],"collection":[{"href":"https:\/\/sodepal.es\/en\/wp-json\/wp\/v2\/posts"}],"about":[{"href":"https:\/\/sodepal.es\/en\/wp-json\/wp\/v2\/types\/post"}],"author":[{"embeddable":true,"href":"https:\/\/sodepal.es\/en\/wp-json\/wp\/v2\/users\/1"}],"replies":[{"embeddable":true,"href":"https:\/\/sodepal.es\/en\/wp-json\/wp\/v2\/comments?post=22826"}],"version-history":[{"count":0,"href":"https:\/\/sodepal.es\/en\/wp-json\/wp\/v2\/posts\/22826\/revisions"}],"wp:featuredmedia":[{"embeddable":true,"href":"https:\/\/sodepal.es\/en\/wp-json\/wp\/v2\/media\/22828"}],"wp:attachment":[{"href":"https:\/\/sodepal.es\/en\/wp-json\/wp\/v2\/media?parent=22826"}],"wp:term":[{"taxonomy":"category","embeddable":true,"href":"https:\/\/sodepal.es\/en\/wp-json\/wp\/v2\/categories?post=22826"},{"taxonomy":"post_tag","embeddable":true,"href":"https:\/\/sodepal.es\/en\/wp-json\/wp\/v2\/tags?post=22826"}],"curies":[{"name":"wp","href":"https:\/\/api.w.org\/{rel}","templated":true}]}}