{"id":22850,"date":"2025-01-08T15:43:16","date_gmt":"2025-01-08T15:43:16","guid":{"rendered":"https:\/\/sodepal.es\/?p=22850"},"modified":"2025-01-08T15:46:53","modified_gmt":"2025-01-08T15:46:53","slug":"transvulcania-adidas-terrex-arranca-su-15o-aniversario-con-mas-del-80-de-inscritos","status":"publish","type":"post","link":"https:\/\/sodepal.es\/en\/transvulcania-adidas-terrex-arranca-su-15o-aniversario-con-mas-del-80-de-inscritos\/","title":{"rendered":"Transvulcania adidas Terrex kicks off its 15th anniversary with more than 80% of registrations"},"content":{"rendered":"<div data-elementor-type=\"wp-post\" data-elementor-id=\"22850\" class=\"elementor elementor-22850\" data-elementor-post-type=\"post\">\n\t\t\t\t\t\t<section class=\"elementor-section elementor-top-section elementor-element elementor-element-a31ad79 elementor-section-boxed elementor-section-height-default elementor-section-height-default\" data-id=\"a31ad79\" data-element_type=\"section\" data-e-type=\"section\">\n\t\t\t\t\t\t<div class=\"elementor-container elementor-column-gap-default\">\n\t\t\t\t\t<div class=\"elementor-column elementor-col-100 elementor-top-column elementor-element elementor-element-46d91ac\" data-id=\"46d91ac\" data-element_type=\"column\" data-e-type=\"column\">\n\t\t\t<div class=\"elementor-widget-wrap elementor-element-populated\">\n\t\t\t\t\t\t<div class=\"elementor-element elementor-element-9b2de91 elementor-widget elementor-widget-text-editor\" data-id=\"9b2de91\" data-element_type=\"widget\" data-e-type=\"widget\" data-widget_type=\"text-editor.default\">\n\t\t\t\t<div class=\"elementor-widget-container\">\n\t\t\t\t\t\t\t\t\t<div class=\"field field--name-field-noticias-entradilla field--type-text-long field--label-hidden field--item\"><p><strong>Transvulcania adidas Terrex<\/strong>which will celebrate its 15th anniversary this year, is off to a strong start with a large number of registrations. More than 80% of the 3,000 bibs available are already sold out, reflecting the great interest generated by the event among both amateur and elite runners from all over the world.<\/p><p>Among the most demanded modalities, the Marathon and the Half Marathon are almost sold out, with only about 100 bibs available in each one. Registrations are expected to close in the next few days. The Ultramarathon follows a similar trend, with more than 300 bibs available, and is also expected to reach its quota in the coming weeks. The Vertical Kilometre is also experiencing a fast registration rate.<\/p><p>After a spectacular edition in 2024, in which five race records were broken, 2025 is shaping up to be one of the most special editions of the race, not only in sporting terms, but also because of the excellent public response. The race has recovered its organisational essence, returning to its origins and once again counting on the support of a main sponsor of international stature, such as adidas TERREX.<\/p><p>The president of the Cabildo de La Palma, Sergio Rodr\u00edguez, expressed that \"the Institution continues to work hard so that each new edition of the race helps to recover the international relevance it has always had, as well as encouraging the citizens to continue to feel identified with the race as something of their own\".<\/p><p>For her part, the CEO of Sodepal, Miriam Perestelo, assures that \"we are working tirelessly to make this 15th edition unforgettable. Transvulcania is one of the key commitments of our public company, an engine for generating economy and employment and attracting visitors to the island\".<\/p><p>Finally, the Sports Councillor, Yurguen Hern\u00e1ndez, explains that \"this year we have opened registrations earlier than in previous editions and the overall volume of registrations is progressing at an impressive rate, almost simultaneously selling out the three main modalities\".<\/p><\/div>\t\t\t\t\t\t\t\t<\/div>\n\t\t\t\t<\/div>\n\t\t\t\t\t<\/div>\n\t\t<\/div>\n\t\t\t\t\t<\/div>\n\t\t<\/section>\n\t\t\t\t<\/div>","protected":false},"excerpt":{"rendered":"<p>Transvulcania adidas Terrex, which will celebrate its 15th anniversary this year, is off to a strong start with a large number of registrations. More than 80% of the 3,000 bibs available are already sold out, which reflects the great interest that the race generates among both popular and elite runners from all over the world. Among the most popular ... <a title=\"Transvulcania adidas Terrex kicks off its 15th anniversary with more than 80% of registrations\" class=\"read-more\" href=\"https:\/\/sodepal.es\/en\/transvulcania-adidas-terrex-arranca-su-15o-aniversario-con-mas-del-80-de-inscritos\/\" aria-label=\"Read more about Transvulcania adidas Terrex kicks off its 15th anniversary with more than 80% of registered participants\">Read more<\/a><\/p>","protected":false},"author":1,"featured_media":22852,"comment_status":"open","ping_status":"open","sticky":false,"template":"","format":"standard","meta":{"_acf_changed":false,"footnotes":""},"categories":[19],"tags":[],"class_list":["post-22850","post","type-post","status-publish","format-standard","has-post-thumbnail","hentry","category-noticias"],"acf":[],"yoast_head":"<!-- This site is optimized with the Yoast SEO Premium plugin v22.0 (Yoast SEO v27.4) - https:\/\/yoast.com\/product\/yoast-seo-premium-wordpress\/ -->\n<title>Transvulcania adidas Terrex arranca su 15\u00ba aniversario con m\u00e1s del 80% de inscritos - Sociedad de Promoci\u00f3n y Desarrollo Econ\u00f3mico y Social de La Palma - SODEPAL<\/title>\n<meta name=\"description\" content=\"Toda la actualidad de los proyectos y eventos desarrollados por SODEPAL\" \/>\n<meta name=\"robots\" content=\"index, follow, max-snippet:-1, max-image-preview:large, max-video-preview:-1\" \/>\n<link rel=\"canonical\" href=\"https:\/\/sodepal.es\/en\/transvulcania-adidas-terrex-arranca-su-15o-aniversario-con-mas-del-80-de-inscritos\/\" \/>\n<meta property=\"og:locale\" content=\"en_GB\" \/>\n<meta property=\"og:type\" content=\"article\" \/>\n<meta property=\"og:title\" content=\"Transvulcania adidas Terrex arranca su 15\u00ba aniversario con m\u00e1s del 80% de inscritos\" \/>\n<meta property=\"og:description\" content=\"Toda la actualidad de los proyectos y eventos desarrollados por SODEPAL\" \/>\n<meta property=\"og:url\" content=\"https:\/\/sodepal.es\/en\/transvulcania-adidas-terrex-arranca-su-15o-aniversario-con-mas-del-80-de-inscritos\/\" \/>\n<meta property=\"og:site_name\" content=\"Sociedad de Promoci\u00f3n y Desarrollo Econ\u00f3mico y Social de La Palma - SODEPAL\" \/>\n<meta property=\"article:publisher\" content=\"https:\/\/www.facebook.com\/sodepal\" \/>\n<meta property=\"article:published_time\" content=\"2025-01-08T15:43:16+00:00\" \/>\n<meta property=\"article:modified_time\" content=\"2025-01-08T15:46:53+00:00\" \/>\n<meta property=\"og:image\" content=\"https:\/\/sodepal.es\/wp-content\/uploads\/2025\/01\/TRV.jpg\" \/>\n\t<meta property=\"og:image:width\" content=\"900\" \/>\n\t<meta property=\"og:image:height\" content=\"600\" \/>\n\t<meta property=\"og:image:type\" content=\"image\/jpeg\" \/>\n<meta name=\"author\" content=\"gerencia\" \/>\n<meta name=\"twitter:card\" content=\"summary_large_image\" \/>\n<script type=\"application\/ld+json\" class=\"yoast-schema-graph\">{\"@context\":\"https:\\\/\\\/schema.org\",\"@graph\":[{\"@type\":\"Article\",\"@id\":\"https:\\\/\\\/sodepal.es\\\/transvulcania-adidas-terrex-arranca-su-15o-aniversario-con-mas-del-80-de-inscritos\\\/#article\",\"isPartOf\":{\"@id\":\"https:\\\/\\\/sodepal.es\\\/transvulcania-adidas-terrex-arranca-su-15o-aniversario-con-mas-del-80-de-inscritos\\\/\"},\"author\":{\"name\":\"gerencia\",\"@id\":\"https:\\\/\\\/sodepal.es\\\/#\\\/schema\\\/person\\\/43b1d623bde0c4ec4efd5656ef0958b2\"},\"headline\":\"Transvulcania adidas Terrex arranca su 15\u00ba aniversario con m\u00e1s del 80% de inscritos\",\"datePublished\":\"2025-01-08T15:43:16+00:00\",\"dateModified\":\"2025-01-08T15:46:53+00:00\",\"mainEntityOfPage\":{\"@id\":\"https:\\\/\\\/sodepal.es\\\/transvulcania-adidas-terrex-arranca-su-15o-aniversario-con-mas-del-80-de-inscritos\\\/\"},\"wordCount\":375,\"commentCount\":0,\"publisher\":{\"@id\":\"https:\\\/\\\/sodepal.es\\\/#organization\"},\"image\":{\"@id\":\"https:\\\/\\\/sodepal.es\\\/transvulcania-adidas-terrex-arranca-su-15o-aniversario-con-mas-del-80-de-inscritos\\\/#primaryimage\"},\"thumbnailUrl\":\"https:\\\/\\\/sodepal.es\\\/wp-content\\\/uploads\\\/2025\\\/01\\\/TRV.jpg\",\"articleSection\":[\"Noticias\"],\"inLanguage\":\"en-GB\",\"potentialAction\":[{\"@type\":\"CommentAction\",\"name\":\"Comment\",\"target\":[\"https:\\\/\\\/sodepal.es\\\/transvulcania-adidas-terrex-arranca-su-15o-aniversario-con-mas-del-80-de-inscritos\\\/#respond\"]}]},{\"@type\":\"WebPage\",\"@id\":\"https:\\\/\\\/sodepal.es\\\/transvulcania-adidas-terrex-arranca-su-15o-aniversario-con-mas-del-80-de-inscritos\\\/\",\"url\":\"https:\\\/\\\/sodepal.es\\\/transvulcania-adidas-terrex-arranca-su-15o-aniversario-con-mas-del-80-de-inscritos\\\/\",\"name\":\"Transvulcania adidas Terrex arranca su 15\u00ba aniversario con m\u00e1s del 80% de inscritos - Sociedad de Promoci\u00f3n y Desarrollo Econ\u00f3mico y Social de La Palma - SODEPAL\",\"isPartOf\":{\"@id\":\"https:\\\/\\\/sodepal.es\\\/#website\"},\"primaryImageOfPage\":{\"@id\":\"https:\\\/\\\/sodepal.es\\\/transvulcania-adidas-terrex-arranca-su-15o-aniversario-con-mas-del-80-de-inscritos\\\/#primaryimage\"},\"image\":{\"@id\":\"https:\\\/\\\/sodepal.es\\\/transvulcania-adidas-terrex-arranca-su-15o-aniversario-con-mas-del-80-de-inscritos\\\/#primaryimage\"},\"thumbnailUrl\":\"https:\\\/\\\/sodepal.es\\\/wp-content\\\/uploads\\\/2025\\\/01\\\/TRV.jpg\",\"datePublished\":\"2025-01-08T15:43:16+00:00\",\"dateModified\":\"2025-01-08T15:46:53+00:00\",\"description\":\"Toda la actualidad de los proyectos y eventos desarrollados por SODEPAL\",\"breadcrumb\":{\"@id\":\"https:\\\/\\\/sodepal.es\\\/transvulcania-adidas-terrex-arranca-su-15o-aniversario-con-mas-del-80-de-inscritos\\\/#breadcrumb\"},\"inLanguage\":\"en-GB\",\"potentialAction\":[{\"@type\":\"ReadAction\",\"target\":[\"https:\\\/\\\/sodepal.es\\\/transvulcania-adidas-terrex-arranca-su-15o-aniversario-con-mas-del-80-de-inscritos\\\/\"]}]},{\"@type\":\"ImageObject\",\"inLanguage\":\"en-GB\",\"@id\":\"https:\\\/\\\/sodepal.es\\\/transvulcania-adidas-terrex-arranca-su-15o-aniversario-con-mas-del-80-de-inscritos\\\/#primaryimage\",\"url\":\"https:\\\/\\\/sodepal.es\\\/wp-content\\\/uploads\\\/2025\\\/01\\\/TRV.jpg\",\"contentUrl\":\"https:\\\/\\\/sodepal.es\\\/wp-content\\\/uploads\\\/2025\\\/01\\\/TRV.jpg\",\"width\":900,\"height\":600},{\"@type\":\"BreadcrumbList\",\"@id\":\"https:\\\/\\\/sodepal.es\\\/transvulcania-adidas-terrex-arranca-su-15o-aniversario-con-mas-del-80-de-inscritos\\\/#breadcrumb\",\"itemListElement\":[{\"@type\":\"ListItem\",\"position\":1,\"name\":\"Inicio\",\"item\":\"https:\\\/\\\/sodepal.es\\\/\"},{\"@type\":\"ListItem\",\"position\":2,\"name\":\"Transvulcania adidas Terrex arranca su 15\u00ba aniversario con m\u00e1s del 80% de inscritos\"}]},{\"@type\":\"WebSite\",\"@id\":\"https:\\\/\\\/sodepal.es\\\/#website\",\"url\":\"https:\\\/\\\/sodepal.es\\\/\",\"name\":\"Sodepal\",\"description\":\"SODEPAL es una empresa p\u00fablica dependiente del Cabildo de La Palma. Promoci\u00f3n, Fomento y Desarrollo para la isla de La Palma\",\"publisher\":{\"@id\":\"https:\\\/\\\/sodepal.es\\\/#organization\"},\"alternateName\":\"Sociedad de Promoci\u00f3n y Desarrollo Econ\u00f3mico y Social de La Palma\",\"potentialAction\":[{\"@type\":\"SearchAction\",\"target\":{\"@type\":\"EntryPoint\",\"urlTemplate\":\"https:\\\/\\\/sodepal.es\\\/?s={search_term_string}\"},\"query-input\":{\"@type\":\"PropertyValueSpecification\",\"valueRequired\":true,\"valueName\":\"search_term_string\"}}],\"inLanguage\":\"en-GB\"},{\"@type\":\"Organization\",\"@id\":\"https:\\\/\\\/sodepal.es\\\/#organization\",\"name\":\"Sociedad de Promoci\u00f3n y Desarrollo Econ\u00f3mico y Social de La Palma\",\"alternateName\":\"Sodepal\",\"url\":\"https:\\\/\\\/sodepal.es\\\/\",\"logo\":{\"@type\":\"ImageObject\",\"inLanguage\":\"en-GB\",\"@id\":\"https:\\\/\\\/sodepal.es\\\/#\\\/schema\\\/logo\\\/image\\\/\",\"url\":\"https:\\\/\\\/sodepal.es\\\/wp-content\\\/uploads\\\/2022\\\/09\\\/logo_web.png\",\"contentUrl\":\"https:\\\/\\\/sodepal.es\\\/wp-content\\\/uploads\\\/2022\\\/09\\\/logo_web.png\",\"width\":658,\"height\":156,\"caption\":\"Sociedad de Promoci\u00f3n y Desarrollo Econ\u00f3mico y Social de La Palma\"},\"image\":{\"@id\":\"https:\\\/\\\/sodepal.es\\\/#\\\/schema\\\/logo\\\/image\\\/\"},\"sameAs\":[\"https:\\\/\\\/www.facebook.com\\\/sodepal\",\"https:\\\/\\\/www.instagram.com\\\/sodepallapalma\\\/\"],\"description\":\"Sociedad de Promoci\u00f3n y Desarrollo econ\u00f3mico y Social de La Palma, empresa p\u00fablica dependiente del Cabildo de La Palma\",\"email\":\"info@sodepal.es\",\"telephone\":\"922417323\",\"legalName\":\"Sociedad de Promoci\u00f3n y Desarrollo Econ\u00f3mico de la isla de La Palma S.A.U.\"},{\"@type\":\"Person\",\"@id\":\"https:\\\/\\\/sodepal.es\\\/#\\\/schema\\\/person\\\/43b1d623bde0c4ec4efd5656ef0958b2\",\"name\":\"gerencia\",\"image\":{\"@type\":\"ImageObject\",\"inLanguage\":\"en-GB\",\"@id\":\"https:\\\/\\\/secure.gravatar.com\\\/avatar\\\/2aa1ba3e33e6721e413a7499ea7cab2e4414b99cea1516e7404245c8da655d86?s=96&d=mm&r=g\",\"url\":\"https:\\\/\\\/secure.gravatar.com\\\/avatar\\\/2aa1ba3e33e6721e413a7499ea7cab2e4414b99cea1516e7404245c8da655d86?s=96&d=mm&r=g\",\"contentUrl\":\"https:\\\/\\\/secure.gravatar.com\\\/avatar\\\/2aa1ba3e33e6721e413a7499ea7cab2e4414b99cea1516e7404245c8da655d86?s=96&d=mm&r=g\",\"caption\":\"gerencia\"}}]}<\/script>\n<!-- \/ Yoast SEO Premium plugin. -->","yoast_head_json":{"title":"Transvulcania adidas Terrex arranca su 15\u00ba aniversario con m\u00e1s del 80% de inscritos - Sociedad de Promoci\u00f3n y Desarrollo Econ\u00f3mico y Social de La Palma - SODEPAL","description":"Toda la actualidad de los proyectos y eventos desarrollados por SODEPAL","robots":{"index":"index","follow":"follow","max-snippet":"max-snippet:-1","max-image-preview":"max-image-preview:large","max-video-preview":"max-video-preview:-1"},"canonical":"https:\/\/sodepal.es\/en\/transvulcania-adidas-terrex-arranca-su-15o-aniversario-con-mas-del-80-de-inscritos\/","og_locale":"en_GB","og_type":"article","og_title":"Transvulcania adidas Terrex arranca su 15\u00ba aniversario con m\u00e1s del 80% de inscritos","og_description":"Toda la actualidad de los proyectos y eventos desarrollados por SODEPAL","og_url":"https:\/\/sodepal.es\/en\/transvulcania-adidas-terrex-arranca-su-15o-aniversario-con-mas-del-80-de-inscritos\/","og_site_name":"Sociedad de Promoci\u00f3n y Desarrollo Econ\u00f3mico y Social de La Palma - SODEPAL","article_publisher":"https:\/\/www.facebook.com\/sodepal","article_published_time":"2025-01-08T15:43:16+00:00","article_modified_time":"2025-01-08T15:46:53+00:00","og_image":[{"width":900,"height":600,"url":"https:\/\/sodepal.es\/wp-content\/uploads\/2025\/01\/TRV.jpg","type":"image\/jpeg"}],"author":"gerencia","twitter_card":"summary_large_image","schema":{"@context":"https:\/\/schema.org","@graph":[{"@type":"Article","@id":"https:\/\/sodepal.es\/transvulcania-adidas-terrex-arranca-su-15o-aniversario-con-mas-del-80-de-inscritos\/#article","isPartOf":{"@id":"https:\/\/sodepal.es\/transvulcania-adidas-terrex-arranca-su-15o-aniversario-con-mas-del-80-de-inscritos\/"},"author":{"name":"gerencia","@id":"https:\/\/sodepal.es\/#\/schema\/person\/43b1d623bde0c4ec4efd5656ef0958b2"},"headline":"Transvulcania adidas Terrex arranca su 15\u00ba aniversario con m\u00e1s del 80% de inscritos","datePublished":"2025-01-08T15:43:16+00:00","dateModified":"2025-01-08T15:46:53+00:00","mainEntityOfPage":{"@id":"https:\/\/sodepal.es\/transvulcania-adidas-terrex-arranca-su-15o-aniversario-con-mas-del-80-de-inscritos\/"},"wordCount":375,"commentCount":0,"publisher":{"@id":"https:\/\/sodepal.es\/#organization"},"image":{"@id":"https:\/\/sodepal.es\/transvulcania-adidas-terrex-arranca-su-15o-aniversario-con-mas-del-80-de-inscritos\/#primaryimage"},"thumbnailUrl":"https:\/\/sodepal.es\/wp-content\/uploads\/2025\/01\/TRV.jpg","articleSection":["Noticias"],"inLanguage":"en-GB","potentialAction":[{"@type":"CommentAction","name":"Comment","target":["https:\/\/sodepal.es\/transvulcania-adidas-terrex-arranca-su-15o-aniversario-con-mas-del-80-de-inscritos\/#respond"]}]},{"@type":"WebPage","@id":"https:\/\/sodepal.es\/transvulcania-adidas-terrex-arranca-su-15o-aniversario-con-mas-del-80-de-inscritos\/","url":"https:\/\/sodepal.es\/transvulcania-adidas-terrex-arranca-su-15o-aniversario-con-mas-del-80-de-inscritos\/","name":"Transvulcania adidas Terrex arranca su 15\u00ba aniversario con m\u00e1s del 80% de inscritos - Sociedad de Promoci\u00f3n y Desarrollo Econ\u00f3mico y Social de La Palma - SODEPAL","isPartOf":{"@id":"https:\/\/sodepal.es\/#website"},"primaryImageOfPage":{"@id":"https:\/\/sodepal.es\/transvulcania-adidas-terrex-arranca-su-15o-aniversario-con-mas-del-80-de-inscritos\/#primaryimage"},"image":{"@id":"https:\/\/sodepal.es\/transvulcania-adidas-terrex-arranca-su-15o-aniversario-con-mas-del-80-de-inscritos\/#primaryimage"},"thumbnailUrl":"https:\/\/sodepal.es\/wp-content\/uploads\/2025\/01\/TRV.jpg","datePublished":"2025-01-08T15:43:16+00:00","dateModified":"2025-01-08T15:46:53+00:00","description":"Toda la actualidad de los proyectos y eventos desarrollados por SODEPAL","breadcrumb":{"@id":"https:\/\/sodepal.es\/transvulcania-adidas-terrex-arranca-su-15o-aniversario-con-mas-del-80-de-inscritos\/#breadcrumb"},"inLanguage":"en-GB","potentialAction":[{"@type":"ReadAction","target":["https:\/\/sodepal.es\/transvulcania-adidas-terrex-arranca-su-15o-aniversario-con-mas-del-80-de-inscritos\/"]}]},{"@type":"ImageObject","inLanguage":"en-GB","@id":"https:\/\/sodepal.es\/transvulcania-adidas-terrex-arranca-su-15o-aniversario-con-mas-del-80-de-inscritos\/#primaryimage","url":"https:\/\/sodepal.es\/wp-content\/uploads\/2025\/01\/TRV.jpg","contentUrl":"https:\/\/sodepal.es\/wp-content\/uploads\/2025\/01\/TRV.jpg","width":900,"height":600},{"@type":"BreadcrumbList","@id":"https:\/\/sodepal.es\/transvulcania-adidas-terrex-arranca-su-15o-aniversario-con-mas-del-80-de-inscritos\/#breadcrumb","itemListElement":[{"@type":"ListItem","position":1,"name":"Inicio","item":"https:\/\/sodepal.es\/"},{"@type":"ListItem","position":2,"name":"Transvulcania adidas Terrex arranca su 15\u00ba aniversario con m\u00e1s del 80% de inscritos"}]},{"@type":"WebSite","@id":"https:\/\/sodepal.es\/#website","url":"https:\/\/sodepal.es\/","name":"Sodepal","description":"SODEPAL es una empresa p\u00fablica dependiente del Cabildo de La Palma. Promoci\u00f3n, Fomento y Desarrollo para la isla de La Palma","publisher":{"@id":"https:\/\/sodepal.es\/#organization"},"alternateName":"Sociedad de Promoci\u00f3n y Desarrollo Econ\u00f3mico y Social de La Palma","potentialAction":[{"@type":"SearchAction","target":{"@type":"EntryPoint","urlTemplate":"https:\/\/sodepal.es\/?s={search_term_string}"},"query-input":{"@type":"PropertyValueSpecification","valueRequired":true,"valueName":"search_term_string"}}],"inLanguage":"en-GB"},{"@type":"Organization","@id":"https:\/\/sodepal.es\/#organization","name":"Sociedad de Promoci\u00f3n y Desarrollo Econ\u00f3mico y Social de La Palma","alternateName":"Sodepal","url":"https:\/\/sodepal.es\/","logo":{"@type":"ImageObject","inLanguage":"en-GB","@id":"https:\/\/sodepal.es\/#\/schema\/logo\/image\/","url":"https:\/\/sodepal.es\/wp-content\/uploads\/2022\/09\/logo_web.png","contentUrl":"https:\/\/sodepal.es\/wp-content\/uploads\/2022\/09\/logo_web.png","width":658,"height":156,"caption":"Sociedad de Promoci\u00f3n y Desarrollo Econ\u00f3mico y Social de La Palma"},"image":{"@id":"https:\/\/sodepal.es\/#\/schema\/logo\/image\/"},"sameAs":["https:\/\/www.facebook.com\/sodepal","https:\/\/www.instagram.com\/sodepallapalma\/"],"description":"Sociedad de Promoci\u00f3n y Desarrollo econ\u00f3mico y Social de La Palma, empresa p\u00fablica dependiente del Cabildo de La Palma","email":"info@sodepal.es","telephone":"922417323","legalName":"Sociedad de Promoci\u00f3n y Desarrollo Econ\u00f3mico de la isla de La Palma S.A.U."},{"@type":"Person","@id":"https:\/\/sodepal.es\/#\/schema\/person\/43b1d623bde0c4ec4efd5656ef0958b2","name":"gerencia","image":{"@type":"ImageObject","inLanguage":"en-GB","@id":"https:\/\/secure.gravatar.com\/avatar\/2aa1ba3e33e6721e413a7499ea7cab2e4414b99cea1516e7404245c8da655d86?s=96&d=mm&r=g","url":"https:\/\/secure.gravatar.com\/avatar\/2aa1ba3e33e6721e413a7499ea7cab2e4414b99cea1516e7404245c8da655d86?s=96&d=mm&r=g","contentUrl":"https:\/\/secure.gravatar.com\/avatar\/2aa1ba3e33e6721e413a7499ea7cab2e4414b99cea1516e7404245c8da655d86?s=96&d=mm&r=g","caption":"gerencia"}}]}},"_links":{"self":[{"href":"https:\/\/sodepal.es\/en\/wp-json\/wp\/v2\/posts\/22850","targetHints":{"allow":["GET"]}}],"collection":[{"href":"https:\/\/sodepal.es\/en\/wp-json\/wp\/v2\/posts"}],"about":[{"href":"https:\/\/sodepal.es\/en\/wp-json\/wp\/v2\/types\/post"}],"author":[{"embeddable":true,"href":"https:\/\/sodepal.es\/en\/wp-json\/wp\/v2\/users\/1"}],"replies":[{"embeddable":true,"href":"https:\/\/sodepal.es\/en\/wp-json\/wp\/v2\/comments?post=22850"}],"version-history":[{"count":0,"href":"https:\/\/sodepal.es\/en\/wp-json\/wp\/v2\/posts\/22850\/revisions"}],"wp:featuredmedia":[{"embeddable":true,"href":"https:\/\/sodepal.es\/en\/wp-json\/wp\/v2\/media\/22852"}],"wp:attachment":[{"href":"https:\/\/sodepal.es\/en\/wp-json\/wp\/v2\/media?parent=22850"}],"wp:term":[{"taxonomy":"category","embeddable":true,"href":"https:\/\/sodepal.es\/en\/wp-json\/wp\/v2\/categories?post=22850"},{"taxonomy":"post_tag","embeddable":true,"href":"https:\/\/sodepal.es\/en\/wp-json\/wp\/v2\/tags?post=22850"}],"curies":[{"name":"wp","href":"https:\/\/api.w.org\/{rel}","templated":true}]}}