{"id":22936,"date":"2025-01-27T11:40:56","date_gmt":"2025-01-27T11:40:56","guid":{"rendered":"https:\/\/sodepal.es\/?p=22936"},"modified":"2025-01-27T12:26:36","modified_gmt":"2025-01-27T12:26:36","slug":"la-palma-se-diferencia-como-destino-gastronomico-en-madrid-fusion-2025","status":"publish","type":"post","link":"https:\/\/sodepal.es\/en\/la-palma-se-diferencia-como-destino-gastronomico-en-madrid-fusion-2025\/","title":{"rendered":"La Palma stands out as a gastronomic destination at Madrid Fusi\u00f3n 2025"},"content":{"rendered":"<div data-elementor-type=\"wp-post\" data-elementor-id=\"22936\" class=\"elementor elementor-22936\" data-elementor-post-type=\"post\">\n\t\t\t\t\t\t<section class=\"elementor-section elementor-top-section elementor-element elementor-element-a31ad79 elementor-section-boxed elementor-section-height-default elementor-section-height-default\" data-id=\"a31ad79\" data-element_type=\"section\" data-e-type=\"section\">\n\t\t\t\t\t\t<div class=\"elementor-container elementor-column-gap-default\">\n\t\t\t\t\t<div class=\"elementor-column elementor-col-100 elementor-top-column elementor-element elementor-element-46d91ac\" data-id=\"46d91ac\" data-element_type=\"column\" data-e-type=\"column\">\n\t\t\t<div class=\"elementor-widget-wrap elementor-element-populated\">\n\t\t\t\t\t\t<div class=\"elementor-element elementor-element-9b2de91 elementor-widget elementor-widget-text-editor\" data-id=\"9b2de91\" data-element_type=\"widget\" data-e-type=\"widget\" data-widget_type=\"text-editor.default\">\n\t\t\t\t<div class=\"elementor-widget-container\">\n\t\t\t\t\t\t\t\t\t<div class=\"field field--name-field-noticias-entradilla field--type-text-long field--label-hidden field--item\"><div class=\"field field--name-field-noticias-entradilla field--type-text-long field--label-hidden field--item\"><h4>The Councillor for Economic Promotion of the Cabildo de La Palma and CEO of Sodepal, Miriam Perestelo, stresses the importance of attending this type of specialised event in order to continue making the island known as one of the destinations recognised for the quality of its products and the talent of its professionals.<\/h4><\/div><div class=\"field field--name-body field--type-text-with-summary field--label-hidden field--item\"><p>La Palma is positioning itself as a gastronomic destination at Madrid Fusi\u00f3n 2025, to be held from 27th to 29th January at Ifema. The island will bring the best of its products and the talent of its professionals to this renowned international trade fair under the umbrella of the Saborea La Palma project, promoted by the public company Sodepal.\u00a0\u00a0<\/p><p>The Councillor for Economic Promotion of the Cabildo de La Palma and CEO of Sodepal, Miriam Perestelo, stresses the showcase that this international event represents to continue to bet on the differentiation of the destination through its gastronomy, \"a sector that has been gaining more and more relevance, positioning itself as one of the main tourist attractions of the island,\" she explains.<\/p><p>For her part, the Councillor for Tourism, Raquel Rebollo, defends the fact that the island of La Palma arrives at Madrid Fusi\u00f3n after an initial contact with the tourism sector at Fitur, and now focuses on one of the island's star products, such as gastronomy, something that strengthens La Palma among a specific part of this area.\u00a0<\/p><p>Saborea La Palma will have its own stand in the Saborea Espa\u00f1a area, where for three days it will be presenting its products, as well as typical dishes from La Palma's cuisine.<\/p><p>The Cabildo and the public company Sodepal continue to support and reinforce the presence of La Palma as a differentiated destination through this type of more specialised events that allow them to continue creating a brand through the different products offered by the destination, such as gastronomy, astro-tourism and sports tourism, among others.\u00a0<\/p><h4>Programme of actions at Madrid Fusi\u00f3n<\/h4><p>Within the framework of the fair, the CEO of Sodepal, Miriam Perestelo, will hold a series of meetings with agents from the tourism and gastronomic sector that will enable synergies to be generated between the destination and other places to share experiences, as well as with companies and representatives from this field to position the island.<\/p><p>On the other hand, La Palma will have different presentations, from cooking with Palmero goat and Palmero beef, to workshops and tastings of a wide variety of products from the island, such as mojo, salt, oil, gofio, a selection of island pastries, fruit, and drinks such as coffee, rum and beer.<\/p><p>On Monday, 27th January, Jos\u00e9 Alberto D\u00edaz and Brenda Rodr\u00edguez will present 'Destino La Palma', showing the quality of the island's cheeses from 12:15 p.m. onwards. In the afternoon, Emilio Rodr\u00edguez will present a workshop on cocktails in the 'Aula de Copas' at 16:30.<\/p><p>On Tuesday, 28 January, Jes\u00fas \u00c1lvarez will explain the characteristics of Palmeros wines at 12:30 pm. There will also be space for the Love Festival, a commitment to freedom and diversity, by C\u00e9sar P\u00e9rez in the 'Showcooking' area, at 17:00. Jos\u00e9 Alberto D\u00edaz will hold a workshop on avocados from La Palma, starting at 18:00. To close the day, Emilio Rodr\u00edguez will once again present and make cocktail products.<\/p><p>Finally, on Wednesday, 29 January, Jos\u00e9 Alberto D\u00edaz will delight those present with the Palmero beef dog and goat's milk quesillo, while C\u00e9sar P\u00e9rez will give a workshop on mojo palmero and traditional potatoes.<\/p><p>You can consult the programme through this link:\u00a0<a href=\"https:\/\/saborealapalma.es\/ferias-en-las-que-hemos-estado\/madrid-fusion-2025\" target=\"_blank\" rel=\"noopener\">https:\/\/saborealapalma.es\/ferias-en-las-que-hemos-estado\/madrid-fusion-2025<\/a><\/p><\/div><\/div>\t\t\t\t\t\t\t\t<\/div>\n\t\t\t\t<\/div>\n\t\t\t\t\t<\/div>\n\t\t<\/div>\n\t\t\t\t\t<\/div>\n\t\t<\/section>\n\t\t\t\t<\/div>","protected":false},"excerpt":{"rendered":"<p>The Councillor for Economic Promotion of the Cabildo de La Palma and CEO of Sodepal, Miriam Perestelo, stresses the importance of attending this type of specialised events to continue to make the island known as one of the destinations recognised for the quality of its products and the talent of its professionals. ... <a title=\"La Palma stands out as a gastronomic destination at Madrid Fusi\u00f3n 2025\" class=\"read-more\" href=\"https:\/\/sodepal.es\/en\/la-palma-se-diferencia-como-destino-gastronomico-en-madrid-fusion-2025\/\" aria-label=\"Read more about La Palma sets itself apart as a gastronomic destination at Madrid Fusi\u00f3n 2025\">Read more<\/a><\/p>","protected":false},"author":1,"featured_media":22938,"comment_status":"open","ping_status":"open","sticky":false,"template":"","format":"standard","meta":{"_acf_changed":false,"footnotes":""},"categories":[19],"tags":[],"class_list":["post-22936","post","type-post","status-publish","format-standard","has-post-thumbnail","hentry","category-noticias"],"acf":[],"yoast_head":"<!-- This site is optimized with the Yoast SEO Premium plugin v22.0 (Yoast SEO v27.4) - https:\/\/yoast.com\/product\/yoast-seo-premium-wordpress\/ -->\n<title>La Palma se diferencia como destino gastron\u00f3mico en Madrid Fusi\u00f3n 2025 - Sociedad de Promoci\u00f3n y Desarrollo Econ\u00f3mico y Social de La Palma - SODEPAL<\/title>\n<meta name=\"description\" content=\"Toda la actualidad de los proyectos y eventos desarrollados por SODEPAL\" \/>\n<meta name=\"robots\" content=\"index, follow, max-snippet:-1, max-image-preview:large, max-video-preview:-1\" \/>\n<link rel=\"canonical\" href=\"https:\/\/sodepal.es\/en\/la-palma-se-diferencia-como-destino-gastronomico-en-madrid-fusion-2025\/\" \/>\n<meta property=\"og:locale\" content=\"en_GB\" \/>\n<meta property=\"og:type\" content=\"article\" \/>\n<meta property=\"og:title\" content=\"La Palma se diferencia como destino gastron\u00f3mico en Madrid Fusi\u00f3n 2025\" \/>\n<meta property=\"og:description\" content=\"Toda la actualidad de los proyectos y eventos desarrollados por SODEPAL\" \/>\n<meta property=\"og:url\" content=\"https:\/\/sodepal.es\/en\/la-palma-se-diferencia-como-destino-gastronomico-en-madrid-fusion-2025\/\" \/>\n<meta property=\"og:site_name\" content=\"Sociedad de Promoci\u00f3n y Desarrollo Econ\u00f3mico y Social de La Palma - SODEPAL\" \/>\n<meta property=\"article:publisher\" content=\"https:\/\/www.facebook.com\/sodepal\" \/>\n<meta property=\"article:published_time\" content=\"2025-01-27T11:40:56+00:00\" \/>\n<meta property=\"article:modified_time\" content=\"2025-01-27T12:26:36+00:00\" \/>\n<meta property=\"og:image\" content=\"https:\/\/sodepal.es\/wp-content\/uploads\/2025\/01\/Madrid_fusion_Saboresa_LaPalma.jpg\" \/>\n\t<meta property=\"og:image:width\" content=\"1600\" \/>\n\t<meta property=\"og:image:height\" content=\"1600\" \/>\n\t<meta property=\"og:image:type\" content=\"image\/jpeg\" \/>\n<meta name=\"author\" content=\"gerencia\" \/>\n<meta name=\"twitter:card\" content=\"summary_large_image\" \/>\n<script type=\"application\/ld+json\" class=\"yoast-schema-graph\">{\"@context\":\"https:\\\/\\\/schema.org\",\"@graph\":[{\"@type\":\"Article\",\"@id\":\"https:\\\/\\\/sodepal.es\\\/la-palma-se-diferencia-como-destino-gastronomico-en-madrid-fusion-2025\\\/#article\",\"isPartOf\":{\"@id\":\"https:\\\/\\\/sodepal.es\\\/la-palma-se-diferencia-como-destino-gastronomico-en-madrid-fusion-2025\\\/\"},\"author\":{\"name\":\"gerencia\",\"@id\":\"https:\\\/\\\/sodepal.es\\\/#\\\/schema\\\/person\\\/43b1d623bde0c4ec4efd5656ef0958b2\"},\"headline\":\"La Palma se diferencia como destino gastron\u00f3mico en Madrid Fusi\u00f3n 2025\",\"datePublished\":\"2025-01-27T11:40:56+00:00\",\"dateModified\":\"2025-01-27T12:26:36+00:00\",\"mainEntityOfPage\":{\"@id\":\"https:\\\/\\\/sodepal.es\\\/la-palma-se-diferencia-como-destino-gastronomico-en-madrid-fusion-2025\\\/\"},\"wordCount\":701,\"commentCount\":0,\"publisher\":{\"@id\":\"https:\\\/\\\/sodepal.es\\\/#organization\"},\"image\":{\"@id\":\"https:\\\/\\\/sodepal.es\\\/la-palma-se-diferencia-como-destino-gastronomico-en-madrid-fusion-2025\\\/#primaryimage\"},\"thumbnailUrl\":\"https:\\\/\\\/sodepal.es\\\/wp-content\\\/uploads\\\/2025\\\/01\\\/Madrid_fusion_Saboresa_LaPalma.jpg\",\"articleSection\":[\"Noticias\"],\"inLanguage\":\"en-GB\",\"potentialAction\":[{\"@type\":\"CommentAction\",\"name\":\"Comment\",\"target\":[\"https:\\\/\\\/sodepal.es\\\/la-palma-se-diferencia-como-destino-gastronomico-en-madrid-fusion-2025\\\/#respond\"]}]},{\"@type\":\"WebPage\",\"@id\":\"https:\\\/\\\/sodepal.es\\\/la-palma-se-diferencia-como-destino-gastronomico-en-madrid-fusion-2025\\\/\",\"url\":\"https:\\\/\\\/sodepal.es\\\/la-palma-se-diferencia-como-destino-gastronomico-en-madrid-fusion-2025\\\/\",\"name\":\"La Palma se diferencia como destino gastron\u00f3mico en Madrid Fusi\u00f3n 2025 - Sociedad de Promoci\u00f3n y Desarrollo Econ\u00f3mico y Social de La Palma - SODEPAL\",\"isPartOf\":{\"@id\":\"https:\\\/\\\/sodepal.es\\\/#website\"},\"primaryImageOfPage\":{\"@id\":\"https:\\\/\\\/sodepal.es\\\/la-palma-se-diferencia-como-destino-gastronomico-en-madrid-fusion-2025\\\/#primaryimage\"},\"image\":{\"@id\":\"https:\\\/\\\/sodepal.es\\\/la-palma-se-diferencia-como-destino-gastronomico-en-madrid-fusion-2025\\\/#primaryimage\"},\"thumbnailUrl\":\"https:\\\/\\\/sodepal.es\\\/wp-content\\\/uploads\\\/2025\\\/01\\\/Madrid_fusion_Saboresa_LaPalma.jpg\",\"datePublished\":\"2025-01-27T11:40:56+00:00\",\"dateModified\":\"2025-01-27T12:26:36+00:00\",\"description\":\"Toda la actualidad de los proyectos y eventos desarrollados por SODEPAL\",\"breadcrumb\":{\"@id\":\"https:\\\/\\\/sodepal.es\\\/la-palma-se-diferencia-como-destino-gastronomico-en-madrid-fusion-2025\\\/#breadcrumb\"},\"inLanguage\":\"en-GB\",\"potentialAction\":[{\"@type\":\"ReadAction\",\"target\":[\"https:\\\/\\\/sodepal.es\\\/la-palma-se-diferencia-como-destino-gastronomico-en-madrid-fusion-2025\\\/\"]}]},{\"@type\":\"ImageObject\",\"inLanguage\":\"en-GB\",\"@id\":\"https:\\\/\\\/sodepal.es\\\/la-palma-se-diferencia-como-destino-gastronomico-en-madrid-fusion-2025\\\/#primaryimage\",\"url\":\"https:\\\/\\\/sodepal.es\\\/wp-content\\\/uploads\\\/2025\\\/01\\\/Madrid_fusion_Saboresa_LaPalma.jpg\",\"contentUrl\":\"https:\\\/\\\/sodepal.es\\\/wp-content\\\/uploads\\\/2025\\\/01\\\/Madrid_fusion_Saboresa_LaPalma.jpg\",\"width\":1600,\"height\":1600},{\"@type\":\"BreadcrumbList\",\"@id\":\"https:\\\/\\\/sodepal.es\\\/la-palma-se-diferencia-como-destino-gastronomico-en-madrid-fusion-2025\\\/#breadcrumb\",\"itemListElement\":[{\"@type\":\"ListItem\",\"position\":1,\"name\":\"Inicio\",\"item\":\"https:\\\/\\\/sodepal.es\\\/\"},{\"@type\":\"ListItem\",\"position\":2,\"name\":\"La Palma se diferencia como destino gastron\u00f3mico en Madrid Fusi\u00f3n 2025\"}]},{\"@type\":\"WebSite\",\"@id\":\"https:\\\/\\\/sodepal.es\\\/#website\",\"url\":\"https:\\\/\\\/sodepal.es\\\/\",\"name\":\"Sodepal\",\"description\":\"SODEPAL es una empresa p\u00fablica dependiente del Cabildo de La Palma. Promoci\u00f3n, Fomento y Desarrollo para la isla de La Palma\",\"publisher\":{\"@id\":\"https:\\\/\\\/sodepal.es\\\/#organization\"},\"alternateName\":\"Sociedad de Promoci\u00f3n y Desarrollo Econ\u00f3mico y Social de La Palma\",\"potentialAction\":[{\"@type\":\"SearchAction\",\"target\":{\"@type\":\"EntryPoint\",\"urlTemplate\":\"https:\\\/\\\/sodepal.es\\\/?s={search_term_string}\"},\"query-input\":{\"@type\":\"PropertyValueSpecification\",\"valueRequired\":true,\"valueName\":\"search_term_string\"}}],\"inLanguage\":\"en-GB\"},{\"@type\":\"Organization\",\"@id\":\"https:\\\/\\\/sodepal.es\\\/#organization\",\"name\":\"Sociedad de Promoci\u00f3n y Desarrollo Econ\u00f3mico y Social de La Palma\",\"alternateName\":\"Sodepal\",\"url\":\"https:\\\/\\\/sodepal.es\\\/\",\"logo\":{\"@type\":\"ImageObject\",\"inLanguage\":\"en-GB\",\"@id\":\"https:\\\/\\\/sodepal.es\\\/#\\\/schema\\\/logo\\\/image\\\/\",\"url\":\"https:\\\/\\\/sodepal.es\\\/wp-content\\\/uploads\\\/2022\\\/09\\\/logo_web.png\",\"contentUrl\":\"https:\\\/\\\/sodepal.es\\\/wp-content\\\/uploads\\\/2022\\\/09\\\/logo_web.png\",\"width\":658,\"height\":156,\"caption\":\"Sociedad de Promoci\u00f3n y Desarrollo Econ\u00f3mico y Social de La Palma\"},\"image\":{\"@id\":\"https:\\\/\\\/sodepal.es\\\/#\\\/schema\\\/logo\\\/image\\\/\"},\"sameAs\":[\"https:\\\/\\\/www.facebook.com\\\/sodepal\",\"https:\\\/\\\/www.instagram.com\\\/sodepallapalma\\\/\"],\"description\":\"Sociedad de Promoci\u00f3n y Desarrollo econ\u00f3mico y Social de La Palma, empresa p\u00fablica dependiente del Cabildo de La Palma\",\"email\":\"info@sodepal.es\",\"telephone\":\"922417323\",\"legalName\":\"Sociedad de Promoci\u00f3n y Desarrollo Econ\u00f3mico de la isla de La Palma S.A.U.\"},{\"@type\":\"Person\",\"@id\":\"https:\\\/\\\/sodepal.es\\\/#\\\/schema\\\/person\\\/43b1d623bde0c4ec4efd5656ef0958b2\",\"name\":\"gerencia\",\"image\":{\"@type\":\"ImageObject\",\"inLanguage\":\"en-GB\",\"@id\":\"https:\\\/\\\/secure.gravatar.com\\\/avatar\\\/2aa1ba3e33e6721e413a7499ea7cab2e4414b99cea1516e7404245c8da655d86?s=96&d=mm&r=g\",\"url\":\"https:\\\/\\\/secure.gravatar.com\\\/avatar\\\/2aa1ba3e33e6721e413a7499ea7cab2e4414b99cea1516e7404245c8da655d86?s=96&d=mm&r=g\",\"contentUrl\":\"https:\\\/\\\/secure.gravatar.com\\\/avatar\\\/2aa1ba3e33e6721e413a7499ea7cab2e4414b99cea1516e7404245c8da655d86?s=96&d=mm&r=g\",\"caption\":\"gerencia\"}}]}<\/script>\n<!-- \/ Yoast SEO Premium plugin. -->","yoast_head_json":{"title":"La Palma se diferencia como destino gastron\u00f3mico en Madrid Fusi\u00f3n 2025 - Sociedad de Promoci\u00f3n y Desarrollo Econ\u00f3mico y Social de La Palma - SODEPAL","description":"Toda la actualidad de los proyectos y eventos desarrollados por SODEPAL","robots":{"index":"index","follow":"follow","max-snippet":"max-snippet:-1","max-image-preview":"max-image-preview:large","max-video-preview":"max-video-preview:-1"},"canonical":"https:\/\/sodepal.es\/en\/la-palma-se-diferencia-como-destino-gastronomico-en-madrid-fusion-2025\/","og_locale":"en_GB","og_type":"article","og_title":"La Palma se diferencia como destino gastron\u00f3mico en Madrid Fusi\u00f3n 2025","og_description":"Toda la actualidad de los proyectos y eventos desarrollados por SODEPAL","og_url":"https:\/\/sodepal.es\/en\/la-palma-se-diferencia-como-destino-gastronomico-en-madrid-fusion-2025\/","og_site_name":"Sociedad de Promoci\u00f3n y Desarrollo Econ\u00f3mico y Social de La Palma - SODEPAL","article_publisher":"https:\/\/www.facebook.com\/sodepal","article_published_time":"2025-01-27T11:40:56+00:00","article_modified_time":"2025-01-27T12:26:36+00:00","og_image":[{"width":1600,"height":1600,"url":"https:\/\/sodepal.es\/wp-content\/uploads\/2025\/01\/Madrid_fusion_Saboresa_LaPalma.jpg","type":"image\/jpeg"}],"author":"gerencia","twitter_card":"summary_large_image","schema":{"@context":"https:\/\/schema.org","@graph":[{"@type":"Article","@id":"https:\/\/sodepal.es\/la-palma-se-diferencia-como-destino-gastronomico-en-madrid-fusion-2025\/#article","isPartOf":{"@id":"https:\/\/sodepal.es\/la-palma-se-diferencia-como-destino-gastronomico-en-madrid-fusion-2025\/"},"author":{"name":"gerencia","@id":"https:\/\/sodepal.es\/#\/schema\/person\/43b1d623bde0c4ec4efd5656ef0958b2"},"headline":"La Palma se diferencia como destino gastron\u00f3mico en Madrid Fusi\u00f3n 2025","datePublished":"2025-01-27T11:40:56+00:00","dateModified":"2025-01-27T12:26:36+00:00","mainEntityOfPage":{"@id":"https:\/\/sodepal.es\/la-palma-se-diferencia-como-destino-gastronomico-en-madrid-fusion-2025\/"},"wordCount":701,"commentCount":0,"publisher":{"@id":"https:\/\/sodepal.es\/#organization"},"image":{"@id":"https:\/\/sodepal.es\/la-palma-se-diferencia-como-destino-gastronomico-en-madrid-fusion-2025\/#primaryimage"},"thumbnailUrl":"https:\/\/sodepal.es\/wp-content\/uploads\/2025\/01\/Madrid_fusion_Saboresa_LaPalma.jpg","articleSection":["Noticias"],"inLanguage":"en-GB","potentialAction":[{"@type":"CommentAction","name":"Comment","target":["https:\/\/sodepal.es\/la-palma-se-diferencia-como-destino-gastronomico-en-madrid-fusion-2025\/#respond"]}]},{"@type":"WebPage","@id":"https:\/\/sodepal.es\/la-palma-se-diferencia-como-destino-gastronomico-en-madrid-fusion-2025\/","url":"https:\/\/sodepal.es\/la-palma-se-diferencia-como-destino-gastronomico-en-madrid-fusion-2025\/","name":"La Palma se diferencia como destino gastron\u00f3mico en Madrid Fusi\u00f3n 2025 - Sociedad de Promoci\u00f3n y Desarrollo Econ\u00f3mico y Social de La Palma - SODEPAL","isPartOf":{"@id":"https:\/\/sodepal.es\/#website"},"primaryImageOfPage":{"@id":"https:\/\/sodepal.es\/la-palma-se-diferencia-como-destino-gastronomico-en-madrid-fusion-2025\/#primaryimage"},"image":{"@id":"https:\/\/sodepal.es\/la-palma-se-diferencia-como-destino-gastronomico-en-madrid-fusion-2025\/#primaryimage"},"thumbnailUrl":"https:\/\/sodepal.es\/wp-content\/uploads\/2025\/01\/Madrid_fusion_Saboresa_LaPalma.jpg","datePublished":"2025-01-27T11:40:56+00:00","dateModified":"2025-01-27T12:26:36+00:00","description":"Toda la actualidad de los proyectos y eventos desarrollados por SODEPAL","breadcrumb":{"@id":"https:\/\/sodepal.es\/la-palma-se-diferencia-como-destino-gastronomico-en-madrid-fusion-2025\/#breadcrumb"},"inLanguage":"en-GB","potentialAction":[{"@type":"ReadAction","target":["https:\/\/sodepal.es\/la-palma-se-diferencia-como-destino-gastronomico-en-madrid-fusion-2025\/"]}]},{"@type":"ImageObject","inLanguage":"en-GB","@id":"https:\/\/sodepal.es\/la-palma-se-diferencia-como-destino-gastronomico-en-madrid-fusion-2025\/#primaryimage","url":"https:\/\/sodepal.es\/wp-content\/uploads\/2025\/01\/Madrid_fusion_Saboresa_LaPalma.jpg","contentUrl":"https:\/\/sodepal.es\/wp-content\/uploads\/2025\/01\/Madrid_fusion_Saboresa_LaPalma.jpg","width":1600,"height":1600},{"@type":"BreadcrumbList","@id":"https:\/\/sodepal.es\/la-palma-se-diferencia-como-destino-gastronomico-en-madrid-fusion-2025\/#breadcrumb","itemListElement":[{"@type":"ListItem","position":1,"name":"Inicio","item":"https:\/\/sodepal.es\/"},{"@type":"ListItem","position":2,"name":"La Palma se diferencia como destino gastron\u00f3mico en Madrid Fusi\u00f3n 2025"}]},{"@type":"WebSite","@id":"https:\/\/sodepal.es\/#website","url":"https:\/\/sodepal.es\/","name":"Sodepal","description":"SODEPAL es una empresa p\u00fablica dependiente del Cabildo de La Palma. Promoci\u00f3n, Fomento y Desarrollo para la isla de La Palma","publisher":{"@id":"https:\/\/sodepal.es\/#organization"},"alternateName":"Sociedad de Promoci\u00f3n y Desarrollo Econ\u00f3mico y Social de La Palma","potentialAction":[{"@type":"SearchAction","target":{"@type":"EntryPoint","urlTemplate":"https:\/\/sodepal.es\/?s={search_term_string}"},"query-input":{"@type":"PropertyValueSpecification","valueRequired":true,"valueName":"search_term_string"}}],"inLanguage":"en-GB"},{"@type":"Organization","@id":"https:\/\/sodepal.es\/#organization","name":"Sociedad de Promoci\u00f3n y Desarrollo Econ\u00f3mico y Social de La Palma","alternateName":"Sodepal","url":"https:\/\/sodepal.es\/","logo":{"@type":"ImageObject","inLanguage":"en-GB","@id":"https:\/\/sodepal.es\/#\/schema\/logo\/image\/","url":"https:\/\/sodepal.es\/wp-content\/uploads\/2022\/09\/logo_web.png","contentUrl":"https:\/\/sodepal.es\/wp-content\/uploads\/2022\/09\/logo_web.png","width":658,"height":156,"caption":"Sociedad de Promoci\u00f3n y Desarrollo Econ\u00f3mico y Social de La Palma"},"image":{"@id":"https:\/\/sodepal.es\/#\/schema\/logo\/image\/"},"sameAs":["https:\/\/www.facebook.com\/sodepal","https:\/\/www.instagram.com\/sodepallapalma\/"],"description":"Sociedad de Promoci\u00f3n y Desarrollo econ\u00f3mico y Social de La Palma, empresa p\u00fablica dependiente del Cabildo de La Palma","email":"info@sodepal.es","telephone":"922417323","legalName":"Sociedad de Promoci\u00f3n y Desarrollo Econ\u00f3mico de la isla de La Palma S.A.U."},{"@type":"Person","@id":"https:\/\/sodepal.es\/#\/schema\/person\/43b1d623bde0c4ec4efd5656ef0958b2","name":"gerencia","image":{"@type":"ImageObject","inLanguage":"en-GB","@id":"https:\/\/secure.gravatar.com\/avatar\/2aa1ba3e33e6721e413a7499ea7cab2e4414b99cea1516e7404245c8da655d86?s=96&d=mm&r=g","url":"https:\/\/secure.gravatar.com\/avatar\/2aa1ba3e33e6721e413a7499ea7cab2e4414b99cea1516e7404245c8da655d86?s=96&d=mm&r=g","contentUrl":"https:\/\/secure.gravatar.com\/avatar\/2aa1ba3e33e6721e413a7499ea7cab2e4414b99cea1516e7404245c8da655d86?s=96&d=mm&r=g","caption":"gerencia"}}]}},"_links":{"self":[{"href":"https:\/\/sodepal.es\/en\/wp-json\/wp\/v2\/posts\/22936","targetHints":{"allow":["GET"]}}],"collection":[{"href":"https:\/\/sodepal.es\/en\/wp-json\/wp\/v2\/posts"}],"about":[{"href":"https:\/\/sodepal.es\/en\/wp-json\/wp\/v2\/types\/post"}],"author":[{"embeddable":true,"href":"https:\/\/sodepal.es\/en\/wp-json\/wp\/v2\/users\/1"}],"replies":[{"embeddable":true,"href":"https:\/\/sodepal.es\/en\/wp-json\/wp\/v2\/comments?post=22936"}],"version-history":[{"count":0,"href":"https:\/\/sodepal.es\/en\/wp-json\/wp\/v2\/posts\/22936\/revisions"}],"wp:featuredmedia":[{"embeddable":true,"href":"https:\/\/sodepal.es\/en\/wp-json\/wp\/v2\/media\/22938"}],"wp:attachment":[{"href":"https:\/\/sodepal.es\/en\/wp-json\/wp\/v2\/media?parent=22936"}],"wp:term":[{"taxonomy":"category","embeddable":true,"href":"https:\/\/sodepal.es\/en\/wp-json\/wp\/v2\/categories?post=22936"},{"taxonomy":"post_tag","embeddable":true,"href":"https:\/\/sodepal.es\/en\/wp-json\/wp\/v2\/tags?post=22936"}],"curies":[{"name":"wp","href":"https:\/\/api.w.org\/{rel}","templated":true}]}}