{"id":22983,"date":"2025-01-30T08:25:52","date_gmt":"2025-01-30T08:25:52","guid":{"rendered":"https:\/\/sodepal.es\/?p=22983"},"modified":"2025-01-30T08:28:11","modified_gmt":"2025-01-30T08:28:11","slug":"isla-bonita-moda-consolida-su-trabajo-en-la-promocion-del-talento-local-y-logra-numeros-historicos-en-el-alcance-y-valor-comercial","status":"publish","type":"post","link":"https:\/\/sodepal.es\/en\/isla-bonita-moda-consolida-su-trabajo-en-la-promocion-del-talento-local-y-logra-numeros-historicos-en-el-alcance-y-valor-comercial\/","title":{"rendered":"Isla Bonita Moda consolidates its work in the promotion of local talent and achieves historic numbers in terms of commercial reach and value."},"content":{"rendered":"<div data-elementor-type=\"wp-post\" data-elementor-id=\"22983\" class=\"elementor elementor-22983\" data-elementor-post-type=\"post\">\n\t\t\t\t\t\t<section class=\"elementor-section elementor-top-section elementor-element elementor-element-a31ad79 elementor-section-boxed elementor-section-height-default elementor-section-height-default\" data-id=\"a31ad79\" data-element_type=\"section\" data-e-type=\"section\">\n\t\t\t\t\t\t<div class=\"elementor-container elementor-column-gap-default\">\n\t\t\t\t\t<div class=\"elementor-column elementor-col-100 elementor-top-column elementor-element elementor-element-46d91ac\" data-id=\"46d91ac\" data-element_type=\"column\" data-e-type=\"column\">\n\t\t\t<div class=\"elementor-widget-wrap elementor-element-populated\">\n\t\t\t\t\t\t<div class=\"elementor-element elementor-element-9b2de91 elementor-widget elementor-widget-text-editor\" data-id=\"9b2de91\" data-element_type=\"widget\" data-e-type=\"widget\" data-widget_type=\"text-editor.default\">\n\t\t\t\t<div class=\"elementor-widget-container\">\n\t\t\t\t\t\t\t\t\t<div class=\"field field--name-field-noticias-entradilla field--type-text-long field--label-hidden field--item\"><div class=\"field field--name-field-noticias-entradilla field--type-text-long field--label-hidden field--item\"><p>The Isla Bonita Moda (IBM) project, a quality guarantee seal of approval from the Cabildo Insular de La Palma through Sodepal, has proved to be a fundamental driving force to boost the fashion sector in La Palma, consolidating itself as a pioneering initiative in the promotion of local talent and the creation of a unique fashion identity for the island, and supporting the decisions taken on this initiative by the island's Government Group.<\/p><p>These are the pillars that guide the steps of a project that, in 2024, has achieved outstanding figures in return on investment in communication, reflecting the success of its strategies with a reach of almost 400 million users and a value of almost 2.5 million euros.<\/p><p>However, these figures are not just numbers, but proof of the qualitative impact that reveals the strengthening of the brand, the consolidation of strategic relationships and the positioning of its identity values in an increasingly competitive global market.<\/p><p>The president of the Cabildo de La Palma, Sergio Rodr\u00edguez, emphasised that the Seal encourages and promotes the development of the creative and textile sector on the island, closing the 2024 financial year celebrating key achievements as a result of its strategic action plan.<\/p><p>In an event attended by all the brands involved in the project, the president expressed his gratitude for the trust shown by these professionals and for the work that the Cabildo de La Palma and Sodepal continue to carry out in order to achieve the common objectives.<\/p><p>Along these lines, Sergio Rodr\u00edguez stressed that work is focusing on promoting education and training; strengthening the visibility of the IBM brand and its associates through strategic alliances; consolidating its presence at events, catwalks and international trade missions; as well as reinforcing identity values such as craftsmanship, nature, sustainability and the island's historical and cultural heritage, positioning La Palma as an attractive destination.<\/p><p>In 2025, its horizon is focused on continuing to strengthen competitiveness through specialised training and a programme of study grants and incentives to promote local talent; on participating in key international trade fairs and events such as Madrid Es Moda, Adlib Ibiza or Swim Week by Gran Canaria Moda C\u00e1lida; on boosting marketing with its own initiatives such as the 'Shopping Weekend by IBM' which will travel to new destinations; and on reinforcing brand positioning through strategic campaigns and collaborations with media and influential national and international figures.<\/p><p>IBM is getting stronger, opening new paths hand in hand with creators, brands and related professionals from the creative and textile sector that make up a fashion community in La Palma, boosting the economic and cultural development of the island in a scenario full of opportunities for the future not only outside, but also on the island. With an intensive agenda of activities, IBM has managed to strengthen its presence both locally and internationally, and has generated new opportunities for all its associates with the clear objective of building a bright future for fashion on the island of La Palma.<\/p><p>For her part, the Councillor for Economic Promotion and delegate councillor of Sodepal, Miriam Perestelo, stresses that 2024 has been a decisive year for Isla Bonita Moda, marking important milestones in its consolidation as a benchmark for signature and sustainable fashion in the Canary Islands.<\/p><p>Similarly, Miriam Perestelo emphasised that work has been done on attracting talent, professionalising the sector and supporting local brands, which have become fundamental pillars for these achievements. As the project moves into 2025, the councillor insisted that commercial expansion, the strengthening of the international presence and the continued promotion of local talent are expected to remain the keys to the growth of Isla Bonita Moda and all its associates.<\/p><\/div><div class=\"field field--name-body field--type-text-with-summary field--label-hidden field--item\">\u00a0<\/div><\/div>\t\t\t\t\t\t\t\t<\/div>\n\t\t\t\t<\/div>\n\t\t\t\t\t<\/div>\n\t\t<\/div>\n\t\t\t\t\t<\/div>\n\t\t<\/section>\n\t\t\t\t<\/div>","protected":false},"excerpt":{"rendered":"<p>The Isla Bonita Moda (IBM) project, a quality guarantee seal of approval from the Cabildo Insular de La Palma through Sodepal, has proved to be a fundamental driving force in boosting the fashion sector in La Palma, consolidating itself as a pioneering initiative in the promotion of local talent and the creation of a new fashion label for the ... <a title=\"Isla Bonita Moda consolidates its work in the promotion of local talent and achieves historic numbers in terms of commercial reach and value.\" class=\"read-more\" href=\"https:\/\/sodepal.es\/en\/isla-bonita-moda-consolida-su-trabajo-en-la-promocion-del-talento-local-y-logra-numeros-historicos-en-el-alcance-y-valor-comercial\/\" aria-label=\"Read more about Isla Bonita Moda consolidates its work in promoting local talent and achieves historic numbers in reach and commercial value\">Read more<\/a><\/p>","protected":false},"author":1,"featured_media":22984,"comment_status":"open","ping_status":"open","sticky":false,"template":"","format":"standard","meta":{"_acf_changed":false,"footnotes":""},"categories":[19],"tags":[],"class_list":["post-22983","post","type-post","status-publish","format-standard","has-post-thumbnail","hentry","category-noticias"],"acf":[],"yoast_head":"<!-- This site is optimized with the Yoast SEO Premium plugin v22.0 (Yoast SEO v27.4) - https:\/\/yoast.com\/product\/yoast-seo-premium-wordpress\/ -->\n<title>Isla Bonita Moda consolida su trabajo en la promoci\u00f3n del talento local y logra n\u00fameros hist\u00f3ricos en el alcance y valor comercial - Sociedad de Promoci\u00f3n y Desarrollo Econ\u00f3mico y Social de La Palma - SODEPAL<\/title>\n<meta name=\"description\" content=\"Toda la actualidad de los proyectos y eventos desarrollados por SODEPAL\" \/>\n<meta name=\"robots\" content=\"index, follow, max-snippet:-1, max-image-preview:large, max-video-preview:-1\" \/>\n<link rel=\"canonical\" href=\"https:\/\/sodepal.es\/en\/isla-bonita-moda-consolida-su-trabajo-en-la-promocion-del-talento-local-y-logra-numeros-historicos-en-el-alcance-y-valor-comercial\/\" \/>\n<meta property=\"og:locale\" content=\"en_GB\" \/>\n<meta property=\"og:type\" content=\"article\" \/>\n<meta property=\"og:title\" content=\"Isla Bonita Moda consolida su trabajo en la promoci\u00f3n del talento local y logra n\u00fameros hist\u00f3ricos en el alcance y valor comercial\" \/>\n<meta property=\"og:description\" content=\"Toda la actualidad de los proyectos y eventos desarrollados por SODEPAL\" \/>\n<meta property=\"og:url\" content=\"https:\/\/sodepal.es\/en\/isla-bonita-moda-consolida-su-trabajo-en-la-promocion-del-talento-local-y-logra-numeros-historicos-en-el-alcance-y-valor-comercial\/\" \/>\n<meta property=\"og:site_name\" content=\"Sociedad de Promoci\u00f3n y Desarrollo Econ\u00f3mico y Social de La Palma - SODEPAL\" \/>\n<meta property=\"article:publisher\" content=\"https:\/\/www.facebook.com\/sodepal\" \/>\n<meta property=\"article:published_time\" content=\"2025-01-30T08:25:52+00:00\" \/>\n<meta property=\"article:modified_time\" content=\"2025-01-30T08:28:11+00:00\" \/>\n<meta property=\"og:image\" content=\"https:\/\/sodepal.es\/wp-content\/uploads\/2025\/01\/IBM-Balance.jpg\" \/>\n\t<meta property=\"og:image:width\" content=\"1600\" \/>\n\t<meta property=\"og:image:height\" content=\"900\" \/>\n\t<meta property=\"og:image:type\" content=\"image\/jpeg\" \/>\n<meta name=\"author\" content=\"gerencia\" \/>\n<meta name=\"twitter:card\" content=\"summary_large_image\" \/>\n<script type=\"application\/ld+json\" class=\"yoast-schema-graph\">{\"@context\":\"https:\\\/\\\/schema.org\",\"@graph\":[{\"@type\":\"Article\",\"@id\":\"https:\\\/\\\/sodepal.es\\\/isla-bonita-moda-consolida-su-trabajo-en-la-promocion-del-talento-local-y-logra-numeros-historicos-en-el-alcance-y-valor-comercial\\\/#article\",\"isPartOf\":{\"@id\":\"https:\\\/\\\/sodepal.es\\\/isla-bonita-moda-consolida-su-trabajo-en-la-promocion-del-talento-local-y-logra-numeros-historicos-en-el-alcance-y-valor-comercial\\\/\"},\"author\":{\"name\":\"gerencia\",\"@id\":\"https:\\\/\\\/sodepal.es\\\/#\\\/schema\\\/person\\\/43b1d623bde0c4ec4efd5656ef0958b2\"},\"headline\":\"Isla Bonita Moda consolida su trabajo en la promoci\u00f3n del talento local y logra n\u00fameros hist\u00f3ricos en el alcance y valor comercial\",\"datePublished\":\"2025-01-30T08:25:52+00:00\",\"dateModified\":\"2025-01-30T08:28:11+00:00\",\"mainEntityOfPage\":{\"@id\":\"https:\\\/\\\/sodepal.es\\\/isla-bonita-moda-consolida-su-trabajo-en-la-promocion-del-talento-local-y-logra-numeros-historicos-en-el-alcance-y-valor-comercial\\\/\"},\"wordCount\":711,\"commentCount\":0,\"publisher\":{\"@id\":\"https:\\\/\\\/sodepal.es\\\/#organization\"},\"image\":{\"@id\":\"https:\\\/\\\/sodepal.es\\\/isla-bonita-moda-consolida-su-trabajo-en-la-promocion-del-talento-local-y-logra-numeros-historicos-en-el-alcance-y-valor-comercial\\\/#primaryimage\"},\"thumbnailUrl\":\"https:\\\/\\\/sodepal.es\\\/wp-content\\\/uploads\\\/2025\\\/01\\\/IBM-Balance.jpg\",\"articleSection\":[\"Noticias\"],\"inLanguage\":\"en-GB\",\"potentialAction\":[{\"@type\":\"CommentAction\",\"name\":\"Comment\",\"target\":[\"https:\\\/\\\/sodepal.es\\\/isla-bonita-moda-consolida-su-trabajo-en-la-promocion-del-talento-local-y-logra-numeros-historicos-en-el-alcance-y-valor-comercial\\\/#respond\"]}]},{\"@type\":\"WebPage\",\"@id\":\"https:\\\/\\\/sodepal.es\\\/isla-bonita-moda-consolida-su-trabajo-en-la-promocion-del-talento-local-y-logra-numeros-historicos-en-el-alcance-y-valor-comercial\\\/\",\"url\":\"https:\\\/\\\/sodepal.es\\\/isla-bonita-moda-consolida-su-trabajo-en-la-promocion-del-talento-local-y-logra-numeros-historicos-en-el-alcance-y-valor-comercial\\\/\",\"name\":\"Isla Bonita Moda consolida su trabajo en la promoci\u00f3n del talento local y logra n\u00fameros hist\u00f3ricos en el alcance y valor comercial - Sociedad de Promoci\u00f3n y Desarrollo Econ\u00f3mico y Social de La Palma - SODEPAL\",\"isPartOf\":{\"@id\":\"https:\\\/\\\/sodepal.es\\\/#website\"},\"primaryImageOfPage\":{\"@id\":\"https:\\\/\\\/sodepal.es\\\/isla-bonita-moda-consolida-su-trabajo-en-la-promocion-del-talento-local-y-logra-numeros-historicos-en-el-alcance-y-valor-comercial\\\/#primaryimage\"},\"image\":{\"@id\":\"https:\\\/\\\/sodepal.es\\\/isla-bonita-moda-consolida-su-trabajo-en-la-promocion-del-talento-local-y-logra-numeros-historicos-en-el-alcance-y-valor-comercial\\\/#primaryimage\"},\"thumbnailUrl\":\"https:\\\/\\\/sodepal.es\\\/wp-content\\\/uploads\\\/2025\\\/01\\\/IBM-Balance.jpg\",\"datePublished\":\"2025-01-30T08:25:52+00:00\",\"dateModified\":\"2025-01-30T08:28:11+00:00\",\"description\":\"Toda la actualidad de los proyectos y eventos desarrollados por SODEPAL\",\"breadcrumb\":{\"@id\":\"https:\\\/\\\/sodepal.es\\\/isla-bonita-moda-consolida-su-trabajo-en-la-promocion-del-talento-local-y-logra-numeros-historicos-en-el-alcance-y-valor-comercial\\\/#breadcrumb\"},\"inLanguage\":\"en-GB\",\"potentialAction\":[{\"@type\":\"ReadAction\",\"target\":[\"https:\\\/\\\/sodepal.es\\\/isla-bonita-moda-consolida-su-trabajo-en-la-promocion-del-talento-local-y-logra-numeros-historicos-en-el-alcance-y-valor-comercial\\\/\"]}]},{\"@type\":\"ImageObject\",\"inLanguage\":\"en-GB\",\"@id\":\"https:\\\/\\\/sodepal.es\\\/isla-bonita-moda-consolida-su-trabajo-en-la-promocion-del-talento-local-y-logra-numeros-historicos-en-el-alcance-y-valor-comercial\\\/#primaryimage\",\"url\":\"https:\\\/\\\/sodepal.es\\\/wp-content\\\/uploads\\\/2025\\\/01\\\/IBM-Balance.jpg\",\"contentUrl\":\"https:\\\/\\\/sodepal.es\\\/wp-content\\\/uploads\\\/2025\\\/01\\\/IBM-Balance.jpg\",\"width\":1600,\"height\":900},{\"@type\":\"BreadcrumbList\",\"@id\":\"https:\\\/\\\/sodepal.es\\\/isla-bonita-moda-consolida-su-trabajo-en-la-promocion-del-talento-local-y-logra-numeros-historicos-en-el-alcance-y-valor-comercial\\\/#breadcrumb\",\"itemListElement\":[{\"@type\":\"ListItem\",\"position\":1,\"name\":\"Inicio\",\"item\":\"https:\\\/\\\/sodepal.es\\\/\"},{\"@type\":\"ListItem\",\"position\":2,\"name\":\"Isla Bonita Moda consolida su trabajo en la promoci\u00f3n del talento local y logra n\u00fameros hist\u00f3ricos en el alcance y valor comercial\"}]},{\"@type\":\"WebSite\",\"@id\":\"https:\\\/\\\/sodepal.es\\\/#website\",\"url\":\"https:\\\/\\\/sodepal.es\\\/\",\"name\":\"Sodepal\",\"description\":\"SODEPAL es una empresa p\u00fablica dependiente del Cabildo de La Palma. Promoci\u00f3n, Fomento y Desarrollo para la isla de La Palma\",\"publisher\":{\"@id\":\"https:\\\/\\\/sodepal.es\\\/#organization\"},\"alternateName\":\"Sociedad de Promoci\u00f3n y Desarrollo Econ\u00f3mico y Social de La Palma\",\"potentialAction\":[{\"@type\":\"SearchAction\",\"target\":{\"@type\":\"EntryPoint\",\"urlTemplate\":\"https:\\\/\\\/sodepal.es\\\/?s={search_term_string}\"},\"query-input\":{\"@type\":\"PropertyValueSpecification\",\"valueRequired\":true,\"valueName\":\"search_term_string\"}}],\"inLanguage\":\"en-GB\"},{\"@type\":\"Organization\",\"@id\":\"https:\\\/\\\/sodepal.es\\\/#organization\",\"name\":\"Sociedad de Promoci\u00f3n y Desarrollo Econ\u00f3mico y Social de La Palma\",\"alternateName\":\"Sodepal\",\"url\":\"https:\\\/\\\/sodepal.es\\\/\",\"logo\":{\"@type\":\"ImageObject\",\"inLanguage\":\"en-GB\",\"@id\":\"https:\\\/\\\/sodepal.es\\\/#\\\/schema\\\/logo\\\/image\\\/\",\"url\":\"https:\\\/\\\/sodepal.es\\\/wp-content\\\/uploads\\\/2022\\\/09\\\/logo_web.png\",\"contentUrl\":\"https:\\\/\\\/sodepal.es\\\/wp-content\\\/uploads\\\/2022\\\/09\\\/logo_web.png\",\"width\":658,\"height\":156,\"caption\":\"Sociedad de Promoci\u00f3n y Desarrollo Econ\u00f3mico y Social de La Palma\"},\"image\":{\"@id\":\"https:\\\/\\\/sodepal.es\\\/#\\\/schema\\\/logo\\\/image\\\/\"},\"sameAs\":[\"https:\\\/\\\/www.facebook.com\\\/sodepal\",\"https:\\\/\\\/www.instagram.com\\\/sodepallapalma\\\/\"],\"description\":\"Sociedad de Promoci\u00f3n y Desarrollo econ\u00f3mico y Social de La Palma, empresa p\u00fablica dependiente del Cabildo de La Palma\",\"email\":\"info@sodepal.es\",\"telephone\":\"922417323\",\"legalName\":\"Sociedad de Promoci\u00f3n y Desarrollo Econ\u00f3mico de la isla de La Palma S.A.U.\"},{\"@type\":\"Person\",\"@id\":\"https:\\\/\\\/sodepal.es\\\/#\\\/schema\\\/person\\\/43b1d623bde0c4ec4efd5656ef0958b2\",\"name\":\"gerencia\",\"image\":{\"@type\":\"ImageObject\",\"inLanguage\":\"en-GB\",\"@id\":\"https:\\\/\\\/secure.gravatar.com\\\/avatar\\\/2aa1ba3e33e6721e413a7499ea7cab2e4414b99cea1516e7404245c8da655d86?s=96&d=mm&r=g\",\"url\":\"https:\\\/\\\/secure.gravatar.com\\\/avatar\\\/2aa1ba3e33e6721e413a7499ea7cab2e4414b99cea1516e7404245c8da655d86?s=96&d=mm&r=g\",\"contentUrl\":\"https:\\\/\\\/secure.gravatar.com\\\/avatar\\\/2aa1ba3e33e6721e413a7499ea7cab2e4414b99cea1516e7404245c8da655d86?s=96&d=mm&r=g\",\"caption\":\"gerencia\"}}]}<\/script>\n<!-- \/ Yoast SEO Premium plugin. -->","yoast_head_json":{"title":"Isla Bonita Moda consolida su trabajo en la promoci\u00f3n del talento local y logra n\u00fameros hist\u00f3ricos en el alcance y valor comercial - Sociedad de Promoci\u00f3n y Desarrollo Econ\u00f3mico y Social de La Palma - SODEPAL","description":"Toda la actualidad de los proyectos y eventos desarrollados por SODEPAL","robots":{"index":"index","follow":"follow","max-snippet":"max-snippet:-1","max-image-preview":"max-image-preview:large","max-video-preview":"max-video-preview:-1"},"canonical":"https:\/\/sodepal.es\/en\/isla-bonita-moda-consolida-su-trabajo-en-la-promocion-del-talento-local-y-logra-numeros-historicos-en-el-alcance-y-valor-comercial\/","og_locale":"en_GB","og_type":"article","og_title":"Isla Bonita Moda consolida su trabajo en la promoci\u00f3n del talento local y logra n\u00fameros hist\u00f3ricos en el alcance y valor comercial","og_description":"Toda la actualidad de los proyectos y eventos desarrollados por SODEPAL","og_url":"https:\/\/sodepal.es\/en\/isla-bonita-moda-consolida-su-trabajo-en-la-promocion-del-talento-local-y-logra-numeros-historicos-en-el-alcance-y-valor-comercial\/","og_site_name":"Sociedad de Promoci\u00f3n y Desarrollo Econ\u00f3mico y Social de La Palma - SODEPAL","article_publisher":"https:\/\/www.facebook.com\/sodepal","article_published_time":"2025-01-30T08:25:52+00:00","article_modified_time":"2025-01-30T08:28:11+00:00","og_image":[{"width":1600,"height":900,"url":"https:\/\/sodepal.es\/wp-content\/uploads\/2025\/01\/IBM-Balance.jpg","type":"image\/jpeg"}],"author":"gerencia","twitter_card":"summary_large_image","schema":{"@context":"https:\/\/schema.org","@graph":[{"@type":"Article","@id":"https:\/\/sodepal.es\/isla-bonita-moda-consolida-su-trabajo-en-la-promocion-del-talento-local-y-logra-numeros-historicos-en-el-alcance-y-valor-comercial\/#article","isPartOf":{"@id":"https:\/\/sodepal.es\/isla-bonita-moda-consolida-su-trabajo-en-la-promocion-del-talento-local-y-logra-numeros-historicos-en-el-alcance-y-valor-comercial\/"},"author":{"name":"gerencia","@id":"https:\/\/sodepal.es\/#\/schema\/person\/43b1d623bde0c4ec4efd5656ef0958b2"},"headline":"Isla Bonita Moda consolida su trabajo en la promoci\u00f3n del talento local y logra n\u00fameros hist\u00f3ricos en el alcance y valor comercial","datePublished":"2025-01-30T08:25:52+00:00","dateModified":"2025-01-30T08:28:11+00:00","mainEntityOfPage":{"@id":"https:\/\/sodepal.es\/isla-bonita-moda-consolida-su-trabajo-en-la-promocion-del-talento-local-y-logra-numeros-historicos-en-el-alcance-y-valor-comercial\/"},"wordCount":711,"commentCount":0,"publisher":{"@id":"https:\/\/sodepal.es\/#organization"},"image":{"@id":"https:\/\/sodepal.es\/isla-bonita-moda-consolida-su-trabajo-en-la-promocion-del-talento-local-y-logra-numeros-historicos-en-el-alcance-y-valor-comercial\/#primaryimage"},"thumbnailUrl":"https:\/\/sodepal.es\/wp-content\/uploads\/2025\/01\/IBM-Balance.jpg","articleSection":["Noticias"],"inLanguage":"en-GB","potentialAction":[{"@type":"CommentAction","name":"Comment","target":["https:\/\/sodepal.es\/isla-bonita-moda-consolida-su-trabajo-en-la-promocion-del-talento-local-y-logra-numeros-historicos-en-el-alcance-y-valor-comercial\/#respond"]}]},{"@type":"WebPage","@id":"https:\/\/sodepal.es\/isla-bonita-moda-consolida-su-trabajo-en-la-promocion-del-talento-local-y-logra-numeros-historicos-en-el-alcance-y-valor-comercial\/","url":"https:\/\/sodepal.es\/isla-bonita-moda-consolida-su-trabajo-en-la-promocion-del-talento-local-y-logra-numeros-historicos-en-el-alcance-y-valor-comercial\/","name":"Isla Bonita Moda consolida su trabajo en la promoci\u00f3n del talento local y logra n\u00fameros hist\u00f3ricos en el alcance y valor comercial - Sociedad de Promoci\u00f3n y Desarrollo Econ\u00f3mico y Social de La Palma - SODEPAL","isPartOf":{"@id":"https:\/\/sodepal.es\/#website"},"primaryImageOfPage":{"@id":"https:\/\/sodepal.es\/isla-bonita-moda-consolida-su-trabajo-en-la-promocion-del-talento-local-y-logra-numeros-historicos-en-el-alcance-y-valor-comercial\/#primaryimage"},"image":{"@id":"https:\/\/sodepal.es\/isla-bonita-moda-consolida-su-trabajo-en-la-promocion-del-talento-local-y-logra-numeros-historicos-en-el-alcance-y-valor-comercial\/#primaryimage"},"thumbnailUrl":"https:\/\/sodepal.es\/wp-content\/uploads\/2025\/01\/IBM-Balance.jpg","datePublished":"2025-01-30T08:25:52+00:00","dateModified":"2025-01-30T08:28:11+00:00","description":"Toda la actualidad de los proyectos y eventos desarrollados por SODEPAL","breadcrumb":{"@id":"https:\/\/sodepal.es\/isla-bonita-moda-consolida-su-trabajo-en-la-promocion-del-talento-local-y-logra-numeros-historicos-en-el-alcance-y-valor-comercial\/#breadcrumb"},"inLanguage":"en-GB","potentialAction":[{"@type":"ReadAction","target":["https:\/\/sodepal.es\/isla-bonita-moda-consolida-su-trabajo-en-la-promocion-del-talento-local-y-logra-numeros-historicos-en-el-alcance-y-valor-comercial\/"]}]},{"@type":"ImageObject","inLanguage":"en-GB","@id":"https:\/\/sodepal.es\/isla-bonita-moda-consolida-su-trabajo-en-la-promocion-del-talento-local-y-logra-numeros-historicos-en-el-alcance-y-valor-comercial\/#primaryimage","url":"https:\/\/sodepal.es\/wp-content\/uploads\/2025\/01\/IBM-Balance.jpg","contentUrl":"https:\/\/sodepal.es\/wp-content\/uploads\/2025\/01\/IBM-Balance.jpg","width":1600,"height":900},{"@type":"BreadcrumbList","@id":"https:\/\/sodepal.es\/isla-bonita-moda-consolida-su-trabajo-en-la-promocion-del-talento-local-y-logra-numeros-historicos-en-el-alcance-y-valor-comercial\/#breadcrumb","itemListElement":[{"@type":"ListItem","position":1,"name":"Inicio","item":"https:\/\/sodepal.es\/"},{"@type":"ListItem","position":2,"name":"Isla Bonita Moda consolida su trabajo en la promoci\u00f3n del talento local y logra n\u00fameros hist\u00f3ricos en el alcance y valor comercial"}]},{"@type":"WebSite","@id":"https:\/\/sodepal.es\/#website","url":"https:\/\/sodepal.es\/","name":"Sodepal","description":"SODEPAL es una empresa p\u00fablica dependiente del Cabildo de La Palma. Promoci\u00f3n, Fomento y Desarrollo para la isla de La Palma","publisher":{"@id":"https:\/\/sodepal.es\/#organization"},"alternateName":"Sociedad de Promoci\u00f3n y Desarrollo Econ\u00f3mico y Social de La Palma","potentialAction":[{"@type":"SearchAction","target":{"@type":"EntryPoint","urlTemplate":"https:\/\/sodepal.es\/?s={search_term_string}"},"query-input":{"@type":"PropertyValueSpecification","valueRequired":true,"valueName":"search_term_string"}}],"inLanguage":"en-GB"},{"@type":"Organization","@id":"https:\/\/sodepal.es\/#organization","name":"Sociedad de Promoci\u00f3n y Desarrollo Econ\u00f3mico y Social de La Palma","alternateName":"Sodepal","url":"https:\/\/sodepal.es\/","logo":{"@type":"ImageObject","inLanguage":"en-GB","@id":"https:\/\/sodepal.es\/#\/schema\/logo\/image\/","url":"https:\/\/sodepal.es\/wp-content\/uploads\/2022\/09\/logo_web.png","contentUrl":"https:\/\/sodepal.es\/wp-content\/uploads\/2022\/09\/logo_web.png","width":658,"height":156,"caption":"Sociedad de Promoci\u00f3n y Desarrollo Econ\u00f3mico y Social de La Palma"},"image":{"@id":"https:\/\/sodepal.es\/#\/schema\/logo\/image\/"},"sameAs":["https:\/\/www.facebook.com\/sodepal","https:\/\/www.instagram.com\/sodepallapalma\/"],"description":"Sociedad de Promoci\u00f3n y Desarrollo econ\u00f3mico y Social de La Palma, empresa p\u00fablica dependiente del Cabildo de La Palma","email":"info@sodepal.es","telephone":"922417323","legalName":"Sociedad de Promoci\u00f3n y Desarrollo Econ\u00f3mico de la isla de La Palma S.A.U."},{"@type":"Person","@id":"https:\/\/sodepal.es\/#\/schema\/person\/43b1d623bde0c4ec4efd5656ef0958b2","name":"gerencia","image":{"@type":"ImageObject","inLanguage":"en-GB","@id":"https:\/\/secure.gravatar.com\/avatar\/2aa1ba3e33e6721e413a7499ea7cab2e4414b99cea1516e7404245c8da655d86?s=96&d=mm&r=g","url":"https:\/\/secure.gravatar.com\/avatar\/2aa1ba3e33e6721e413a7499ea7cab2e4414b99cea1516e7404245c8da655d86?s=96&d=mm&r=g","contentUrl":"https:\/\/secure.gravatar.com\/avatar\/2aa1ba3e33e6721e413a7499ea7cab2e4414b99cea1516e7404245c8da655d86?s=96&d=mm&r=g","caption":"gerencia"}}]}},"_links":{"self":[{"href":"https:\/\/sodepal.es\/en\/wp-json\/wp\/v2\/posts\/22983","targetHints":{"allow":["GET"]}}],"collection":[{"href":"https:\/\/sodepal.es\/en\/wp-json\/wp\/v2\/posts"}],"about":[{"href":"https:\/\/sodepal.es\/en\/wp-json\/wp\/v2\/types\/post"}],"author":[{"embeddable":true,"href":"https:\/\/sodepal.es\/en\/wp-json\/wp\/v2\/users\/1"}],"replies":[{"embeddable":true,"href":"https:\/\/sodepal.es\/en\/wp-json\/wp\/v2\/comments?post=22983"}],"version-history":[{"count":0,"href":"https:\/\/sodepal.es\/en\/wp-json\/wp\/v2\/posts\/22983\/revisions"}],"wp:featuredmedia":[{"embeddable":true,"href":"https:\/\/sodepal.es\/en\/wp-json\/wp\/v2\/media\/22984"}],"wp:attachment":[{"href":"https:\/\/sodepal.es\/en\/wp-json\/wp\/v2\/media?parent=22983"}],"wp:term":[{"taxonomy":"category","embeddable":true,"href":"https:\/\/sodepal.es\/en\/wp-json\/wp\/v2\/categories?post=22983"},{"taxonomy":"post_tag","embeddable":true,"href":"https:\/\/sodepal.es\/en\/wp-json\/wp\/v2\/tags?post=22983"}],"curies":[{"name":"wp","href":"https:\/\/api.w.org\/{rel}","templated":true}]}}