{"id":24179,"date":"2025-06-05T09:29:32","date_gmt":"2025-06-05T09:29:32","guid":{"rendered":"https:\/\/sodepal.es\/?p=24179"},"modified":"2025-06-05T09:32:05","modified_gmt":"2025-06-05T09:32:05","slug":"el-cabildo-reconoce-la-innovacion-de-las-pymes-en-la-segunda-edicion-de-los-premios-a-la-digitalizacion","status":"publish","type":"post","link":"https:\/\/sodepal.es\/en\/el-cabildo-reconoce-la-innovacion-de-las-pymes-en-la-segunda-edicion-de-los-premios-a-la-digitalizacion\/","title":{"rendered":"The Cabildo recognises the innovation of SMEs in the second edition of the Digitalisation Awards"},"content":{"rendered":"<div data-elementor-type=\"wp-post\" data-elementor-id=\"24179\" class=\"elementor elementor-24179\" data-elementor-post-type=\"post\">\n\t\t\t\t\t\t<section class=\"elementor-section elementor-top-section elementor-element elementor-element-36d1fa0 elementor-section-boxed elementor-section-height-default elementor-section-height-default\" data-id=\"36d1fa0\" data-element_type=\"section\" data-e-type=\"section\">\n\t\t\t\t\t\t<div class=\"elementor-container elementor-column-gap-default\">\n\t\t\t\t\t<div class=\"elementor-column elementor-col-100 elementor-top-column elementor-element elementor-element-20481759\" data-id=\"20481759\" data-element_type=\"column\" data-e-type=\"column\">\n\t\t\t<div class=\"elementor-widget-wrap elementor-element-populated\">\n\t\t\t\t\t\t<div class=\"elementor-element elementor-element-203ce316 elementor-widget elementor-widget-text-editor\" data-id=\"203ce316\" data-element_type=\"widget\" data-e-type=\"widget\" data-widget_type=\"text-editor.default\">\n\t\t\t\t<div class=\"elementor-widget-container\">\n\t\t\t\t\t\t\t\t\t<div class=\"field field--name-field-noticias-entradilla field--type-text-long field--label-hidden field--item\"><div class=\"field field--name-field-noticias-entradilla field--type-text-long field--label-hidden field--item\"><div class=\"field field--name-field-noticias-entradilla field--type-text-long field--label-hidden field--item\"><div class=\"field field--name-field-noticias-entradilla field--type-text-long field--label-hidden field--item\"><div class=\"field field--name-field-noticias-entradilla field--type-text-long field--label-hidden field--item\"><h4>Councillor Miriam Perestelo highlights \"the important step forward that island companies have taken in their digital transformation\".<\/h4><\/div><div class=\"field field--name-body field--type-text-with-summary field--label-hidden field--item\"><p>The Cabildo de La Palma, through the Acelera Pyme Office, managed by the public company Sodepal, has held the second edition of the Business Digitalisation Awards, an initiative that highlights the efforts of the island's small and medium-sized enterprises to make progress in the technological field.<\/p><p>The aim of these awards is to recognise the commitment of Palmeros SMEs and entrepreneurs to innovation, digital visibility and gender equality in the technological environment.<\/p><p>The Councillor for Economic Promotion, Trade and Digital Transformation of the Cabildo and CEO of Sodepal, Miriam Perestelo, underlined the progress achieved by the island's business fabric. \"These awards represent an advance in digital skills that raises the level of the different agents involved, which has a direct impact on the economic and social development of La Palma\", she added.<\/p><p>In this edition, the Award for the Best Business Digitalisation Project went to Pitusa Creaciones, led by the artisan Maira Riverol, who has managed to integrate digital tools into her processes, notably improving the customer experience with an innovative proposal.<\/p><p>The Award for Highest Visibility on Social Networks went to Zulay Bakery, recognised by the jury for its digital marketing strategy, the creativity of its content and the remarkable reach of its online presence.<\/p><p>Finally, the award for Women's Participation in Digitalisation went to Naza Mart\u00edn, creator of La M\u00e1quina Creadora, a project that promotes female leadership, innovation and actions with social impact in the digital sphere.<\/p><\/div><\/div><\/div><\/div><\/div>\t\t\t\t\t\t\t\t<\/div>\n\t\t\t\t<\/div>\n\t\t\t\t\t<\/div>\n\t\t<\/div>\n\t\t\t\t\t<\/div>\n\t\t<\/section>\n\t\t\t\t<\/div>","protected":false},"excerpt":{"rendered":"<p>La consejera Miriam Perestelo destaca \u201cel importante paso adelante que han dado las empresas insulares en su transformaci\u00f3n digital\u201d. El Cabildo de La Palma, a trav\u00e9s de la Oficina Acelera Pyme, gestionada por la empresa p\u00fablica Sodepal, ha celebrado la segunda edici\u00f3n de los Premios a la Digitalizaci\u00f3n Empresarial, una iniciativa que pone en valor &#8230; <a title=\"The Cabildo recognises the innovation of SMEs in the second edition of the Digitalisation Awards\" class=\"read-more\" href=\"https:\/\/sodepal.es\/en\/el-cabildo-reconoce-la-innovacion-de-las-pymes-en-la-segunda-edicion-de-los-premios-a-la-digitalizacion\/\" aria-label=\"Read more about El Cabildo reconoce la innovaci\u00f3n de las pymes en la segunda edici\u00f3n de los Premios a la Digitalizaci\u00f3n\">Read more<\/a><\/p>","protected":false},"author":1,"featured_media":24181,"comment_status":"open","ping_status":"open","sticky":false,"template":"","format":"standard","meta":{"_acf_changed":false,"footnotes":""},"categories":[19],"tags":[],"class_list":["post-24179","post","type-post","status-publish","format-standard","has-post-thumbnail","hentry","category-noticias"],"acf":[],"yoast_head":"<!-- This site is optimized with the Yoast SEO Premium plugin v22.0 (Yoast SEO v27.5) - https:\/\/yoast.com\/product\/yoast-seo-premium-wordpress\/ -->\n<title>El Cabildo reconoce la innovaci\u00f3n de las pymes en la segunda edici\u00f3n de los Premios a la Digitalizaci\u00f3n - Sociedad de Promoci\u00f3n y Desarrollo Econ\u00f3mico y Social de La Palma - SODEPAL<\/title>\n<meta name=\"description\" content=\"Toda la actualidad de los proyectos y eventos desarrollados por SODEPAL\" \/>\n<meta name=\"robots\" content=\"index, follow, max-snippet:-1, max-image-preview:large, max-video-preview:-1\" \/>\n<link rel=\"canonical\" href=\"https:\/\/sodepal.es\/en\/el-cabildo-reconoce-la-innovacion-de-las-pymes-en-la-segunda-edicion-de-los-premios-a-la-digitalizacion\/\" \/>\n<meta property=\"og:locale\" content=\"en_GB\" \/>\n<meta property=\"og:type\" content=\"article\" \/>\n<meta property=\"og:title\" content=\"El Cabildo reconoce la innovaci\u00f3n de las pymes en la segunda edici\u00f3n de los Premios a la Digitalizaci\u00f3n\" \/>\n<meta property=\"og:description\" content=\"Toda la actualidad de los proyectos y eventos desarrollados por SODEPAL\" \/>\n<meta property=\"og:url\" content=\"https:\/\/sodepal.es\/en\/el-cabildo-reconoce-la-innovacion-de-las-pymes-en-la-segunda-edicion-de-los-premios-a-la-digitalizacion\/\" \/>\n<meta property=\"og:site_name\" content=\"Sociedad de Promoci\u00f3n y Desarrollo Econ\u00f3mico y Social de La Palma - SODEPAL\" \/>\n<meta property=\"article:publisher\" content=\"https:\/\/www.facebook.com\/sodepal\" \/>\n<meta property=\"article:published_time\" content=\"2025-06-05T09:29:32+00:00\" \/>\n<meta property=\"article:modified_time\" content=\"2025-06-05T09:32:05+00:00\" \/>\n<meta property=\"og:image\" content=\"https:\/\/sodepal.es\/wp-content\/uploads\/2025\/06\/Premios_Pyme.jpeg\" \/>\n\t<meta property=\"og:image:width\" content=\"1600\" \/>\n\t<meta property=\"og:image:height\" content=\"1068\" \/>\n\t<meta property=\"og:image:type\" content=\"image\/jpeg\" \/>\n<meta name=\"author\" content=\"gerencia\" \/>\n<meta name=\"twitter:card\" content=\"summary_large_image\" \/>\n<script type=\"application\/ld+json\" class=\"yoast-schema-graph\">{\"@context\":\"https:\\\/\\\/schema.org\",\"@graph\":[{\"@type\":\"Article\",\"@id\":\"https:\\\/\\\/sodepal.es\\\/el-cabildo-reconoce-la-innovacion-de-las-pymes-en-la-segunda-edicion-de-los-premios-a-la-digitalizacion\\\/#article\",\"isPartOf\":{\"@id\":\"https:\\\/\\\/sodepal.es\\\/el-cabildo-reconoce-la-innovacion-de-las-pymes-en-la-segunda-edicion-de-los-premios-a-la-digitalizacion\\\/\"},\"author\":{\"name\":\"gerencia\",\"@id\":\"https:\\\/\\\/sodepal.es\\\/#\\\/schema\\\/person\\\/43b1d623bde0c4ec4efd5656ef0958b2\"},\"headline\":\"El Cabildo reconoce la innovaci\u00f3n de las pymes en la segunda edici\u00f3n de los Premios a la Digitalizaci\u00f3n\",\"datePublished\":\"2025-06-05T09:29:32+00:00\",\"dateModified\":\"2025-06-05T09:32:05+00:00\",\"mainEntityOfPage\":{\"@id\":\"https:\\\/\\\/sodepal.es\\\/el-cabildo-reconoce-la-innovacion-de-las-pymes-en-la-segunda-edicion-de-los-premios-a-la-digitalizacion\\\/\"},\"wordCount\":323,\"commentCount\":0,\"publisher\":{\"@id\":\"https:\\\/\\\/sodepal.es\\\/#organization\"},\"image\":{\"@id\":\"https:\\\/\\\/sodepal.es\\\/el-cabildo-reconoce-la-innovacion-de-las-pymes-en-la-segunda-edicion-de-los-premios-a-la-digitalizacion\\\/#primaryimage\"},\"thumbnailUrl\":\"https:\\\/\\\/sodepal.es\\\/wp-content\\\/uploads\\\/2025\\\/06\\\/Premios_Pyme.jpeg\",\"articleSection\":[\"Noticias\"],\"inLanguage\":\"en-GB\",\"potentialAction\":[{\"@type\":\"CommentAction\",\"name\":\"Comment\",\"target\":[\"https:\\\/\\\/sodepal.es\\\/el-cabildo-reconoce-la-innovacion-de-las-pymes-en-la-segunda-edicion-de-los-premios-a-la-digitalizacion\\\/#respond\"]}]},{\"@type\":\"WebPage\",\"@id\":\"https:\\\/\\\/sodepal.es\\\/el-cabildo-reconoce-la-innovacion-de-las-pymes-en-la-segunda-edicion-de-los-premios-a-la-digitalizacion\\\/\",\"url\":\"https:\\\/\\\/sodepal.es\\\/el-cabildo-reconoce-la-innovacion-de-las-pymes-en-la-segunda-edicion-de-los-premios-a-la-digitalizacion\\\/\",\"name\":\"El Cabildo reconoce la innovaci\u00f3n de las pymes en la segunda edici\u00f3n de los Premios a la Digitalizaci\u00f3n - Sociedad de Promoci\u00f3n y Desarrollo Econ\u00f3mico y Social de La Palma - SODEPAL\",\"isPartOf\":{\"@id\":\"https:\\\/\\\/sodepal.es\\\/#website\"},\"primaryImageOfPage\":{\"@id\":\"https:\\\/\\\/sodepal.es\\\/el-cabildo-reconoce-la-innovacion-de-las-pymes-en-la-segunda-edicion-de-los-premios-a-la-digitalizacion\\\/#primaryimage\"},\"image\":{\"@id\":\"https:\\\/\\\/sodepal.es\\\/el-cabildo-reconoce-la-innovacion-de-las-pymes-en-la-segunda-edicion-de-los-premios-a-la-digitalizacion\\\/#primaryimage\"},\"thumbnailUrl\":\"https:\\\/\\\/sodepal.es\\\/wp-content\\\/uploads\\\/2025\\\/06\\\/Premios_Pyme.jpeg\",\"datePublished\":\"2025-06-05T09:29:32+00:00\",\"dateModified\":\"2025-06-05T09:32:05+00:00\",\"description\":\"Toda la actualidad de los proyectos y eventos desarrollados por SODEPAL\",\"breadcrumb\":{\"@id\":\"https:\\\/\\\/sodepal.es\\\/el-cabildo-reconoce-la-innovacion-de-las-pymes-en-la-segunda-edicion-de-los-premios-a-la-digitalizacion\\\/#breadcrumb\"},\"inLanguage\":\"en-GB\",\"potentialAction\":[{\"@type\":\"ReadAction\",\"target\":[\"https:\\\/\\\/sodepal.es\\\/el-cabildo-reconoce-la-innovacion-de-las-pymes-en-la-segunda-edicion-de-los-premios-a-la-digitalizacion\\\/\"]}]},{\"@type\":\"ImageObject\",\"inLanguage\":\"en-GB\",\"@id\":\"https:\\\/\\\/sodepal.es\\\/el-cabildo-reconoce-la-innovacion-de-las-pymes-en-la-segunda-edicion-de-los-premios-a-la-digitalizacion\\\/#primaryimage\",\"url\":\"https:\\\/\\\/sodepal.es\\\/wp-content\\\/uploads\\\/2025\\\/06\\\/Premios_Pyme.jpeg\",\"contentUrl\":\"https:\\\/\\\/sodepal.es\\\/wp-content\\\/uploads\\\/2025\\\/06\\\/Premios_Pyme.jpeg\",\"width\":1600,\"height\":1068},{\"@type\":\"BreadcrumbList\",\"@id\":\"https:\\\/\\\/sodepal.es\\\/el-cabildo-reconoce-la-innovacion-de-las-pymes-en-la-segunda-edicion-de-los-premios-a-la-digitalizacion\\\/#breadcrumb\",\"itemListElement\":[{\"@type\":\"ListItem\",\"position\":1,\"name\":\"Inicio\",\"item\":\"https:\\\/\\\/sodepal.es\\\/\"},{\"@type\":\"ListItem\",\"position\":2,\"name\":\"El Cabildo reconoce la innovaci\u00f3n de las pymes en la segunda edici\u00f3n de los Premios a la Digitalizaci\u00f3n\"}]},{\"@type\":\"WebSite\",\"@id\":\"https:\\\/\\\/sodepal.es\\\/#website\",\"url\":\"https:\\\/\\\/sodepal.es\\\/\",\"name\":\"Sodepal\",\"description\":\"SODEPAL es una empresa p\u00fablica dependiente del Cabildo de La Palma. Promoci\u00f3n, Fomento y Desarrollo para la isla de La Palma\",\"publisher\":{\"@id\":\"https:\\\/\\\/sodepal.es\\\/#organization\"},\"alternateName\":\"Sociedad de Promoci\u00f3n y Desarrollo Econ\u00f3mico y Social de La Palma\",\"potentialAction\":[{\"@type\":\"SearchAction\",\"target\":{\"@type\":\"EntryPoint\",\"urlTemplate\":\"https:\\\/\\\/sodepal.es\\\/?s={search_term_string}\"},\"query-input\":{\"@type\":\"PropertyValueSpecification\",\"valueRequired\":true,\"valueName\":\"search_term_string\"}}],\"inLanguage\":\"en-GB\"},{\"@type\":\"Organization\",\"@id\":\"https:\\\/\\\/sodepal.es\\\/#organization\",\"name\":\"Sociedad de Promoci\u00f3n y Desarrollo Econ\u00f3mico y Social de La Palma\",\"alternateName\":\"Sodepal\",\"url\":\"https:\\\/\\\/sodepal.es\\\/\",\"logo\":{\"@type\":\"ImageObject\",\"inLanguage\":\"en-GB\",\"@id\":\"https:\\\/\\\/sodepal.es\\\/#\\\/schema\\\/logo\\\/image\\\/\",\"url\":\"https:\\\/\\\/sodepal.es\\\/wp-content\\\/uploads\\\/2022\\\/09\\\/logo_web.png\",\"contentUrl\":\"https:\\\/\\\/sodepal.es\\\/wp-content\\\/uploads\\\/2022\\\/09\\\/logo_web.png\",\"width\":658,\"height\":156,\"caption\":\"Sociedad de Promoci\u00f3n y Desarrollo Econ\u00f3mico y Social de La Palma\"},\"image\":{\"@id\":\"https:\\\/\\\/sodepal.es\\\/#\\\/schema\\\/logo\\\/image\\\/\"},\"sameAs\":[\"https:\\\/\\\/www.facebook.com\\\/sodepal\",\"https:\\\/\\\/www.instagram.com\\\/sodepallapalma\\\/\"],\"description\":\"Sociedad de Promoci\u00f3n y Desarrollo econ\u00f3mico y Social de La Palma, empresa p\u00fablica dependiente del Cabildo de La Palma\",\"email\":\"info@sodepal.es\",\"telephone\":\"922417323\",\"legalName\":\"Sociedad de Promoci\u00f3n y Desarrollo Econ\u00f3mico de la isla de La Palma S.A.U.\"},{\"@type\":\"Person\",\"@id\":\"https:\\\/\\\/sodepal.es\\\/#\\\/schema\\\/person\\\/43b1d623bde0c4ec4efd5656ef0958b2\",\"name\":\"gerencia\",\"image\":{\"@type\":\"ImageObject\",\"inLanguage\":\"en-GB\",\"@id\":\"https:\\\/\\\/secure.gravatar.com\\\/avatar\\\/2aa1ba3e33e6721e413a7499ea7cab2e4414b99cea1516e7404245c8da655d86?s=96&d=mm&r=g\",\"url\":\"https:\\\/\\\/secure.gravatar.com\\\/avatar\\\/2aa1ba3e33e6721e413a7499ea7cab2e4414b99cea1516e7404245c8da655d86?s=96&d=mm&r=g\",\"contentUrl\":\"https:\\\/\\\/secure.gravatar.com\\\/avatar\\\/2aa1ba3e33e6721e413a7499ea7cab2e4414b99cea1516e7404245c8da655d86?s=96&d=mm&r=g\",\"caption\":\"gerencia\"}}]}<\/script>\n<!-- \/ Yoast SEO Premium plugin. -->","yoast_head_json":{"title":"El Cabildo reconoce la innovaci\u00f3n de las pymes en la segunda edici\u00f3n de los Premios a la Digitalizaci\u00f3n - Sociedad de Promoci\u00f3n y Desarrollo Econ\u00f3mico y Social de La Palma - SODEPAL","description":"Toda la actualidad de los proyectos y eventos desarrollados por SODEPAL","robots":{"index":"index","follow":"follow","max-snippet":"max-snippet:-1","max-image-preview":"max-image-preview:large","max-video-preview":"max-video-preview:-1"},"canonical":"https:\/\/sodepal.es\/en\/el-cabildo-reconoce-la-innovacion-de-las-pymes-en-la-segunda-edicion-de-los-premios-a-la-digitalizacion\/","og_locale":"en_GB","og_type":"article","og_title":"El Cabildo reconoce la innovaci\u00f3n de las pymes en la segunda edici\u00f3n de los Premios a la Digitalizaci\u00f3n","og_description":"Toda la actualidad de los proyectos y eventos desarrollados por SODEPAL","og_url":"https:\/\/sodepal.es\/en\/el-cabildo-reconoce-la-innovacion-de-las-pymes-en-la-segunda-edicion-de-los-premios-a-la-digitalizacion\/","og_site_name":"Sociedad de Promoci\u00f3n y Desarrollo Econ\u00f3mico y Social de La Palma - SODEPAL","article_publisher":"https:\/\/www.facebook.com\/sodepal","article_published_time":"2025-06-05T09:29:32+00:00","article_modified_time":"2025-06-05T09:32:05+00:00","og_image":[{"width":1600,"height":1068,"url":"https:\/\/sodepal.es\/wp-content\/uploads\/2025\/06\/Premios_Pyme.jpeg","type":"image\/jpeg"}],"author":"gerencia","twitter_card":"summary_large_image","schema":{"@context":"https:\/\/schema.org","@graph":[{"@type":"Article","@id":"https:\/\/sodepal.es\/el-cabildo-reconoce-la-innovacion-de-las-pymes-en-la-segunda-edicion-de-los-premios-a-la-digitalizacion\/#article","isPartOf":{"@id":"https:\/\/sodepal.es\/el-cabildo-reconoce-la-innovacion-de-las-pymes-en-la-segunda-edicion-de-los-premios-a-la-digitalizacion\/"},"author":{"name":"gerencia","@id":"https:\/\/sodepal.es\/#\/schema\/person\/43b1d623bde0c4ec4efd5656ef0958b2"},"headline":"El Cabildo reconoce la innovaci\u00f3n de las pymes en la segunda edici\u00f3n de los Premios a la Digitalizaci\u00f3n","datePublished":"2025-06-05T09:29:32+00:00","dateModified":"2025-06-05T09:32:05+00:00","mainEntityOfPage":{"@id":"https:\/\/sodepal.es\/el-cabildo-reconoce-la-innovacion-de-las-pymes-en-la-segunda-edicion-de-los-premios-a-la-digitalizacion\/"},"wordCount":323,"commentCount":0,"publisher":{"@id":"https:\/\/sodepal.es\/#organization"},"image":{"@id":"https:\/\/sodepal.es\/el-cabildo-reconoce-la-innovacion-de-las-pymes-en-la-segunda-edicion-de-los-premios-a-la-digitalizacion\/#primaryimage"},"thumbnailUrl":"https:\/\/sodepal.es\/wp-content\/uploads\/2025\/06\/Premios_Pyme.jpeg","articleSection":["Noticias"],"inLanguage":"en-GB","potentialAction":[{"@type":"CommentAction","name":"Comment","target":["https:\/\/sodepal.es\/el-cabildo-reconoce-la-innovacion-de-las-pymes-en-la-segunda-edicion-de-los-premios-a-la-digitalizacion\/#respond"]}]},{"@type":"WebPage","@id":"https:\/\/sodepal.es\/el-cabildo-reconoce-la-innovacion-de-las-pymes-en-la-segunda-edicion-de-los-premios-a-la-digitalizacion\/","url":"https:\/\/sodepal.es\/el-cabildo-reconoce-la-innovacion-de-las-pymes-en-la-segunda-edicion-de-los-premios-a-la-digitalizacion\/","name":"El Cabildo reconoce la innovaci\u00f3n de las pymes en la segunda edici\u00f3n de los Premios a la Digitalizaci\u00f3n - Sociedad de Promoci\u00f3n y Desarrollo Econ\u00f3mico y Social de La Palma - SODEPAL","isPartOf":{"@id":"https:\/\/sodepal.es\/#website"},"primaryImageOfPage":{"@id":"https:\/\/sodepal.es\/el-cabildo-reconoce-la-innovacion-de-las-pymes-en-la-segunda-edicion-de-los-premios-a-la-digitalizacion\/#primaryimage"},"image":{"@id":"https:\/\/sodepal.es\/el-cabildo-reconoce-la-innovacion-de-las-pymes-en-la-segunda-edicion-de-los-premios-a-la-digitalizacion\/#primaryimage"},"thumbnailUrl":"https:\/\/sodepal.es\/wp-content\/uploads\/2025\/06\/Premios_Pyme.jpeg","datePublished":"2025-06-05T09:29:32+00:00","dateModified":"2025-06-05T09:32:05+00:00","description":"Toda la actualidad de los proyectos y eventos desarrollados por SODEPAL","breadcrumb":{"@id":"https:\/\/sodepal.es\/el-cabildo-reconoce-la-innovacion-de-las-pymes-en-la-segunda-edicion-de-los-premios-a-la-digitalizacion\/#breadcrumb"},"inLanguage":"en-GB","potentialAction":[{"@type":"ReadAction","target":["https:\/\/sodepal.es\/el-cabildo-reconoce-la-innovacion-de-las-pymes-en-la-segunda-edicion-de-los-premios-a-la-digitalizacion\/"]}]},{"@type":"ImageObject","inLanguage":"en-GB","@id":"https:\/\/sodepal.es\/el-cabildo-reconoce-la-innovacion-de-las-pymes-en-la-segunda-edicion-de-los-premios-a-la-digitalizacion\/#primaryimage","url":"https:\/\/sodepal.es\/wp-content\/uploads\/2025\/06\/Premios_Pyme.jpeg","contentUrl":"https:\/\/sodepal.es\/wp-content\/uploads\/2025\/06\/Premios_Pyme.jpeg","width":1600,"height":1068},{"@type":"BreadcrumbList","@id":"https:\/\/sodepal.es\/el-cabildo-reconoce-la-innovacion-de-las-pymes-en-la-segunda-edicion-de-los-premios-a-la-digitalizacion\/#breadcrumb","itemListElement":[{"@type":"ListItem","position":1,"name":"Inicio","item":"https:\/\/sodepal.es\/"},{"@type":"ListItem","position":2,"name":"El Cabildo reconoce la innovaci\u00f3n de las pymes en la segunda edici\u00f3n de los Premios a la Digitalizaci\u00f3n"}]},{"@type":"WebSite","@id":"https:\/\/sodepal.es\/#website","url":"https:\/\/sodepal.es\/","name":"Sodepal","description":"SODEPAL es una empresa p\u00fablica dependiente del Cabildo de La Palma. Promoci\u00f3n, Fomento y Desarrollo para la isla de La Palma","publisher":{"@id":"https:\/\/sodepal.es\/#organization"},"alternateName":"Sociedad de Promoci\u00f3n y Desarrollo Econ\u00f3mico y Social de La Palma","potentialAction":[{"@type":"SearchAction","target":{"@type":"EntryPoint","urlTemplate":"https:\/\/sodepal.es\/?s={search_term_string}"},"query-input":{"@type":"PropertyValueSpecification","valueRequired":true,"valueName":"search_term_string"}}],"inLanguage":"en-GB"},{"@type":"Organization","@id":"https:\/\/sodepal.es\/#organization","name":"Sociedad de Promoci\u00f3n y Desarrollo Econ\u00f3mico y Social de La Palma","alternateName":"Sodepal","url":"https:\/\/sodepal.es\/","logo":{"@type":"ImageObject","inLanguage":"en-GB","@id":"https:\/\/sodepal.es\/#\/schema\/logo\/image\/","url":"https:\/\/sodepal.es\/wp-content\/uploads\/2022\/09\/logo_web.png","contentUrl":"https:\/\/sodepal.es\/wp-content\/uploads\/2022\/09\/logo_web.png","width":658,"height":156,"caption":"Sociedad de Promoci\u00f3n y Desarrollo Econ\u00f3mico y Social de La Palma"},"image":{"@id":"https:\/\/sodepal.es\/#\/schema\/logo\/image\/"},"sameAs":["https:\/\/www.facebook.com\/sodepal","https:\/\/www.instagram.com\/sodepallapalma\/"],"description":"Sociedad de Promoci\u00f3n y Desarrollo econ\u00f3mico y Social de La Palma, empresa p\u00fablica dependiente del Cabildo de La Palma","email":"info@sodepal.es","telephone":"922417323","legalName":"Sociedad de Promoci\u00f3n y Desarrollo Econ\u00f3mico de la isla de La Palma S.A.U."},{"@type":"Person","@id":"https:\/\/sodepal.es\/#\/schema\/person\/43b1d623bde0c4ec4efd5656ef0958b2","name":"gerencia","image":{"@type":"ImageObject","inLanguage":"en-GB","@id":"https:\/\/secure.gravatar.com\/avatar\/2aa1ba3e33e6721e413a7499ea7cab2e4414b99cea1516e7404245c8da655d86?s=96&d=mm&r=g","url":"https:\/\/secure.gravatar.com\/avatar\/2aa1ba3e33e6721e413a7499ea7cab2e4414b99cea1516e7404245c8da655d86?s=96&d=mm&r=g","contentUrl":"https:\/\/secure.gravatar.com\/avatar\/2aa1ba3e33e6721e413a7499ea7cab2e4414b99cea1516e7404245c8da655d86?s=96&d=mm&r=g","caption":"gerencia"}}]}},"_links":{"self":[{"href":"https:\/\/sodepal.es\/en\/wp-json\/wp\/v2\/posts\/24179","targetHints":{"allow":["GET"]}}],"collection":[{"href":"https:\/\/sodepal.es\/en\/wp-json\/wp\/v2\/posts"}],"about":[{"href":"https:\/\/sodepal.es\/en\/wp-json\/wp\/v2\/types\/post"}],"author":[{"embeddable":true,"href":"https:\/\/sodepal.es\/en\/wp-json\/wp\/v2\/users\/1"}],"replies":[{"embeddable":true,"href":"https:\/\/sodepal.es\/en\/wp-json\/wp\/v2\/comments?post=24179"}],"version-history":[{"count":0,"href":"https:\/\/sodepal.es\/en\/wp-json\/wp\/v2\/posts\/24179\/revisions"}],"wp:featuredmedia":[{"embeddable":true,"href":"https:\/\/sodepal.es\/en\/wp-json\/wp\/v2\/media\/24181"}],"wp:attachment":[{"href":"https:\/\/sodepal.es\/en\/wp-json\/wp\/v2\/media?parent=24179"}],"wp:term":[{"taxonomy":"category","embeddable":true,"href":"https:\/\/sodepal.es\/en\/wp-json\/wp\/v2\/categories?post=24179"},{"taxonomy":"post_tag","embeddable":true,"href":"https:\/\/sodepal.es\/en\/wp-json\/wp\/v2\/tags?post=24179"}],"curies":[{"name":"wp","href":"https:\/\/api.w.org\/{rel}","templated":true}]}}