{"id":24288,"date":"2025-06-09T14:15:21","date_gmt":"2025-06-09T14:15:21","guid":{"rendered":"https:\/\/sodepal.es\/?p=24288"},"modified":"2025-06-10T14:19:28","modified_gmt":"2025-06-10T14:19:28","slug":"nueve-firmas-asociadas-a-isla-bonita-moda-se-suben-a-la-pasarela-futur-adlib-ibiza-en-su-nueva-edicion","status":"publish","type":"post","link":"https:\/\/sodepal.es\/en\/nueve-firmas-asociadas-a-isla-bonita-moda-se-suben-a-la-pasarela-futur-adlib-ibiza-en-su-nueva-edicion\/","title":{"rendered":"Nine firms associated with Isla Bonita Moda take to the catwalk FUTUR ADLIB IBIZA in its new edition."},"content":{"rendered":"<div data-elementor-type=\"wp-post\" data-elementor-id=\"24288\" class=\"elementor elementor-24288\" data-elementor-post-type=\"post\">\n\t\t\t\t\t\t<section class=\"elementor-section elementor-top-section elementor-element elementor-element-36d1fa0 elementor-section-boxed elementor-section-height-default elementor-section-height-default\" data-id=\"36d1fa0\" data-element_type=\"section\" data-e-type=\"section\">\n\t\t\t\t\t\t<div class=\"elementor-container elementor-column-gap-default\">\n\t\t\t\t\t<div class=\"elementor-column elementor-col-100 elementor-top-column elementor-element elementor-element-20481759\" data-id=\"20481759\" data-element_type=\"column\" data-e-type=\"column\">\n\t\t\t<div class=\"elementor-widget-wrap elementor-element-populated\">\n\t\t\t\t\t\t<div class=\"elementor-element elementor-element-203ce316 elementor-widget elementor-widget-text-editor\" data-id=\"203ce316\" data-element_type=\"widget\" data-e-type=\"widget\" data-widget_type=\"text-editor.default\">\n\t\t\t\t<div class=\"elementor-widget-container\">\n\t\t\t\t\t\t\t\t\t<div class=\"field field--name-field-noticias-entradilla field--type-text-long field--label-hidden field--item\"><div class=\"field field--name-field-noticias-entradilla field--type-text-long field--label-hidden field--item\"><div class=\"field field--name-field-noticias-entradilla field--type-text-long field--label-hidden field--item\"><div class=\"field field--name-field-noticias-entradilla field--type-text-long field--label-hidden field--item\"><div class=\"field field--name-field-noticias-entradilla field--type-text-long field--label-hidden field--item\"><div class=\"field field--name-field-noticias-entradilla field--type-text-long field--label-hidden field--item\"><div class=\"field field--name-field-noticias-entradilla field--type-text-long field--label-hidden field--item\"><div class=\"field field--name-field-noticias-entradilla field--type-text-long field--label-hidden field--item\"><div class=\"content\"><div class=\"field field--name-body field--type-text-with-summary field--label-hidden field--item\"><p>The alliance between the Adlib Ibiza and Isla Bonita Moda labels was consolidated this weekend with an outstanding presence of Palmeros designers at the FUTUR ADLIB 2025 catwalk show, held last Friday 6th June in the courtyard of the church of Sant Miquel de Balansat. This new collaboration reaffirmed the commitment of both territories to creativity, craftsmanship and local talent, strengthening the projection of the islands' fashion in a space for cultural and professional exchange.<\/p><p>Under a collaborative and multidisciplinary vision, nine creatives from the Isla Bonita Moda programme - Diazar Atelier, BAN, Lepa Punca, Shamelu, Sara Luis Joyas, Rayco Plata, Julia Brito, Waleska Morin and Mararte - presented their collections on the FUTUR ADLIB 2025 catwalk, projecting their full potential in a strategic market that brings the two islands together through their creators and great shared values such as craftsmanship, sustainability and love for their identity.<\/p><p>In the words of Miriam Perestelo, Councillor for Economic Promotion of the Cabildo Insular de La Palma and CEO of SODEPAL, \"from the Cabildo Insular de La Palma we are deeply proud of the brilliant role played by the nine firms of Isla Bonita Moda in the prestigious Futur Adlib Ibiza 2025 catwalk. Their participation, once again, reaffirms the talent, creativity and transformative force that is born on our island, projecting itself abroad with its own identity and character. This achievement is not only a recognition of the tireless work of our creators, but also a tangible example of how fashion can become a driving force for economic promotion, projection abroad and enhancement of our artisan traditions. The combination of innovation and roots that defines Isla Bonita Moda is also a reflection of the commitment that SODEPAL and the Cabildo de La Palma promote on a daily basis: to support creative entrepreneurship, strengthen the local industry and build bridges to new markets and opportunities\".<\/p><h4><strong>Designers and collections<\/strong><\/h4><p><strong>Diazar Atelier: SIWA SWIMWEAR COLLECTION. An oasis of design.<\/strong><\/p><p>The alliance between Diazar Atelier, BAN's handcrafted leather goods and Lepa Punca's signature jewellery resulted in a deeply evocative capsule collection: SIWA SWIMWEAR COLLECTION. Inspired by the Siwa oasis, the proposal was immersed in a sensory experience to transfer the nature, serenity and strength of the desert to textiles, leather and jewellery. Sand tones, geometric motifs and hand embroidery composed an aesthetic narrative that reclaimed design as a language.<\/p><p>The project is based on a sensitive approach, fashion as a channel of cultural transmission and craftsmanship as a form of rootedness in the territory and its rhythms.<\/p><p><strong>Rayco Plata + Julia Brito: L'Estasi, sculpture made body.<\/strong><\/p><p>Designer Rayco Plata, in collaboration with Julia Brito, presented L'Estasi, a capsule collection inspired by the Italian Renaissance. Ethereal forms, fabrics that evoked movement and the angelic sensuality of classical sculpture were translated into pieces that enveloped the body with fluidity, highlighting the natural beauty of gesture and anatomy. A work that united art, history and design with profound sensitivity.<\/p><p><strong>Sara Luis Joyas: BOMBYX MORI, the art of the invisible.<\/strong><\/p><p>With the BOMBYX MORI collection, Sara Luis Joyas paid homage to the spinners of El Paso and the silent work of the silkworm. Inspired by metamorphosis and the fragility that transforms into legacy, each piece captured an instant stopped in time. This collection was not worn, it was honoured: it represented the power of the essential, the invisible memory and technique elevated to art.<\/p><p><strong>Shamelu: SIJAK, a new beginning.<\/strong><\/p><p>The designer behind Shamelu presented SIJAK: INICIO, a swimwear collection that represented a new chapter in her creative universe. Inspired by traditional Asian fashion and reinterpreted with modern codes, the collection combined geometric and organic shapes in a visual language that conveyed intentional chaos and fluidity. The return of the signature print, handcrafted jewellery by Mararte and footwear by Ban completed a proposal that celebrated the duality between past and present.<\/p><p><strong>Waleska Morin: a symphony of colour and form inspired by Ensor.<\/strong><\/p><p>The firm Waleska Morin immersed itself in an artistic and profound inspiration, where the chromatic palette of the painter James Ensor enveloped a collection charged with visual symbolism. The asymmetrical garments, the cut-out cuts and the floral explosion in all its forms turned this proposal into a vivid portrait of the artist's universe and his most famous work. Inspired by the art of ballet and period musicals, the designs celebrated movement, colour and expressiveness. Pinks, yellows, whites and other warm tones danced in the sun like a melody through time.<\/p><p><strong>About Adlib Ibiza<\/strong><\/p><p>Since 1971, the island of Ibiza has been the source of inspiration for a unique way of conceiving fashion, with a philosophy based on respect for the environment and the concept of slow fashion. A seal of craftsmanship that has come a long way since more than 50 years ago, when the first hippies took the island's traditional clothing and fused it with fabrics and styles from all over the world. Today, Ibizan fashion has carved out a niche for itself, inspiring the best designers and bringing together both men's and women's proposals.<\/p><p><strong>About Isla Bonita Moda<\/strong><\/p><p>Isla Bonita Moda is an action programme of the Department of Economic Promotion of the La Palma Island Council, managed through the Society for Economic and Social Promotion and Development of La Palma (SODEPAL SAU). Isla Bonita Moda promotes actions to strengthen the island's growing fashion industry, which is also fundamental to boost the economic diversification of the region. Among its main objectives is the development of an island fashion plan that ensures the improvement of the sector's business management, its professionalisation and the increase in the national and international promotion and marketing of the brands, highlighting their creations and their artisan legacy. The programme currently includes 18 fashion, accessories and jewellery brands.<\/p><\/div><\/div><div class=\"etiquetado-noticias\">Downloadable content<\/div><div class=\"contenido-descargable\"><div class=\"field field--name-field-noticias-cont-descargable field--type-link field--label-above\"><div class=\"field__items\"><div class=\"field--item\"><a href=\"https:\/\/drive.google.com\/drive\/mobile\/folders\/1FWo88DbBlheJzTFFBjrAQNQYHm9_sbh5\/1SyJjl_bluylnB2OwLGuXpIwPiB6VKxJn\/1itrbswZfAVoGpxpzvKaWcKjh0DpeToZQ\/1gVt5YoGRefyK8VUiClrxr8bCggPe-zc_?usp=sharing&amp;sort=13&amp;direction=a\" target=\"_blank\" rel=\"noopener\">Link to photos<\/a><\/div><\/div><\/div><\/div><\/div><\/div><\/div><\/div><\/div><\/div><\/div><\/div>\t\t\t\t\t\t\t\t<\/div>\n\t\t\t\t<\/div>\n\t\t\t\t\t<\/div>\n\t\t<\/div>\n\t\t\t\t\t<\/div>\n\t\t<\/section>\n\t\t\t\t<\/div>","protected":false},"excerpt":{"rendered":"<p>La alianza entre los sellos Adlib Ibiza e Isla Bonita Moda se consolid\u00f3 este fin de semana con una destacada presencia de dise\u00f1adores palmeros en la pasarela FUTUR ADLIB 2025, celebrada el pasado viernes 6 de junio en el patio de la iglesia de Sant Miquel de Balansat. Esta nueva colaboraci\u00f3n reafirm\u00f3 el compromiso de &#8230; <a title=\"Nine firms associated with Isla Bonita Moda take to the catwalk FUTUR ADLIB IBIZA in its new edition.\" class=\"read-more\" href=\"https:\/\/sodepal.es\/en\/nueve-firmas-asociadas-a-isla-bonita-moda-se-suben-a-la-pasarela-futur-adlib-ibiza-en-su-nueva-edicion\/\" aria-label=\"Read more about Nueve firmas asociadas a Isla Bonita Moda se suben a la pasarela FUTUR ADLIB IBIZA en su nueva edici\u00f3n\">Read more<\/a><\/p>","protected":false},"author":1,"featured_media":24290,"comment_status":"open","ping_status":"open","sticky":false,"template":"","format":"standard","meta":{"_acf_changed":false,"footnotes":""},"categories":[19],"tags":[],"class_list":["post-24288","post","type-post","status-publish","format-standard","has-post-thumbnail","hentry","category-noticias"],"acf":[],"yoast_head":"<!-- This site is optimized with the Yoast SEO Premium plugin v22.0 (Yoast SEO v27.5) - https:\/\/yoast.com\/product\/yoast-seo-premium-wordpress\/ -->\n<title>Nueve firmas asociadas a Isla Bonita Moda se suben a la pasarela FUTUR ADLIB IBIZA en su nueva edici\u00f3n - Sociedad de Promoci\u00f3n y Desarrollo Econ\u00f3mico y Social de La Palma - SODEPAL<\/title>\n<meta name=\"description\" content=\"Toda la actualidad de los proyectos y eventos desarrollados por SODEPAL\" \/>\n<meta name=\"robots\" content=\"index, follow, max-snippet:-1, max-image-preview:large, max-video-preview:-1\" \/>\n<link rel=\"canonical\" href=\"https:\/\/sodepal.es\/en\/nueve-firmas-asociadas-a-isla-bonita-moda-se-suben-a-la-pasarela-futur-adlib-ibiza-en-su-nueva-edicion\/\" \/>\n<meta property=\"og:locale\" content=\"en_GB\" \/>\n<meta property=\"og:type\" content=\"article\" \/>\n<meta property=\"og:title\" content=\"Nueve firmas asociadas a Isla Bonita Moda se suben a la pasarela FUTUR ADLIB IBIZA en su nueva edici\u00f3n\" \/>\n<meta property=\"og:description\" content=\"Toda la actualidad de los proyectos y eventos desarrollados por SODEPAL\" \/>\n<meta property=\"og:url\" content=\"https:\/\/sodepal.es\/en\/nueve-firmas-asociadas-a-isla-bonita-moda-se-suben-a-la-pasarela-futur-adlib-ibiza-en-su-nueva-edicion\/\" \/>\n<meta property=\"og:site_name\" content=\"Sociedad de Promoci\u00f3n y Desarrollo Econ\u00f3mico y Social de La Palma - SODEPAL\" \/>\n<meta property=\"article:publisher\" content=\"https:\/\/www.facebook.com\/sodepal\" \/>\n<meta property=\"article:published_time\" content=\"2025-06-09T14:15:21+00:00\" \/>\n<meta property=\"article:modified_time\" content=\"2025-06-10T14:19:28+00:00\" \/>\n<meta property=\"og:image\" content=\"https:\/\/sodepal.es\/wp-content\/uploads\/2025\/06\/IBM-1.jpeg\" \/>\n\t<meta property=\"og:image:width\" content=\"1600\" \/>\n\t<meta property=\"og:image:height\" content=\"1066\" \/>\n\t<meta property=\"og:image:type\" content=\"image\/jpeg\" \/>\n<meta name=\"author\" content=\"gerencia\" \/>\n<meta name=\"twitter:card\" content=\"summary_large_image\" \/>\n<script type=\"application\/ld+json\" class=\"yoast-schema-graph\">{\"@context\":\"https:\\\/\\\/schema.org\",\"@graph\":[{\"@type\":\"Article\",\"@id\":\"https:\\\/\\\/sodepal.es\\\/nueve-firmas-asociadas-a-isla-bonita-moda-se-suben-a-la-pasarela-futur-adlib-ibiza-en-su-nueva-edicion\\\/#article\",\"isPartOf\":{\"@id\":\"https:\\\/\\\/sodepal.es\\\/nueve-firmas-asociadas-a-isla-bonita-moda-se-suben-a-la-pasarela-futur-adlib-ibiza-en-su-nueva-edicion\\\/\"},\"author\":{\"name\":\"gerencia\",\"@id\":\"https:\\\/\\\/sodepal.es\\\/#\\\/schema\\\/person\\\/43b1d623bde0c4ec4efd5656ef0958b2\"},\"headline\":\"Nueve firmas asociadas a Isla Bonita Moda se suben a la pasarela FUTUR ADLIB IBIZA en su nueva edici\u00f3n\",\"datePublished\":\"2025-06-09T14:15:21+00:00\",\"dateModified\":\"2025-06-10T14:19:28+00:00\",\"mainEntityOfPage\":{\"@id\":\"https:\\\/\\\/sodepal.es\\\/nueve-firmas-asociadas-a-isla-bonita-moda-se-suben-a-la-pasarela-futur-adlib-ibiza-en-su-nueva-edicion\\\/\"},\"wordCount\":1117,\"commentCount\":0,\"publisher\":{\"@id\":\"https:\\\/\\\/sodepal.es\\\/#organization\"},\"image\":{\"@id\":\"https:\\\/\\\/sodepal.es\\\/nueve-firmas-asociadas-a-isla-bonita-moda-se-suben-a-la-pasarela-futur-adlib-ibiza-en-su-nueva-edicion\\\/#primaryimage\"},\"thumbnailUrl\":\"https:\\\/\\\/sodepal.es\\\/wp-content\\\/uploads\\\/2025\\\/06\\\/IBM-1.jpeg\",\"articleSection\":[\"Noticias\"],\"inLanguage\":\"en-GB\",\"potentialAction\":[{\"@type\":\"CommentAction\",\"name\":\"Comment\",\"target\":[\"https:\\\/\\\/sodepal.es\\\/nueve-firmas-asociadas-a-isla-bonita-moda-se-suben-a-la-pasarela-futur-adlib-ibiza-en-su-nueva-edicion\\\/#respond\"]}]},{\"@type\":\"WebPage\",\"@id\":\"https:\\\/\\\/sodepal.es\\\/nueve-firmas-asociadas-a-isla-bonita-moda-se-suben-a-la-pasarela-futur-adlib-ibiza-en-su-nueva-edicion\\\/\",\"url\":\"https:\\\/\\\/sodepal.es\\\/nueve-firmas-asociadas-a-isla-bonita-moda-se-suben-a-la-pasarela-futur-adlib-ibiza-en-su-nueva-edicion\\\/\",\"name\":\"Nueve firmas asociadas a Isla Bonita Moda se suben a la pasarela FUTUR ADLIB IBIZA en su nueva edici\u00f3n - Sociedad de Promoci\u00f3n y Desarrollo Econ\u00f3mico y Social de La Palma - SODEPAL\",\"isPartOf\":{\"@id\":\"https:\\\/\\\/sodepal.es\\\/#website\"},\"primaryImageOfPage\":{\"@id\":\"https:\\\/\\\/sodepal.es\\\/nueve-firmas-asociadas-a-isla-bonita-moda-se-suben-a-la-pasarela-futur-adlib-ibiza-en-su-nueva-edicion\\\/#primaryimage\"},\"image\":{\"@id\":\"https:\\\/\\\/sodepal.es\\\/nueve-firmas-asociadas-a-isla-bonita-moda-se-suben-a-la-pasarela-futur-adlib-ibiza-en-su-nueva-edicion\\\/#primaryimage\"},\"thumbnailUrl\":\"https:\\\/\\\/sodepal.es\\\/wp-content\\\/uploads\\\/2025\\\/06\\\/IBM-1.jpeg\",\"datePublished\":\"2025-06-09T14:15:21+00:00\",\"dateModified\":\"2025-06-10T14:19:28+00:00\",\"description\":\"Toda la actualidad de los proyectos y eventos desarrollados por SODEPAL\",\"breadcrumb\":{\"@id\":\"https:\\\/\\\/sodepal.es\\\/nueve-firmas-asociadas-a-isla-bonita-moda-se-suben-a-la-pasarela-futur-adlib-ibiza-en-su-nueva-edicion\\\/#breadcrumb\"},\"inLanguage\":\"en-GB\",\"potentialAction\":[{\"@type\":\"ReadAction\",\"target\":[\"https:\\\/\\\/sodepal.es\\\/nueve-firmas-asociadas-a-isla-bonita-moda-se-suben-a-la-pasarela-futur-adlib-ibiza-en-su-nueva-edicion\\\/\"]}]},{\"@type\":\"ImageObject\",\"inLanguage\":\"en-GB\",\"@id\":\"https:\\\/\\\/sodepal.es\\\/nueve-firmas-asociadas-a-isla-bonita-moda-se-suben-a-la-pasarela-futur-adlib-ibiza-en-su-nueva-edicion\\\/#primaryimage\",\"url\":\"https:\\\/\\\/sodepal.es\\\/wp-content\\\/uploads\\\/2025\\\/06\\\/IBM-1.jpeg\",\"contentUrl\":\"https:\\\/\\\/sodepal.es\\\/wp-content\\\/uploads\\\/2025\\\/06\\\/IBM-1.jpeg\",\"width\":1600,\"height\":1066},{\"@type\":\"BreadcrumbList\",\"@id\":\"https:\\\/\\\/sodepal.es\\\/nueve-firmas-asociadas-a-isla-bonita-moda-se-suben-a-la-pasarela-futur-adlib-ibiza-en-su-nueva-edicion\\\/#breadcrumb\",\"itemListElement\":[{\"@type\":\"ListItem\",\"position\":1,\"name\":\"Inicio\",\"item\":\"https:\\\/\\\/sodepal.es\\\/\"},{\"@type\":\"ListItem\",\"position\":2,\"name\":\"Nueve firmas asociadas a Isla Bonita Moda se suben a la pasarela FUTUR ADLIB IBIZA en su nueva edici\u00f3n\"}]},{\"@type\":\"WebSite\",\"@id\":\"https:\\\/\\\/sodepal.es\\\/#website\",\"url\":\"https:\\\/\\\/sodepal.es\\\/\",\"name\":\"Sodepal\",\"description\":\"SODEPAL es una empresa p\u00fablica dependiente del Cabildo de La Palma. Promoci\u00f3n, Fomento y Desarrollo para la isla de La Palma\",\"publisher\":{\"@id\":\"https:\\\/\\\/sodepal.es\\\/#organization\"},\"alternateName\":\"Sociedad de Promoci\u00f3n y Desarrollo Econ\u00f3mico y Social de La Palma\",\"potentialAction\":[{\"@type\":\"SearchAction\",\"target\":{\"@type\":\"EntryPoint\",\"urlTemplate\":\"https:\\\/\\\/sodepal.es\\\/?s={search_term_string}\"},\"query-input\":{\"@type\":\"PropertyValueSpecification\",\"valueRequired\":true,\"valueName\":\"search_term_string\"}}],\"inLanguage\":\"en-GB\"},{\"@type\":\"Organization\",\"@id\":\"https:\\\/\\\/sodepal.es\\\/#organization\",\"name\":\"Sociedad de Promoci\u00f3n y Desarrollo Econ\u00f3mico y Social de La Palma\",\"alternateName\":\"Sodepal\",\"url\":\"https:\\\/\\\/sodepal.es\\\/\",\"logo\":{\"@type\":\"ImageObject\",\"inLanguage\":\"en-GB\",\"@id\":\"https:\\\/\\\/sodepal.es\\\/#\\\/schema\\\/logo\\\/image\\\/\",\"url\":\"https:\\\/\\\/sodepal.es\\\/wp-content\\\/uploads\\\/2022\\\/09\\\/logo_web.png\",\"contentUrl\":\"https:\\\/\\\/sodepal.es\\\/wp-content\\\/uploads\\\/2022\\\/09\\\/logo_web.png\",\"width\":658,\"height\":156,\"caption\":\"Sociedad de Promoci\u00f3n y Desarrollo Econ\u00f3mico y Social de La Palma\"},\"image\":{\"@id\":\"https:\\\/\\\/sodepal.es\\\/#\\\/schema\\\/logo\\\/image\\\/\"},\"sameAs\":[\"https:\\\/\\\/www.facebook.com\\\/sodepal\",\"https:\\\/\\\/www.instagram.com\\\/sodepallapalma\\\/\"],\"description\":\"Sociedad de Promoci\u00f3n y Desarrollo econ\u00f3mico y Social de La Palma, empresa p\u00fablica dependiente del Cabildo de La Palma\",\"email\":\"info@sodepal.es\",\"telephone\":\"922417323\",\"legalName\":\"Sociedad de Promoci\u00f3n y Desarrollo Econ\u00f3mico de la isla de La Palma S.A.U.\"},{\"@type\":\"Person\",\"@id\":\"https:\\\/\\\/sodepal.es\\\/#\\\/schema\\\/person\\\/43b1d623bde0c4ec4efd5656ef0958b2\",\"name\":\"gerencia\",\"image\":{\"@type\":\"ImageObject\",\"inLanguage\":\"en-GB\",\"@id\":\"https:\\\/\\\/secure.gravatar.com\\\/avatar\\\/2aa1ba3e33e6721e413a7499ea7cab2e4414b99cea1516e7404245c8da655d86?s=96&d=mm&r=g\",\"url\":\"https:\\\/\\\/secure.gravatar.com\\\/avatar\\\/2aa1ba3e33e6721e413a7499ea7cab2e4414b99cea1516e7404245c8da655d86?s=96&d=mm&r=g\",\"contentUrl\":\"https:\\\/\\\/secure.gravatar.com\\\/avatar\\\/2aa1ba3e33e6721e413a7499ea7cab2e4414b99cea1516e7404245c8da655d86?s=96&d=mm&r=g\",\"caption\":\"gerencia\"}}]}<\/script>\n<!-- \/ Yoast SEO Premium plugin. -->","yoast_head_json":{"title":"Nueve firmas asociadas a Isla Bonita Moda se suben a la pasarela FUTUR ADLIB IBIZA en su nueva edici\u00f3n - Sociedad de Promoci\u00f3n y Desarrollo Econ\u00f3mico y Social de La Palma - SODEPAL","description":"Toda la actualidad de los proyectos y eventos desarrollados por SODEPAL","robots":{"index":"index","follow":"follow","max-snippet":"max-snippet:-1","max-image-preview":"max-image-preview:large","max-video-preview":"max-video-preview:-1"},"canonical":"https:\/\/sodepal.es\/en\/nueve-firmas-asociadas-a-isla-bonita-moda-se-suben-a-la-pasarela-futur-adlib-ibiza-en-su-nueva-edicion\/","og_locale":"en_GB","og_type":"article","og_title":"Nueve firmas asociadas a Isla Bonita Moda se suben a la pasarela FUTUR ADLIB IBIZA en su nueva edici\u00f3n","og_description":"Toda la actualidad de los proyectos y eventos desarrollados por SODEPAL","og_url":"https:\/\/sodepal.es\/en\/nueve-firmas-asociadas-a-isla-bonita-moda-se-suben-a-la-pasarela-futur-adlib-ibiza-en-su-nueva-edicion\/","og_site_name":"Sociedad de Promoci\u00f3n y Desarrollo Econ\u00f3mico y Social de La Palma - SODEPAL","article_publisher":"https:\/\/www.facebook.com\/sodepal","article_published_time":"2025-06-09T14:15:21+00:00","article_modified_time":"2025-06-10T14:19:28+00:00","og_image":[{"width":1600,"height":1066,"url":"https:\/\/sodepal.es\/wp-content\/uploads\/2025\/06\/IBM-1.jpeg","type":"image\/jpeg"}],"author":"gerencia","twitter_card":"summary_large_image","schema":{"@context":"https:\/\/schema.org","@graph":[{"@type":"Article","@id":"https:\/\/sodepal.es\/nueve-firmas-asociadas-a-isla-bonita-moda-se-suben-a-la-pasarela-futur-adlib-ibiza-en-su-nueva-edicion\/#article","isPartOf":{"@id":"https:\/\/sodepal.es\/nueve-firmas-asociadas-a-isla-bonita-moda-se-suben-a-la-pasarela-futur-adlib-ibiza-en-su-nueva-edicion\/"},"author":{"name":"gerencia","@id":"https:\/\/sodepal.es\/#\/schema\/person\/43b1d623bde0c4ec4efd5656ef0958b2"},"headline":"Nueve firmas asociadas a Isla Bonita Moda se suben a la pasarela FUTUR ADLIB IBIZA en su nueva edici\u00f3n","datePublished":"2025-06-09T14:15:21+00:00","dateModified":"2025-06-10T14:19:28+00:00","mainEntityOfPage":{"@id":"https:\/\/sodepal.es\/nueve-firmas-asociadas-a-isla-bonita-moda-se-suben-a-la-pasarela-futur-adlib-ibiza-en-su-nueva-edicion\/"},"wordCount":1117,"commentCount":0,"publisher":{"@id":"https:\/\/sodepal.es\/#organization"},"image":{"@id":"https:\/\/sodepal.es\/nueve-firmas-asociadas-a-isla-bonita-moda-se-suben-a-la-pasarela-futur-adlib-ibiza-en-su-nueva-edicion\/#primaryimage"},"thumbnailUrl":"https:\/\/sodepal.es\/wp-content\/uploads\/2025\/06\/IBM-1.jpeg","articleSection":["Noticias"],"inLanguage":"en-GB","potentialAction":[{"@type":"CommentAction","name":"Comment","target":["https:\/\/sodepal.es\/nueve-firmas-asociadas-a-isla-bonita-moda-se-suben-a-la-pasarela-futur-adlib-ibiza-en-su-nueva-edicion\/#respond"]}]},{"@type":"WebPage","@id":"https:\/\/sodepal.es\/nueve-firmas-asociadas-a-isla-bonita-moda-se-suben-a-la-pasarela-futur-adlib-ibiza-en-su-nueva-edicion\/","url":"https:\/\/sodepal.es\/nueve-firmas-asociadas-a-isla-bonita-moda-se-suben-a-la-pasarela-futur-adlib-ibiza-en-su-nueva-edicion\/","name":"Nueve firmas asociadas a Isla Bonita Moda se suben a la pasarela FUTUR ADLIB IBIZA en su nueva edici\u00f3n - Sociedad de Promoci\u00f3n y Desarrollo Econ\u00f3mico y Social de La Palma - SODEPAL","isPartOf":{"@id":"https:\/\/sodepal.es\/#website"},"primaryImageOfPage":{"@id":"https:\/\/sodepal.es\/nueve-firmas-asociadas-a-isla-bonita-moda-se-suben-a-la-pasarela-futur-adlib-ibiza-en-su-nueva-edicion\/#primaryimage"},"image":{"@id":"https:\/\/sodepal.es\/nueve-firmas-asociadas-a-isla-bonita-moda-se-suben-a-la-pasarela-futur-adlib-ibiza-en-su-nueva-edicion\/#primaryimage"},"thumbnailUrl":"https:\/\/sodepal.es\/wp-content\/uploads\/2025\/06\/IBM-1.jpeg","datePublished":"2025-06-09T14:15:21+00:00","dateModified":"2025-06-10T14:19:28+00:00","description":"Toda la actualidad de los proyectos y eventos desarrollados por SODEPAL","breadcrumb":{"@id":"https:\/\/sodepal.es\/nueve-firmas-asociadas-a-isla-bonita-moda-se-suben-a-la-pasarela-futur-adlib-ibiza-en-su-nueva-edicion\/#breadcrumb"},"inLanguage":"en-GB","potentialAction":[{"@type":"ReadAction","target":["https:\/\/sodepal.es\/nueve-firmas-asociadas-a-isla-bonita-moda-se-suben-a-la-pasarela-futur-adlib-ibiza-en-su-nueva-edicion\/"]}]},{"@type":"ImageObject","inLanguage":"en-GB","@id":"https:\/\/sodepal.es\/nueve-firmas-asociadas-a-isla-bonita-moda-se-suben-a-la-pasarela-futur-adlib-ibiza-en-su-nueva-edicion\/#primaryimage","url":"https:\/\/sodepal.es\/wp-content\/uploads\/2025\/06\/IBM-1.jpeg","contentUrl":"https:\/\/sodepal.es\/wp-content\/uploads\/2025\/06\/IBM-1.jpeg","width":1600,"height":1066},{"@type":"BreadcrumbList","@id":"https:\/\/sodepal.es\/nueve-firmas-asociadas-a-isla-bonita-moda-se-suben-a-la-pasarela-futur-adlib-ibiza-en-su-nueva-edicion\/#breadcrumb","itemListElement":[{"@type":"ListItem","position":1,"name":"Inicio","item":"https:\/\/sodepal.es\/"},{"@type":"ListItem","position":2,"name":"Nueve firmas asociadas a Isla Bonita Moda se suben a la pasarela FUTUR ADLIB IBIZA en su nueva edici\u00f3n"}]},{"@type":"WebSite","@id":"https:\/\/sodepal.es\/#website","url":"https:\/\/sodepal.es\/","name":"Sodepal","description":"SODEPAL es una empresa p\u00fablica dependiente del Cabildo de La Palma. Promoci\u00f3n, Fomento y Desarrollo para la isla de La Palma","publisher":{"@id":"https:\/\/sodepal.es\/#organization"},"alternateName":"Sociedad de Promoci\u00f3n y Desarrollo Econ\u00f3mico y Social de La Palma","potentialAction":[{"@type":"SearchAction","target":{"@type":"EntryPoint","urlTemplate":"https:\/\/sodepal.es\/?s={search_term_string}"},"query-input":{"@type":"PropertyValueSpecification","valueRequired":true,"valueName":"search_term_string"}}],"inLanguage":"en-GB"},{"@type":"Organization","@id":"https:\/\/sodepal.es\/#organization","name":"Sociedad de Promoci\u00f3n y Desarrollo Econ\u00f3mico y Social de La Palma","alternateName":"Sodepal","url":"https:\/\/sodepal.es\/","logo":{"@type":"ImageObject","inLanguage":"en-GB","@id":"https:\/\/sodepal.es\/#\/schema\/logo\/image\/","url":"https:\/\/sodepal.es\/wp-content\/uploads\/2022\/09\/logo_web.png","contentUrl":"https:\/\/sodepal.es\/wp-content\/uploads\/2022\/09\/logo_web.png","width":658,"height":156,"caption":"Sociedad de Promoci\u00f3n y Desarrollo Econ\u00f3mico y Social de La Palma"},"image":{"@id":"https:\/\/sodepal.es\/#\/schema\/logo\/image\/"},"sameAs":["https:\/\/www.facebook.com\/sodepal","https:\/\/www.instagram.com\/sodepallapalma\/"],"description":"Sociedad de Promoci\u00f3n y Desarrollo econ\u00f3mico y Social de La Palma, empresa p\u00fablica dependiente del Cabildo de La Palma","email":"info@sodepal.es","telephone":"922417323","legalName":"Sociedad de Promoci\u00f3n y Desarrollo Econ\u00f3mico de la isla de La Palma S.A.U."},{"@type":"Person","@id":"https:\/\/sodepal.es\/#\/schema\/person\/43b1d623bde0c4ec4efd5656ef0958b2","name":"gerencia","image":{"@type":"ImageObject","inLanguage":"en-GB","@id":"https:\/\/secure.gravatar.com\/avatar\/2aa1ba3e33e6721e413a7499ea7cab2e4414b99cea1516e7404245c8da655d86?s=96&d=mm&r=g","url":"https:\/\/secure.gravatar.com\/avatar\/2aa1ba3e33e6721e413a7499ea7cab2e4414b99cea1516e7404245c8da655d86?s=96&d=mm&r=g","contentUrl":"https:\/\/secure.gravatar.com\/avatar\/2aa1ba3e33e6721e413a7499ea7cab2e4414b99cea1516e7404245c8da655d86?s=96&d=mm&r=g","caption":"gerencia"}}]}},"_links":{"self":[{"href":"https:\/\/sodepal.es\/en\/wp-json\/wp\/v2\/posts\/24288","targetHints":{"allow":["GET"]}}],"collection":[{"href":"https:\/\/sodepal.es\/en\/wp-json\/wp\/v2\/posts"}],"about":[{"href":"https:\/\/sodepal.es\/en\/wp-json\/wp\/v2\/types\/post"}],"author":[{"embeddable":true,"href":"https:\/\/sodepal.es\/en\/wp-json\/wp\/v2\/users\/1"}],"replies":[{"embeddable":true,"href":"https:\/\/sodepal.es\/en\/wp-json\/wp\/v2\/comments?post=24288"}],"version-history":[{"count":0,"href":"https:\/\/sodepal.es\/en\/wp-json\/wp\/v2\/posts\/24288\/revisions"}],"wp:featuredmedia":[{"embeddable":true,"href":"https:\/\/sodepal.es\/en\/wp-json\/wp\/v2\/media\/24290"}],"wp:attachment":[{"href":"https:\/\/sodepal.es\/en\/wp-json\/wp\/v2\/media?parent=24288"}],"wp:term":[{"taxonomy":"category","embeddable":true,"href":"https:\/\/sodepal.es\/en\/wp-json\/wp\/v2\/categories?post=24288"},{"taxonomy":"post_tag","embeddable":true,"href":"https:\/\/sodepal.es\/en\/wp-json\/wp\/v2\/tags?post=24288"}],"curies":[{"name":"wp","href":"https:\/\/api.w.org\/{rel}","templated":true}]}}