{"id":24773,"date":"2025-07-24T11:56:47","date_gmt":"2025-07-24T11:56:47","guid":{"rendered":"https:\/\/sodepal.es\/?p=24773"},"modified":"2025-08-13T08:19:25","modified_gmt":"2025-08-13T08:19:25","slug":"calzados-las-magnolias-se-alza-con-el-primer-puesto-del-concurso-de-escaparates-lustral-fest-la-palma-2025","status":"publish","type":"post","link":"https:\/\/sodepal.es\/en\/calzados-las-magnolias-se-alza-con-el-primer-puesto-del-concurso-de-escaparates-lustral-fest-la-palma-2025\/","title":{"rendered":"Calzados Las Magnolias wins first place in the Lustral Fest La Palma 2025 Shop Window Competition"},"content":{"rendered":"<div data-elementor-type=\"wp-post\" data-elementor-id=\"24773\" class=\"elementor elementor-24773\" data-elementor-post-type=\"post\">\n\t\t\t\t\t\t<section class=\"elementor-section elementor-top-section elementor-element elementor-element-36d1fa0 elementor-section-boxed elementor-section-height-default elementor-section-height-default\" data-id=\"36d1fa0\" data-element_type=\"section\" data-e-type=\"section\">\n\t\t\t\t\t\t<div class=\"elementor-container elementor-column-gap-default\">\n\t\t\t\t\t<div class=\"elementor-column elementor-col-100 elementor-top-column elementor-element elementor-element-20481759\" data-id=\"20481759\" data-element_type=\"column\" data-e-type=\"column\">\n\t\t\t<div class=\"elementor-widget-wrap elementor-element-populated\">\n\t\t\t\t\t\t<div class=\"elementor-element elementor-element-203ce316 elementor-widget elementor-widget-text-editor\" data-id=\"203ce316\" data-element_type=\"widget\" data-e-type=\"widget\" data-widget_type=\"text-editor.default\">\n\t\t\t\t<div class=\"elementor-widget-container\">\n\t\t\t\t\t\t\t\t\t<div class=\"field field--name-field-noticias-entradilla field--type-text-long field--label-hidden field--item\"><div class=\"field field--name-field-noticias-entradilla field--type-text-long field--label-hidden field--item\"><div class=\"field field--name-field-noticias-entradilla field--type-text-long field--label-hidden field--item\"><div class=\"field field--name-field-noticias-entradilla field--type-text-long field--label-hidden field--item\"><div class=\"field field--name-field-noticias-entradilla field--type-text-long field--label-hidden field--item\"><div class=\"field field--name-field-noticias-entradilla field--type-text-long field--label-hidden field--item\"><div class=\"content\"><div class=\"field field--name-field-noticias-entradilla field--type-text-long field--label-hidden field--item\"><h4>Miriam Perestelo highlights the \"high level of participation\" and thanks \"the interest and work of the business sector in this initiative\".<\/h4><\/div><div class=\"field field--name-body field--type-text-with-summary field--label-hidden field--item\"><p>The Cabildo de La Palma, through the public company Sodepal, directed by councillor Miriam Perestelo, announced the winners of the Lustral Fest La Palma 2025 Shop Window Competition, with the first place going to the company Calzados Las Magnolias, from Santa Cruz de La Palma, which won 800 euros and two tickets to the Lustral Fest La Palma 2025 concert as prizes.<\/p><p>The Councillor for Trade and Economic Promotion of the Cabildo, Miriam Perestelo, highlights the \"high participation\" of the different commercial establishments on the island, and also thanks \"the interest and work of the business sector in this initiative\".<\/p><p>\"This type of activity fosters visibility and dynamism within the commercial sphere, which is beneficial both for the business itself and for the island's economy\", adds the councillor.<\/p><p>The jury, made up of Alba P\u00e9rez, C\u00e9sar Rodr\u00edguez, Maira Riverol and Van Marty, assessed the creativity, originality and staging of the shop windows participating in this edition.<\/p><p>The second prize went to Librer\u00eda La Estrella, located in Bre\u00f1a Alta. This shop will receive 500 euros and two tickets for the musical event. The third prize went to Yeray Ferrer Mercer\u00eda y Complementos, from San Andr\u00e9s y Sauces, receiving 300 euros and two general admission tickets.<\/p><p>Finally, in the category of Popular Vote, where the \"likes\" on the official social networks of La Palma es Comercio were counted, the most voted proposal was that of Sauvage Coffee Shop, in Tazacorte. This company has been awarded with 200 euros and two tickets for the concert.<\/p><p>This year's edition has made it possible to visit a total of seven municipalities on the island, highlighting not only the efforts of the participating companies, but also the environment in which they are located and the role they play in their community. Each showcase has been an opportunity to showcase local commerce, its identity and its connection with its immediate surroundings.<\/p><p>The Cabildo Insular de La Palma would like to thank all the establishments that, once again, have demonstrated their commitment to commercial promotion and their efforts to give visibility to the local business fabric. Their creativity and dedication have contributed significantly to the festive atmosphere of the Lustral Fest.<\/p><\/div><\/div><\/div><\/div><\/div><\/div><\/div><\/div>\t\t\t\t\t\t\t\t<\/div>\n\t\t\t\t<\/div>\n\t\t\t\t\t<\/div>\n\t\t<\/div>\n\t\t\t\t\t<\/div>\n\t\t<\/section>\n\t\t\t\t<\/div>","protected":false},"excerpt":{"rendered":"<p>Miriam Perestelo highlights the \"high participation\" and thanks \"the interest and work of the business sector in this initiative\". The Cabildo de La Palma, through the public company Sodepal, directed by the councillor Miriam Perestelo, announced the winners of the Lustral Fest La Palma 2025 Window Display Competition, winning the first prize in the \"Lustral Fest La Palma 2025\" ... <a title=\"Calzados Las Magnolias wins first place in the Lustral Fest La Palma 2025 Shop Window Competition\" class=\"read-more\" href=\"https:\/\/sodepal.es\/en\/calzados-las-magnolias-se-alza-con-el-primer-puesto-del-concurso-de-escaparates-lustral-fest-la-palma-2025\/\" aria-label=\"Read more about Calzados Las Magnolias wins first place in the Lustral Fest La Palma 2025 Window Display Competition\">Read more<\/a><\/p>","protected":false},"author":1,"featured_media":24775,"comment_status":"open","ping_status":"open","sticky":false,"template":"","format":"standard","meta":{"_acf_changed":false,"footnotes":""},"categories":[19],"tags":[],"class_list":["post-24773","post","type-post","status-publish","format-standard","has-post-thumbnail","hentry","category-noticias"],"acf":[],"yoast_head":"<!-- This site is optimized with the Yoast SEO Premium plugin v22.0 (Yoast SEO v27.5) - https:\/\/yoast.com\/product\/yoast-seo-premium-wordpress\/ -->\n<title>Calzados Las Magnolias se alza con el primer puesto del Concurso de Escaparates Lustral Fest La Palma 2025 - Sociedad de Promoci\u00f3n y Desarrollo Econ\u00f3mico y Social de La Palma - SODEPAL<\/title>\n<meta name=\"description\" content=\"Toda la actualidad de los proyectos y eventos desarrollados por SODEPAL\" \/>\n<meta name=\"robots\" content=\"index, follow, max-snippet:-1, max-image-preview:large, max-video-preview:-1\" \/>\n<link rel=\"canonical\" href=\"https:\/\/sodepal.es\/en\/calzados-las-magnolias-se-alza-con-el-primer-puesto-del-concurso-de-escaparates-lustral-fest-la-palma-2025\/\" \/>\n<meta property=\"og:locale\" content=\"en_GB\" \/>\n<meta property=\"og:type\" content=\"article\" \/>\n<meta property=\"og:title\" content=\"Calzados Las Magnolias se alza con el primer puesto del Concurso de Escaparates Lustral Fest La Palma 2025\" \/>\n<meta property=\"og:description\" content=\"Toda la actualidad de los proyectos y eventos desarrollados por SODEPAL\" \/>\n<meta property=\"og:url\" content=\"https:\/\/sodepal.es\/en\/calzados-las-magnolias-se-alza-con-el-primer-puesto-del-concurso-de-escaparates-lustral-fest-la-palma-2025\/\" \/>\n<meta property=\"og:site_name\" content=\"Sociedad de Promoci\u00f3n y Desarrollo Econ\u00f3mico y Social de La Palma - SODEPAL\" \/>\n<meta property=\"article:publisher\" content=\"https:\/\/www.facebook.com\/sodepal\" \/>\n<meta property=\"article:published_time\" content=\"2025-07-24T11:56:47+00:00\" \/>\n<meta property=\"article:modified_time\" content=\"2025-08-13T08:19:25+00:00\" \/>\n<meta property=\"og:image\" content=\"https:\/\/sodepal.es\/wp-content\/uploads\/2025\/07\/Concurso_escaparates.jpg\" \/>\n\t<meta property=\"og:image:width\" content=\"2560\" \/>\n\t<meta property=\"og:image:height\" content=\"1809\" \/>\n\t<meta property=\"og:image:type\" content=\"image\/jpeg\" \/>\n<meta name=\"author\" content=\"gerencia\" \/>\n<meta name=\"twitter:card\" content=\"summary_large_image\" \/>\n<script type=\"application\/ld+json\" class=\"yoast-schema-graph\">{\"@context\":\"https:\\\/\\\/schema.org\",\"@graph\":[{\"@type\":\"Article\",\"@id\":\"https:\\\/\\\/sodepal.es\\\/calzados-las-magnolias-se-alza-con-el-primer-puesto-del-concurso-de-escaparates-lustral-fest-la-palma-2025\\\/#article\",\"isPartOf\":{\"@id\":\"https:\\\/\\\/sodepal.es\\\/calzados-las-magnolias-se-alza-con-el-primer-puesto-del-concurso-de-escaparates-lustral-fest-la-palma-2025\\\/\"},\"author\":{\"name\":\"gerencia\",\"@id\":\"https:\\\/\\\/sodepal.es\\\/#\\\/schema\\\/person\\\/43b1d623bde0c4ec4efd5656ef0958b2\"},\"headline\":\"Calzados Las Magnolias se alza con el primer puesto del Concurso de Escaparates Lustral Fest La Palma 2025\",\"datePublished\":\"2025-07-24T11:56:47+00:00\",\"dateModified\":\"2025-08-13T08:19:25+00:00\",\"mainEntityOfPage\":{\"@id\":\"https:\\\/\\\/sodepal.es\\\/calzados-las-magnolias-se-alza-con-el-primer-puesto-del-concurso-de-escaparates-lustral-fest-la-palma-2025\\\/\"},\"wordCount\":433,\"commentCount\":0,\"publisher\":{\"@id\":\"https:\\\/\\\/sodepal.es\\\/#organization\"},\"image\":{\"@id\":\"https:\\\/\\\/sodepal.es\\\/calzados-las-magnolias-se-alza-con-el-primer-puesto-del-concurso-de-escaparates-lustral-fest-la-palma-2025\\\/#primaryimage\"},\"thumbnailUrl\":\"https:\\\/\\\/sodepal.es\\\/wp-content\\\/uploads\\\/2025\\\/07\\\/Concurso_escaparates.jpg\",\"articleSection\":[\"Noticias\"],\"inLanguage\":\"en-GB\",\"potentialAction\":[{\"@type\":\"CommentAction\",\"name\":\"Comment\",\"target\":[\"https:\\\/\\\/sodepal.es\\\/calzados-las-magnolias-se-alza-con-el-primer-puesto-del-concurso-de-escaparates-lustral-fest-la-palma-2025\\\/#respond\"]}]},{\"@type\":\"WebPage\",\"@id\":\"https:\\\/\\\/sodepal.es\\\/calzados-las-magnolias-se-alza-con-el-primer-puesto-del-concurso-de-escaparates-lustral-fest-la-palma-2025\\\/\",\"url\":\"https:\\\/\\\/sodepal.es\\\/calzados-las-magnolias-se-alza-con-el-primer-puesto-del-concurso-de-escaparates-lustral-fest-la-palma-2025\\\/\",\"name\":\"Calzados Las Magnolias se alza con el primer puesto del Concurso de Escaparates Lustral Fest La Palma 2025 - Sociedad de Promoci\u00f3n y Desarrollo Econ\u00f3mico y Social de La Palma - SODEPAL\",\"isPartOf\":{\"@id\":\"https:\\\/\\\/sodepal.es\\\/#website\"},\"primaryImageOfPage\":{\"@id\":\"https:\\\/\\\/sodepal.es\\\/calzados-las-magnolias-se-alza-con-el-primer-puesto-del-concurso-de-escaparates-lustral-fest-la-palma-2025\\\/#primaryimage\"},\"image\":{\"@id\":\"https:\\\/\\\/sodepal.es\\\/calzados-las-magnolias-se-alza-con-el-primer-puesto-del-concurso-de-escaparates-lustral-fest-la-palma-2025\\\/#primaryimage\"},\"thumbnailUrl\":\"https:\\\/\\\/sodepal.es\\\/wp-content\\\/uploads\\\/2025\\\/07\\\/Concurso_escaparates.jpg\",\"datePublished\":\"2025-07-24T11:56:47+00:00\",\"dateModified\":\"2025-08-13T08:19:25+00:00\",\"description\":\"Toda la actualidad de los proyectos y eventos desarrollados por SODEPAL\",\"breadcrumb\":{\"@id\":\"https:\\\/\\\/sodepal.es\\\/calzados-las-magnolias-se-alza-con-el-primer-puesto-del-concurso-de-escaparates-lustral-fest-la-palma-2025\\\/#breadcrumb\"},\"inLanguage\":\"en-GB\",\"potentialAction\":[{\"@type\":\"ReadAction\",\"target\":[\"https:\\\/\\\/sodepal.es\\\/calzados-las-magnolias-se-alza-con-el-primer-puesto-del-concurso-de-escaparates-lustral-fest-la-palma-2025\\\/\"]}]},{\"@type\":\"ImageObject\",\"inLanguage\":\"en-GB\",\"@id\":\"https:\\\/\\\/sodepal.es\\\/calzados-las-magnolias-se-alza-con-el-primer-puesto-del-concurso-de-escaparates-lustral-fest-la-palma-2025\\\/#primaryimage\",\"url\":\"https:\\\/\\\/sodepal.es\\\/wp-content\\\/uploads\\\/2025\\\/07\\\/Concurso_escaparates.jpg\",\"contentUrl\":\"https:\\\/\\\/sodepal.es\\\/wp-content\\\/uploads\\\/2025\\\/07\\\/Concurso_escaparates.jpg\",\"width\":2560,\"height\":1809},{\"@type\":\"BreadcrumbList\",\"@id\":\"https:\\\/\\\/sodepal.es\\\/calzados-las-magnolias-se-alza-con-el-primer-puesto-del-concurso-de-escaparates-lustral-fest-la-palma-2025\\\/#breadcrumb\",\"itemListElement\":[{\"@type\":\"ListItem\",\"position\":1,\"name\":\"Inicio\",\"item\":\"https:\\\/\\\/sodepal.es\\\/\"},{\"@type\":\"ListItem\",\"position\":2,\"name\":\"Calzados Las Magnolias se alza con el primer puesto del Concurso de Escaparates Lustral Fest La Palma 2025\"}]},{\"@type\":\"WebSite\",\"@id\":\"https:\\\/\\\/sodepal.es\\\/#website\",\"url\":\"https:\\\/\\\/sodepal.es\\\/\",\"name\":\"Sodepal\",\"description\":\"SODEPAL es una empresa p\u00fablica dependiente del Cabildo de La Palma. Promoci\u00f3n, Fomento y Desarrollo para la isla de La Palma\",\"publisher\":{\"@id\":\"https:\\\/\\\/sodepal.es\\\/#organization\"},\"alternateName\":\"Sociedad de Promoci\u00f3n y Desarrollo Econ\u00f3mico y Social de La Palma\",\"potentialAction\":[{\"@type\":\"SearchAction\",\"target\":{\"@type\":\"EntryPoint\",\"urlTemplate\":\"https:\\\/\\\/sodepal.es\\\/?s={search_term_string}\"},\"query-input\":{\"@type\":\"PropertyValueSpecification\",\"valueRequired\":true,\"valueName\":\"search_term_string\"}}],\"inLanguage\":\"en-GB\"},{\"@type\":\"Organization\",\"@id\":\"https:\\\/\\\/sodepal.es\\\/#organization\",\"name\":\"Sociedad de Promoci\u00f3n y Desarrollo Econ\u00f3mico y Social de La Palma\",\"alternateName\":\"Sodepal\",\"url\":\"https:\\\/\\\/sodepal.es\\\/\",\"logo\":{\"@type\":\"ImageObject\",\"inLanguage\":\"en-GB\",\"@id\":\"https:\\\/\\\/sodepal.es\\\/#\\\/schema\\\/logo\\\/image\\\/\",\"url\":\"https:\\\/\\\/sodepal.es\\\/wp-content\\\/uploads\\\/2022\\\/09\\\/logo_web.png\",\"contentUrl\":\"https:\\\/\\\/sodepal.es\\\/wp-content\\\/uploads\\\/2022\\\/09\\\/logo_web.png\",\"width\":658,\"height\":156,\"caption\":\"Sociedad de Promoci\u00f3n y Desarrollo Econ\u00f3mico y Social de La Palma\"},\"image\":{\"@id\":\"https:\\\/\\\/sodepal.es\\\/#\\\/schema\\\/logo\\\/image\\\/\"},\"sameAs\":[\"https:\\\/\\\/www.facebook.com\\\/sodepal\",\"https:\\\/\\\/www.instagram.com\\\/sodepallapalma\\\/\"],\"description\":\"Sociedad de Promoci\u00f3n y Desarrollo econ\u00f3mico y Social de La Palma, empresa p\u00fablica dependiente del Cabildo de La Palma\",\"email\":\"info@sodepal.es\",\"telephone\":\"922417323\",\"legalName\":\"Sociedad de Promoci\u00f3n y Desarrollo Econ\u00f3mico de la isla de La Palma S.A.U.\"},{\"@type\":\"Person\",\"@id\":\"https:\\\/\\\/sodepal.es\\\/#\\\/schema\\\/person\\\/43b1d623bde0c4ec4efd5656ef0958b2\",\"name\":\"gerencia\",\"image\":{\"@type\":\"ImageObject\",\"inLanguage\":\"en-GB\",\"@id\":\"https:\\\/\\\/secure.gravatar.com\\\/avatar\\\/2aa1ba3e33e6721e413a7499ea7cab2e4414b99cea1516e7404245c8da655d86?s=96&d=mm&r=g\",\"url\":\"https:\\\/\\\/secure.gravatar.com\\\/avatar\\\/2aa1ba3e33e6721e413a7499ea7cab2e4414b99cea1516e7404245c8da655d86?s=96&d=mm&r=g\",\"contentUrl\":\"https:\\\/\\\/secure.gravatar.com\\\/avatar\\\/2aa1ba3e33e6721e413a7499ea7cab2e4414b99cea1516e7404245c8da655d86?s=96&d=mm&r=g\",\"caption\":\"gerencia\"}}]}<\/script>\n<!-- \/ Yoast SEO Premium plugin. -->","yoast_head_json":{"title":"Calzados Las Magnolias se alza con el primer puesto del Concurso de Escaparates Lustral Fest La Palma 2025 - Sociedad de Promoci\u00f3n y Desarrollo Econ\u00f3mico y Social de La Palma - SODEPAL","description":"Toda la actualidad de los proyectos y eventos desarrollados por SODEPAL","robots":{"index":"index","follow":"follow","max-snippet":"max-snippet:-1","max-image-preview":"max-image-preview:large","max-video-preview":"max-video-preview:-1"},"canonical":"https:\/\/sodepal.es\/en\/calzados-las-magnolias-se-alza-con-el-primer-puesto-del-concurso-de-escaparates-lustral-fest-la-palma-2025\/","og_locale":"en_GB","og_type":"article","og_title":"Calzados Las Magnolias se alza con el primer puesto del Concurso de Escaparates Lustral Fest La Palma 2025","og_description":"Toda la actualidad de los proyectos y eventos desarrollados por SODEPAL","og_url":"https:\/\/sodepal.es\/en\/calzados-las-magnolias-se-alza-con-el-primer-puesto-del-concurso-de-escaparates-lustral-fest-la-palma-2025\/","og_site_name":"Sociedad de Promoci\u00f3n y Desarrollo Econ\u00f3mico y Social de La Palma - SODEPAL","article_publisher":"https:\/\/www.facebook.com\/sodepal","article_published_time":"2025-07-24T11:56:47+00:00","article_modified_time":"2025-08-13T08:19:25+00:00","og_image":[{"width":2560,"height":1809,"url":"https:\/\/sodepal.es\/wp-content\/uploads\/2025\/07\/Concurso_escaparates.jpg","type":"image\/jpeg"}],"author":"gerencia","twitter_card":"summary_large_image","schema":{"@context":"https:\/\/schema.org","@graph":[{"@type":"Article","@id":"https:\/\/sodepal.es\/calzados-las-magnolias-se-alza-con-el-primer-puesto-del-concurso-de-escaparates-lustral-fest-la-palma-2025\/#article","isPartOf":{"@id":"https:\/\/sodepal.es\/calzados-las-magnolias-se-alza-con-el-primer-puesto-del-concurso-de-escaparates-lustral-fest-la-palma-2025\/"},"author":{"name":"gerencia","@id":"https:\/\/sodepal.es\/#\/schema\/person\/43b1d623bde0c4ec4efd5656ef0958b2"},"headline":"Calzados Las Magnolias se alza con el primer puesto del Concurso de Escaparates Lustral Fest La Palma 2025","datePublished":"2025-07-24T11:56:47+00:00","dateModified":"2025-08-13T08:19:25+00:00","mainEntityOfPage":{"@id":"https:\/\/sodepal.es\/calzados-las-magnolias-se-alza-con-el-primer-puesto-del-concurso-de-escaparates-lustral-fest-la-palma-2025\/"},"wordCount":433,"commentCount":0,"publisher":{"@id":"https:\/\/sodepal.es\/#organization"},"image":{"@id":"https:\/\/sodepal.es\/calzados-las-magnolias-se-alza-con-el-primer-puesto-del-concurso-de-escaparates-lustral-fest-la-palma-2025\/#primaryimage"},"thumbnailUrl":"https:\/\/sodepal.es\/wp-content\/uploads\/2025\/07\/Concurso_escaparates.jpg","articleSection":["Noticias"],"inLanguage":"en-GB","potentialAction":[{"@type":"CommentAction","name":"Comment","target":["https:\/\/sodepal.es\/calzados-las-magnolias-se-alza-con-el-primer-puesto-del-concurso-de-escaparates-lustral-fest-la-palma-2025\/#respond"]}]},{"@type":"WebPage","@id":"https:\/\/sodepal.es\/calzados-las-magnolias-se-alza-con-el-primer-puesto-del-concurso-de-escaparates-lustral-fest-la-palma-2025\/","url":"https:\/\/sodepal.es\/calzados-las-magnolias-se-alza-con-el-primer-puesto-del-concurso-de-escaparates-lustral-fest-la-palma-2025\/","name":"Calzados Las Magnolias se alza con el primer puesto del Concurso de Escaparates Lustral Fest La Palma 2025 - Sociedad de Promoci\u00f3n y Desarrollo Econ\u00f3mico y Social de La Palma - SODEPAL","isPartOf":{"@id":"https:\/\/sodepal.es\/#website"},"primaryImageOfPage":{"@id":"https:\/\/sodepal.es\/calzados-las-magnolias-se-alza-con-el-primer-puesto-del-concurso-de-escaparates-lustral-fest-la-palma-2025\/#primaryimage"},"image":{"@id":"https:\/\/sodepal.es\/calzados-las-magnolias-se-alza-con-el-primer-puesto-del-concurso-de-escaparates-lustral-fest-la-palma-2025\/#primaryimage"},"thumbnailUrl":"https:\/\/sodepal.es\/wp-content\/uploads\/2025\/07\/Concurso_escaparates.jpg","datePublished":"2025-07-24T11:56:47+00:00","dateModified":"2025-08-13T08:19:25+00:00","description":"Toda la actualidad de los proyectos y eventos desarrollados por SODEPAL","breadcrumb":{"@id":"https:\/\/sodepal.es\/calzados-las-magnolias-se-alza-con-el-primer-puesto-del-concurso-de-escaparates-lustral-fest-la-palma-2025\/#breadcrumb"},"inLanguage":"en-GB","potentialAction":[{"@type":"ReadAction","target":["https:\/\/sodepal.es\/calzados-las-magnolias-se-alza-con-el-primer-puesto-del-concurso-de-escaparates-lustral-fest-la-palma-2025\/"]}]},{"@type":"ImageObject","inLanguage":"en-GB","@id":"https:\/\/sodepal.es\/calzados-las-magnolias-se-alza-con-el-primer-puesto-del-concurso-de-escaparates-lustral-fest-la-palma-2025\/#primaryimage","url":"https:\/\/sodepal.es\/wp-content\/uploads\/2025\/07\/Concurso_escaparates.jpg","contentUrl":"https:\/\/sodepal.es\/wp-content\/uploads\/2025\/07\/Concurso_escaparates.jpg","width":2560,"height":1809},{"@type":"BreadcrumbList","@id":"https:\/\/sodepal.es\/calzados-las-magnolias-se-alza-con-el-primer-puesto-del-concurso-de-escaparates-lustral-fest-la-palma-2025\/#breadcrumb","itemListElement":[{"@type":"ListItem","position":1,"name":"Inicio","item":"https:\/\/sodepal.es\/"},{"@type":"ListItem","position":2,"name":"Calzados Las Magnolias se alza con el primer puesto del Concurso de Escaparates Lustral Fest La Palma 2025"}]},{"@type":"WebSite","@id":"https:\/\/sodepal.es\/#website","url":"https:\/\/sodepal.es\/","name":"Sodepal","description":"SODEPAL es una empresa p\u00fablica dependiente del Cabildo de La Palma. Promoci\u00f3n, Fomento y Desarrollo para la isla de La Palma","publisher":{"@id":"https:\/\/sodepal.es\/#organization"},"alternateName":"Sociedad de Promoci\u00f3n y Desarrollo Econ\u00f3mico y Social de La Palma","potentialAction":[{"@type":"SearchAction","target":{"@type":"EntryPoint","urlTemplate":"https:\/\/sodepal.es\/?s={search_term_string}"},"query-input":{"@type":"PropertyValueSpecification","valueRequired":true,"valueName":"search_term_string"}}],"inLanguage":"en-GB"},{"@type":"Organization","@id":"https:\/\/sodepal.es\/#organization","name":"Sociedad de Promoci\u00f3n y Desarrollo Econ\u00f3mico y Social de La Palma","alternateName":"Sodepal","url":"https:\/\/sodepal.es\/","logo":{"@type":"ImageObject","inLanguage":"en-GB","@id":"https:\/\/sodepal.es\/#\/schema\/logo\/image\/","url":"https:\/\/sodepal.es\/wp-content\/uploads\/2022\/09\/logo_web.png","contentUrl":"https:\/\/sodepal.es\/wp-content\/uploads\/2022\/09\/logo_web.png","width":658,"height":156,"caption":"Sociedad de Promoci\u00f3n y Desarrollo Econ\u00f3mico y Social de La Palma"},"image":{"@id":"https:\/\/sodepal.es\/#\/schema\/logo\/image\/"},"sameAs":["https:\/\/www.facebook.com\/sodepal","https:\/\/www.instagram.com\/sodepallapalma\/"],"description":"Sociedad de Promoci\u00f3n y Desarrollo econ\u00f3mico y Social de La Palma, empresa p\u00fablica dependiente del Cabildo de La Palma","email":"info@sodepal.es","telephone":"922417323","legalName":"Sociedad de Promoci\u00f3n y Desarrollo Econ\u00f3mico de la isla de La Palma S.A.U."},{"@type":"Person","@id":"https:\/\/sodepal.es\/#\/schema\/person\/43b1d623bde0c4ec4efd5656ef0958b2","name":"gerencia","image":{"@type":"ImageObject","inLanguage":"en-GB","@id":"https:\/\/secure.gravatar.com\/avatar\/2aa1ba3e33e6721e413a7499ea7cab2e4414b99cea1516e7404245c8da655d86?s=96&d=mm&r=g","url":"https:\/\/secure.gravatar.com\/avatar\/2aa1ba3e33e6721e413a7499ea7cab2e4414b99cea1516e7404245c8da655d86?s=96&d=mm&r=g","contentUrl":"https:\/\/secure.gravatar.com\/avatar\/2aa1ba3e33e6721e413a7499ea7cab2e4414b99cea1516e7404245c8da655d86?s=96&d=mm&r=g","caption":"gerencia"}}]}},"_links":{"self":[{"href":"https:\/\/sodepal.es\/en\/wp-json\/wp\/v2\/posts\/24773","targetHints":{"allow":["GET"]}}],"collection":[{"href":"https:\/\/sodepal.es\/en\/wp-json\/wp\/v2\/posts"}],"about":[{"href":"https:\/\/sodepal.es\/en\/wp-json\/wp\/v2\/types\/post"}],"author":[{"embeddable":true,"href":"https:\/\/sodepal.es\/en\/wp-json\/wp\/v2\/users\/1"}],"replies":[{"embeddable":true,"href":"https:\/\/sodepal.es\/en\/wp-json\/wp\/v2\/comments?post=24773"}],"version-history":[{"count":0,"href":"https:\/\/sodepal.es\/en\/wp-json\/wp\/v2\/posts\/24773\/revisions"}],"wp:featuredmedia":[{"embeddable":true,"href":"https:\/\/sodepal.es\/en\/wp-json\/wp\/v2\/media\/24775"}],"wp:attachment":[{"href":"https:\/\/sodepal.es\/en\/wp-json\/wp\/v2\/media?parent=24773"}],"wp:term":[{"taxonomy":"category","embeddable":true,"href":"https:\/\/sodepal.es\/en\/wp-json\/wp\/v2\/categories?post=24773"},{"taxonomy":"post_tag","embeddable":true,"href":"https:\/\/sodepal.es\/en\/wp-json\/wp\/v2\/tags?post=24773"}],"curies":[{"name":"wp","href":"https:\/\/api.w.org\/{rel}","templated":true}]}}