{"id":25520,"date":"2025-11-04T12:40:55","date_gmt":"2025-11-04T12:40:55","guid":{"rendered":"https:\/\/sodepal.es\/?p=25520"},"modified":"2025-11-04T12:44:43","modified_gmt":"2025-11-04T12:44:43","slug":"la-palma-se-convierte-en-un-territorio-de-artes-indomitas-con-el-festival-isla-fiera-2025","status":"publish","type":"post","link":"https:\/\/sodepal.es\/en\/la-palma-se-convierte-en-un-territorio-de-artes-indomitas-con-el-festival-isla-fiera-2025\/","title":{"rendered":"La Palma becomes a land of untamed arts with the Isla Fiera 2025 festival"},"content":{"rendered":"<div data-elementor-type=\"wp-post\" data-elementor-id=\"25520\" class=\"elementor elementor-25520\" data-elementor-post-type=\"post\">\n\t\t\t\t\t\t<section class=\"elementor-section elementor-top-section elementor-element elementor-element-36d1fa0 elementor-section-boxed elementor-section-height-default elementor-section-height-default\" data-id=\"36d1fa0\" data-element_type=\"section\" data-e-type=\"section\">\n\t\t\t\t\t\t<div class=\"elementor-container elementor-column-gap-default\">\n\t\t\t\t\t<div class=\"elementor-column elementor-col-100 elementor-top-column elementor-element elementor-element-20481759\" data-id=\"20481759\" data-element_type=\"column\" data-e-type=\"column\">\n\t\t\t<div class=\"elementor-widget-wrap elementor-element-populated\">\n\t\t\t\t\t\t<div class=\"elementor-element elementor-element-203ce316 elementor-widget elementor-widget-text-editor\" data-id=\"203ce316\" data-element_type=\"widget\" data-e-type=\"widget\" data-widget_type=\"text-editor.default\">\n\t\t\t\t<div class=\"elementor-widget-container\">\n\t\t\t\t\t\t\t\t\t<div class=\"field field--name-field-noticias-entradilla field--type-text-long field--label-hidden field--item\"><div class=\"field field--name-field-noticias-entradilla field--type-text-long field--label-hidden field--item\"><div class=\"field field--name-field-noticias-entradilla field--type-text-long field--label-hidden field--item\"><h4>The initiative, promoted by the public company Sodepal and the Town Council of Los Llanos de Aridane, will take place in the municipality from 7 to 9 November.<\/h4><\/div><div class=\"field field--name-body field--type-text-with-summary field--label-hidden field--item\"><p>The Cabildo de La Palma, through the public company Sodepal, and in collaboration with the Town Council of Los Llanos de Aridane, is launching the first edition of Isla Fiera 2025, a festival of untamed arts and territory that proposes to live art from the experience, amazement and connection with nature, which will take place from the 7th to the 9th of November.<\/p><p>The president of the Cabildo de La Palma, Sergio Rodr\u00edguez, stresses that this festival \"reflects the essence of La Palma, a creative, brave island connected to its environment. The Cabildo is committed to a culture that not only entertains, but also inspires and generates new perspectives on the territory. Isla Fiera shows that art can also be a form of sustainable development and island pride\".<\/p><p>For the Councillor for Culture of the La Palma Island Council and CEO of Sodepal, Miriam Perestelo, \"having the opportunity to promote projects that combine talent, territory and sustainability means being able to value contemporary creativity without losing the link with nature and the identity of La Palma. That is why we are excited to see how art becomes a tool for connection and new experiences that we invite the people of La Palma to discover this weekend in Los Llanos\".<\/p><h4>Festival Isla Fiera 2025<\/h4><p>For three days, the initiative will bring together five performance pieces that blur the boundaries between disciplines and are committed to a culture with soul, capable of moving, inspiring and generating reflection.<\/p><p>Under the direction of the creator and cultural manager Patricia Figuero, promoter of other outstanding cultural events such as Nombrarse Volc\u00e1n, the festival turns La Palma into a meeting place between art and the environment, with proposals that dialogue, almost literally, with the elements - earth, water, plants, food and night - to transform the way we perceive the world we inhabit.<\/p><p>\"Isla Fiera was born out of the desire to offer the public experiences that transform them, that take them out of their routine and give them back their capacity for amazement. We are interested in art that mixes with life, with the elements and with the territory, and we want everyone who comes to feel that they are part of something alive\", says Patricia Figuero.<\/p><h4>Programming<\/h4><p>On Friday, 7 November, the initiative will begin at 20:00 at the Casa del Conde with the gastronomic concert Umami - La Gula, where a chef and a DJ will transform the act of cooking into a sound and tasting experience, picking up the sounds of the preparation and plating of an aperitif made with local produce. This activity will have limited seating and must be booked in advance at https:\/\/entradium.com\/events\/la-gula-concierto-gastronomico-umami-festival-isla-fiera<\/p><p>On Saturday, 8 November, the activities will begin at 19:00, in the Llano de Argual, with the interactive performance Bendiciones l\u00edquidas (Liquid Blessings), by Magdalena Hart &amp; Meritxell de Soto, a sensorial experience based on water as a living archive, capable of remembering, mutating and returning the gestures of those who touch it. At 20:00 it will be the turn of Hugo Torres, with Bah\u00eda Bot\u00e1nica - M\u00fasica &amp; Plantas, an encounter between the artist and living plants: a sensitive dialogue in which music becomes a bridge with the life that surrounds us.\u00a0<\/p><p>On Sunday 9th, the event will end at the Castillo de la Virgen, on the Tenisca Mountain, where at 17:30 hours, Laura Morales will perform La nueva bestia, a piece in which a shepherdess-dancer guides the audience on a journey towards the scenic space, evoking the ancestral link with the earth. At 7 p.m., Versonaturas will have a stage and music session under the name Recitare Religare, a sound and poetic ritual that invites to inner contemplation, exploring the invisible and the supernatural as ways of liberation, which will put the finishing touch to the first edition of the festival.<\/p><\/div><\/div><\/div>\t\t\t\t\t\t\t\t<\/div>\n\t\t\t\t<\/div>\n\t\t\t\t\t<\/div>\n\t\t<\/div>\n\t\t\t\t\t<\/div>\n\t\t<\/section>\n\t\t\t\t<\/div>","protected":false},"excerpt":{"rendered":"<p>The initiative, promoted by the public company Sodepal and the Town Hall of Los Llanos de Aridane, will take place in the municipality from 7 to 9 November. The Cabildo de La Palma, through the public company Sodepal, and in collaboration with the Town Council of Los Llanos de Aridane, is launching the first edition of the ... <a title=\"La Palma becomes a land of untamed arts with the Isla Fiera 2025 festival\" class=\"read-more\" href=\"https:\/\/sodepal.es\/en\/la-palma-se-convierte-en-un-territorio-de-artes-indomitas-con-el-festival-isla-fiera-2025\/\" aria-label=\"Read more about La Palma becomes a land of untamed arts with the Isla Fiera 2025 festival\">Read more<\/a><\/p>","protected":false},"author":1,"featured_media":25522,"comment_status":"open","ping_status":"open","sticky":false,"template":"","format":"standard","meta":{"_acf_changed":false,"footnotes":""},"categories":[19],"tags":[],"class_list":["post-25520","post","type-post","status-publish","format-standard","has-post-thumbnail","hentry","category-noticias"],"acf":[],"yoast_head":"<!-- This site is optimized with the Yoast SEO Premium plugin v22.0 (Yoast SEO v27.4) - https:\/\/yoast.com\/product\/yoast-seo-premium-wordpress\/ -->\n<title>La Palma se convierte en un territorio de artes ind\u00f3mitas con el festival Isla Fiera 2025 - Sociedad de Promoci\u00f3n y Desarrollo Econ\u00f3mico y Social de La Palma - SODEPAL<\/title>\n<meta name=\"description\" content=\"Toda la actualidad de los proyectos y eventos desarrollados por SODEPAL\" \/>\n<meta name=\"robots\" content=\"index, follow, max-snippet:-1, max-image-preview:large, max-video-preview:-1\" \/>\n<link rel=\"canonical\" href=\"https:\/\/sodepal.es\/en\/la-palma-se-convierte-en-un-territorio-de-artes-indomitas-con-el-festival-isla-fiera-2025\/\" \/>\n<meta property=\"og:locale\" content=\"en_GB\" \/>\n<meta property=\"og:type\" content=\"article\" \/>\n<meta property=\"og:title\" content=\"La Palma se convierte en un territorio de artes ind\u00f3mitas con el festival Isla Fiera 2025\" \/>\n<meta property=\"og:description\" content=\"Toda la actualidad de los proyectos y eventos desarrollados por SODEPAL\" \/>\n<meta property=\"og:url\" content=\"https:\/\/sodepal.es\/en\/la-palma-se-convierte-en-un-territorio-de-artes-indomitas-con-el-festival-isla-fiera-2025\/\" \/>\n<meta property=\"og:site_name\" content=\"Sociedad de Promoci\u00f3n y Desarrollo Econ\u00f3mico y Social de La Palma - SODEPAL\" \/>\n<meta property=\"article:publisher\" content=\"https:\/\/www.facebook.com\/sodepal\" \/>\n<meta property=\"article:published_time\" content=\"2025-11-04T12:40:55+00:00\" \/>\n<meta property=\"article:modified_time\" content=\"2025-11-04T12:44:43+00:00\" \/>\n<meta property=\"og:image\" content=\"https:\/\/sodepal.es\/wp-content\/uploads\/2025\/11\/fiera.jpeg\" \/>\n\t<meta property=\"og:image:width\" content=\"1080\" \/>\n\t<meta property=\"og:image:height\" content=\"1350\" \/>\n\t<meta property=\"og:image:type\" content=\"image\/jpeg\" \/>\n<meta name=\"author\" content=\"gerencia\" \/>\n<meta name=\"twitter:card\" content=\"summary_large_image\" \/>\n<script type=\"application\/ld+json\" class=\"yoast-schema-graph\">{\"@context\":\"https:\\\/\\\/schema.org\",\"@graph\":[{\"@type\":\"Article\",\"@id\":\"https:\\\/\\\/sodepal.es\\\/la-palma-se-convierte-en-un-territorio-de-artes-indomitas-con-el-festival-isla-fiera-2025\\\/#article\",\"isPartOf\":{\"@id\":\"https:\\\/\\\/sodepal.es\\\/la-palma-se-convierte-en-un-territorio-de-artes-indomitas-con-el-festival-isla-fiera-2025\\\/\"},\"author\":{\"name\":\"gerencia\",\"@id\":\"https:\\\/\\\/sodepal.es\\\/#\\\/schema\\\/person\\\/43b1d623bde0c4ec4efd5656ef0958b2\"},\"headline\":\"La Palma se convierte en un territorio de artes ind\u00f3mitas con el festival Isla Fiera 2025\",\"datePublished\":\"2025-11-04T12:40:55+00:00\",\"dateModified\":\"2025-11-04T12:44:43+00:00\",\"mainEntityOfPage\":{\"@id\":\"https:\\\/\\\/sodepal.es\\\/la-palma-se-convierte-en-un-territorio-de-artes-indomitas-con-el-festival-isla-fiera-2025\\\/\"},\"wordCount\":734,\"commentCount\":0,\"publisher\":{\"@id\":\"https:\\\/\\\/sodepal.es\\\/#organization\"},\"image\":{\"@id\":\"https:\\\/\\\/sodepal.es\\\/la-palma-se-convierte-en-un-territorio-de-artes-indomitas-con-el-festival-isla-fiera-2025\\\/#primaryimage\"},\"thumbnailUrl\":\"https:\\\/\\\/sodepal.es\\\/wp-content\\\/uploads\\\/2025\\\/11\\\/fiera.jpeg\",\"articleSection\":[\"Noticias\"],\"inLanguage\":\"en-GB\",\"potentialAction\":[{\"@type\":\"CommentAction\",\"name\":\"Comment\",\"target\":[\"https:\\\/\\\/sodepal.es\\\/la-palma-se-convierte-en-un-territorio-de-artes-indomitas-con-el-festival-isla-fiera-2025\\\/#respond\"]}]},{\"@type\":\"WebPage\",\"@id\":\"https:\\\/\\\/sodepal.es\\\/la-palma-se-convierte-en-un-territorio-de-artes-indomitas-con-el-festival-isla-fiera-2025\\\/\",\"url\":\"https:\\\/\\\/sodepal.es\\\/la-palma-se-convierte-en-un-territorio-de-artes-indomitas-con-el-festival-isla-fiera-2025\\\/\",\"name\":\"La Palma se convierte en un territorio de artes ind\u00f3mitas con el festival Isla Fiera 2025 - Sociedad de Promoci\u00f3n y Desarrollo Econ\u00f3mico y Social de La Palma - SODEPAL\",\"isPartOf\":{\"@id\":\"https:\\\/\\\/sodepal.es\\\/#website\"},\"primaryImageOfPage\":{\"@id\":\"https:\\\/\\\/sodepal.es\\\/la-palma-se-convierte-en-un-territorio-de-artes-indomitas-con-el-festival-isla-fiera-2025\\\/#primaryimage\"},\"image\":{\"@id\":\"https:\\\/\\\/sodepal.es\\\/la-palma-se-convierte-en-un-territorio-de-artes-indomitas-con-el-festival-isla-fiera-2025\\\/#primaryimage\"},\"thumbnailUrl\":\"https:\\\/\\\/sodepal.es\\\/wp-content\\\/uploads\\\/2025\\\/11\\\/fiera.jpeg\",\"datePublished\":\"2025-11-04T12:40:55+00:00\",\"dateModified\":\"2025-11-04T12:44:43+00:00\",\"description\":\"Toda la actualidad de los proyectos y eventos desarrollados por SODEPAL\",\"breadcrumb\":{\"@id\":\"https:\\\/\\\/sodepal.es\\\/la-palma-se-convierte-en-un-territorio-de-artes-indomitas-con-el-festival-isla-fiera-2025\\\/#breadcrumb\"},\"inLanguage\":\"en-GB\",\"potentialAction\":[{\"@type\":\"ReadAction\",\"target\":[\"https:\\\/\\\/sodepal.es\\\/la-palma-se-convierte-en-un-territorio-de-artes-indomitas-con-el-festival-isla-fiera-2025\\\/\"]}]},{\"@type\":\"ImageObject\",\"inLanguage\":\"en-GB\",\"@id\":\"https:\\\/\\\/sodepal.es\\\/la-palma-se-convierte-en-un-territorio-de-artes-indomitas-con-el-festival-isla-fiera-2025\\\/#primaryimage\",\"url\":\"https:\\\/\\\/sodepal.es\\\/wp-content\\\/uploads\\\/2025\\\/11\\\/fiera.jpeg\",\"contentUrl\":\"https:\\\/\\\/sodepal.es\\\/wp-content\\\/uploads\\\/2025\\\/11\\\/fiera.jpeg\",\"width\":1080,\"height\":1350},{\"@type\":\"BreadcrumbList\",\"@id\":\"https:\\\/\\\/sodepal.es\\\/la-palma-se-convierte-en-un-territorio-de-artes-indomitas-con-el-festival-isla-fiera-2025\\\/#breadcrumb\",\"itemListElement\":[{\"@type\":\"ListItem\",\"position\":1,\"name\":\"Inicio\",\"item\":\"https:\\\/\\\/sodepal.es\\\/\"},{\"@type\":\"ListItem\",\"position\":2,\"name\":\"La Palma se convierte en un territorio de artes ind\u00f3mitas con el festival Isla Fiera 2025\"}]},{\"@type\":\"WebSite\",\"@id\":\"https:\\\/\\\/sodepal.es\\\/#website\",\"url\":\"https:\\\/\\\/sodepal.es\\\/\",\"name\":\"Sodepal\",\"description\":\"SODEPAL es una empresa p\u00fablica dependiente del Cabildo de La Palma. Promoci\u00f3n, Fomento y Desarrollo para la isla de La Palma\",\"publisher\":{\"@id\":\"https:\\\/\\\/sodepal.es\\\/#organization\"},\"alternateName\":\"Sociedad de Promoci\u00f3n y Desarrollo Econ\u00f3mico y Social de La Palma\",\"potentialAction\":[{\"@type\":\"SearchAction\",\"target\":{\"@type\":\"EntryPoint\",\"urlTemplate\":\"https:\\\/\\\/sodepal.es\\\/?s={search_term_string}\"},\"query-input\":{\"@type\":\"PropertyValueSpecification\",\"valueRequired\":true,\"valueName\":\"search_term_string\"}}],\"inLanguage\":\"en-GB\"},{\"@type\":\"Organization\",\"@id\":\"https:\\\/\\\/sodepal.es\\\/#organization\",\"name\":\"Sociedad de Promoci\u00f3n y Desarrollo Econ\u00f3mico y Social de La Palma\",\"alternateName\":\"Sodepal\",\"url\":\"https:\\\/\\\/sodepal.es\\\/\",\"logo\":{\"@type\":\"ImageObject\",\"inLanguage\":\"en-GB\",\"@id\":\"https:\\\/\\\/sodepal.es\\\/#\\\/schema\\\/logo\\\/image\\\/\",\"url\":\"https:\\\/\\\/sodepal.es\\\/wp-content\\\/uploads\\\/2022\\\/09\\\/logo_web.png\",\"contentUrl\":\"https:\\\/\\\/sodepal.es\\\/wp-content\\\/uploads\\\/2022\\\/09\\\/logo_web.png\",\"width\":658,\"height\":156,\"caption\":\"Sociedad de Promoci\u00f3n y Desarrollo Econ\u00f3mico y Social de La Palma\"},\"image\":{\"@id\":\"https:\\\/\\\/sodepal.es\\\/#\\\/schema\\\/logo\\\/image\\\/\"},\"sameAs\":[\"https:\\\/\\\/www.facebook.com\\\/sodepal\",\"https:\\\/\\\/www.instagram.com\\\/sodepallapalma\\\/\"],\"description\":\"Sociedad de Promoci\u00f3n y Desarrollo econ\u00f3mico y Social de La Palma, empresa p\u00fablica dependiente del Cabildo de La Palma\",\"email\":\"info@sodepal.es\",\"telephone\":\"922417323\",\"legalName\":\"Sociedad de Promoci\u00f3n y Desarrollo Econ\u00f3mico de la isla de La Palma S.A.U.\"},{\"@type\":\"Person\",\"@id\":\"https:\\\/\\\/sodepal.es\\\/#\\\/schema\\\/person\\\/43b1d623bde0c4ec4efd5656ef0958b2\",\"name\":\"gerencia\",\"image\":{\"@type\":\"ImageObject\",\"inLanguage\":\"en-GB\",\"@id\":\"https:\\\/\\\/secure.gravatar.com\\\/avatar\\\/2aa1ba3e33e6721e413a7499ea7cab2e4414b99cea1516e7404245c8da655d86?s=96&d=mm&r=g\",\"url\":\"https:\\\/\\\/secure.gravatar.com\\\/avatar\\\/2aa1ba3e33e6721e413a7499ea7cab2e4414b99cea1516e7404245c8da655d86?s=96&d=mm&r=g\",\"contentUrl\":\"https:\\\/\\\/secure.gravatar.com\\\/avatar\\\/2aa1ba3e33e6721e413a7499ea7cab2e4414b99cea1516e7404245c8da655d86?s=96&d=mm&r=g\",\"caption\":\"gerencia\"}}]}<\/script>\n<!-- \/ Yoast SEO Premium plugin. -->","yoast_head_json":{"title":"La Palma se convierte en un territorio de artes ind\u00f3mitas con el festival Isla Fiera 2025 - Sociedad de Promoci\u00f3n y Desarrollo Econ\u00f3mico y Social de La Palma - SODEPAL","description":"Toda la actualidad de los proyectos y eventos desarrollados por SODEPAL","robots":{"index":"index","follow":"follow","max-snippet":"max-snippet:-1","max-image-preview":"max-image-preview:large","max-video-preview":"max-video-preview:-1"},"canonical":"https:\/\/sodepal.es\/en\/la-palma-se-convierte-en-un-territorio-de-artes-indomitas-con-el-festival-isla-fiera-2025\/","og_locale":"en_GB","og_type":"article","og_title":"La Palma se convierte en un territorio de artes ind\u00f3mitas con el festival Isla Fiera 2025","og_description":"Toda la actualidad de los proyectos y eventos desarrollados por SODEPAL","og_url":"https:\/\/sodepal.es\/en\/la-palma-se-convierte-en-un-territorio-de-artes-indomitas-con-el-festival-isla-fiera-2025\/","og_site_name":"Sociedad de Promoci\u00f3n y Desarrollo Econ\u00f3mico y Social de La Palma - SODEPAL","article_publisher":"https:\/\/www.facebook.com\/sodepal","article_published_time":"2025-11-04T12:40:55+00:00","article_modified_time":"2025-11-04T12:44:43+00:00","og_image":[{"width":1080,"height":1350,"url":"https:\/\/sodepal.es\/wp-content\/uploads\/2025\/11\/fiera.jpeg","type":"image\/jpeg"}],"author":"gerencia","twitter_card":"summary_large_image","schema":{"@context":"https:\/\/schema.org","@graph":[{"@type":"Article","@id":"https:\/\/sodepal.es\/la-palma-se-convierte-en-un-territorio-de-artes-indomitas-con-el-festival-isla-fiera-2025\/#article","isPartOf":{"@id":"https:\/\/sodepal.es\/la-palma-se-convierte-en-un-territorio-de-artes-indomitas-con-el-festival-isla-fiera-2025\/"},"author":{"name":"gerencia","@id":"https:\/\/sodepal.es\/#\/schema\/person\/43b1d623bde0c4ec4efd5656ef0958b2"},"headline":"La Palma se convierte en un territorio de artes ind\u00f3mitas con el festival Isla Fiera 2025","datePublished":"2025-11-04T12:40:55+00:00","dateModified":"2025-11-04T12:44:43+00:00","mainEntityOfPage":{"@id":"https:\/\/sodepal.es\/la-palma-se-convierte-en-un-territorio-de-artes-indomitas-con-el-festival-isla-fiera-2025\/"},"wordCount":734,"commentCount":0,"publisher":{"@id":"https:\/\/sodepal.es\/#organization"},"image":{"@id":"https:\/\/sodepal.es\/la-palma-se-convierte-en-un-territorio-de-artes-indomitas-con-el-festival-isla-fiera-2025\/#primaryimage"},"thumbnailUrl":"https:\/\/sodepal.es\/wp-content\/uploads\/2025\/11\/fiera.jpeg","articleSection":["Noticias"],"inLanguage":"en-GB","potentialAction":[{"@type":"CommentAction","name":"Comment","target":["https:\/\/sodepal.es\/la-palma-se-convierte-en-un-territorio-de-artes-indomitas-con-el-festival-isla-fiera-2025\/#respond"]}]},{"@type":"WebPage","@id":"https:\/\/sodepal.es\/la-palma-se-convierte-en-un-territorio-de-artes-indomitas-con-el-festival-isla-fiera-2025\/","url":"https:\/\/sodepal.es\/la-palma-se-convierte-en-un-territorio-de-artes-indomitas-con-el-festival-isla-fiera-2025\/","name":"La Palma se convierte en un territorio de artes ind\u00f3mitas con el festival Isla Fiera 2025 - Sociedad de Promoci\u00f3n y Desarrollo Econ\u00f3mico y Social de La Palma - SODEPAL","isPartOf":{"@id":"https:\/\/sodepal.es\/#website"},"primaryImageOfPage":{"@id":"https:\/\/sodepal.es\/la-palma-se-convierte-en-un-territorio-de-artes-indomitas-con-el-festival-isla-fiera-2025\/#primaryimage"},"image":{"@id":"https:\/\/sodepal.es\/la-palma-se-convierte-en-un-territorio-de-artes-indomitas-con-el-festival-isla-fiera-2025\/#primaryimage"},"thumbnailUrl":"https:\/\/sodepal.es\/wp-content\/uploads\/2025\/11\/fiera.jpeg","datePublished":"2025-11-04T12:40:55+00:00","dateModified":"2025-11-04T12:44:43+00:00","description":"Toda la actualidad de los proyectos y eventos desarrollados por SODEPAL","breadcrumb":{"@id":"https:\/\/sodepal.es\/la-palma-se-convierte-en-un-territorio-de-artes-indomitas-con-el-festival-isla-fiera-2025\/#breadcrumb"},"inLanguage":"en-GB","potentialAction":[{"@type":"ReadAction","target":["https:\/\/sodepal.es\/la-palma-se-convierte-en-un-territorio-de-artes-indomitas-con-el-festival-isla-fiera-2025\/"]}]},{"@type":"ImageObject","inLanguage":"en-GB","@id":"https:\/\/sodepal.es\/la-palma-se-convierte-en-un-territorio-de-artes-indomitas-con-el-festival-isla-fiera-2025\/#primaryimage","url":"https:\/\/sodepal.es\/wp-content\/uploads\/2025\/11\/fiera.jpeg","contentUrl":"https:\/\/sodepal.es\/wp-content\/uploads\/2025\/11\/fiera.jpeg","width":1080,"height":1350},{"@type":"BreadcrumbList","@id":"https:\/\/sodepal.es\/la-palma-se-convierte-en-un-territorio-de-artes-indomitas-con-el-festival-isla-fiera-2025\/#breadcrumb","itemListElement":[{"@type":"ListItem","position":1,"name":"Inicio","item":"https:\/\/sodepal.es\/"},{"@type":"ListItem","position":2,"name":"La Palma se convierte en un territorio de artes ind\u00f3mitas con el festival Isla Fiera 2025"}]},{"@type":"WebSite","@id":"https:\/\/sodepal.es\/#website","url":"https:\/\/sodepal.es\/","name":"Sodepal","description":"SODEPAL es una empresa p\u00fablica dependiente del Cabildo de La Palma. Promoci\u00f3n, Fomento y Desarrollo para la isla de La Palma","publisher":{"@id":"https:\/\/sodepal.es\/#organization"},"alternateName":"Sociedad de Promoci\u00f3n y Desarrollo Econ\u00f3mico y Social de La Palma","potentialAction":[{"@type":"SearchAction","target":{"@type":"EntryPoint","urlTemplate":"https:\/\/sodepal.es\/?s={search_term_string}"},"query-input":{"@type":"PropertyValueSpecification","valueRequired":true,"valueName":"search_term_string"}}],"inLanguage":"en-GB"},{"@type":"Organization","@id":"https:\/\/sodepal.es\/#organization","name":"Sociedad de Promoci\u00f3n y Desarrollo Econ\u00f3mico y Social de La Palma","alternateName":"Sodepal","url":"https:\/\/sodepal.es\/","logo":{"@type":"ImageObject","inLanguage":"en-GB","@id":"https:\/\/sodepal.es\/#\/schema\/logo\/image\/","url":"https:\/\/sodepal.es\/wp-content\/uploads\/2022\/09\/logo_web.png","contentUrl":"https:\/\/sodepal.es\/wp-content\/uploads\/2022\/09\/logo_web.png","width":658,"height":156,"caption":"Sociedad de Promoci\u00f3n y Desarrollo Econ\u00f3mico y Social de La Palma"},"image":{"@id":"https:\/\/sodepal.es\/#\/schema\/logo\/image\/"},"sameAs":["https:\/\/www.facebook.com\/sodepal","https:\/\/www.instagram.com\/sodepallapalma\/"],"description":"Sociedad de Promoci\u00f3n y Desarrollo econ\u00f3mico y Social de La Palma, empresa p\u00fablica dependiente del Cabildo de La Palma","email":"info@sodepal.es","telephone":"922417323","legalName":"Sociedad de Promoci\u00f3n y Desarrollo Econ\u00f3mico de la isla de La Palma S.A.U."},{"@type":"Person","@id":"https:\/\/sodepal.es\/#\/schema\/person\/43b1d623bde0c4ec4efd5656ef0958b2","name":"gerencia","image":{"@type":"ImageObject","inLanguage":"en-GB","@id":"https:\/\/secure.gravatar.com\/avatar\/2aa1ba3e33e6721e413a7499ea7cab2e4414b99cea1516e7404245c8da655d86?s=96&d=mm&r=g","url":"https:\/\/secure.gravatar.com\/avatar\/2aa1ba3e33e6721e413a7499ea7cab2e4414b99cea1516e7404245c8da655d86?s=96&d=mm&r=g","contentUrl":"https:\/\/secure.gravatar.com\/avatar\/2aa1ba3e33e6721e413a7499ea7cab2e4414b99cea1516e7404245c8da655d86?s=96&d=mm&r=g","caption":"gerencia"}}]}},"_links":{"self":[{"href":"https:\/\/sodepal.es\/en\/wp-json\/wp\/v2\/posts\/25520","targetHints":{"allow":["GET"]}}],"collection":[{"href":"https:\/\/sodepal.es\/en\/wp-json\/wp\/v2\/posts"}],"about":[{"href":"https:\/\/sodepal.es\/en\/wp-json\/wp\/v2\/types\/post"}],"author":[{"embeddable":true,"href":"https:\/\/sodepal.es\/en\/wp-json\/wp\/v2\/users\/1"}],"replies":[{"embeddable":true,"href":"https:\/\/sodepal.es\/en\/wp-json\/wp\/v2\/comments?post=25520"}],"version-history":[{"count":7,"href":"https:\/\/sodepal.es\/en\/wp-json\/wp\/v2\/posts\/25520\/revisions"}],"predecessor-version":[{"id":25528,"href":"https:\/\/sodepal.es\/en\/wp-json\/wp\/v2\/posts\/25520\/revisions\/25528"}],"wp:featuredmedia":[{"embeddable":true,"href":"https:\/\/sodepal.es\/en\/wp-json\/wp\/v2\/media\/25522"}],"wp:attachment":[{"href":"https:\/\/sodepal.es\/en\/wp-json\/wp\/v2\/media?parent=25520"}],"wp:term":[{"taxonomy":"category","embeddable":true,"href":"https:\/\/sodepal.es\/en\/wp-json\/wp\/v2\/categories?post=25520"},{"taxonomy":"post_tag","embeddable":true,"href":"https:\/\/sodepal.es\/en\/wp-json\/wp\/v2\/tags?post=25520"}],"curies":[{"name":"wp","href":"https:\/\/api.w.org\/{rel}","templated":true}]}}