{"id":25553,"date":"2025-11-12T12:22:37","date_gmt":"2025-11-12T12:22:37","guid":{"rendered":"https:\/\/sodepal.es\/?p=25553"},"modified":"2025-11-12T12:26:01","modified_gmt":"2025-11-12T12:26:01","slug":"la-palma-celebra-una-decada-de-impulso-al-sector-audiovisual","status":"publish","type":"post","link":"https:\/\/sodepal.es\/en\/la-palma-celebra-una-decada-de-impulso-al-sector-audiovisual\/","title":{"rendered":"La Palma celebrates a decade of boosting the audiovisual sector"},"content":{"rendered":"<div data-elementor-type=\"wp-post\" data-elementor-id=\"25553\" class=\"elementor elementor-25553\" data-elementor-post-type=\"post\">\n\t\t\t\t\t\t<section class=\"elementor-section elementor-top-section elementor-element elementor-element-36d1fa0 elementor-section-boxed elementor-section-height-default elementor-section-height-default\" data-id=\"36d1fa0\" data-element_type=\"section\" data-e-type=\"section\">\n\t\t\t\t\t\t<div class=\"elementor-container elementor-column-gap-default\">\n\t\t\t\t\t<div class=\"elementor-column elementor-col-100 elementor-top-column elementor-element elementor-element-20481759\" data-id=\"20481759\" data-element_type=\"column\" data-e-type=\"column\">\n\t\t\t<div class=\"elementor-widget-wrap elementor-element-populated\">\n\t\t\t\t\t\t<div class=\"elementor-element elementor-element-203ce316 elementor-widget elementor-widget-text-editor\" data-id=\"203ce316\" data-element_type=\"widget\" data-e-type=\"widget\" data-widget_type=\"text-editor.default\">\n\t\t\t\t<div class=\"elementor-widget-container\">\n\t\t\t\t\t\t\t\t\t<div class=\"field field--name-field-noticias-entradilla field--type-text-long field--label-hidden field--item\"><div class=\"field field--name-field-noticias-entradilla field--type-text-long field--label-hidden field--item\"><div class=\"field field--name-field-noticias-entradilla field--type-text-long field--label-hidden field--item\"><div class=\"field field--name-field-noticias-entradilla field--type-text-long field--label-hidden field--item\"><div class=\"field field--name-field-noticias-entradilla field--type-text-long field--label-hidden field--item\"><h4>The conference 'A decade of audiovisuals on the Isla Bonita' analyses the progress made and defines strategies for the future.<\/h4><\/div><div class=\"field field--name-body field--type-text-with-summary field--label-hidden field--item\"><p>The Cabildo de La Palma, through the public company Sodepal, has launched the conference 'A decade of audiovisuals on the Isla Bonita - Keys to growth and lines of impulse for the audiovisual sector in La Palma', a meeting that highlights the work developed over the last ten years by the Island Corporation through the La Palma Film Commission project, funded by the Department of Tourism. The event brought together professionals, companies and institutions to analyse the progress made during this period and define the strategic priorities to consolidate the future growth of the sector.<\/p><p>The Councillor for Economic Promotion of the Cabildo de La Palma and CEO of Sodepal, Miriam Perestelo, highlighted the support of the Island Corporation for the audiovisual sector as a strategic sector capable of generating employment, economy and contributing to economic diversification.<\/p><p>Perestelo also stressed that the audiovisual industry \"is more than culture, it is an economic, creative and strategic engine for the sustainable development of our island. Each filming contributes to placing La Palma on the international map and reinforces its image as a creative, sustainable and tourist destination\".<\/p><p>For her part, Raquel Rebollo, head of Tourism on the island, highlighted the importance that the sector has gained in this decade and explained that \"we have attended to 772 projects and facilitated 251 film shoots, generating a direct economic impact of more than 21.3 million euros. In the last two years, induced investment has exceeded 7 million, doubling activity and consolidating an increasingly professionalised local sector\".<\/p><p>Rebollo highlighted \"the capacity of audiovisuals to show a creative island with stories that transcend frontiers, something that positions the island of La Palma as the ideal place for the development of audiovisual projects of all kinds, from local initiatives to major international proposals\".<\/p><p>The meeting was also attended by the director general of Cultural Innovation and Creative Industries of the Canary Islands Government, Crist\u00f3bal de la Rosa; the director of Canary Islands Film, Natacha Mora; the manager of the Canary Islands Audiovisual Cluster, Genoveva Ayala, and representatives of the sector.<\/p><p>Monday, 10 November, included two main activities: a session specialising in tax incentives, aimed at consultancies, management companies, professionals and investors, with the participation of representatives from Canary Islands Film, Cl\u00faster Audiovisual de Canarias and \u00c9cija Abogados; and the central meeting 'A decade of audiovisuals on the Isla Bonita', which included an institutional welcome, a commemorative screening, a round table discussion with representatives of the sector and a participative session to define joint strategic lines for the future.<\/p><p>The Cabildo, through the La Palma Film Commission, informed that it is working on the elaboration of a legal instrument with economic resources to encourage and promote local audiovisual production, a document that seeks to establish lines of support for the creation, development, production and dissemination of projects made on La Palma.<\/p><p>Today, Tuesday 11 November, the conference will continue with the talk 'Opportunities in the audiovisual sector', at 10:00 a.m., at the Manolo Blahnik School of Art, aimed at students to inspire new vocations and raise awareness of the employment and creative possibilities in the sector.<\/p><p>With this conference, the Cabildo reaffirms its commitment to promoting the audiovisual sector, consolidating policies that foster creativity, innovation and sustainable economic development.<\/p><\/div><\/div><\/div><\/div><\/div>\t\t\t\t\t\t\t\t<\/div>\n\t\t\t\t<\/div>\n\t\t\t\t<div class=\"elementor-element elementor-element-cf3e7b1 elementor-widget elementor-widget-image\" data-id=\"cf3e7b1\" data-element_type=\"widget\" data-e-type=\"widget\" data-widget_type=\"image.default\">\n\t\t\t\t<div class=\"elementor-widget-container\">\n\t\t\t\t\t\t\t\t\t\t\t\t\t\t\t<img fetchpriority=\"high\" decoding=\"async\" width=\"1024\" height=\"768\" src=\"https:\/\/sodepal.es\/wp-content\/uploads\/2025\/11\/Raquel_Rebollo-1024x768.jpeg\" class=\"attachment-large size-large wp-image-25555\" alt=\"\" srcset=\"https:\/\/sodepal.es\/wp-content\/uploads\/2025\/11\/Raquel_Rebollo-1024x768.jpeg 1024w, https:\/\/sodepal.es\/wp-content\/uploads\/2025\/11\/Raquel_Rebollo-300x225.jpeg 300w, https:\/\/sodepal.es\/wp-content\/uploads\/2025\/11\/Raquel_Rebollo-768x576.jpeg 768w, https:\/\/sodepal.es\/wp-content\/uploads\/2025\/11\/Raquel_Rebollo-1536x1152.jpeg 1536w, https:\/\/sodepal.es\/wp-content\/uploads\/2025\/11\/Raquel_Rebollo-2048x1536.jpeg 2048w, https:\/\/sodepal.es\/wp-content\/uploads\/2025\/11\/Raquel_Rebollo-16x12.jpeg 16w\" sizes=\"(max-width: 1024px) 100vw, 1024px\" \/>\t\t\t\t\t\t\t\t\t\t\t\t\t\t\t<\/div>\n\t\t\t\t<\/div>\n\t\t\t\t\t<\/div>\n\t\t<\/div>\n\t\t\t\t\t<\/div>\n\t\t<\/section>\n\t\t\t\t<\/div>","protected":false},"excerpt":{"rendered":"<p>The conference 'A decade of audiovisuals on the Isla Bonita' analyses the progress made and defines strategies for the future. The Cabildo de La Palma, through the public company Sodepal, has launched the conference 'A decade of audiovisuals on the Isla Bonita - Keys to growth and lines of impulse for the sector', which ... <a title=\"La Palma celebrates a decade of boosting the audiovisual sector\" class=\"read-more\" href=\"https:\/\/sodepal.es\/en\/la-palma-celebra-una-decada-de-impulso-al-sector-audiovisual\/\" aria-label=\"Read more about La Palma celebrates a decade of boosting the audiovisual sector\">Read more<\/a><\/p>","protected":false},"author":1,"featured_media":25556,"comment_status":"open","ping_status":"open","sticky":false,"template":"","format":"standard","meta":{"_acf_changed":false,"footnotes":""},"categories":[19],"tags":[],"class_list":["post-25553","post","type-post","status-publish","format-standard","has-post-thumbnail","hentry","category-noticias"],"acf":[],"yoast_head":"<!-- This site is optimized with the Yoast SEO Premium plugin v22.0 (Yoast SEO v27.4) - https:\/\/yoast.com\/product\/yoast-seo-premium-wordpress\/ -->\n<title>La Palma celebra una d\u00e9cada de impulso al sector audiovisual - Sociedad de Promoci\u00f3n y Desarrollo Econ\u00f3mico y Social de La Palma - SODEPAL<\/title>\n<meta name=\"description\" content=\"Toda la actualidad de los proyectos y eventos desarrollados por SODEPAL\" \/>\n<meta name=\"robots\" content=\"index, follow, max-snippet:-1, max-image-preview:large, max-video-preview:-1\" \/>\n<link rel=\"canonical\" href=\"https:\/\/sodepal.es\/en\/la-palma-celebra-una-decada-de-impulso-al-sector-audiovisual\/\" \/>\n<meta property=\"og:locale\" content=\"en_GB\" \/>\n<meta property=\"og:type\" content=\"article\" \/>\n<meta property=\"og:title\" content=\"La Palma celebra una d\u00e9cada de impulso al sector audiovisual\" \/>\n<meta property=\"og:description\" content=\"Toda la actualidad de los proyectos y eventos desarrollados por SODEPAL\" \/>\n<meta property=\"og:url\" content=\"https:\/\/sodepal.es\/en\/la-palma-celebra-una-decada-de-impulso-al-sector-audiovisual\/\" \/>\n<meta property=\"og:site_name\" content=\"Sociedad de Promoci\u00f3n y Desarrollo Econ\u00f3mico y Social de La Palma - SODEPAL\" \/>\n<meta property=\"article:publisher\" content=\"https:\/\/www.facebook.com\/sodepal\" \/>\n<meta property=\"article:published_time\" content=\"2025-11-12T12:22:37+00:00\" \/>\n<meta property=\"article:modified_time\" content=\"2025-11-12T12:26:01+00:00\" \/>\n<meta property=\"og:image\" content=\"https:\/\/sodepal.es\/wp-content\/uploads\/2025\/11\/Miriam_Perestelo.jpeg\" \/>\n\t<meta property=\"og:image:width\" content=\"2560\" \/>\n\t<meta property=\"og:image:height\" content=\"1920\" \/>\n\t<meta property=\"og:image:type\" content=\"image\/jpeg\" \/>\n<meta name=\"author\" content=\"gerencia\" \/>\n<meta name=\"twitter:card\" content=\"summary_large_image\" \/>\n<script type=\"application\/ld+json\" class=\"yoast-schema-graph\">{\"@context\":\"https:\\\/\\\/schema.org\",\"@graph\":[{\"@type\":\"Article\",\"@id\":\"https:\\\/\\\/sodepal.es\\\/la-palma-celebra-una-decada-de-impulso-al-sector-audiovisual\\\/#article\",\"isPartOf\":{\"@id\":\"https:\\\/\\\/sodepal.es\\\/la-palma-celebra-una-decada-de-impulso-al-sector-audiovisual\\\/\"},\"author\":{\"name\":\"gerencia\",\"@id\":\"https:\\\/\\\/sodepal.es\\\/#\\\/schema\\\/person\\\/43b1d623bde0c4ec4efd5656ef0958b2\"},\"headline\":\"La Palma celebra una d\u00e9cada de impulso al sector audiovisual\",\"datePublished\":\"2025-11-12T12:22:37+00:00\",\"dateModified\":\"2025-11-12T12:26:01+00:00\",\"mainEntityOfPage\":{\"@id\":\"https:\\\/\\\/sodepal.es\\\/la-palma-celebra-una-decada-de-impulso-al-sector-audiovisual\\\/\"},\"wordCount\":633,\"commentCount\":0,\"publisher\":{\"@id\":\"https:\\\/\\\/sodepal.es\\\/#organization\"},\"image\":{\"@id\":\"https:\\\/\\\/sodepal.es\\\/la-palma-celebra-una-decada-de-impulso-al-sector-audiovisual\\\/#primaryimage\"},\"thumbnailUrl\":\"https:\\\/\\\/sodepal.es\\\/wp-content\\\/uploads\\\/2025\\\/11\\\/Miriam_Perestelo.jpeg\",\"articleSection\":[\"Noticias\"],\"inLanguage\":\"en-GB\",\"potentialAction\":[{\"@type\":\"CommentAction\",\"name\":\"Comment\",\"target\":[\"https:\\\/\\\/sodepal.es\\\/la-palma-celebra-una-decada-de-impulso-al-sector-audiovisual\\\/#respond\"]}]},{\"@type\":\"WebPage\",\"@id\":\"https:\\\/\\\/sodepal.es\\\/la-palma-celebra-una-decada-de-impulso-al-sector-audiovisual\\\/\",\"url\":\"https:\\\/\\\/sodepal.es\\\/la-palma-celebra-una-decada-de-impulso-al-sector-audiovisual\\\/\",\"name\":\"La Palma celebra una d\u00e9cada de impulso al sector audiovisual - Sociedad de Promoci\u00f3n y Desarrollo Econ\u00f3mico y Social de La Palma - SODEPAL\",\"isPartOf\":{\"@id\":\"https:\\\/\\\/sodepal.es\\\/#website\"},\"primaryImageOfPage\":{\"@id\":\"https:\\\/\\\/sodepal.es\\\/la-palma-celebra-una-decada-de-impulso-al-sector-audiovisual\\\/#primaryimage\"},\"image\":{\"@id\":\"https:\\\/\\\/sodepal.es\\\/la-palma-celebra-una-decada-de-impulso-al-sector-audiovisual\\\/#primaryimage\"},\"thumbnailUrl\":\"https:\\\/\\\/sodepal.es\\\/wp-content\\\/uploads\\\/2025\\\/11\\\/Miriam_Perestelo.jpeg\",\"datePublished\":\"2025-11-12T12:22:37+00:00\",\"dateModified\":\"2025-11-12T12:26:01+00:00\",\"description\":\"Toda la actualidad de los proyectos y eventos desarrollados por SODEPAL\",\"breadcrumb\":{\"@id\":\"https:\\\/\\\/sodepal.es\\\/la-palma-celebra-una-decada-de-impulso-al-sector-audiovisual\\\/#breadcrumb\"},\"inLanguage\":\"en-GB\",\"potentialAction\":[{\"@type\":\"ReadAction\",\"target\":[\"https:\\\/\\\/sodepal.es\\\/la-palma-celebra-una-decada-de-impulso-al-sector-audiovisual\\\/\"]}]},{\"@type\":\"ImageObject\",\"inLanguage\":\"en-GB\",\"@id\":\"https:\\\/\\\/sodepal.es\\\/la-palma-celebra-una-decada-de-impulso-al-sector-audiovisual\\\/#primaryimage\",\"url\":\"https:\\\/\\\/sodepal.es\\\/wp-content\\\/uploads\\\/2025\\\/11\\\/Miriam_Perestelo.jpeg\",\"contentUrl\":\"https:\\\/\\\/sodepal.es\\\/wp-content\\\/uploads\\\/2025\\\/11\\\/Miriam_Perestelo.jpeg\",\"width\":2560,\"height\":1920},{\"@type\":\"BreadcrumbList\",\"@id\":\"https:\\\/\\\/sodepal.es\\\/la-palma-celebra-una-decada-de-impulso-al-sector-audiovisual\\\/#breadcrumb\",\"itemListElement\":[{\"@type\":\"ListItem\",\"position\":1,\"name\":\"Inicio\",\"item\":\"https:\\\/\\\/sodepal.es\\\/\"},{\"@type\":\"ListItem\",\"position\":2,\"name\":\"La Palma celebra una d\u00e9cada de impulso al sector audiovisual\"}]},{\"@type\":\"WebSite\",\"@id\":\"https:\\\/\\\/sodepal.es\\\/#website\",\"url\":\"https:\\\/\\\/sodepal.es\\\/\",\"name\":\"Sodepal\",\"description\":\"SODEPAL es una empresa p\u00fablica dependiente del Cabildo de La Palma. Promoci\u00f3n, Fomento y Desarrollo para la isla de La Palma\",\"publisher\":{\"@id\":\"https:\\\/\\\/sodepal.es\\\/#organization\"},\"alternateName\":\"Sociedad de Promoci\u00f3n y Desarrollo Econ\u00f3mico y Social de La Palma\",\"potentialAction\":[{\"@type\":\"SearchAction\",\"target\":{\"@type\":\"EntryPoint\",\"urlTemplate\":\"https:\\\/\\\/sodepal.es\\\/?s={search_term_string}\"},\"query-input\":{\"@type\":\"PropertyValueSpecification\",\"valueRequired\":true,\"valueName\":\"search_term_string\"}}],\"inLanguage\":\"en-GB\"},{\"@type\":\"Organization\",\"@id\":\"https:\\\/\\\/sodepal.es\\\/#organization\",\"name\":\"Sociedad de Promoci\u00f3n y Desarrollo Econ\u00f3mico y Social de La Palma\",\"alternateName\":\"Sodepal\",\"url\":\"https:\\\/\\\/sodepal.es\\\/\",\"logo\":{\"@type\":\"ImageObject\",\"inLanguage\":\"en-GB\",\"@id\":\"https:\\\/\\\/sodepal.es\\\/#\\\/schema\\\/logo\\\/image\\\/\",\"url\":\"https:\\\/\\\/sodepal.es\\\/wp-content\\\/uploads\\\/2022\\\/09\\\/logo_web.png\",\"contentUrl\":\"https:\\\/\\\/sodepal.es\\\/wp-content\\\/uploads\\\/2022\\\/09\\\/logo_web.png\",\"width\":658,\"height\":156,\"caption\":\"Sociedad de Promoci\u00f3n y Desarrollo Econ\u00f3mico y Social de La Palma\"},\"image\":{\"@id\":\"https:\\\/\\\/sodepal.es\\\/#\\\/schema\\\/logo\\\/image\\\/\"},\"sameAs\":[\"https:\\\/\\\/www.facebook.com\\\/sodepal\",\"https:\\\/\\\/www.instagram.com\\\/sodepallapalma\\\/\"],\"description\":\"Sociedad de Promoci\u00f3n y Desarrollo econ\u00f3mico y Social de La Palma, empresa p\u00fablica dependiente del Cabildo de La Palma\",\"email\":\"info@sodepal.es\",\"telephone\":\"922417323\",\"legalName\":\"Sociedad de Promoci\u00f3n y Desarrollo Econ\u00f3mico de la isla de La Palma S.A.U.\"},{\"@type\":\"Person\",\"@id\":\"https:\\\/\\\/sodepal.es\\\/#\\\/schema\\\/person\\\/43b1d623bde0c4ec4efd5656ef0958b2\",\"name\":\"gerencia\",\"image\":{\"@type\":\"ImageObject\",\"inLanguage\":\"en-GB\",\"@id\":\"https:\\\/\\\/secure.gravatar.com\\\/avatar\\\/2aa1ba3e33e6721e413a7499ea7cab2e4414b99cea1516e7404245c8da655d86?s=96&d=mm&r=g\",\"url\":\"https:\\\/\\\/secure.gravatar.com\\\/avatar\\\/2aa1ba3e33e6721e413a7499ea7cab2e4414b99cea1516e7404245c8da655d86?s=96&d=mm&r=g\",\"contentUrl\":\"https:\\\/\\\/secure.gravatar.com\\\/avatar\\\/2aa1ba3e33e6721e413a7499ea7cab2e4414b99cea1516e7404245c8da655d86?s=96&d=mm&r=g\",\"caption\":\"gerencia\"}}]}<\/script>\n<!-- \/ Yoast SEO Premium plugin. -->","yoast_head_json":{"title":"La Palma celebra una d\u00e9cada de impulso al sector audiovisual - Sociedad de Promoci\u00f3n y Desarrollo Econ\u00f3mico y Social de La Palma - SODEPAL","description":"Toda la actualidad de los proyectos y eventos desarrollados por SODEPAL","robots":{"index":"index","follow":"follow","max-snippet":"max-snippet:-1","max-image-preview":"max-image-preview:large","max-video-preview":"max-video-preview:-1"},"canonical":"https:\/\/sodepal.es\/en\/la-palma-celebra-una-decada-de-impulso-al-sector-audiovisual\/","og_locale":"en_GB","og_type":"article","og_title":"La Palma celebra una d\u00e9cada de impulso al sector audiovisual","og_description":"Toda la actualidad de los proyectos y eventos desarrollados por SODEPAL","og_url":"https:\/\/sodepal.es\/en\/la-palma-celebra-una-decada-de-impulso-al-sector-audiovisual\/","og_site_name":"Sociedad de Promoci\u00f3n y Desarrollo Econ\u00f3mico y Social de La Palma - SODEPAL","article_publisher":"https:\/\/www.facebook.com\/sodepal","article_published_time":"2025-11-12T12:22:37+00:00","article_modified_time":"2025-11-12T12:26:01+00:00","og_image":[{"width":2560,"height":1920,"url":"https:\/\/sodepal.es\/wp-content\/uploads\/2025\/11\/Miriam_Perestelo.jpeg","type":"image\/jpeg"}],"author":"gerencia","twitter_card":"summary_large_image","schema":{"@context":"https:\/\/schema.org","@graph":[{"@type":"Article","@id":"https:\/\/sodepal.es\/la-palma-celebra-una-decada-de-impulso-al-sector-audiovisual\/#article","isPartOf":{"@id":"https:\/\/sodepal.es\/la-palma-celebra-una-decada-de-impulso-al-sector-audiovisual\/"},"author":{"name":"gerencia","@id":"https:\/\/sodepal.es\/#\/schema\/person\/43b1d623bde0c4ec4efd5656ef0958b2"},"headline":"La Palma celebra una d\u00e9cada de impulso al sector audiovisual","datePublished":"2025-11-12T12:22:37+00:00","dateModified":"2025-11-12T12:26:01+00:00","mainEntityOfPage":{"@id":"https:\/\/sodepal.es\/la-palma-celebra-una-decada-de-impulso-al-sector-audiovisual\/"},"wordCount":633,"commentCount":0,"publisher":{"@id":"https:\/\/sodepal.es\/#organization"},"image":{"@id":"https:\/\/sodepal.es\/la-palma-celebra-una-decada-de-impulso-al-sector-audiovisual\/#primaryimage"},"thumbnailUrl":"https:\/\/sodepal.es\/wp-content\/uploads\/2025\/11\/Miriam_Perestelo.jpeg","articleSection":["Noticias"],"inLanguage":"en-GB","potentialAction":[{"@type":"CommentAction","name":"Comment","target":["https:\/\/sodepal.es\/la-palma-celebra-una-decada-de-impulso-al-sector-audiovisual\/#respond"]}]},{"@type":"WebPage","@id":"https:\/\/sodepal.es\/la-palma-celebra-una-decada-de-impulso-al-sector-audiovisual\/","url":"https:\/\/sodepal.es\/la-palma-celebra-una-decada-de-impulso-al-sector-audiovisual\/","name":"La Palma celebra una d\u00e9cada de impulso al sector audiovisual - Sociedad de Promoci\u00f3n y Desarrollo Econ\u00f3mico y Social de La Palma - SODEPAL","isPartOf":{"@id":"https:\/\/sodepal.es\/#website"},"primaryImageOfPage":{"@id":"https:\/\/sodepal.es\/la-palma-celebra-una-decada-de-impulso-al-sector-audiovisual\/#primaryimage"},"image":{"@id":"https:\/\/sodepal.es\/la-palma-celebra-una-decada-de-impulso-al-sector-audiovisual\/#primaryimage"},"thumbnailUrl":"https:\/\/sodepal.es\/wp-content\/uploads\/2025\/11\/Miriam_Perestelo.jpeg","datePublished":"2025-11-12T12:22:37+00:00","dateModified":"2025-11-12T12:26:01+00:00","description":"Toda la actualidad de los proyectos y eventos desarrollados por SODEPAL","breadcrumb":{"@id":"https:\/\/sodepal.es\/la-palma-celebra-una-decada-de-impulso-al-sector-audiovisual\/#breadcrumb"},"inLanguage":"en-GB","potentialAction":[{"@type":"ReadAction","target":["https:\/\/sodepal.es\/la-palma-celebra-una-decada-de-impulso-al-sector-audiovisual\/"]}]},{"@type":"ImageObject","inLanguage":"en-GB","@id":"https:\/\/sodepal.es\/la-palma-celebra-una-decada-de-impulso-al-sector-audiovisual\/#primaryimage","url":"https:\/\/sodepal.es\/wp-content\/uploads\/2025\/11\/Miriam_Perestelo.jpeg","contentUrl":"https:\/\/sodepal.es\/wp-content\/uploads\/2025\/11\/Miriam_Perestelo.jpeg","width":2560,"height":1920},{"@type":"BreadcrumbList","@id":"https:\/\/sodepal.es\/la-palma-celebra-una-decada-de-impulso-al-sector-audiovisual\/#breadcrumb","itemListElement":[{"@type":"ListItem","position":1,"name":"Inicio","item":"https:\/\/sodepal.es\/"},{"@type":"ListItem","position":2,"name":"La Palma celebra una d\u00e9cada de impulso al sector audiovisual"}]},{"@type":"WebSite","@id":"https:\/\/sodepal.es\/#website","url":"https:\/\/sodepal.es\/","name":"Sodepal","description":"SODEPAL es una empresa p\u00fablica dependiente del Cabildo de La Palma. Promoci\u00f3n, Fomento y Desarrollo para la isla de La Palma","publisher":{"@id":"https:\/\/sodepal.es\/#organization"},"alternateName":"Sociedad de Promoci\u00f3n y Desarrollo Econ\u00f3mico y Social de La Palma","potentialAction":[{"@type":"SearchAction","target":{"@type":"EntryPoint","urlTemplate":"https:\/\/sodepal.es\/?s={search_term_string}"},"query-input":{"@type":"PropertyValueSpecification","valueRequired":true,"valueName":"search_term_string"}}],"inLanguage":"en-GB"},{"@type":"Organization","@id":"https:\/\/sodepal.es\/#organization","name":"Sociedad de Promoci\u00f3n y Desarrollo Econ\u00f3mico y Social de La Palma","alternateName":"Sodepal","url":"https:\/\/sodepal.es\/","logo":{"@type":"ImageObject","inLanguage":"en-GB","@id":"https:\/\/sodepal.es\/#\/schema\/logo\/image\/","url":"https:\/\/sodepal.es\/wp-content\/uploads\/2022\/09\/logo_web.png","contentUrl":"https:\/\/sodepal.es\/wp-content\/uploads\/2022\/09\/logo_web.png","width":658,"height":156,"caption":"Sociedad de Promoci\u00f3n y Desarrollo Econ\u00f3mico y Social de La Palma"},"image":{"@id":"https:\/\/sodepal.es\/#\/schema\/logo\/image\/"},"sameAs":["https:\/\/www.facebook.com\/sodepal","https:\/\/www.instagram.com\/sodepallapalma\/"],"description":"Sociedad de Promoci\u00f3n y Desarrollo econ\u00f3mico y Social de La Palma, empresa p\u00fablica dependiente del Cabildo de La Palma","email":"info@sodepal.es","telephone":"922417323","legalName":"Sociedad de Promoci\u00f3n y Desarrollo Econ\u00f3mico de la isla de La Palma S.A.U."},{"@type":"Person","@id":"https:\/\/sodepal.es\/#\/schema\/person\/43b1d623bde0c4ec4efd5656ef0958b2","name":"gerencia","image":{"@type":"ImageObject","inLanguage":"en-GB","@id":"https:\/\/secure.gravatar.com\/avatar\/2aa1ba3e33e6721e413a7499ea7cab2e4414b99cea1516e7404245c8da655d86?s=96&d=mm&r=g","url":"https:\/\/secure.gravatar.com\/avatar\/2aa1ba3e33e6721e413a7499ea7cab2e4414b99cea1516e7404245c8da655d86?s=96&d=mm&r=g","contentUrl":"https:\/\/secure.gravatar.com\/avatar\/2aa1ba3e33e6721e413a7499ea7cab2e4414b99cea1516e7404245c8da655d86?s=96&d=mm&r=g","caption":"gerencia"}}]}},"_links":{"self":[{"href":"https:\/\/sodepal.es\/en\/wp-json\/wp\/v2\/posts\/25553","targetHints":{"allow":["GET"]}}],"collection":[{"href":"https:\/\/sodepal.es\/en\/wp-json\/wp\/v2\/posts"}],"about":[{"href":"https:\/\/sodepal.es\/en\/wp-json\/wp\/v2\/types\/post"}],"author":[{"embeddable":true,"href":"https:\/\/sodepal.es\/en\/wp-json\/wp\/v2\/users\/1"}],"replies":[{"embeddable":true,"href":"https:\/\/sodepal.es\/en\/wp-json\/wp\/v2\/comments?post=25553"}],"version-history":[{"count":7,"href":"https:\/\/sodepal.es\/en\/wp-json\/wp\/v2\/posts\/25553\/revisions"}],"predecessor-version":[{"id":25563,"href":"https:\/\/sodepal.es\/en\/wp-json\/wp\/v2\/posts\/25553\/revisions\/25563"}],"wp:featuredmedia":[{"embeddable":true,"href":"https:\/\/sodepal.es\/en\/wp-json\/wp\/v2\/media\/25556"}],"wp:attachment":[{"href":"https:\/\/sodepal.es\/en\/wp-json\/wp\/v2\/media?parent=25553"}],"wp:term":[{"taxonomy":"category","embeddable":true,"href":"https:\/\/sodepal.es\/en\/wp-json\/wp\/v2\/categories?post=25553"},{"taxonomy":"post_tag","embeddable":true,"href":"https:\/\/sodepal.es\/en\/wp-json\/wp\/v2\/tags?post=25553"}],"curies":[{"name":"wp","href":"https:\/\/api.w.org\/{rel}","templated":true}]}}