{"id":26134,"date":"2026-03-16T09:11:12","date_gmt":"2026-03-16T09:11:12","guid":{"rendered":"https:\/\/sodepal.es\/?p=26134"},"modified":"2026-03-16T09:13:52","modified_gmt":"2026-03-16T09:13:52","slug":"sodepal-gestiona-en-2026-un-presupuesto-de-88-millones-de-euros-e-impulsa-un-nuevo-departamento-para-fortalecer-la-cultura-en-la-palma","status":"publish","type":"post","link":"https:\/\/sodepal.es\/en\/sodepal-gestiona-en-2026-un-presupuesto-de-88-millones-de-euros-e-impulsa-un-nuevo-departamento-para-fortalecer-la-cultura-en-la-palma\/","title":{"rendered":"Sodepal gestiona en 2026 un presupuesto de 8,8 millones de euros e impulsa un nuevo departamento para fortalecer la cultura en La Palma"},"content":{"rendered":"<div data-elementor-type=\"wp-post\" data-elementor-id=\"26134\" class=\"elementor elementor-26134\" data-elementor-post-type=\"post\">\n\t\t\t\t\t\t<section class=\"elementor-section elementor-top-section elementor-element elementor-element-36d1fa0 elementor-section-boxed elementor-section-height-default elementor-section-height-default\" data-id=\"36d1fa0\" data-element_type=\"section\" data-e-type=\"section\">\n\t\t\t\t\t\t<div class=\"elementor-container elementor-column-gap-default\">\n\t\t\t\t\t<div class=\"elementor-column elementor-col-100 elementor-top-column elementor-element elementor-element-20481759\" data-id=\"20481759\" data-element_type=\"column\" data-e-type=\"column\">\n\t\t\t<div class=\"elementor-widget-wrap elementor-element-populated\">\n\t\t\t\t\t\t<div class=\"elementor-element elementor-element-203ce316 elementor-widget elementor-widget-text-editor\" data-id=\"203ce316\" data-element_type=\"widget\" data-e-type=\"widget\" data-widget_type=\"text-editor.default\">\n\t\t\t\t<div class=\"elementor-widget-container\">\n\t\t\t\t\t\t\t\t\t<div class=\"field field--name-field-noticias-entradilla field--type-text-long field--label-hidden field--item\"><div class=\"field field--name-field-noticias-entradilla field--type-text-long field--label-hidden field--item\"><div class=\"field field--name-field-noticias-entradilla field--type-text-long field--label-hidden field--item\"><div class=\"field field--name-field-noticias-entradilla field--type-text-long field--label-hidden field--item\"><div class=\"field field--name-field-noticias-entradilla field--type-text-long field--label-hidden field--item\"><div class=\"field field--name-field-noticias-entradilla field--type-text-long field--label-hidden field--item\"><div class=\"field field--name-field-noticias-entradilla field--type-text-long field--label-hidden field--item\"><h4>La Sociedad de Promoci\u00f3n y Desarrollo Econ\u00f3mico y Social contar\u00e1 con una aportaci\u00f3n directa del Cabildo Insular de 3,8 millones de euros.<\/h4><h4>Las cuentas consolidan proyectos emblem\u00e1ticos e incorporan nuevas iniciativas en energ\u00eda, agricultura, turismo y cultura.<\/h4><\/div><div class=\"field field--name-body field--type-text-with-summary field--label-hidden field--item\"><p>La Sociedad de Promoci\u00f3n y Desarrollo Econ\u00f3mico y Social de La Palma (Sodepal) gestiona en 2026 un presupuesto que asciende a 8,8 millones, cifra supone un incremento cercano al 19,6% con respecto al ejercicio anterior, consolidando su papel como herramienta estrat\u00e9gica del Cabildo de La Palma para impulsar el desarrollo econ\u00f3mico, social y cultural de la isla.<\/p><p>El presidente, Sergio Rodr\u00edguez, recalca que este incremento presupuestario permite dar continuidad a proyectos consolidados y activar nuevas iniciativas en sectores clave como la agricultura, la energ\u00eda, el turismo, el comercio, el deporte y la cultura, reforzando la diversificaci\u00f3n econ\u00f3mica y el tejido productivo insular.<\/p><p>Adem\u00e1s de las aportaciones por valor de 3,8 millones de euros, Sodepal prev\u00e9 complementar su financiaci\u00f3n mediante ingresos propios derivados de los encargos por prestaciones de servicios al Cabildo, as\u00ed como de inscripciones en eventos, venta de entradas, patrocinios y subvenciones procedentes de otras administraciones.<\/p><h4>Impulso a la cultura<\/h4><p>Entre las principales novedades del ejercicio destaca la creaci\u00f3n de un nuevo departamento espec\u00edfico dedicado a la cultura, una iniciativa impulsada desde el Cabildo para potenciar las acciones culturales en la isla y mejorar la coordinaci\u00f3n con el sector cultural.<\/p><p>La consejera insular de Promoci\u00f3n Econ\u00f3mica y consejera delegada de Sodepal, Miriam Perestelo, subraya que esta nueva \u00e1rea permitir\u00e1 agilizar la puesta en marcha de proyectos culturales y facilitar la colaboraci\u00f3n con asociaciones, colectivos y profesionales del sector, aprovechando la capacidad de gesti\u00f3n y experiencia de la empresa p\u00fablica. El nuevo departamento trabajar\u00e1 de forma coordinada con la Consejer\u00eda de Cultura y Patrimonio Cultural, con el objetivo de dise\u00f1ar una programaci\u00f3n anual que responda a las necesidades reales del sector cultural palmero y contribuya a fortalecer el papel de la cultura como motor de desarrollo social y econ\u00f3mico.<\/p><h4>Proyectos estrat\u00e9gicos consolidados<\/h4><p>El presupuesto de 2026 garantiza adem\u00e1s la continuidad de algunos de los proyectos m\u00e1s representativos impulsados por Sodepal, que se han consolidado como referentes para la promoci\u00f3n econ\u00f3mica y tur\u00edstica de la isla.<\/p><p>Entre ellos destacan iniciativas como Transvulcania, Isla Bonita Love Festival, Plan Insular de Moda, Saborea La Palma, La Palma Artesan\u00eda, La Palma Blue Experience, as\u00ed como el desarrollo de proyectos vinculados al sector primario, astroturismo, la promoci\u00f3n tur\u00edstica, la dinamizaci\u00f3n comercial y el asesoramiento empresarial.<\/p><p>Como novedades, el presupuesto incorpora dos iniciativas estrat\u00e9gicas para el sector primario: el Plan Forrajero y un proyecto espec\u00edfico de comercializaci\u00f3n de vinos con Denominaci\u00f3n de Origen La Palma, con el objetivo de reforzar la sostenibilidad y competitividad de la agricultura y la ganader\u00eda insular.<\/p><h4>Apuesta por la sostenibilidad y la innovaci\u00f3n<\/h4><p>En materia de sostenibilidad, Sodepal refuerza su compromiso con la transici\u00f3n energ\u00e9tica, impulsando proyectos vinculados al Centro de Gesti\u00f3n de Energ\u00edas Renovables y a la exploraci\u00f3n del potencial de la geotermia en la isla.<\/p><p>A estas actuaciones se suma el nuevo proyecto de la Asociaci\u00f3n Ciudadana por la Energ\u00eda, orientado a fomentar la participaci\u00f3n social en el modelo energ\u00e9tico insular y avanzar hacia un sistema m\u00e1s sostenible y autosuficiente.<\/p><p>Como medio propio instrumental del Cabildo, Sodepal continuar\u00e1 ejecutando en 2026 encargos de vital importancia, entre los que destacan la Digitalizaci\u00f3n Ciudadana, la gesti\u00f3n de Centros de Inter\u00e9s Tur\u00edstico, el apoyo al CECOPIN, al Consejo Insular de Aguas y la asistencia t\u00e9cnica para la captaci\u00f3n de fondos.<\/p><h4>Motor de transformaci\u00f3n para la Isla<\/h4><p>Sodepal mantiene su papel como motor de transformaci\u00f3n para La Palma, gestionando m\u00e1s de una veintena de encomiendas y proyectos que contribuyen a la generaci\u00f3n de actividad econ\u00f3mica y a la recuperaci\u00f3n de la isla.<\/p><p>Sergio Rodr\u00edguez se\u00f1ala que la empresa p\u00fablica ha ampliado progresivamente su \u00e1mbito de actuaci\u00f3n en los \u00faltimos a\u00f1os, impulsando iniciativas que fortalecen la econom\u00eda local y ofreciendo asesoramiento y acompa\u00f1amiento a empresas, aut\u00f3nomos y emprendedores palmeros.<\/p><p>En este sentido, el presidente insular destaca que la labor de Sodepal ha contribuido a que La Palma se consolide como un referente en turismo sostenible, en el impulso al emprendimiento y en el fortalecimiento del tejido empresarial, avanzando hacia una isla m\u00e1s competitiva, innovadora y atractiva para vivir y trabajar.<\/p><\/div><\/div><\/div><\/div><\/div><\/div><\/div>\t\t\t\t\t\t\t\t<\/div>\n\t\t\t\t<\/div>\n\t\t\t\t\t<\/div>\n\t\t<\/div>\n\t\t\t\t\t<\/div>\n\t\t<\/section>\n\t\t\t\t<\/div>","protected":false},"excerpt":{"rendered":"<p>La Sociedad de Promoci\u00f3n y Desarrollo Econ\u00f3mico y Social contar\u00e1 con una aportaci\u00f3n directa del Cabildo Insular de 3,8 millones de euros. Las cuentas consolidan proyectos emblem\u00e1ticos e incorporan nuevas iniciativas en energ\u00eda, agricultura, turismo y cultura. La Sociedad de Promoci\u00f3n y Desarrollo Econ\u00f3mico y Social de La Palma (Sodepal) gestiona en 2026 un presupuesto &#8230; <a title=\"Sodepal gestiona en 2026 un presupuesto de 8,8 millones de euros e impulsa un nuevo departamento para fortalecer la cultura en La Palma\" class=\"read-more\" href=\"https:\/\/sodepal.es\/en\/sodepal-gestiona-en-2026-un-presupuesto-de-88-millones-de-euros-e-impulsa-un-nuevo-departamento-para-fortalecer-la-cultura-en-la-palma\/\" aria-label=\"Read more about Sodepal gestiona en 2026 un presupuesto de 8,8 millones de euros e impulsa un nuevo departamento para fortalecer la cultura en La Palma\">Read more<\/a><\/p>","protected":false},"author":1,"featured_media":26136,"comment_status":"open","ping_status":"open","sticky":false,"template":"","format":"standard","meta":{"_acf_changed":false,"footnotes":""},"categories":[19],"tags":[],"class_list":["post-26134","post","type-post","status-publish","format-standard","has-post-thumbnail","hentry","category-noticias"],"acf":[],"yoast_head":"<!-- This site is optimized with the Yoast SEO Premium plugin v22.0 (Yoast SEO v27.4) - https:\/\/yoast.com\/product\/yoast-seo-premium-wordpress\/ -->\n<title>Sodepal gestiona en 2026 un presupuesto de 8,8 millones de euros e impulsa un nuevo departamento para fortalecer la cultura en La Palma - Sociedad de Promoci\u00f3n y Desarrollo Econ\u00f3mico y Social de La Palma - SODEPAL<\/title>\n<meta name=\"description\" content=\"Toda la actualidad de los proyectos y eventos desarrollados por SODEPAL\" \/>\n<meta name=\"robots\" content=\"index, follow, max-snippet:-1, max-image-preview:large, max-video-preview:-1\" \/>\n<link rel=\"canonical\" href=\"https:\/\/sodepal.es\/en\/sodepal-gestiona-en-2026-un-presupuesto-de-88-millones-de-euros-e-impulsa-un-nuevo-departamento-para-fortalecer-la-cultura-en-la-palma\/\" \/>\n<meta property=\"og:locale\" content=\"en_GB\" \/>\n<meta property=\"og:type\" content=\"article\" \/>\n<meta property=\"og:title\" content=\"Sodepal gestiona en 2026 un presupuesto de 8,8 millones de euros e impulsa un nuevo departamento para fortalecer la cultura en La Palma\" \/>\n<meta property=\"og:description\" content=\"Toda la actualidad de los proyectos y eventos desarrollados por SODEPAL\" \/>\n<meta property=\"og:url\" content=\"https:\/\/sodepal.es\/en\/sodepal-gestiona-en-2026-un-presupuesto-de-88-millones-de-euros-e-impulsa-un-nuevo-departamento-para-fortalecer-la-cultura-en-la-palma\/\" \/>\n<meta property=\"og:site_name\" content=\"Sociedad de Promoci\u00f3n y Desarrollo Econ\u00f3mico y Social de La Palma - SODEPAL\" \/>\n<meta property=\"article:publisher\" content=\"https:\/\/www.facebook.com\/sodepal\" \/>\n<meta property=\"article:published_time\" content=\"2026-03-16T09:11:12+00:00\" \/>\n<meta property=\"article:modified_time\" content=\"2026-03-16T09:13:52+00:00\" \/>\n<meta property=\"og:image\" content=\"https:\/\/sodepal.es\/wp-content\/uploads\/2026\/03\/Miriam-Perestelo_0.jpg\" \/>\n\t<meta property=\"og:image:width\" content=\"1200\" \/>\n\t<meta property=\"og:image:height\" content=\"675\" \/>\n\t<meta property=\"og:image:type\" content=\"image\/jpeg\" \/>\n<meta name=\"author\" content=\"gerencia\" \/>\n<meta name=\"twitter:card\" content=\"summary_large_image\" \/>\n<script type=\"application\/ld+json\" class=\"yoast-schema-graph\">{\"@context\":\"https:\\\/\\\/schema.org\",\"@graph\":[{\"@type\":\"Article\",\"@id\":\"https:\\\/\\\/sodepal.es\\\/sodepal-gestiona-en-2026-un-presupuesto-de-88-millones-de-euros-e-impulsa-un-nuevo-departamento-para-fortalecer-la-cultura-en-la-palma\\\/#article\",\"isPartOf\":{\"@id\":\"https:\\\/\\\/sodepal.es\\\/sodepal-gestiona-en-2026-un-presupuesto-de-88-millones-de-euros-e-impulsa-un-nuevo-departamento-para-fortalecer-la-cultura-en-la-palma\\\/\"},\"author\":{\"name\":\"gerencia\",\"@id\":\"https:\\\/\\\/sodepal.es\\\/#\\\/schema\\\/person\\\/43b1d623bde0c4ec4efd5656ef0958b2\"},\"headline\":\"Sodepal gestiona en 2026 un presupuesto de 8,8 millones de euros e impulsa un nuevo departamento para fortalecer la cultura en La Palma\",\"datePublished\":\"2026-03-16T09:11:12+00:00\",\"dateModified\":\"2026-03-16T09:13:52+00:00\",\"mainEntityOfPage\":{\"@id\":\"https:\\\/\\\/sodepal.es\\\/sodepal-gestiona-en-2026-un-presupuesto-de-88-millones-de-euros-e-impulsa-un-nuevo-departamento-para-fortalecer-la-cultura-en-la-palma\\\/\"},\"wordCount\":791,\"commentCount\":0,\"publisher\":{\"@id\":\"https:\\\/\\\/sodepal.es\\\/#organization\"},\"image\":{\"@id\":\"https:\\\/\\\/sodepal.es\\\/sodepal-gestiona-en-2026-un-presupuesto-de-88-millones-de-euros-e-impulsa-un-nuevo-departamento-para-fortalecer-la-cultura-en-la-palma\\\/#primaryimage\"},\"thumbnailUrl\":\"https:\\\/\\\/sodepal.es\\\/wp-content\\\/uploads\\\/2026\\\/03\\\/Miriam-Perestelo_0.jpg\",\"articleSection\":[\"Noticias\"],\"inLanguage\":\"en-GB\",\"potentialAction\":[{\"@type\":\"CommentAction\",\"name\":\"Comment\",\"target\":[\"https:\\\/\\\/sodepal.es\\\/sodepal-gestiona-en-2026-un-presupuesto-de-88-millones-de-euros-e-impulsa-un-nuevo-departamento-para-fortalecer-la-cultura-en-la-palma\\\/#respond\"]}]},{\"@type\":\"WebPage\",\"@id\":\"https:\\\/\\\/sodepal.es\\\/sodepal-gestiona-en-2026-un-presupuesto-de-88-millones-de-euros-e-impulsa-un-nuevo-departamento-para-fortalecer-la-cultura-en-la-palma\\\/\",\"url\":\"https:\\\/\\\/sodepal.es\\\/sodepal-gestiona-en-2026-un-presupuesto-de-88-millones-de-euros-e-impulsa-un-nuevo-departamento-para-fortalecer-la-cultura-en-la-palma\\\/\",\"name\":\"Sodepal gestiona en 2026 un presupuesto de 8,8 millones de euros e impulsa un nuevo departamento para fortalecer la cultura en La Palma - Sociedad de Promoci\u00f3n y Desarrollo Econ\u00f3mico y Social de La Palma - SODEPAL\",\"isPartOf\":{\"@id\":\"https:\\\/\\\/sodepal.es\\\/#website\"},\"primaryImageOfPage\":{\"@id\":\"https:\\\/\\\/sodepal.es\\\/sodepal-gestiona-en-2026-un-presupuesto-de-88-millones-de-euros-e-impulsa-un-nuevo-departamento-para-fortalecer-la-cultura-en-la-palma\\\/#primaryimage\"},\"image\":{\"@id\":\"https:\\\/\\\/sodepal.es\\\/sodepal-gestiona-en-2026-un-presupuesto-de-88-millones-de-euros-e-impulsa-un-nuevo-departamento-para-fortalecer-la-cultura-en-la-palma\\\/#primaryimage\"},\"thumbnailUrl\":\"https:\\\/\\\/sodepal.es\\\/wp-content\\\/uploads\\\/2026\\\/03\\\/Miriam-Perestelo_0.jpg\",\"datePublished\":\"2026-03-16T09:11:12+00:00\",\"dateModified\":\"2026-03-16T09:13:52+00:00\",\"description\":\"Toda la actualidad de los proyectos y eventos desarrollados por SODEPAL\",\"breadcrumb\":{\"@id\":\"https:\\\/\\\/sodepal.es\\\/sodepal-gestiona-en-2026-un-presupuesto-de-88-millones-de-euros-e-impulsa-un-nuevo-departamento-para-fortalecer-la-cultura-en-la-palma\\\/#breadcrumb\"},\"inLanguage\":\"en-GB\",\"potentialAction\":[{\"@type\":\"ReadAction\",\"target\":[\"https:\\\/\\\/sodepal.es\\\/sodepal-gestiona-en-2026-un-presupuesto-de-88-millones-de-euros-e-impulsa-un-nuevo-departamento-para-fortalecer-la-cultura-en-la-palma\\\/\"]}]},{\"@type\":\"ImageObject\",\"inLanguage\":\"en-GB\",\"@id\":\"https:\\\/\\\/sodepal.es\\\/sodepal-gestiona-en-2026-un-presupuesto-de-88-millones-de-euros-e-impulsa-un-nuevo-departamento-para-fortalecer-la-cultura-en-la-palma\\\/#primaryimage\",\"url\":\"https:\\\/\\\/sodepal.es\\\/wp-content\\\/uploads\\\/2026\\\/03\\\/Miriam-Perestelo_0.jpg\",\"contentUrl\":\"https:\\\/\\\/sodepal.es\\\/wp-content\\\/uploads\\\/2026\\\/03\\\/Miriam-Perestelo_0.jpg\",\"width\":1200,\"height\":675},{\"@type\":\"BreadcrumbList\",\"@id\":\"https:\\\/\\\/sodepal.es\\\/sodepal-gestiona-en-2026-un-presupuesto-de-88-millones-de-euros-e-impulsa-un-nuevo-departamento-para-fortalecer-la-cultura-en-la-palma\\\/#breadcrumb\",\"itemListElement\":[{\"@type\":\"ListItem\",\"position\":1,\"name\":\"Inicio\",\"item\":\"https:\\\/\\\/sodepal.es\\\/\"},{\"@type\":\"ListItem\",\"position\":2,\"name\":\"Sodepal gestiona en 2026 un presupuesto de 8,8 millones de euros e impulsa un nuevo departamento para fortalecer la cultura en La Palma\"}]},{\"@type\":\"WebSite\",\"@id\":\"https:\\\/\\\/sodepal.es\\\/#website\",\"url\":\"https:\\\/\\\/sodepal.es\\\/\",\"name\":\"Sodepal\",\"description\":\"SODEPAL es una empresa p\u00fablica dependiente del Cabildo de La Palma. Promoci\u00f3n, Fomento y Desarrollo para la isla de La Palma\",\"publisher\":{\"@id\":\"https:\\\/\\\/sodepal.es\\\/#organization\"},\"alternateName\":\"Sociedad de Promoci\u00f3n y Desarrollo Econ\u00f3mico y Social de La Palma\",\"potentialAction\":[{\"@type\":\"SearchAction\",\"target\":{\"@type\":\"EntryPoint\",\"urlTemplate\":\"https:\\\/\\\/sodepal.es\\\/?s={search_term_string}\"},\"query-input\":{\"@type\":\"PropertyValueSpecification\",\"valueRequired\":true,\"valueName\":\"search_term_string\"}}],\"inLanguage\":\"en-GB\"},{\"@type\":\"Organization\",\"@id\":\"https:\\\/\\\/sodepal.es\\\/#organization\",\"name\":\"Sociedad de Promoci\u00f3n y Desarrollo Econ\u00f3mico y Social de La Palma\",\"alternateName\":\"Sodepal\",\"url\":\"https:\\\/\\\/sodepal.es\\\/\",\"logo\":{\"@type\":\"ImageObject\",\"inLanguage\":\"en-GB\",\"@id\":\"https:\\\/\\\/sodepal.es\\\/#\\\/schema\\\/logo\\\/image\\\/\",\"url\":\"https:\\\/\\\/sodepal.es\\\/wp-content\\\/uploads\\\/2022\\\/09\\\/logo_web.png\",\"contentUrl\":\"https:\\\/\\\/sodepal.es\\\/wp-content\\\/uploads\\\/2022\\\/09\\\/logo_web.png\",\"width\":658,\"height\":156,\"caption\":\"Sociedad de Promoci\u00f3n y Desarrollo Econ\u00f3mico y Social de La Palma\"},\"image\":{\"@id\":\"https:\\\/\\\/sodepal.es\\\/#\\\/schema\\\/logo\\\/image\\\/\"},\"sameAs\":[\"https:\\\/\\\/www.facebook.com\\\/sodepal\",\"https:\\\/\\\/www.instagram.com\\\/sodepallapalma\\\/\"],\"description\":\"Sociedad de Promoci\u00f3n y Desarrollo econ\u00f3mico y Social de La Palma, empresa p\u00fablica dependiente del Cabildo de La Palma\",\"email\":\"info@sodepal.es\",\"telephone\":\"922417323\",\"legalName\":\"Sociedad de Promoci\u00f3n y Desarrollo Econ\u00f3mico de la isla de La Palma S.A.U.\"},{\"@type\":\"Person\",\"@id\":\"https:\\\/\\\/sodepal.es\\\/#\\\/schema\\\/person\\\/43b1d623bde0c4ec4efd5656ef0958b2\",\"name\":\"gerencia\",\"image\":{\"@type\":\"ImageObject\",\"inLanguage\":\"en-GB\",\"@id\":\"https:\\\/\\\/secure.gravatar.com\\\/avatar\\\/2aa1ba3e33e6721e413a7499ea7cab2e4414b99cea1516e7404245c8da655d86?s=96&d=mm&r=g\",\"url\":\"https:\\\/\\\/secure.gravatar.com\\\/avatar\\\/2aa1ba3e33e6721e413a7499ea7cab2e4414b99cea1516e7404245c8da655d86?s=96&d=mm&r=g\",\"contentUrl\":\"https:\\\/\\\/secure.gravatar.com\\\/avatar\\\/2aa1ba3e33e6721e413a7499ea7cab2e4414b99cea1516e7404245c8da655d86?s=96&d=mm&r=g\",\"caption\":\"gerencia\"}}]}<\/script>\n<!-- \/ Yoast SEO Premium plugin. -->","yoast_head_json":{"title":"Sodepal gestiona en 2026 un presupuesto de 8,8 millones de euros e impulsa un nuevo departamento para fortalecer la cultura en La Palma - Sociedad de Promoci\u00f3n y Desarrollo Econ\u00f3mico y Social de La Palma - SODEPAL","description":"Toda la actualidad de los proyectos y eventos desarrollados por SODEPAL","robots":{"index":"index","follow":"follow","max-snippet":"max-snippet:-1","max-image-preview":"max-image-preview:large","max-video-preview":"max-video-preview:-1"},"canonical":"https:\/\/sodepal.es\/en\/sodepal-gestiona-en-2026-un-presupuesto-de-88-millones-de-euros-e-impulsa-un-nuevo-departamento-para-fortalecer-la-cultura-en-la-palma\/","og_locale":"en_GB","og_type":"article","og_title":"Sodepal gestiona en 2026 un presupuesto de 8,8 millones de euros e impulsa un nuevo departamento para fortalecer la cultura en La Palma","og_description":"Toda la actualidad de los proyectos y eventos desarrollados por SODEPAL","og_url":"https:\/\/sodepal.es\/en\/sodepal-gestiona-en-2026-un-presupuesto-de-88-millones-de-euros-e-impulsa-un-nuevo-departamento-para-fortalecer-la-cultura-en-la-palma\/","og_site_name":"Sociedad de Promoci\u00f3n y Desarrollo Econ\u00f3mico y Social de La Palma - SODEPAL","article_publisher":"https:\/\/www.facebook.com\/sodepal","article_published_time":"2026-03-16T09:11:12+00:00","article_modified_time":"2026-03-16T09:13:52+00:00","og_image":[{"width":1200,"height":675,"url":"https:\/\/sodepal.es\/wp-content\/uploads\/2026\/03\/Miriam-Perestelo_0.jpg","type":"image\/jpeg"}],"author":"gerencia","twitter_card":"summary_large_image","schema":{"@context":"https:\/\/schema.org","@graph":[{"@type":"Article","@id":"https:\/\/sodepal.es\/sodepal-gestiona-en-2026-un-presupuesto-de-88-millones-de-euros-e-impulsa-un-nuevo-departamento-para-fortalecer-la-cultura-en-la-palma\/#article","isPartOf":{"@id":"https:\/\/sodepal.es\/sodepal-gestiona-en-2026-un-presupuesto-de-88-millones-de-euros-e-impulsa-un-nuevo-departamento-para-fortalecer-la-cultura-en-la-palma\/"},"author":{"name":"gerencia","@id":"https:\/\/sodepal.es\/#\/schema\/person\/43b1d623bde0c4ec4efd5656ef0958b2"},"headline":"Sodepal gestiona en 2026 un presupuesto de 8,8 millones de euros e impulsa un nuevo departamento para fortalecer la cultura en La Palma","datePublished":"2026-03-16T09:11:12+00:00","dateModified":"2026-03-16T09:13:52+00:00","mainEntityOfPage":{"@id":"https:\/\/sodepal.es\/sodepal-gestiona-en-2026-un-presupuesto-de-88-millones-de-euros-e-impulsa-un-nuevo-departamento-para-fortalecer-la-cultura-en-la-palma\/"},"wordCount":791,"commentCount":0,"publisher":{"@id":"https:\/\/sodepal.es\/#organization"},"image":{"@id":"https:\/\/sodepal.es\/sodepal-gestiona-en-2026-un-presupuesto-de-88-millones-de-euros-e-impulsa-un-nuevo-departamento-para-fortalecer-la-cultura-en-la-palma\/#primaryimage"},"thumbnailUrl":"https:\/\/sodepal.es\/wp-content\/uploads\/2026\/03\/Miriam-Perestelo_0.jpg","articleSection":["Noticias"],"inLanguage":"en-GB","potentialAction":[{"@type":"CommentAction","name":"Comment","target":["https:\/\/sodepal.es\/sodepal-gestiona-en-2026-un-presupuesto-de-88-millones-de-euros-e-impulsa-un-nuevo-departamento-para-fortalecer-la-cultura-en-la-palma\/#respond"]}]},{"@type":"WebPage","@id":"https:\/\/sodepal.es\/sodepal-gestiona-en-2026-un-presupuesto-de-88-millones-de-euros-e-impulsa-un-nuevo-departamento-para-fortalecer-la-cultura-en-la-palma\/","url":"https:\/\/sodepal.es\/sodepal-gestiona-en-2026-un-presupuesto-de-88-millones-de-euros-e-impulsa-un-nuevo-departamento-para-fortalecer-la-cultura-en-la-palma\/","name":"Sodepal gestiona en 2026 un presupuesto de 8,8 millones de euros e impulsa un nuevo departamento para fortalecer la cultura en La Palma - Sociedad de Promoci\u00f3n y Desarrollo Econ\u00f3mico y Social de La Palma - SODEPAL","isPartOf":{"@id":"https:\/\/sodepal.es\/#website"},"primaryImageOfPage":{"@id":"https:\/\/sodepal.es\/sodepal-gestiona-en-2026-un-presupuesto-de-88-millones-de-euros-e-impulsa-un-nuevo-departamento-para-fortalecer-la-cultura-en-la-palma\/#primaryimage"},"image":{"@id":"https:\/\/sodepal.es\/sodepal-gestiona-en-2026-un-presupuesto-de-88-millones-de-euros-e-impulsa-un-nuevo-departamento-para-fortalecer-la-cultura-en-la-palma\/#primaryimage"},"thumbnailUrl":"https:\/\/sodepal.es\/wp-content\/uploads\/2026\/03\/Miriam-Perestelo_0.jpg","datePublished":"2026-03-16T09:11:12+00:00","dateModified":"2026-03-16T09:13:52+00:00","description":"Toda la actualidad de los proyectos y eventos desarrollados por SODEPAL","breadcrumb":{"@id":"https:\/\/sodepal.es\/sodepal-gestiona-en-2026-un-presupuesto-de-88-millones-de-euros-e-impulsa-un-nuevo-departamento-para-fortalecer-la-cultura-en-la-palma\/#breadcrumb"},"inLanguage":"en-GB","potentialAction":[{"@type":"ReadAction","target":["https:\/\/sodepal.es\/sodepal-gestiona-en-2026-un-presupuesto-de-88-millones-de-euros-e-impulsa-un-nuevo-departamento-para-fortalecer-la-cultura-en-la-palma\/"]}]},{"@type":"ImageObject","inLanguage":"en-GB","@id":"https:\/\/sodepal.es\/sodepal-gestiona-en-2026-un-presupuesto-de-88-millones-de-euros-e-impulsa-un-nuevo-departamento-para-fortalecer-la-cultura-en-la-palma\/#primaryimage","url":"https:\/\/sodepal.es\/wp-content\/uploads\/2026\/03\/Miriam-Perestelo_0.jpg","contentUrl":"https:\/\/sodepal.es\/wp-content\/uploads\/2026\/03\/Miriam-Perestelo_0.jpg","width":1200,"height":675},{"@type":"BreadcrumbList","@id":"https:\/\/sodepal.es\/sodepal-gestiona-en-2026-un-presupuesto-de-88-millones-de-euros-e-impulsa-un-nuevo-departamento-para-fortalecer-la-cultura-en-la-palma\/#breadcrumb","itemListElement":[{"@type":"ListItem","position":1,"name":"Inicio","item":"https:\/\/sodepal.es\/"},{"@type":"ListItem","position":2,"name":"Sodepal gestiona en 2026 un presupuesto de 8,8 millones de euros e impulsa un nuevo departamento para fortalecer la cultura en La Palma"}]},{"@type":"WebSite","@id":"https:\/\/sodepal.es\/#website","url":"https:\/\/sodepal.es\/","name":"Sodepal","description":"SODEPAL es una empresa p\u00fablica dependiente del Cabildo de La Palma. Promoci\u00f3n, Fomento y Desarrollo para la isla de La Palma","publisher":{"@id":"https:\/\/sodepal.es\/#organization"},"alternateName":"Sociedad de Promoci\u00f3n y Desarrollo Econ\u00f3mico y Social de La Palma","potentialAction":[{"@type":"SearchAction","target":{"@type":"EntryPoint","urlTemplate":"https:\/\/sodepal.es\/?s={search_term_string}"},"query-input":{"@type":"PropertyValueSpecification","valueRequired":true,"valueName":"search_term_string"}}],"inLanguage":"en-GB"},{"@type":"Organization","@id":"https:\/\/sodepal.es\/#organization","name":"Sociedad de Promoci\u00f3n y Desarrollo Econ\u00f3mico y Social de La Palma","alternateName":"Sodepal","url":"https:\/\/sodepal.es\/","logo":{"@type":"ImageObject","inLanguage":"en-GB","@id":"https:\/\/sodepal.es\/#\/schema\/logo\/image\/","url":"https:\/\/sodepal.es\/wp-content\/uploads\/2022\/09\/logo_web.png","contentUrl":"https:\/\/sodepal.es\/wp-content\/uploads\/2022\/09\/logo_web.png","width":658,"height":156,"caption":"Sociedad de Promoci\u00f3n y Desarrollo Econ\u00f3mico y Social de La Palma"},"image":{"@id":"https:\/\/sodepal.es\/#\/schema\/logo\/image\/"},"sameAs":["https:\/\/www.facebook.com\/sodepal","https:\/\/www.instagram.com\/sodepallapalma\/"],"description":"Sociedad de Promoci\u00f3n y Desarrollo econ\u00f3mico y Social de La Palma, empresa p\u00fablica dependiente del Cabildo de La Palma","email":"info@sodepal.es","telephone":"922417323","legalName":"Sociedad de Promoci\u00f3n y Desarrollo Econ\u00f3mico de la isla de La Palma S.A.U."},{"@type":"Person","@id":"https:\/\/sodepal.es\/#\/schema\/person\/43b1d623bde0c4ec4efd5656ef0958b2","name":"gerencia","image":{"@type":"ImageObject","inLanguage":"en-GB","@id":"https:\/\/secure.gravatar.com\/avatar\/2aa1ba3e33e6721e413a7499ea7cab2e4414b99cea1516e7404245c8da655d86?s=96&d=mm&r=g","url":"https:\/\/secure.gravatar.com\/avatar\/2aa1ba3e33e6721e413a7499ea7cab2e4414b99cea1516e7404245c8da655d86?s=96&d=mm&r=g","contentUrl":"https:\/\/secure.gravatar.com\/avatar\/2aa1ba3e33e6721e413a7499ea7cab2e4414b99cea1516e7404245c8da655d86?s=96&d=mm&r=g","caption":"gerencia"}}]}},"_links":{"self":[{"href":"https:\/\/sodepal.es\/en\/wp-json\/wp\/v2\/posts\/26134","targetHints":{"allow":["GET"]}}],"collection":[{"href":"https:\/\/sodepal.es\/en\/wp-json\/wp\/v2\/posts"}],"about":[{"href":"https:\/\/sodepal.es\/en\/wp-json\/wp\/v2\/types\/post"}],"author":[{"embeddable":true,"href":"https:\/\/sodepal.es\/en\/wp-json\/wp\/v2\/users\/1"}],"replies":[{"embeddable":true,"href":"https:\/\/sodepal.es\/en\/wp-json\/wp\/v2\/comments?post=26134"}],"version-history":[{"count":7,"href":"https:\/\/sodepal.es\/en\/wp-json\/wp\/v2\/posts\/26134\/revisions"}],"predecessor-version":[{"id":26142,"href":"https:\/\/sodepal.es\/en\/wp-json\/wp\/v2\/posts\/26134\/revisions\/26142"}],"wp:featuredmedia":[{"embeddable":true,"href":"https:\/\/sodepal.es\/en\/wp-json\/wp\/v2\/media\/26136"}],"wp:attachment":[{"href":"https:\/\/sodepal.es\/en\/wp-json\/wp\/v2\/media?parent=26134"}],"wp:term":[{"taxonomy":"category","embeddable":true,"href":"https:\/\/sodepal.es\/en\/wp-json\/wp\/v2\/categories?post=26134"},{"taxonomy":"post_tag","embeddable":true,"href":"https:\/\/sodepal.es\/en\/wp-json\/wp\/v2\/tags?post=26134"}],"curies":[{"name":"wp","href":"https:\/\/api.w.org\/{rel}","templated":true}]}}