{"id":26345,"date":"2026-04-27T07:44:25","date_gmt":"2026-04-27T07:44:25","guid":{"rendered":"https:\/\/sodepal.es\/?p=26345"},"modified":"2026-04-27T07:46:37","modified_gmt":"2026-04-27T07:46:37","slug":"el-cabildo-fomenta-la-sostenibilidad-con-la-plantacion-de-especies-endemicas","status":"publish","type":"post","link":"https:\/\/sodepal.es\/en\/el-cabildo-fomenta-la-sostenibilidad-con-la-plantacion-de-especies-endemicas\/","title":{"rendered":"El Cabildo fomenta la sostenibilidad con la plantaci\u00f3n de especies end\u00e9micas"},"content":{"rendered":"<div data-elementor-type=\"wp-post\" data-elementor-id=\"26345\" class=\"elementor elementor-26345\" data-elementor-post-type=\"post\">\n\t\t\t\t\t\t<section class=\"elementor-section elementor-top-section elementor-element elementor-element-36d1fa0 elementor-section-boxed elementor-section-height-default elementor-section-height-default\" data-id=\"36d1fa0\" data-element_type=\"section\" data-e-type=\"section\">\n\t\t\t\t\t\t<div class=\"elementor-container elementor-column-gap-default\">\n\t\t\t\t\t<div class=\"elementor-column elementor-col-100 elementor-top-column elementor-element elementor-element-20481759\" data-id=\"20481759\" data-element_type=\"column\" data-e-type=\"column\">\n\t\t\t<div class=\"elementor-widget-wrap elementor-element-populated\">\n\t\t\t\t\t\t<div class=\"elementor-element elementor-element-203ce316 elementor-widget elementor-widget-text-editor\" data-id=\"203ce316\" data-element_type=\"widget\" data-e-type=\"widget\" data-widget_type=\"text-editor.default\">\n\t\t\t\t<div class=\"elementor-widget-container\">\n\t\t\t\t\t\t\t\t\t<p>El Cabildo de La Palma fomenta la sostenibilidad con la plantaci\u00f3n de especies end\u00e9micas en su medio natural, para que puedan crecer manteniendo nuestro paisaje y biodiversidad a la vez que se reduce la huella de carbono.<\/p><p>La consejera de Medio Ambiente, M\u00f3nica G\u00f3mez, particip\u00f3 en esta actividad, que se enmarca dentro de las actuaciones con motivo de la Transvulcania adidas,y que se realiz\u00f3 en el Refugio del Pilar.<\/p><p>M\u00f3nica G\u00f3mez destaca que \u201ceste tipo de acciones supone un beneficio importante para los ecosistemas y el suelo local. La plantaci\u00f3n de estas especies end\u00e9micas en su medio natural ayuda a combatir la erosi\u00f3n del suelo y mejorar la fertilidad del mismo\u201d, a\u00f1ade.<\/p><p>Desde la instituci\u00f3n insular se contin\u00faa con la ejecuci\u00f3n de acciones que favorezcan la sostenibilidad y el cuidado medioambiental de la isla.<\/p>\t\t\t\t\t\t\t\t<\/div>\n\t\t\t\t<\/div>\n\t\t\t\t\t<\/div>\n\t\t<\/div>\n\t\t\t\t\t<\/div>\n\t\t<\/section>\n\t\t\t\t<\/div>","protected":false},"excerpt":{"rendered":"<p>El Cabildo de La Palma fomenta la sostenibilidad con la plantaci\u00f3n de especies end\u00e9micas en su medio natural, para que puedan crecer manteniendo nuestro paisaje y biodiversidad a la vez que se reduce la huella de carbono. La consejera de Medio Ambiente, M\u00f3nica G\u00f3mez, particip\u00f3 en esta actividad, que se enmarca dentro de las actuaciones &#8230; <a title=\"El Cabildo fomenta la sostenibilidad con la plantaci\u00f3n de especies end\u00e9micas\" class=\"read-more\" href=\"https:\/\/sodepal.es\/en\/el-cabildo-fomenta-la-sostenibilidad-con-la-plantacion-de-especies-endemicas\/\" aria-label=\"Read more about El Cabildo fomenta la sostenibilidad con la plantaci\u00f3n de especies end\u00e9micas\">Read more<\/a><\/p>","protected":false},"author":1,"featured_media":26347,"comment_status":"open","ping_status":"open","sticky":false,"template":"","format":"standard","meta":{"_acf_changed":false,"footnotes":""},"categories":[19],"tags":[],"class_list":["post-26345","post","type-post","status-publish","format-standard","has-post-thumbnail","hentry","category-noticias"],"acf":[],"yoast_head":"<!-- This site is optimized with the Yoast SEO Premium plugin v22.0 (Yoast SEO v27.4) - https:\/\/yoast.com\/product\/yoast-seo-premium-wordpress\/ -->\n<title>El Cabildo fomenta la sostenibilidad con la plantaci\u00f3n de especies end\u00e9micas - Sociedad de Promoci\u00f3n y Desarrollo Econ\u00f3mico y Social de La Palma - SODEPAL<\/title>\n<meta name=\"description\" content=\"Toda la actualidad de los proyectos y eventos desarrollados por SODEPAL\" \/>\n<meta name=\"robots\" content=\"index, follow, max-snippet:-1, max-image-preview:large, max-video-preview:-1\" \/>\n<link rel=\"canonical\" href=\"https:\/\/sodepal.es\/en\/el-cabildo-fomenta-la-sostenibilidad-con-la-plantacion-de-especies-endemicas\/\" \/>\n<meta property=\"og:locale\" content=\"en_GB\" \/>\n<meta property=\"og:type\" content=\"article\" \/>\n<meta property=\"og:title\" content=\"El Cabildo fomenta la sostenibilidad con la plantaci\u00f3n de especies end\u00e9micas\" \/>\n<meta property=\"og:description\" content=\"Toda la actualidad de los proyectos y eventos desarrollados por SODEPAL\" \/>\n<meta property=\"og:url\" content=\"https:\/\/sodepal.es\/en\/el-cabildo-fomenta-la-sostenibilidad-con-la-plantacion-de-especies-endemicas\/\" \/>\n<meta property=\"og:site_name\" content=\"Sociedad de Promoci\u00f3n y Desarrollo Econ\u00f3mico y Social de La Palma - SODEPAL\" \/>\n<meta property=\"article:publisher\" content=\"https:\/\/www.facebook.com\/sodepal\" \/>\n<meta property=\"article:published_time\" content=\"2026-04-27T07:44:25+00:00\" \/>\n<meta property=\"article:modified_time\" content=\"2026-04-27T07:46:37+00:00\" \/>\n<meta property=\"og:image\" content=\"https:\/\/sodepal.es\/wp-content\/uploads\/2026\/04\/Plantacion.jpeg\" \/>\n\t<meta property=\"og:image:width\" content=\"2560\" \/>\n\t<meta property=\"og:image:height\" content=\"1920\" \/>\n\t<meta property=\"og:image:type\" content=\"image\/jpeg\" \/>\n<meta name=\"author\" content=\"gerencia\" \/>\n<meta name=\"twitter:card\" content=\"summary_large_image\" \/>\n<script type=\"application\/ld+json\" class=\"yoast-schema-graph\">{\"@context\":\"https:\\\/\\\/schema.org\",\"@graph\":[{\"@type\":\"Article\",\"@id\":\"https:\\\/\\\/sodepal.es\\\/el-cabildo-fomenta-la-sostenibilidad-con-la-plantacion-de-especies-endemicas\\\/#article\",\"isPartOf\":{\"@id\":\"https:\\\/\\\/sodepal.es\\\/el-cabildo-fomenta-la-sostenibilidad-con-la-plantacion-de-especies-endemicas\\\/\"},\"author\":{\"name\":\"gerencia\",\"@id\":\"https:\\\/\\\/sodepal.es\\\/#\\\/schema\\\/person\\\/43b1d623bde0c4ec4efd5656ef0958b2\"},\"headline\":\"El Cabildo fomenta la sostenibilidad con la plantaci\u00f3n de especies end\u00e9micas\",\"datePublished\":\"2026-04-27T07:44:25+00:00\",\"dateModified\":\"2026-04-27T07:46:37+00:00\",\"mainEntityOfPage\":{\"@id\":\"https:\\\/\\\/sodepal.es\\\/el-cabildo-fomenta-la-sostenibilidad-con-la-plantacion-de-especies-endemicas\\\/\"},\"wordCount\":161,\"commentCount\":0,\"publisher\":{\"@id\":\"https:\\\/\\\/sodepal.es\\\/#organization\"},\"image\":{\"@id\":\"https:\\\/\\\/sodepal.es\\\/el-cabildo-fomenta-la-sostenibilidad-con-la-plantacion-de-especies-endemicas\\\/#primaryimage\"},\"thumbnailUrl\":\"https:\\\/\\\/sodepal.es\\\/wp-content\\\/uploads\\\/2026\\\/04\\\/Plantacion.jpeg\",\"articleSection\":[\"Noticias\"],\"inLanguage\":\"en-GB\",\"potentialAction\":[{\"@type\":\"CommentAction\",\"name\":\"Comment\",\"target\":[\"https:\\\/\\\/sodepal.es\\\/el-cabildo-fomenta-la-sostenibilidad-con-la-plantacion-de-especies-endemicas\\\/#respond\"]}]},{\"@type\":\"WebPage\",\"@id\":\"https:\\\/\\\/sodepal.es\\\/el-cabildo-fomenta-la-sostenibilidad-con-la-plantacion-de-especies-endemicas\\\/\",\"url\":\"https:\\\/\\\/sodepal.es\\\/el-cabildo-fomenta-la-sostenibilidad-con-la-plantacion-de-especies-endemicas\\\/\",\"name\":\"El Cabildo fomenta la sostenibilidad con la plantaci\u00f3n de especies end\u00e9micas - Sociedad de Promoci\u00f3n y Desarrollo Econ\u00f3mico y Social de La Palma - SODEPAL\",\"isPartOf\":{\"@id\":\"https:\\\/\\\/sodepal.es\\\/#website\"},\"primaryImageOfPage\":{\"@id\":\"https:\\\/\\\/sodepal.es\\\/el-cabildo-fomenta-la-sostenibilidad-con-la-plantacion-de-especies-endemicas\\\/#primaryimage\"},\"image\":{\"@id\":\"https:\\\/\\\/sodepal.es\\\/el-cabildo-fomenta-la-sostenibilidad-con-la-plantacion-de-especies-endemicas\\\/#primaryimage\"},\"thumbnailUrl\":\"https:\\\/\\\/sodepal.es\\\/wp-content\\\/uploads\\\/2026\\\/04\\\/Plantacion.jpeg\",\"datePublished\":\"2026-04-27T07:44:25+00:00\",\"dateModified\":\"2026-04-27T07:46:37+00:00\",\"description\":\"Toda la actualidad de los proyectos y eventos desarrollados por SODEPAL\",\"breadcrumb\":{\"@id\":\"https:\\\/\\\/sodepal.es\\\/el-cabildo-fomenta-la-sostenibilidad-con-la-plantacion-de-especies-endemicas\\\/#breadcrumb\"},\"inLanguage\":\"en-GB\",\"potentialAction\":[{\"@type\":\"ReadAction\",\"target\":[\"https:\\\/\\\/sodepal.es\\\/el-cabildo-fomenta-la-sostenibilidad-con-la-plantacion-de-especies-endemicas\\\/\"]}]},{\"@type\":\"ImageObject\",\"inLanguage\":\"en-GB\",\"@id\":\"https:\\\/\\\/sodepal.es\\\/el-cabildo-fomenta-la-sostenibilidad-con-la-plantacion-de-especies-endemicas\\\/#primaryimage\",\"url\":\"https:\\\/\\\/sodepal.es\\\/wp-content\\\/uploads\\\/2026\\\/04\\\/Plantacion.jpeg\",\"contentUrl\":\"https:\\\/\\\/sodepal.es\\\/wp-content\\\/uploads\\\/2026\\\/04\\\/Plantacion.jpeg\",\"width\":2560,\"height\":1920},{\"@type\":\"BreadcrumbList\",\"@id\":\"https:\\\/\\\/sodepal.es\\\/el-cabildo-fomenta-la-sostenibilidad-con-la-plantacion-de-especies-endemicas\\\/#breadcrumb\",\"itemListElement\":[{\"@type\":\"ListItem\",\"position\":1,\"name\":\"Inicio\",\"item\":\"https:\\\/\\\/sodepal.es\\\/\"},{\"@type\":\"ListItem\",\"position\":2,\"name\":\"El Cabildo fomenta la sostenibilidad con la plantaci\u00f3n de especies end\u00e9micas\"}]},{\"@type\":\"WebSite\",\"@id\":\"https:\\\/\\\/sodepal.es\\\/#website\",\"url\":\"https:\\\/\\\/sodepal.es\\\/\",\"name\":\"Sodepal\",\"description\":\"SODEPAL es una empresa p\u00fablica dependiente del Cabildo de La Palma. Promoci\u00f3n, Fomento y Desarrollo para la isla de La Palma\",\"publisher\":{\"@id\":\"https:\\\/\\\/sodepal.es\\\/#organization\"},\"alternateName\":\"Sociedad de Promoci\u00f3n y Desarrollo Econ\u00f3mico y Social de La Palma\",\"potentialAction\":[{\"@type\":\"SearchAction\",\"target\":{\"@type\":\"EntryPoint\",\"urlTemplate\":\"https:\\\/\\\/sodepal.es\\\/?s={search_term_string}\"},\"query-input\":{\"@type\":\"PropertyValueSpecification\",\"valueRequired\":true,\"valueName\":\"search_term_string\"}}],\"inLanguage\":\"en-GB\"},{\"@type\":\"Organization\",\"@id\":\"https:\\\/\\\/sodepal.es\\\/#organization\",\"name\":\"Sociedad de Promoci\u00f3n y Desarrollo Econ\u00f3mico y Social de La Palma\",\"alternateName\":\"Sodepal\",\"url\":\"https:\\\/\\\/sodepal.es\\\/\",\"logo\":{\"@type\":\"ImageObject\",\"inLanguage\":\"en-GB\",\"@id\":\"https:\\\/\\\/sodepal.es\\\/#\\\/schema\\\/logo\\\/image\\\/\",\"url\":\"https:\\\/\\\/sodepal.es\\\/wp-content\\\/uploads\\\/2022\\\/09\\\/logo_web.png\",\"contentUrl\":\"https:\\\/\\\/sodepal.es\\\/wp-content\\\/uploads\\\/2022\\\/09\\\/logo_web.png\",\"width\":658,\"height\":156,\"caption\":\"Sociedad de Promoci\u00f3n y Desarrollo Econ\u00f3mico y Social de La Palma\"},\"image\":{\"@id\":\"https:\\\/\\\/sodepal.es\\\/#\\\/schema\\\/logo\\\/image\\\/\"},\"sameAs\":[\"https:\\\/\\\/www.facebook.com\\\/sodepal\",\"https:\\\/\\\/www.instagram.com\\\/sodepallapalma\\\/\"],\"description\":\"Sociedad de Promoci\u00f3n y Desarrollo econ\u00f3mico y Social de La Palma, empresa p\u00fablica dependiente del Cabildo de La Palma\",\"email\":\"info@sodepal.es\",\"telephone\":\"922417323\",\"legalName\":\"Sociedad de Promoci\u00f3n y Desarrollo Econ\u00f3mico de la isla de La Palma S.A.U.\"},{\"@type\":\"Person\",\"@id\":\"https:\\\/\\\/sodepal.es\\\/#\\\/schema\\\/person\\\/43b1d623bde0c4ec4efd5656ef0958b2\",\"name\":\"gerencia\",\"image\":{\"@type\":\"ImageObject\",\"inLanguage\":\"en-GB\",\"@id\":\"https:\\\/\\\/secure.gravatar.com\\\/avatar\\\/2aa1ba3e33e6721e413a7499ea7cab2e4414b99cea1516e7404245c8da655d86?s=96&d=mm&r=g\",\"url\":\"https:\\\/\\\/secure.gravatar.com\\\/avatar\\\/2aa1ba3e33e6721e413a7499ea7cab2e4414b99cea1516e7404245c8da655d86?s=96&d=mm&r=g\",\"contentUrl\":\"https:\\\/\\\/secure.gravatar.com\\\/avatar\\\/2aa1ba3e33e6721e413a7499ea7cab2e4414b99cea1516e7404245c8da655d86?s=96&d=mm&r=g\",\"caption\":\"gerencia\"}}]}<\/script>\n<!-- \/ Yoast SEO Premium plugin. -->","yoast_head_json":{"title":"El Cabildo fomenta la sostenibilidad con la plantaci\u00f3n de especies end\u00e9micas - Sociedad de Promoci\u00f3n y Desarrollo Econ\u00f3mico y Social de La Palma - SODEPAL","description":"Toda la actualidad de los proyectos y eventos desarrollados por SODEPAL","robots":{"index":"index","follow":"follow","max-snippet":"max-snippet:-1","max-image-preview":"max-image-preview:large","max-video-preview":"max-video-preview:-1"},"canonical":"https:\/\/sodepal.es\/en\/el-cabildo-fomenta-la-sostenibilidad-con-la-plantacion-de-especies-endemicas\/","og_locale":"en_GB","og_type":"article","og_title":"El Cabildo fomenta la sostenibilidad con la plantaci\u00f3n de especies end\u00e9micas","og_description":"Toda la actualidad de los proyectos y eventos desarrollados por SODEPAL","og_url":"https:\/\/sodepal.es\/en\/el-cabildo-fomenta-la-sostenibilidad-con-la-plantacion-de-especies-endemicas\/","og_site_name":"Sociedad de Promoci\u00f3n y Desarrollo Econ\u00f3mico y Social de La Palma - SODEPAL","article_publisher":"https:\/\/www.facebook.com\/sodepal","article_published_time":"2026-04-27T07:44:25+00:00","article_modified_time":"2026-04-27T07:46:37+00:00","og_image":[{"width":2560,"height":1920,"url":"https:\/\/sodepal.es\/wp-content\/uploads\/2026\/04\/Plantacion.jpeg","type":"image\/jpeg"}],"author":"gerencia","twitter_card":"summary_large_image","schema":{"@context":"https:\/\/schema.org","@graph":[{"@type":"Article","@id":"https:\/\/sodepal.es\/el-cabildo-fomenta-la-sostenibilidad-con-la-plantacion-de-especies-endemicas\/#article","isPartOf":{"@id":"https:\/\/sodepal.es\/el-cabildo-fomenta-la-sostenibilidad-con-la-plantacion-de-especies-endemicas\/"},"author":{"name":"gerencia","@id":"https:\/\/sodepal.es\/#\/schema\/person\/43b1d623bde0c4ec4efd5656ef0958b2"},"headline":"El Cabildo fomenta la sostenibilidad con la plantaci\u00f3n de especies end\u00e9micas","datePublished":"2026-04-27T07:44:25+00:00","dateModified":"2026-04-27T07:46:37+00:00","mainEntityOfPage":{"@id":"https:\/\/sodepal.es\/el-cabildo-fomenta-la-sostenibilidad-con-la-plantacion-de-especies-endemicas\/"},"wordCount":161,"commentCount":0,"publisher":{"@id":"https:\/\/sodepal.es\/#organization"},"image":{"@id":"https:\/\/sodepal.es\/el-cabildo-fomenta-la-sostenibilidad-con-la-plantacion-de-especies-endemicas\/#primaryimage"},"thumbnailUrl":"https:\/\/sodepal.es\/wp-content\/uploads\/2026\/04\/Plantacion.jpeg","articleSection":["Noticias"],"inLanguage":"en-GB","potentialAction":[{"@type":"CommentAction","name":"Comment","target":["https:\/\/sodepal.es\/el-cabildo-fomenta-la-sostenibilidad-con-la-plantacion-de-especies-endemicas\/#respond"]}]},{"@type":"WebPage","@id":"https:\/\/sodepal.es\/el-cabildo-fomenta-la-sostenibilidad-con-la-plantacion-de-especies-endemicas\/","url":"https:\/\/sodepal.es\/el-cabildo-fomenta-la-sostenibilidad-con-la-plantacion-de-especies-endemicas\/","name":"El Cabildo fomenta la sostenibilidad con la plantaci\u00f3n de especies end\u00e9micas - Sociedad de Promoci\u00f3n y Desarrollo Econ\u00f3mico y Social de La Palma - SODEPAL","isPartOf":{"@id":"https:\/\/sodepal.es\/#website"},"primaryImageOfPage":{"@id":"https:\/\/sodepal.es\/el-cabildo-fomenta-la-sostenibilidad-con-la-plantacion-de-especies-endemicas\/#primaryimage"},"image":{"@id":"https:\/\/sodepal.es\/el-cabildo-fomenta-la-sostenibilidad-con-la-plantacion-de-especies-endemicas\/#primaryimage"},"thumbnailUrl":"https:\/\/sodepal.es\/wp-content\/uploads\/2026\/04\/Plantacion.jpeg","datePublished":"2026-04-27T07:44:25+00:00","dateModified":"2026-04-27T07:46:37+00:00","description":"Toda la actualidad de los proyectos y eventos desarrollados por SODEPAL","breadcrumb":{"@id":"https:\/\/sodepal.es\/el-cabildo-fomenta-la-sostenibilidad-con-la-plantacion-de-especies-endemicas\/#breadcrumb"},"inLanguage":"en-GB","potentialAction":[{"@type":"ReadAction","target":["https:\/\/sodepal.es\/el-cabildo-fomenta-la-sostenibilidad-con-la-plantacion-de-especies-endemicas\/"]}]},{"@type":"ImageObject","inLanguage":"en-GB","@id":"https:\/\/sodepal.es\/el-cabildo-fomenta-la-sostenibilidad-con-la-plantacion-de-especies-endemicas\/#primaryimage","url":"https:\/\/sodepal.es\/wp-content\/uploads\/2026\/04\/Plantacion.jpeg","contentUrl":"https:\/\/sodepal.es\/wp-content\/uploads\/2026\/04\/Plantacion.jpeg","width":2560,"height":1920},{"@type":"BreadcrumbList","@id":"https:\/\/sodepal.es\/el-cabildo-fomenta-la-sostenibilidad-con-la-plantacion-de-especies-endemicas\/#breadcrumb","itemListElement":[{"@type":"ListItem","position":1,"name":"Inicio","item":"https:\/\/sodepal.es\/"},{"@type":"ListItem","position":2,"name":"El Cabildo fomenta la sostenibilidad con la plantaci\u00f3n de especies end\u00e9micas"}]},{"@type":"WebSite","@id":"https:\/\/sodepal.es\/#website","url":"https:\/\/sodepal.es\/","name":"Sodepal","description":"SODEPAL es una empresa p\u00fablica dependiente del Cabildo de La Palma. Promoci\u00f3n, Fomento y Desarrollo para la isla de La Palma","publisher":{"@id":"https:\/\/sodepal.es\/#organization"},"alternateName":"Sociedad de Promoci\u00f3n y Desarrollo Econ\u00f3mico y Social de La Palma","potentialAction":[{"@type":"SearchAction","target":{"@type":"EntryPoint","urlTemplate":"https:\/\/sodepal.es\/?s={search_term_string}"},"query-input":{"@type":"PropertyValueSpecification","valueRequired":true,"valueName":"search_term_string"}}],"inLanguage":"en-GB"},{"@type":"Organization","@id":"https:\/\/sodepal.es\/#organization","name":"Sociedad de Promoci\u00f3n y Desarrollo Econ\u00f3mico y Social de La Palma","alternateName":"Sodepal","url":"https:\/\/sodepal.es\/","logo":{"@type":"ImageObject","inLanguage":"en-GB","@id":"https:\/\/sodepal.es\/#\/schema\/logo\/image\/","url":"https:\/\/sodepal.es\/wp-content\/uploads\/2022\/09\/logo_web.png","contentUrl":"https:\/\/sodepal.es\/wp-content\/uploads\/2022\/09\/logo_web.png","width":658,"height":156,"caption":"Sociedad de Promoci\u00f3n y Desarrollo Econ\u00f3mico y Social de La Palma"},"image":{"@id":"https:\/\/sodepal.es\/#\/schema\/logo\/image\/"},"sameAs":["https:\/\/www.facebook.com\/sodepal","https:\/\/www.instagram.com\/sodepallapalma\/"],"description":"Sociedad de Promoci\u00f3n y Desarrollo econ\u00f3mico y Social de La Palma, empresa p\u00fablica dependiente del Cabildo de La Palma","email":"info@sodepal.es","telephone":"922417323","legalName":"Sociedad de Promoci\u00f3n y Desarrollo Econ\u00f3mico de la isla de La Palma S.A.U."},{"@type":"Person","@id":"https:\/\/sodepal.es\/#\/schema\/person\/43b1d623bde0c4ec4efd5656ef0958b2","name":"gerencia","image":{"@type":"ImageObject","inLanguage":"en-GB","@id":"https:\/\/secure.gravatar.com\/avatar\/2aa1ba3e33e6721e413a7499ea7cab2e4414b99cea1516e7404245c8da655d86?s=96&d=mm&r=g","url":"https:\/\/secure.gravatar.com\/avatar\/2aa1ba3e33e6721e413a7499ea7cab2e4414b99cea1516e7404245c8da655d86?s=96&d=mm&r=g","contentUrl":"https:\/\/secure.gravatar.com\/avatar\/2aa1ba3e33e6721e413a7499ea7cab2e4414b99cea1516e7404245c8da655d86?s=96&d=mm&r=g","caption":"gerencia"}}]}},"_links":{"self":[{"href":"https:\/\/sodepal.es\/en\/wp-json\/wp\/v2\/posts\/26345","targetHints":{"allow":["GET"]}}],"collection":[{"href":"https:\/\/sodepal.es\/en\/wp-json\/wp\/v2\/posts"}],"about":[{"href":"https:\/\/sodepal.es\/en\/wp-json\/wp\/v2\/types\/post"}],"author":[{"embeddable":true,"href":"https:\/\/sodepal.es\/en\/wp-json\/wp\/v2\/users\/1"}],"replies":[{"embeddable":true,"href":"https:\/\/sodepal.es\/en\/wp-json\/wp\/v2\/comments?post=26345"}],"version-history":[{"count":7,"href":"https:\/\/sodepal.es\/en\/wp-json\/wp\/v2\/posts\/26345\/revisions"}],"predecessor-version":[{"id":26353,"href":"https:\/\/sodepal.es\/en\/wp-json\/wp\/v2\/posts\/26345\/revisions\/26353"}],"wp:featuredmedia":[{"embeddable":true,"href":"https:\/\/sodepal.es\/en\/wp-json\/wp\/v2\/media\/26347"}],"wp:attachment":[{"href":"https:\/\/sodepal.es\/en\/wp-json\/wp\/v2\/media?parent=26345"}],"wp:term":[{"taxonomy":"category","embeddable":true,"href":"https:\/\/sodepal.es\/en\/wp-json\/wp\/v2\/categories?post=26345"},{"taxonomy":"post_tag","embeddable":true,"href":"https:\/\/sodepal.es\/en\/wp-json\/wp\/v2\/tags?post=26345"}],"curies":[{"name":"wp","href":"https:\/\/api.w.org\/{rel}","templated":true}]}}