{"id":26354,"date":"2026-04-27T15:57:36","date_gmt":"2026-04-27T15:57:36","guid":{"rendered":"https:\/\/sodepal.es\/?p=26354"},"modified":"2026-04-27T16:18:46","modified_gmt":"2026-04-27T16:18:46","slug":"cicar-refuerza-su-alianza-con-transvulcania-adidas-2026-y-consolida-su-apoyo-al-deporte-y-al-turismo-en-la-palma","status":"publish","type":"post","link":"https:\/\/sodepal.es\/en\/cicar-refuerza-su-alianza-con-transvulcania-adidas-2026-y-consolida-su-apoyo-al-deporte-y-al-turismo-en-la-palma\/","title":{"rendered":"CICAR refuerza su alianza con Transvulcania adidas 2026 y consolida su apoyo al deporte y al turismo en La Palma"},"content":{"rendered":"<div data-elementor-type=\"wp-post\" data-elementor-id=\"26354\" class=\"elementor elementor-26354\" data-elementor-post-type=\"post\">\n\t\t\t\t\t\t<section class=\"elementor-section elementor-top-section elementor-element elementor-element-36d1fa0 elementor-section-boxed elementor-section-height-default elementor-section-height-default\" data-id=\"36d1fa0\" data-element_type=\"section\" data-e-type=\"section\">\n\t\t\t\t\t\t<div class=\"elementor-container elementor-column-gap-default\">\n\t\t\t\t\t<div class=\"elementor-column elementor-col-100 elementor-top-column elementor-element elementor-element-20481759\" data-id=\"20481759\" data-element_type=\"column\" data-e-type=\"column\">\n\t\t\t<div class=\"elementor-widget-wrap elementor-element-populated\">\n\t\t\t\t\t\t<div class=\"elementor-element elementor-element-203ce316 elementor-widget elementor-widget-text-editor\" data-id=\"203ce316\" data-element_type=\"widget\" data-e-type=\"widget\" data-widget_type=\"text-editor.default\">\n\t\t\t\t<div class=\"elementor-widget-container\">\n\t\t\t\t\t\t\t\t\t<p>La organizaci\u00f3n de Transvulcania adidas 2026 y CICAR han alcanzado un acuerdo para la renovaci\u00f3n del patrocinio mediante el cual la empresa l\u00edder en el sector del rent a car en Canarias volver\u00e1 a desempe\u00f1ar un papel clave en el desarrollo log\u00edstico y la proyecci\u00f3n internacional de la prueba.<\/p><p>Esta colaboraci\u00f3n estrat\u00e9gica reafirma el compromiso de CICAR con el impulso de grandes eventos deportivos que sit\u00faan a La Palma en el mapa global, contribuyendo de manera directa a la dinamizaci\u00f3n econ\u00f3mica y tur\u00edstica de la isla. Transvulcania adidas, considerada una de las carreras de monta\u00f1a m\u00e1s emblem\u00e1ticas del mundo, representa un escaparate \u00fanico para mostrar el territorio y su capacidad organizativa.<\/p><p>En virtud de este acuerdo, CICAR pondr\u00e1 a disposici\u00f3n de la organizaci\u00f3n una amplia flota de veh\u00edculos destinada a cubrir las necesidades operativas del evento. Este servicio facilitar\u00e1 el traslado de personal de seguridad, equipos t\u00e9cnicos, prensa y miembros de la organizaci\u00f3n, garantizando una log\u00edstica eficiente en un entorno de gran complejidad como es el recorrido de la prueba.<\/p><p>Asimismo, la compa\u00f1\u00eda reforzar\u00e1 su operativa durante los d\u00edas de celebraci\u00f3n de la carrera, ampliando su disponibilidad de veh\u00edculos en la isla para dar respuesta al incremento de la demanda. Participantes, acompa\u00f1antes, medios de comunicaci\u00f3n y visitantes contar\u00e1n as\u00ed con un servicio adaptado al volumen excepcional de desplazamientos que genera la Transvulcania.<\/p><p>Este esfuerzo adicional pone de manifiesto la implicaci\u00f3n de CICAR en el \u00e9xito del evento y en la mejora de la experiencia global de todos los asistentes, contribuyendo a que la estancia en La Palma est\u00e9 a la altura de una cita deportiva de referencia internacional.<\/p>\t\t\t\t\t\t\t\t<\/div>\n\t\t\t\t<\/div>\n\t\t\t\t\t<\/div>\n\t\t<\/div>\n\t\t\t\t\t<\/div>\n\t\t<\/section>\n\t\t\t\t<\/div>","protected":false},"excerpt":{"rendered":"<p>La organizaci\u00f3n de Transvulcania adidas 2026 y CICAR han alcanzado un acuerdo para la renovaci\u00f3n del patrocinio mediante el cual la empresa l\u00edder en el sector del rent a car en Canarias volver\u00e1 a desempe\u00f1ar un papel clave en el desarrollo log\u00edstico y la proyecci\u00f3n internacional de la prueba. Esta colaboraci\u00f3n estrat\u00e9gica reafirma el compromiso &#8230; <a title=\"CICAR refuerza su alianza con Transvulcania adidas 2026 y consolida su apoyo al deporte y al turismo en La Palma\" class=\"read-more\" href=\"https:\/\/sodepal.es\/en\/cicar-refuerza-su-alianza-con-transvulcania-adidas-2026-y-consolida-su-apoyo-al-deporte-y-al-turismo-en-la-palma\/\" aria-label=\"Read more about CICAR refuerza su alianza con Transvulcania adidas 2026 y consolida su apoyo al deporte y al turismo en La Palma\">Read more<\/a><\/p>","protected":false},"author":1,"featured_media":26355,"comment_status":"open","ping_status":"open","sticky":false,"template":"","format":"standard","meta":{"_acf_changed":false,"footnotes":""},"categories":[19],"tags":[],"class_list":["post-26354","post","type-post","status-publish","format-standard","has-post-thumbnail","hentry","category-noticias"],"acf":[],"yoast_head":"<!-- This site is optimized with the Yoast SEO Premium plugin v22.0 (Yoast SEO v27.5) - https:\/\/yoast.com\/product\/yoast-seo-premium-wordpress\/ -->\n<title>CICAR refuerza su alianza con Transvulcania adidas 2026 y consolida su apoyo al deporte y al turismo en La Palma - Sociedad de Promoci\u00f3n y Desarrollo Econ\u00f3mico y Social de La Palma - SODEPAL<\/title>\n<meta name=\"description\" content=\"Toda la actualidad de los proyectos y eventos desarrollados por SODEPAL\" \/>\n<meta name=\"robots\" content=\"index, follow, max-snippet:-1, max-image-preview:large, max-video-preview:-1\" \/>\n<link rel=\"canonical\" href=\"https:\/\/sodepal.es\/en\/cicar-refuerza-su-alianza-con-transvulcania-adidas-2026-y-consolida-su-apoyo-al-deporte-y-al-turismo-en-la-palma\/\" \/>\n<meta property=\"og:locale\" content=\"en_GB\" \/>\n<meta property=\"og:type\" content=\"article\" \/>\n<meta property=\"og:title\" content=\"CICAR refuerza su alianza con Transvulcania adidas 2026 y consolida su apoyo al deporte y al turismo en La Palma\" \/>\n<meta property=\"og:description\" content=\"Toda la actualidad de los proyectos y eventos desarrollados por SODEPAL\" \/>\n<meta property=\"og:url\" content=\"https:\/\/sodepal.es\/en\/cicar-refuerza-su-alianza-con-transvulcania-adidas-2026-y-consolida-su-apoyo-al-deporte-y-al-turismo-en-la-palma\/\" \/>\n<meta property=\"og:site_name\" content=\"Sociedad de Promoci\u00f3n y Desarrollo Econ\u00f3mico y Social de La Palma - SODEPAL\" \/>\n<meta property=\"article:publisher\" content=\"https:\/\/www.facebook.com\/sodepal\" \/>\n<meta property=\"article:published_time\" content=\"2026-04-27T15:57:36+00:00\" \/>\n<meta property=\"article:modified_time\" content=\"2026-04-27T16:18:46+00:00\" \/>\n<meta property=\"og:image\" content=\"https:\/\/sodepal.es\/wp-content\/uploads\/2026\/04\/Cicar_TRV26.jpeg\" \/>\n\t<meta property=\"og:image:width\" content=\"2560\" \/>\n\t<meta property=\"og:image:height\" content=\"1427\" \/>\n\t<meta property=\"og:image:type\" content=\"image\/jpeg\" \/>\n<meta name=\"author\" content=\"gerencia\" \/>\n<meta name=\"twitter:card\" content=\"summary_large_image\" \/>\n<script type=\"application\/ld+json\" class=\"yoast-schema-graph\">{\"@context\":\"https:\\\/\\\/schema.org\",\"@graph\":[{\"@type\":\"Article\",\"@id\":\"https:\\\/\\\/sodepal.es\\\/cicar-refuerza-su-alianza-con-transvulcania-adidas-2026-y-consolida-su-apoyo-al-deporte-y-al-turismo-en-la-palma\\\/#article\",\"isPartOf\":{\"@id\":\"https:\\\/\\\/sodepal.es\\\/cicar-refuerza-su-alianza-con-transvulcania-adidas-2026-y-consolida-su-apoyo-al-deporte-y-al-turismo-en-la-palma\\\/\"},\"author\":{\"name\":\"gerencia\",\"@id\":\"https:\\\/\\\/sodepal.es\\\/#\\\/schema\\\/person\\\/43b1d623bde0c4ec4efd5656ef0958b2\"},\"headline\":\"CICAR refuerza su alianza con Transvulcania adidas 2026 y consolida su apoyo al deporte y al turismo en La Palma\",\"datePublished\":\"2026-04-27T15:57:36+00:00\",\"dateModified\":\"2026-04-27T16:18:46+00:00\",\"mainEntityOfPage\":{\"@id\":\"https:\\\/\\\/sodepal.es\\\/cicar-refuerza-su-alianza-con-transvulcania-adidas-2026-y-consolida-su-apoyo-al-deporte-y-al-turismo-en-la-palma\\\/\"},\"wordCount\":315,\"commentCount\":0,\"publisher\":{\"@id\":\"https:\\\/\\\/sodepal.es\\\/#organization\"},\"image\":{\"@id\":\"https:\\\/\\\/sodepal.es\\\/cicar-refuerza-su-alianza-con-transvulcania-adidas-2026-y-consolida-su-apoyo-al-deporte-y-al-turismo-en-la-palma\\\/#primaryimage\"},\"thumbnailUrl\":\"https:\\\/\\\/sodepal.es\\\/wp-content\\\/uploads\\\/2026\\\/04\\\/Cicar_TRV26.jpeg\",\"articleSection\":[\"Noticias\"],\"inLanguage\":\"en-GB\",\"potentialAction\":[{\"@type\":\"CommentAction\",\"name\":\"Comment\",\"target\":[\"https:\\\/\\\/sodepal.es\\\/cicar-refuerza-su-alianza-con-transvulcania-adidas-2026-y-consolida-su-apoyo-al-deporte-y-al-turismo-en-la-palma\\\/#respond\"]}]},{\"@type\":\"WebPage\",\"@id\":\"https:\\\/\\\/sodepal.es\\\/cicar-refuerza-su-alianza-con-transvulcania-adidas-2026-y-consolida-su-apoyo-al-deporte-y-al-turismo-en-la-palma\\\/\",\"url\":\"https:\\\/\\\/sodepal.es\\\/cicar-refuerza-su-alianza-con-transvulcania-adidas-2026-y-consolida-su-apoyo-al-deporte-y-al-turismo-en-la-palma\\\/\",\"name\":\"CICAR refuerza su alianza con Transvulcania adidas 2026 y consolida su apoyo al deporte y al turismo en La Palma - Sociedad de Promoci\u00f3n y Desarrollo Econ\u00f3mico y Social de La Palma - SODEPAL\",\"isPartOf\":{\"@id\":\"https:\\\/\\\/sodepal.es\\\/#website\"},\"primaryImageOfPage\":{\"@id\":\"https:\\\/\\\/sodepal.es\\\/cicar-refuerza-su-alianza-con-transvulcania-adidas-2026-y-consolida-su-apoyo-al-deporte-y-al-turismo-en-la-palma\\\/#primaryimage\"},\"image\":{\"@id\":\"https:\\\/\\\/sodepal.es\\\/cicar-refuerza-su-alianza-con-transvulcania-adidas-2026-y-consolida-su-apoyo-al-deporte-y-al-turismo-en-la-palma\\\/#primaryimage\"},\"thumbnailUrl\":\"https:\\\/\\\/sodepal.es\\\/wp-content\\\/uploads\\\/2026\\\/04\\\/Cicar_TRV26.jpeg\",\"datePublished\":\"2026-04-27T15:57:36+00:00\",\"dateModified\":\"2026-04-27T16:18:46+00:00\",\"description\":\"Toda la actualidad de los proyectos y eventos desarrollados por SODEPAL\",\"breadcrumb\":{\"@id\":\"https:\\\/\\\/sodepal.es\\\/cicar-refuerza-su-alianza-con-transvulcania-adidas-2026-y-consolida-su-apoyo-al-deporte-y-al-turismo-en-la-palma\\\/#breadcrumb\"},\"inLanguage\":\"en-GB\",\"potentialAction\":[{\"@type\":\"ReadAction\",\"target\":[\"https:\\\/\\\/sodepal.es\\\/cicar-refuerza-su-alianza-con-transvulcania-adidas-2026-y-consolida-su-apoyo-al-deporte-y-al-turismo-en-la-palma\\\/\"]}]},{\"@type\":\"ImageObject\",\"inLanguage\":\"en-GB\",\"@id\":\"https:\\\/\\\/sodepal.es\\\/cicar-refuerza-su-alianza-con-transvulcania-adidas-2026-y-consolida-su-apoyo-al-deporte-y-al-turismo-en-la-palma\\\/#primaryimage\",\"url\":\"https:\\\/\\\/sodepal.es\\\/wp-content\\\/uploads\\\/2026\\\/04\\\/Cicar_TRV26.jpeg\",\"contentUrl\":\"https:\\\/\\\/sodepal.es\\\/wp-content\\\/uploads\\\/2026\\\/04\\\/Cicar_TRV26.jpeg\",\"width\":2560,\"height\":1427},{\"@type\":\"BreadcrumbList\",\"@id\":\"https:\\\/\\\/sodepal.es\\\/cicar-refuerza-su-alianza-con-transvulcania-adidas-2026-y-consolida-su-apoyo-al-deporte-y-al-turismo-en-la-palma\\\/#breadcrumb\",\"itemListElement\":[{\"@type\":\"ListItem\",\"position\":1,\"name\":\"Inicio\",\"item\":\"https:\\\/\\\/sodepal.es\\\/\"},{\"@type\":\"ListItem\",\"position\":2,\"name\":\"CICAR refuerza su alianza con Transvulcania adidas 2026 y consolida su apoyo al deporte y al turismo en La Palma\"}]},{\"@type\":\"WebSite\",\"@id\":\"https:\\\/\\\/sodepal.es\\\/#website\",\"url\":\"https:\\\/\\\/sodepal.es\\\/\",\"name\":\"Sodepal\",\"description\":\"SODEPAL es una empresa p\u00fablica dependiente del Cabildo de La Palma. Promoci\u00f3n, Fomento y Desarrollo para la isla de La Palma\",\"publisher\":{\"@id\":\"https:\\\/\\\/sodepal.es\\\/#organization\"},\"alternateName\":\"Sociedad de Promoci\u00f3n y Desarrollo Econ\u00f3mico y Social de La Palma\",\"potentialAction\":[{\"@type\":\"SearchAction\",\"target\":{\"@type\":\"EntryPoint\",\"urlTemplate\":\"https:\\\/\\\/sodepal.es\\\/?s={search_term_string}\"},\"query-input\":{\"@type\":\"PropertyValueSpecification\",\"valueRequired\":true,\"valueName\":\"search_term_string\"}}],\"inLanguage\":\"en-GB\"},{\"@type\":\"Organization\",\"@id\":\"https:\\\/\\\/sodepal.es\\\/#organization\",\"name\":\"Sociedad de Promoci\u00f3n y Desarrollo Econ\u00f3mico y Social de La Palma\",\"alternateName\":\"Sodepal\",\"url\":\"https:\\\/\\\/sodepal.es\\\/\",\"logo\":{\"@type\":\"ImageObject\",\"inLanguage\":\"en-GB\",\"@id\":\"https:\\\/\\\/sodepal.es\\\/#\\\/schema\\\/logo\\\/image\\\/\",\"url\":\"https:\\\/\\\/sodepal.es\\\/wp-content\\\/uploads\\\/2022\\\/09\\\/logo_web.png\",\"contentUrl\":\"https:\\\/\\\/sodepal.es\\\/wp-content\\\/uploads\\\/2022\\\/09\\\/logo_web.png\",\"width\":658,\"height\":156,\"caption\":\"Sociedad de Promoci\u00f3n y Desarrollo Econ\u00f3mico y Social de La Palma\"},\"image\":{\"@id\":\"https:\\\/\\\/sodepal.es\\\/#\\\/schema\\\/logo\\\/image\\\/\"},\"sameAs\":[\"https:\\\/\\\/www.facebook.com\\\/sodepal\",\"https:\\\/\\\/www.instagram.com\\\/sodepallapalma\\\/\"],\"description\":\"Sociedad de Promoci\u00f3n y Desarrollo econ\u00f3mico y Social de La Palma, empresa p\u00fablica dependiente del Cabildo de La Palma\",\"email\":\"info@sodepal.es\",\"telephone\":\"922417323\",\"legalName\":\"Sociedad de Promoci\u00f3n y Desarrollo Econ\u00f3mico de la isla de La Palma S.A.U.\"},{\"@type\":\"Person\",\"@id\":\"https:\\\/\\\/sodepal.es\\\/#\\\/schema\\\/person\\\/43b1d623bde0c4ec4efd5656ef0958b2\",\"name\":\"gerencia\",\"image\":{\"@type\":\"ImageObject\",\"inLanguage\":\"en-GB\",\"@id\":\"https:\\\/\\\/secure.gravatar.com\\\/avatar\\\/2aa1ba3e33e6721e413a7499ea7cab2e4414b99cea1516e7404245c8da655d86?s=96&d=mm&r=g\",\"url\":\"https:\\\/\\\/secure.gravatar.com\\\/avatar\\\/2aa1ba3e33e6721e413a7499ea7cab2e4414b99cea1516e7404245c8da655d86?s=96&d=mm&r=g\",\"contentUrl\":\"https:\\\/\\\/secure.gravatar.com\\\/avatar\\\/2aa1ba3e33e6721e413a7499ea7cab2e4414b99cea1516e7404245c8da655d86?s=96&d=mm&r=g\",\"caption\":\"gerencia\"}}]}<\/script>\n<!-- \/ Yoast SEO Premium plugin. -->","yoast_head_json":{"title":"CICAR refuerza su alianza con Transvulcania adidas 2026 y consolida su apoyo al deporte y al turismo en La Palma - Sociedad de Promoci\u00f3n y Desarrollo Econ\u00f3mico y Social de La Palma - SODEPAL","description":"Toda la actualidad de los proyectos y eventos desarrollados por SODEPAL","robots":{"index":"index","follow":"follow","max-snippet":"max-snippet:-1","max-image-preview":"max-image-preview:large","max-video-preview":"max-video-preview:-1"},"canonical":"https:\/\/sodepal.es\/en\/cicar-refuerza-su-alianza-con-transvulcania-adidas-2026-y-consolida-su-apoyo-al-deporte-y-al-turismo-en-la-palma\/","og_locale":"en_GB","og_type":"article","og_title":"CICAR refuerza su alianza con Transvulcania adidas 2026 y consolida su apoyo al deporte y al turismo en La Palma","og_description":"Toda la actualidad de los proyectos y eventos desarrollados por SODEPAL","og_url":"https:\/\/sodepal.es\/en\/cicar-refuerza-su-alianza-con-transvulcania-adidas-2026-y-consolida-su-apoyo-al-deporte-y-al-turismo-en-la-palma\/","og_site_name":"Sociedad de Promoci\u00f3n y Desarrollo Econ\u00f3mico y Social de La Palma - SODEPAL","article_publisher":"https:\/\/www.facebook.com\/sodepal","article_published_time":"2026-04-27T15:57:36+00:00","article_modified_time":"2026-04-27T16:18:46+00:00","og_image":[{"width":2560,"height":1427,"url":"https:\/\/sodepal.es\/wp-content\/uploads\/2026\/04\/Cicar_TRV26.jpeg","type":"image\/jpeg"}],"author":"gerencia","twitter_card":"summary_large_image","schema":{"@context":"https:\/\/schema.org","@graph":[{"@type":"Article","@id":"https:\/\/sodepal.es\/cicar-refuerza-su-alianza-con-transvulcania-adidas-2026-y-consolida-su-apoyo-al-deporte-y-al-turismo-en-la-palma\/#article","isPartOf":{"@id":"https:\/\/sodepal.es\/cicar-refuerza-su-alianza-con-transvulcania-adidas-2026-y-consolida-su-apoyo-al-deporte-y-al-turismo-en-la-palma\/"},"author":{"name":"gerencia","@id":"https:\/\/sodepal.es\/#\/schema\/person\/43b1d623bde0c4ec4efd5656ef0958b2"},"headline":"CICAR refuerza su alianza con Transvulcania adidas 2026 y consolida su apoyo al deporte y al turismo en La Palma","datePublished":"2026-04-27T15:57:36+00:00","dateModified":"2026-04-27T16:18:46+00:00","mainEntityOfPage":{"@id":"https:\/\/sodepal.es\/cicar-refuerza-su-alianza-con-transvulcania-adidas-2026-y-consolida-su-apoyo-al-deporte-y-al-turismo-en-la-palma\/"},"wordCount":315,"commentCount":0,"publisher":{"@id":"https:\/\/sodepal.es\/#organization"},"image":{"@id":"https:\/\/sodepal.es\/cicar-refuerza-su-alianza-con-transvulcania-adidas-2026-y-consolida-su-apoyo-al-deporte-y-al-turismo-en-la-palma\/#primaryimage"},"thumbnailUrl":"https:\/\/sodepal.es\/wp-content\/uploads\/2026\/04\/Cicar_TRV26.jpeg","articleSection":["Noticias"],"inLanguage":"en-GB","potentialAction":[{"@type":"CommentAction","name":"Comment","target":["https:\/\/sodepal.es\/cicar-refuerza-su-alianza-con-transvulcania-adidas-2026-y-consolida-su-apoyo-al-deporte-y-al-turismo-en-la-palma\/#respond"]}]},{"@type":"WebPage","@id":"https:\/\/sodepal.es\/cicar-refuerza-su-alianza-con-transvulcania-adidas-2026-y-consolida-su-apoyo-al-deporte-y-al-turismo-en-la-palma\/","url":"https:\/\/sodepal.es\/cicar-refuerza-su-alianza-con-transvulcania-adidas-2026-y-consolida-su-apoyo-al-deporte-y-al-turismo-en-la-palma\/","name":"CICAR refuerza su alianza con Transvulcania adidas 2026 y consolida su apoyo al deporte y al turismo en La Palma - Sociedad de Promoci\u00f3n y Desarrollo Econ\u00f3mico y Social de La Palma - SODEPAL","isPartOf":{"@id":"https:\/\/sodepal.es\/#website"},"primaryImageOfPage":{"@id":"https:\/\/sodepal.es\/cicar-refuerza-su-alianza-con-transvulcania-adidas-2026-y-consolida-su-apoyo-al-deporte-y-al-turismo-en-la-palma\/#primaryimage"},"image":{"@id":"https:\/\/sodepal.es\/cicar-refuerza-su-alianza-con-transvulcania-adidas-2026-y-consolida-su-apoyo-al-deporte-y-al-turismo-en-la-palma\/#primaryimage"},"thumbnailUrl":"https:\/\/sodepal.es\/wp-content\/uploads\/2026\/04\/Cicar_TRV26.jpeg","datePublished":"2026-04-27T15:57:36+00:00","dateModified":"2026-04-27T16:18:46+00:00","description":"Toda la actualidad de los proyectos y eventos desarrollados por SODEPAL","breadcrumb":{"@id":"https:\/\/sodepal.es\/cicar-refuerza-su-alianza-con-transvulcania-adidas-2026-y-consolida-su-apoyo-al-deporte-y-al-turismo-en-la-palma\/#breadcrumb"},"inLanguage":"en-GB","potentialAction":[{"@type":"ReadAction","target":["https:\/\/sodepal.es\/cicar-refuerza-su-alianza-con-transvulcania-adidas-2026-y-consolida-su-apoyo-al-deporte-y-al-turismo-en-la-palma\/"]}]},{"@type":"ImageObject","inLanguage":"en-GB","@id":"https:\/\/sodepal.es\/cicar-refuerza-su-alianza-con-transvulcania-adidas-2026-y-consolida-su-apoyo-al-deporte-y-al-turismo-en-la-palma\/#primaryimage","url":"https:\/\/sodepal.es\/wp-content\/uploads\/2026\/04\/Cicar_TRV26.jpeg","contentUrl":"https:\/\/sodepal.es\/wp-content\/uploads\/2026\/04\/Cicar_TRV26.jpeg","width":2560,"height":1427},{"@type":"BreadcrumbList","@id":"https:\/\/sodepal.es\/cicar-refuerza-su-alianza-con-transvulcania-adidas-2026-y-consolida-su-apoyo-al-deporte-y-al-turismo-en-la-palma\/#breadcrumb","itemListElement":[{"@type":"ListItem","position":1,"name":"Inicio","item":"https:\/\/sodepal.es\/"},{"@type":"ListItem","position":2,"name":"CICAR refuerza su alianza con Transvulcania adidas 2026 y consolida su apoyo al deporte y al turismo en La Palma"}]},{"@type":"WebSite","@id":"https:\/\/sodepal.es\/#website","url":"https:\/\/sodepal.es\/","name":"Sodepal","description":"SODEPAL es una empresa p\u00fablica dependiente del Cabildo de La Palma. Promoci\u00f3n, Fomento y Desarrollo para la isla de La Palma","publisher":{"@id":"https:\/\/sodepal.es\/#organization"},"alternateName":"Sociedad de Promoci\u00f3n y Desarrollo Econ\u00f3mico y Social de La Palma","potentialAction":[{"@type":"SearchAction","target":{"@type":"EntryPoint","urlTemplate":"https:\/\/sodepal.es\/?s={search_term_string}"},"query-input":{"@type":"PropertyValueSpecification","valueRequired":true,"valueName":"search_term_string"}}],"inLanguage":"en-GB"},{"@type":"Organization","@id":"https:\/\/sodepal.es\/#organization","name":"Sociedad de Promoci\u00f3n y Desarrollo Econ\u00f3mico y Social de La Palma","alternateName":"Sodepal","url":"https:\/\/sodepal.es\/","logo":{"@type":"ImageObject","inLanguage":"en-GB","@id":"https:\/\/sodepal.es\/#\/schema\/logo\/image\/","url":"https:\/\/sodepal.es\/wp-content\/uploads\/2022\/09\/logo_web.png","contentUrl":"https:\/\/sodepal.es\/wp-content\/uploads\/2022\/09\/logo_web.png","width":658,"height":156,"caption":"Sociedad de Promoci\u00f3n y Desarrollo Econ\u00f3mico y Social de La Palma"},"image":{"@id":"https:\/\/sodepal.es\/#\/schema\/logo\/image\/"},"sameAs":["https:\/\/www.facebook.com\/sodepal","https:\/\/www.instagram.com\/sodepallapalma\/"],"description":"Sociedad de Promoci\u00f3n y Desarrollo econ\u00f3mico y Social de La Palma, empresa p\u00fablica dependiente del Cabildo de La Palma","email":"info@sodepal.es","telephone":"922417323","legalName":"Sociedad de Promoci\u00f3n y Desarrollo Econ\u00f3mico de la isla de La Palma S.A.U."},{"@type":"Person","@id":"https:\/\/sodepal.es\/#\/schema\/person\/43b1d623bde0c4ec4efd5656ef0958b2","name":"gerencia","image":{"@type":"ImageObject","inLanguage":"en-GB","@id":"https:\/\/secure.gravatar.com\/avatar\/2aa1ba3e33e6721e413a7499ea7cab2e4414b99cea1516e7404245c8da655d86?s=96&d=mm&r=g","url":"https:\/\/secure.gravatar.com\/avatar\/2aa1ba3e33e6721e413a7499ea7cab2e4414b99cea1516e7404245c8da655d86?s=96&d=mm&r=g","contentUrl":"https:\/\/secure.gravatar.com\/avatar\/2aa1ba3e33e6721e413a7499ea7cab2e4414b99cea1516e7404245c8da655d86?s=96&d=mm&r=g","caption":"gerencia"}}]}},"_links":{"self":[{"href":"https:\/\/sodepal.es\/en\/wp-json\/wp\/v2\/posts\/26354","targetHints":{"allow":["GET"]}}],"collection":[{"href":"https:\/\/sodepal.es\/en\/wp-json\/wp\/v2\/posts"}],"about":[{"href":"https:\/\/sodepal.es\/en\/wp-json\/wp\/v2\/types\/post"}],"author":[{"embeddable":true,"href":"https:\/\/sodepal.es\/en\/wp-json\/wp\/v2\/users\/1"}],"replies":[{"embeddable":true,"href":"https:\/\/sodepal.es\/en\/wp-json\/wp\/v2\/comments?post=26354"}],"version-history":[{"count":9,"href":"https:\/\/sodepal.es\/en\/wp-json\/wp\/v2\/posts\/26354\/revisions"}],"predecessor-version":[{"id":26364,"href":"https:\/\/sodepal.es\/en\/wp-json\/wp\/v2\/posts\/26354\/revisions\/26364"}],"wp:featuredmedia":[{"embeddable":true,"href":"https:\/\/sodepal.es\/en\/wp-json\/wp\/v2\/media\/26355"}],"wp:attachment":[{"href":"https:\/\/sodepal.es\/en\/wp-json\/wp\/v2\/media?parent=26354"}],"wp:term":[{"taxonomy":"category","embeddable":true,"href":"https:\/\/sodepal.es\/en\/wp-json\/wp\/v2\/categories?post=26354"},{"taxonomy":"post_tag","embeddable":true,"href":"https:\/\/sodepal.es\/en\/wp-json\/wp\/v2\/tags?post=26354"}],"curies":[{"name":"wp","href":"https:\/\/api.w.org\/{rel}","templated":true}]}}