{"id":26376,"date":"2026-04-29T15:56:08","date_gmt":"2026-04-29T15:56:08","guid":{"rendered":"https:\/\/sodepal.es\/?p=26376"},"modified":"2026-04-29T16:00:43","modified_gmt":"2026-04-29T16:00:43","slug":"coordinamos-con-la-unidad-de-apoyo-a-la-proyeccion-el-alojamiento-de-efectivos-de-seguridad-para-transvulcania-adidas-2026","status":"publish","type":"post","link":"https:\/\/sodepal.es\/en\/coordinamos-con-la-unidad-de-apoyo-a-la-proyeccion-el-alojamiento-de-efectivos-de-seguridad-para-transvulcania-adidas-2026\/","title":{"rendered":"Coordinamos con la Unidad de Apoyo a la Proyecci\u00f3n el alojamiento de efectivos de seguridad para Transvulcania adidas 2026"},"content":{"rendered":"<div data-elementor-type=\"wp-post\" data-elementor-id=\"26376\" class=\"elementor elementor-26376\" data-elementor-post-type=\"post\">\n\t\t\t\t\t\t<section class=\"elementor-section elementor-top-section elementor-element elementor-element-36d1fa0 elementor-section-boxed elementor-section-height-default elementor-section-height-default\" data-id=\"36d1fa0\" data-element_type=\"section\" data-e-type=\"section\">\n\t\t\t\t\t\t<div class=\"elementor-container elementor-column-gap-default\">\n\t\t\t\t\t<div class=\"elementor-column elementor-col-100 elementor-top-column elementor-element elementor-element-20481759\" data-id=\"20481759\" data-element_type=\"column\" data-e-type=\"column\">\n\t\t\t<div class=\"elementor-widget-wrap elementor-element-populated\">\n\t\t\t\t\t\t<div class=\"elementor-element elementor-element-203ce316 elementor-widget elementor-widget-text-editor\" data-id=\"203ce316\" data-element_type=\"widget\" data-e-type=\"widget\" data-widget_type=\"text-editor.default\">\n\t\t\t\t<div class=\"elementor-widget-container\">\n\t\t\t\t\t\t\t\t\t<div class=\"field field--name-field-noticias-entradilla field--type-text-long field--label-hidden field--item\"><div class=\"field field--name-field-noticias-entradilla field--type-text-long field--label-hidden field--item\"><h4>La consejera de Promoci\u00f3n Econ\u00f3mica del Cabildo de La Palma y consejera delegada de Sodepal, Miriam Perestelo, destaca la colaboraci\u00f3n con el acuartelamiento de El Fuerte para acoger 70 efectivos voluntarias que formar\u00e1n parte del dispositivo entre el 7 y el 10 de mayo.<\/h4><\/div><div class=\"field field--name-body field--type-text-with-summary field--label-hidden field--item\"><p>El Cabildo de La Palma, en coordinaci\u00f3n con la Unidad de Apoyo a la Proyecci\u00f3n (UAPRO), organiza el alojamiento de 70 efectivos que participar\u00e1n en el dispositivo de seguridad de Transvulcania adidas 2026, que se celebrar\u00e1 del 7 al 10 de mayo en la isla.<\/p><p>La consejera de Promoci\u00f3n Econ\u00f3mica, Miriam Perestelo, subraya el respaldo del acuartelamiento de El Fuerte, cuyas instalaciones permitir\u00e1n alojar a voluntarios de Cruz Roja, as\u00ed como a miembros de las agrupaciones de Protecci\u00f3n Civil de Santa Cruz de Tenerife, Candelaria y Granadilla.<\/p><p>Perestelo ha querido trasladar su agradecimiento a todas las personas que integran estos colectivos, destacando su implicaci\u00f3n, profesionalidad y compromiso, factores clave para reforzar tanto la seguridad como la excelencia organizativa de una prueba de referencia internacional como Transvulcania.<\/p><p>El operativo contar\u00e1, adem\u00e1s, con un despliegue de 24 veh\u00edculos de emergencias y rescate, que contribuir\u00e1n a garantizar una cobertura eficaz a lo largo de todo el recorrido y del conjunto de actividades programadas.<\/p><p>Por su parte, la Unidad de Apoyo a la Proyecci\u00f3n (UAPRO), con base en el acuartelamiento de El Fuerte, ha facilitado la cesi\u00f3n de estas instalaciones, haciendo posible la adecuada log\u00edstica de los equipos desplazados desde fuera de la isla. Este apoyo resulta esencial para asegurar el correcto desarrollo del evento y la protecci\u00f3n de participantes, organizaci\u00f3n y p\u00fablico asistente.<\/p><\/div><\/div><div class=\"field field--name-body field--type-text-with-summary field--label-hidden field--item\">\u00a0<\/div>\t\t\t\t\t\t\t\t<\/div>\n\t\t\t\t<\/div>\n\t\t\t\t\t<\/div>\n\t\t<\/div>\n\t\t\t\t\t<\/div>\n\t\t<\/section>\n\t\t\t\t<\/div>","protected":false},"excerpt":{"rendered":"<p>La consejera de Promoci\u00f3n Econ\u00f3mica del Cabildo de La Palma y consejera delegada de Sodepal, Miriam Perestelo, destaca la colaboraci\u00f3n con el acuartelamiento de El Fuerte para acoger 70 efectivos voluntarias que formar\u00e1n parte del dispositivo entre el 7 y el 10 de mayo. El Cabildo de La Palma, en coordinaci\u00f3n con la Unidad de &#8230; <a title=\"Coordinamos con la Unidad de Apoyo a la Proyecci\u00f3n el alojamiento de efectivos de seguridad para Transvulcania adidas 2026\" class=\"read-more\" href=\"https:\/\/sodepal.es\/en\/coordinamos-con-la-unidad-de-apoyo-a-la-proyeccion-el-alojamiento-de-efectivos-de-seguridad-para-transvulcania-adidas-2026\/\" aria-label=\"Read more about Coordinamos con la Unidad de Apoyo a la Proyecci\u00f3n el alojamiento de efectivos de seguridad para Transvulcania adidas 2026\">Read more<\/a><\/p>","protected":false},"author":1,"featured_media":26378,"comment_status":"open","ping_status":"open","sticky":false,"template":"","format":"standard","meta":{"_acf_changed":false,"footnotes":""},"categories":[19],"tags":[],"class_list":["post-26376","post","type-post","status-publish","format-standard","has-post-thumbnail","hentry","category-noticias"],"acf":[],"yoast_head":"<!-- This site is optimized with the Yoast SEO Premium plugin v22.0 (Yoast SEO v27.5) - https:\/\/yoast.com\/product\/yoast-seo-premium-wordpress\/ -->\n<title>Coordinamos con la Unidad de Apoyo a la Proyecci\u00f3n el alojamiento de efectivos de seguridad para Transvulcania adidas 2026 - Sociedad de Promoci\u00f3n y Desarrollo Econ\u00f3mico y Social de La Palma - SODEPAL<\/title>\n<meta name=\"description\" content=\"Toda la actualidad de los proyectos y eventos desarrollados por SODEPAL\" \/>\n<meta name=\"robots\" content=\"index, follow, max-snippet:-1, max-image-preview:large, max-video-preview:-1\" \/>\n<link rel=\"canonical\" href=\"https:\/\/sodepal.es\/en\/coordinamos-con-la-unidad-de-apoyo-a-la-proyeccion-el-alojamiento-de-efectivos-de-seguridad-para-transvulcania-adidas-2026\/\" \/>\n<meta property=\"og:locale\" content=\"en_GB\" \/>\n<meta property=\"og:type\" content=\"article\" \/>\n<meta property=\"og:title\" content=\"Coordinamos con la Unidad de Apoyo a la Proyecci\u00f3n el alojamiento de efectivos de seguridad para Transvulcania adidas 2026\" \/>\n<meta property=\"og:description\" content=\"Toda la actualidad de los proyectos y eventos desarrollados por SODEPAL\" \/>\n<meta property=\"og:url\" content=\"https:\/\/sodepal.es\/en\/coordinamos-con-la-unidad-de-apoyo-a-la-proyeccion-el-alojamiento-de-efectivos-de-seguridad-para-transvulcania-adidas-2026\/\" \/>\n<meta property=\"og:site_name\" content=\"Sociedad de Promoci\u00f3n y Desarrollo Econ\u00f3mico y Social de La Palma - SODEPAL\" \/>\n<meta property=\"article:publisher\" content=\"https:\/\/www.facebook.com\/sodepal\" \/>\n<meta property=\"article:published_time\" content=\"2026-04-29T15:56:08+00:00\" \/>\n<meta property=\"article:modified_time\" content=\"2026-04-29T16:00:43+00:00\" \/>\n<meta property=\"og:image\" content=\"https:\/\/sodepal.es\/wp-content\/uploads\/2026\/04\/TRV_Fuerte.jpeg\" \/>\n\t<meta property=\"og:image:width\" content=\"2560\" \/>\n\t<meta property=\"og:image:height\" content=\"1725\" \/>\n\t<meta property=\"og:image:type\" content=\"image\/jpeg\" \/>\n<meta name=\"author\" content=\"gerencia\" \/>\n<meta name=\"twitter:card\" content=\"summary_large_image\" \/>\n<script type=\"application\/ld+json\" class=\"yoast-schema-graph\">{\"@context\":\"https:\\\/\\\/schema.org\",\"@graph\":[{\"@type\":\"Article\",\"@id\":\"https:\\\/\\\/sodepal.es\\\/coordinamos-con-la-unidad-de-apoyo-a-la-proyeccion-el-alojamiento-de-efectivos-de-seguridad-para-transvulcania-adidas-2026\\\/#article\",\"isPartOf\":{\"@id\":\"https:\\\/\\\/sodepal.es\\\/coordinamos-con-la-unidad-de-apoyo-a-la-proyeccion-el-alojamiento-de-efectivos-de-seguridad-para-transvulcania-adidas-2026\\\/\"},\"author\":{\"name\":\"gerencia\",\"@id\":\"https:\\\/\\\/sodepal.es\\\/#\\\/schema\\\/person\\\/43b1d623bde0c4ec4efd5656ef0958b2\"},\"headline\":\"Coordinamos con la Unidad de Apoyo a la Proyecci\u00f3n el alojamiento de efectivos de seguridad para Transvulcania adidas 2026\",\"datePublished\":\"2026-04-29T15:56:08+00:00\",\"dateModified\":\"2026-04-29T16:00:43+00:00\",\"mainEntityOfPage\":{\"@id\":\"https:\\\/\\\/sodepal.es\\\/coordinamos-con-la-unidad-de-apoyo-a-la-proyeccion-el-alojamiento-de-efectivos-de-seguridad-para-transvulcania-adidas-2026\\\/\"},\"wordCount\":296,\"commentCount\":0,\"publisher\":{\"@id\":\"https:\\\/\\\/sodepal.es\\\/#organization\"},\"image\":{\"@id\":\"https:\\\/\\\/sodepal.es\\\/coordinamos-con-la-unidad-de-apoyo-a-la-proyeccion-el-alojamiento-de-efectivos-de-seguridad-para-transvulcania-adidas-2026\\\/#primaryimage\"},\"thumbnailUrl\":\"https:\\\/\\\/sodepal.es\\\/wp-content\\\/uploads\\\/2026\\\/04\\\/TRV_Fuerte.jpeg\",\"articleSection\":[\"Noticias\"],\"inLanguage\":\"en-GB\",\"potentialAction\":[{\"@type\":\"CommentAction\",\"name\":\"Comment\",\"target\":[\"https:\\\/\\\/sodepal.es\\\/coordinamos-con-la-unidad-de-apoyo-a-la-proyeccion-el-alojamiento-de-efectivos-de-seguridad-para-transvulcania-adidas-2026\\\/#respond\"]}]},{\"@type\":\"WebPage\",\"@id\":\"https:\\\/\\\/sodepal.es\\\/coordinamos-con-la-unidad-de-apoyo-a-la-proyeccion-el-alojamiento-de-efectivos-de-seguridad-para-transvulcania-adidas-2026\\\/\",\"url\":\"https:\\\/\\\/sodepal.es\\\/coordinamos-con-la-unidad-de-apoyo-a-la-proyeccion-el-alojamiento-de-efectivos-de-seguridad-para-transvulcania-adidas-2026\\\/\",\"name\":\"Coordinamos con la Unidad de Apoyo a la Proyecci\u00f3n el alojamiento de efectivos de seguridad para Transvulcania adidas 2026 - Sociedad de Promoci\u00f3n y Desarrollo Econ\u00f3mico y Social de La Palma - SODEPAL\",\"isPartOf\":{\"@id\":\"https:\\\/\\\/sodepal.es\\\/#website\"},\"primaryImageOfPage\":{\"@id\":\"https:\\\/\\\/sodepal.es\\\/coordinamos-con-la-unidad-de-apoyo-a-la-proyeccion-el-alojamiento-de-efectivos-de-seguridad-para-transvulcania-adidas-2026\\\/#primaryimage\"},\"image\":{\"@id\":\"https:\\\/\\\/sodepal.es\\\/coordinamos-con-la-unidad-de-apoyo-a-la-proyeccion-el-alojamiento-de-efectivos-de-seguridad-para-transvulcania-adidas-2026\\\/#primaryimage\"},\"thumbnailUrl\":\"https:\\\/\\\/sodepal.es\\\/wp-content\\\/uploads\\\/2026\\\/04\\\/TRV_Fuerte.jpeg\",\"datePublished\":\"2026-04-29T15:56:08+00:00\",\"dateModified\":\"2026-04-29T16:00:43+00:00\",\"description\":\"Toda la actualidad de los proyectos y eventos desarrollados por SODEPAL\",\"breadcrumb\":{\"@id\":\"https:\\\/\\\/sodepal.es\\\/coordinamos-con-la-unidad-de-apoyo-a-la-proyeccion-el-alojamiento-de-efectivos-de-seguridad-para-transvulcania-adidas-2026\\\/#breadcrumb\"},\"inLanguage\":\"en-GB\",\"potentialAction\":[{\"@type\":\"ReadAction\",\"target\":[\"https:\\\/\\\/sodepal.es\\\/coordinamos-con-la-unidad-de-apoyo-a-la-proyeccion-el-alojamiento-de-efectivos-de-seguridad-para-transvulcania-adidas-2026\\\/\"]}]},{\"@type\":\"ImageObject\",\"inLanguage\":\"en-GB\",\"@id\":\"https:\\\/\\\/sodepal.es\\\/coordinamos-con-la-unidad-de-apoyo-a-la-proyeccion-el-alojamiento-de-efectivos-de-seguridad-para-transvulcania-adidas-2026\\\/#primaryimage\",\"url\":\"https:\\\/\\\/sodepal.es\\\/wp-content\\\/uploads\\\/2026\\\/04\\\/TRV_Fuerte.jpeg\",\"contentUrl\":\"https:\\\/\\\/sodepal.es\\\/wp-content\\\/uploads\\\/2026\\\/04\\\/TRV_Fuerte.jpeg\",\"width\":2560,\"height\":1725},{\"@type\":\"BreadcrumbList\",\"@id\":\"https:\\\/\\\/sodepal.es\\\/coordinamos-con-la-unidad-de-apoyo-a-la-proyeccion-el-alojamiento-de-efectivos-de-seguridad-para-transvulcania-adidas-2026\\\/#breadcrumb\",\"itemListElement\":[{\"@type\":\"ListItem\",\"position\":1,\"name\":\"Inicio\",\"item\":\"https:\\\/\\\/sodepal.es\\\/\"},{\"@type\":\"ListItem\",\"position\":2,\"name\":\"Coordinamos con la Unidad de Apoyo a la Proyecci\u00f3n el alojamiento de efectivos de seguridad para Transvulcania adidas 2026\"}]},{\"@type\":\"WebSite\",\"@id\":\"https:\\\/\\\/sodepal.es\\\/#website\",\"url\":\"https:\\\/\\\/sodepal.es\\\/\",\"name\":\"Sodepal\",\"description\":\"SODEPAL es una empresa p\u00fablica dependiente del Cabildo de La Palma. Promoci\u00f3n, Fomento y Desarrollo para la isla de La Palma\",\"publisher\":{\"@id\":\"https:\\\/\\\/sodepal.es\\\/#organization\"},\"alternateName\":\"Sociedad de Promoci\u00f3n y Desarrollo Econ\u00f3mico y Social de La Palma\",\"potentialAction\":[{\"@type\":\"SearchAction\",\"target\":{\"@type\":\"EntryPoint\",\"urlTemplate\":\"https:\\\/\\\/sodepal.es\\\/?s={search_term_string}\"},\"query-input\":{\"@type\":\"PropertyValueSpecification\",\"valueRequired\":true,\"valueName\":\"search_term_string\"}}],\"inLanguage\":\"en-GB\"},{\"@type\":\"Organization\",\"@id\":\"https:\\\/\\\/sodepal.es\\\/#organization\",\"name\":\"Sociedad de Promoci\u00f3n y Desarrollo Econ\u00f3mico y Social de La Palma\",\"alternateName\":\"Sodepal\",\"url\":\"https:\\\/\\\/sodepal.es\\\/\",\"logo\":{\"@type\":\"ImageObject\",\"inLanguage\":\"en-GB\",\"@id\":\"https:\\\/\\\/sodepal.es\\\/#\\\/schema\\\/logo\\\/image\\\/\",\"url\":\"https:\\\/\\\/sodepal.es\\\/wp-content\\\/uploads\\\/2022\\\/09\\\/logo_web.png\",\"contentUrl\":\"https:\\\/\\\/sodepal.es\\\/wp-content\\\/uploads\\\/2022\\\/09\\\/logo_web.png\",\"width\":658,\"height\":156,\"caption\":\"Sociedad de Promoci\u00f3n y Desarrollo Econ\u00f3mico y Social de La Palma\"},\"image\":{\"@id\":\"https:\\\/\\\/sodepal.es\\\/#\\\/schema\\\/logo\\\/image\\\/\"},\"sameAs\":[\"https:\\\/\\\/www.facebook.com\\\/sodepal\",\"https:\\\/\\\/www.instagram.com\\\/sodepallapalma\\\/\"],\"description\":\"Sociedad de Promoci\u00f3n y Desarrollo econ\u00f3mico y Social de La Palma, empresa p\u00fablica dependiente del Cabildo de La Palma\",\"email\":\"info@sodepal.es\",\"telephone\":\"922417323\",\"legalName\":\"Sociedad de Promoci\u00f3n y Desarrollo Econ\u00f3mico de la isla de La Palma S.A.U.\"},{\"@type\":\"Person\",\"@id\":\"https:\\\/\\\/sodepal.es\\\/#\\\/schema\\\/person\\\/43b1d623bde0c4ec4efd5656ef0958b2\",\"name\":\"gerencia\",\"image\":{\"@type\":\"ImageObject\",\"inLanguage\":\"en-GB\",\"@id\":\"https:\\\/\\\/secure.gravatar.com\\\/avatar\\\/2aa1ba3e33e6721e413a7499ea7cab2e4414b99cea1516e7404245c8da655d86?s=96&d=mm&r=g\",\"url\":\"https:\\\/\\\/secure.gravatar.com\\\/avatar\\\/2aa1ba3e33e6721e413a7499ea7cab2e4414b99cea1516e7404245c8da655d86?s=96&d=mm&r=g\",\"contentUrl\":\"https:\\\/\\\/secure.gravatar.com\\\/avatar\\\/2aa1ba3e33e6721e413a7499ea7cab2e4414b99cea1516e7404245c8da655d86?s=96&d=mm&r=g\",\"caption\":\"gerencia\"}}]}<\/script>\n<!-- \/ Yoast SEO Premium plugin. -->","yoast_head_json":{"title":"Coordinamos con la Unidad de Apoyo a la Proyecci\u00f3n el alojamiento de efectivos de seguridad para Transvulcania adidas 2026 - Sociedad de Promoci\u00f3n y Desarrollo Econ\u00f3mico y Social de La Palma - SODEPAL","description":"Toda la actualidad de los proyectos y eventos desarrollados por SODEPAL","robots":{"index":"index","follow":"follow","max-snippet":"max-snippet:-1","max-image-preview":"max-image-preview:large","max-video-preview":"max-video-preview:-1"},"canonical":"https:\/\/sodepal.es\/en\/coordinamos-con-la-unidad-de-apoyo-a-la-proyeccion-el-alojamiento-de-efectivos-de-seguridad-para-transvulcania-adidas-2026\/","og_locale":"en_GB","og_type":"article","og_title":"Coordinamos con la Unidad de Apoyo a la Proyecci\u00f3n el alojamiento de efectivos de seguridad para Transvulcania adidas 2026","og_description":"Toda la actualidad de los proyectos y eventos desarrollados por SODEPAL","og_url":"https:\/\/sodepal.es\/en\/coordinamos-con-la-unidad-de-apoyo-a-la-proyeccion-el-alojamiento-de-efectivos-de-seguridad-para-transvulcania-adidas-2026\/","og_site_name":"Sociedad de Promoci\u00f3n y Desarrollo Econ\u00f3mico y Social de La Palma - SODEPAL","article_publisher":"https:\/\/www.facebook.com\/sodepal","article_published_time":"2026-04-29T15:56:08+00:00","article_modified_time":"2026-04-29T16:00:43+00:00","og_image":[{"width":2560,"height":1725,"url":"https:\/\/sodepal.es\/wp-content\/uploads\/2026\/04\/TRV_Fuerte.jpeg","type":"image\/jpeg"}],"author":"gerencia","twitter_card":"summary_large_image","schema":{"@context":"https:\/\/schema.org","@graph":[{"@type":"Article","@id":"https:\/\/sodepal.es\/coordinamos-con-la-unidad-de-apoyo-a-la-proyeccion-el-alojamiento-de-efectivos-de-seguridad-para-transvulcania-adidas-2026\/#article","isPartOf":{"@id":"https:\/\/sodepal.es\/coordinamos-con-la-unidad-de-apoyo-a-la-proyeccion-el-alojamiento-de-efectivos-de-seguridad-para-transvulcania-adidas-2026\/"},"author":{"name":"gerencia","@id":"https:\/\/sodepal.es\/#\/schema\/person\/43b1d623bde0c4ec4efd5656ef0958b2"},"headline":"Coordinamos con la Unidad de Apoyo a la Proyecci\u00f3n el alojamiento de efectivos de seguridad para Transvulcania adidas 2026","datePublished":"2026-04-29T15:56:08+00:00","dateModified":"2026-04-29T16:00:43+00:00","mainEntityOfPage":{"@id":"https:\/\/sodepal.es\/coordinamos-con-la-unidad-de-apoyo-a-la-proyeccion-el-alojamiento-de-efectivos-de-seguridad-para-transvulcania-adidas-2026\/"},"wordCount":296,"commentCount":0,"publisher":{"@id":"https:\/\/sodepal.es\/#organization"},"image":{"@id":"https:\/\/sodepal.es\/coordinamos-con-la-unidad-de-apoyo-a-la-proyeccion-el-alojamiento-de-efectivos-de-seguridad-para-transvulcania-adidas-2026\/#primaryimage"},"thumbnailUrl":"https:\/\/sodepal.es\/wp-content\/uploads\/2026\/04\/TRV_Fuerte.jpeg","articleSection":["Noticias"],"inLanguage":"en-GB","potentialAction":[{"@type":"CommentAction","name":"Comment","target":["https:\/\/sodepal.es\/coordinamos-con-la-unidad-de-apoyo-a-la-proyeccion-el-alojamiento-de-efectivos-de-seguridad-para-transvulcania-adidas-2026\/#respond"]}]},{"@type":"WebPage","@id":"https:\/\/sodepal.es\/coordinamos-con-la-unidad-de-apoyo-a-la-proyeccion-el-alojamiento-de-efectivos-de-seguridad-para-transvulcania-adidas-2026\/","url":"https:\/\/sodepal.es\/coordinamos-con-la-unidad-de-apoyo-a-la-proyeccion-el-alojamiento-de-efectivos-de-seguridad-para-transvulcania-adidas-2026\/","name":"Coordinamos con la Unidad de Apoyo a la Proyecci\u00f3n el alojamiento de efectivos de seguridad para Transvulcania adidas 2026 - Sociedad de Promoci\u00f3n y Desarrollo Econ\u00f3mico y Social de La Palma - SODEPAL","isPartOf":{"@id":"https:\/\/sodepal.es\/#website"},"primaryImageOfPage":{"@id":"https:\/\/sodepal.es\/coordinamos-con-la-unidad-de-apoyo-a-la-proyeccion-el-alojamiento-de-efectivos-de-seguridad-para-transvulcania-adidas-2026\/#primaryimage"},"image":{"@id":"https:\/\/sodepal.es\/coordinamos-con-la-unidad-de-apoyo-a-la-proyeccion-el-alojamiento-de-efectivos-de-seguridad-para-transvulcania-adidas-2026\/#primaryimage"},"thumbnailUrl":"https:\/\/sodepal.es\/wp-content\/uploads\/2026\/04\/TRV_Fuerte.jpeg","datePublished":"2026-04-29T15:56:08+00:00","dateModified":"2026-04-29T16:00:43+00:00","description":"Toda la actualidad de los proyectos y eventos desarrollados por SODEPAL","breadcrumb":{"@id":"https:\/\/sodepal.es\/coordinamos-con-la-unidad-de-apoyo-a-la-proyeccion-el-alojamiento-de-efectivos-de-seguridad-para-transvulcania-adidas-2026\/#breadcrumb"},"inLanguage":"en-GB","potentialAction":[{"@type":"ReadAction","target":["https:\/\/sodepal.es\/coordinamos-con-la-unidad-de-apoyo-a-la-proyeccion-el-alojamiento-de-efectivos-de-seguridad-para-transvulcania-adidas-2026\/"]}]},{"@type":"ImageObject","inLanguage":"en-GB","@id":"https:\/\/sodepal.es\/coordinamos-con-la-unidad-de-apoyo-a-la-proyeccion-el-alojamiento-de-efectivos-de-seguridad-para-transvulcania-adidas-2026\/#primaryimage","url":"https:\/\/sodepal.es\/wp-content\/uploads\/2026\/04\/TRV_Fuerte.jpeg","contentUrl":"https:\/\/sodepal.es\/wp-content\/uploads\/2026\/04\/TRV_Fuerte.jpeg","width":2560,"height":1725},{"@type":"BreadcrumbList","@id":"https:\/\/sodepal.es\/coordinamos-con-la-unidad-de-apoyo-a-la-proyeccion-el-alojamiento-de-efectivos-de-seguridad-para-transvulcania-adidas-2026\/#breadcrumb","itemListElement":[{"@type":"ListItem","position":1,"name":"Inicio","item":"https:\/\/sodepal.es\/"},{"@type":"ListItem","position":2,"name":"Coordinamos con la Unidad de Apoyo a la Proyecci\u00f3n el alojamiento de efectivos de seguridad para Transvulcania adidas 2026"}]},{"@type":"WebSite","@id":"https:\/\/sodepal.es\/#website","url":"https:\/\/sodepal.es\/","name":"Sodepal","description":"SODEPAL es una empresa p\u00fablica dependiente del Cabildo de La Palma. Promoci\u00f3n, Fomento y Desarrollo para la isla de La Palma","publisher":{"@id":"https:\/\/sodepal.es\/#organization"},"alternateName":"Sociedad de Promoci\u00f3n y Desarrollo Econ\u00f3mico y Social de La Palma","potentialAction":[{"@type":"SearchAction","target":{"@type":"EntryPoint","urlTemplate":"https:\/\/sodepal.es\/?s={search_term_string}"},"query-input":{"@type":"PropertyValueSpecification","valueRequired":true,"valueName":"search_term_string"}}],"inLanguage":"en-GB"},{"@type":"Organization","@id":"https:\/\/sodepal.es\/#organization","name":"Sociedad de Promoci\u00f3n y Desarrollo Econ\u00f3mico y Social de La Palma","alternateName":"Sodepal","url":"https:\/\/sodepal.es\/","logo":{"@type":"ImageObject","inLanguage":"en-GB","@id":"https:\/\/sodepal.es\/#\/schema\/logo\/image\/","url":"https:\/\/sodepal.es\/wp-content\/uploads\/2022\/09\/logo_web.png","contentUrl":"https:\/\/sodepal.es\/wp-content\/uploads\/2022\/09\/logo_web.png","width":658,"height":156,"caption":"Sociedad de Promoci\u00f3n y Desarrollo Econ\u00f3mico y Social de La Palma"},"image":{"@id":"https:\/\/sodepal.es\/#\/schema\/logo\/image\/"},"sameAs":["https:\/\/www.facebook.com\/sodepal","https:\/\/www.instagram.com\/sodepallapalma\/"],"description":"Sociedad de Promoci\u00f3n y Desarrollo econ\u00f3mico y Social de La Palma, empresa p\u00fablica dependiente del Cabildo de La Palma","email":"info@sodepal.es","telephone":"922417323","legalName":"Sociedad de Promoci\u00f3n y Desarrollo Econ\u00f3mico de la isla de La Palma S.A.U."},{"@type":"Person","@id":"https:\/\/sodepal.es\/#\/schema\/person\/43b1d623bde0c4ec4efd5656ef0958b2","name":"gerencia","image":{"@type":"ImageObject","inLanguage":"en-GB","@id":"https:\/\/secure.gravatar.com\/avatar\/2aa1ba3e33e6721e413a7499ea7cab2e4414b99cea1516e7404245c8da655d86?s=96&d=mm&r=g","url":"https:\/\/secure.gravatar.com\/avatar\/2aa1ba3e33e6721e413a7499ea7cab2e4414b99cea1516e7404245c8da655d86?s=96&d=mm&r=g","contentUrl":"https:\/\/secure.gravatar.com\/avatar\/2aa1ba3e33e6721e413a7499ea7cab2e4414b99cea1516e7404245c8da655d86?s=96&d=mm&r=g","caption":"gerencia"}}]}},"_links":{"self":[{"href":"https:\/\/sodepal.es\/en\/wp-json\/wp\/v2\/posts\/26376","targetHints":{"allow":["GET"]}}],"collection":[{"href":"https:\/\/sodepal.es\/en\/wp-json\/wp\/v2\/posts"}],"about":[{"href":"https:\/\/sodepal.es\/en\/wp-json\/wp\/v2\/types\/post"}],"author":[{"embeddable":true,"href":"https:\/\/sodepal.es\/en\/wp-json\/wp\/v2\/users\/1"}],"replies":[{"embeddable":true,"href":"https:\/\/sodepal.es\/en\/wp-json\/wp\/v2\/comments?post=26376"}],"version-history":[{"count":7,"href":"https:\/\/sodepal.es\/en\/wp-json\/wp\/v2\/posts\/26376\/revisions"}],"predecessor-version":[{"id":26384,"href":"https:\/\/sodepal.es\/en\/wp-json\/wp\/v2\/posts\/26376\/revisions\/26384"}],"wp:featuredmedia":[{"embeddable":true,"href":"https:\/\/sodepal.es\/en\/wp-json\/wp\/v2\/media\/26378"}],"wp:attachment":[{"href":"https:\/\/sodepal.es\/en\/wp-json\/wp\/v2\/media?parent=26376"}],"wp:term":[{"taxonomy":"category","embeddable":true,"href":"https:\/\/sodepal.es\/en\/wp-json\/wp\/v2\/categories?post=26376"},{"taxonomy":"post_tag","embeddable":true,"href":"https:\/\/sodepal.es\/en\/wp-json\/wp\/v2\/tags?post=26376"}],"curies":[{"name":"wp","href":"https:\/\/api.w.org\/{rel}","templated":true}]}}