{"id":26385,"date":"2026-04-30T15:06:06","date_gmt":"2026-04-30T15:06:06","guid":{"rendered":"https:\/\/sodepal.es\/?p=26385"},"modified":"2026-04-30T15:12:56","modified_gmt":"2026-04-30T15:12:56","slug":"isla-bonita-moda-celebra-el-talento-local-en-la-tercera-edicion-de-los-premios-al-talento-made-in-la-palma","status":"publish","type":"post","link":"https:\/\/sodepal.es\/en\/isla-bonita-moda-celebra-el-talento-local-en-la-tercera-edicion-de-los-premios-al-talento-made-in-la-palma\/","title":{"rendered":"Isla Bonita Moda celebra el talento local en la tercera edici\u00f3n de los Premios al Talento `Made in La Palma\u00b4"},"content":{"rendered":"<div data-elementor-type=\"wp-post\" data-elementor-id=\"26385\" class=\"elementor elementor-26385\" data-elementor-post-type=\"post\">\n\t\t\t\t\t\t<section class=\"elementor-section elementor-top-section elementor-element elementor-element-36d1fa0 elementor-section-boxed elementor-section-height-default elementor-section-height-default\" data-id=\"36d1fa0\" data-element_type=\"section\" data-e-type=\"section\">\n\t\t\t\t\t\t<div class=\"elementor-container elementor-column-gap-default\">\n\t\t\t\t\t<div class=\"elementor-column elementor-col-100 elementor-top-column elementor-element elementor-element-20481759\" data-id=\"20481759\" data-element_type=\"column\" data-e-type=\"column\">\n\t\t\t<div class=\"elementor-widget-wrap elementor-element-populated\">\n\t\t\t\t\t\t<div class=\"elementor-element elementor-element-203ce316 elementor-widget elementor-widget-text-editor\" data-id=\"203ce316\" data-element_type=\"widget\" data-e-type=\"widget\" data-widget_type=\"text-editor.default\">\n\t\t\t\t<div class=\"elementor-widget-container\">\n\t\t\t\t\t\t\t\t\t<div class=\"field field--name-field-noticias-entradilla field--type-text-long field--label-hidden field--item\"><div class=\"field field--name-field-noticias-entradilla field--type-text-long field--label-hidden field--item\"><div class=\"field field--name-field-noticias-entradilla field--type-text-long field--label-hidden field--item\"><div class=\"field field--name-field-noticias-entradilla field--type-text-long field--label-hidden field--item\"><h4>Las personas reconocidas este a\u00f1o han sido Paola Barreto, Marta Ponz\u00e1lez; Oksana Garc\u00eda; Geito Comunicaci\u00f3n; Cristina Navarro; Zahira P\u00e9rez; Elia P\u00e9rez, y Raquel Sanju\u00e1n, adem\u00e1s de reconocimiento honor\u00edfico, que recay\u00f3 en la Tienda de Amadeo.<\/h4><\/div><div class=\"field field--name-body field--type-text-with-summary field--label-hidden field--item\"><p>El programa Isla Bonita Moda ha celebrado este mi\u00e9rcoles 29 de abril la tercera edici\u00f3n de los Premios Isla Bonita Moda al Talento Made in La Palma, una cita ya consolidada dentro del calendario insular que reconoce la excelencia, creatividad e innovaci\u00f3n del sector creativo en el \u00e1mbito de la moda de la isla.<\/p><p>El presidente del Cabildo de La Palma, Sergio Rodr\u00edguez, incidi\u00f3 en \u201cla evoluci\u00f3n de este proyecto, que naci\u00f3 con una misi\u00f3n clara, la de demostrar que la moda hecha en La Palma es una poderosa herramienta de cambio positivo para nuestra sociedad y un motor econ\u00f3mico real\u201d.<\/p><p>\u201cHemos fortalecido la marca IBM a trav\u00e9s de alianzas estrat\u00e9gicas y hemos consolidado nuestra presencia en pasarelas y misiones comerciales internacionales, posicionando a La Palma como un destino atractivo y creativo\u201d, expuso el presidente.<\/p><p>Miriam Perestelo, destac\u00f3 que \u201cesta tercera edici\u00f3n confirma la madurez de un proyecto que no solo reconoce el talento, sino que lo impulsa, lo conecta y lo proyecta desde la identidad propia de La Palma\u201d.<\/p><p>El evento tuvo lugar en el Museo Arqueol\u00f3gico Benahoarita de Los Llanos de Aridane, un espacio cargado de simbolismo que, en esta edici\u00f3n, ha servido de inspiraci\u00f3n para el concepto de los galardones. El trofeo, dise\u00f1ado por el joyero palmero Pedro Ferreiro, conecta con los or\u00edgenes de La Palma a trav\u00e9s de la espiral benahoarita, s\u00edmbolo de evoluci\u00f3n, continuidad y proyecci\u00f3n del talento local hacia el futuro.<\/p><p>Impulsados por el Cabildo Insular de La Palma a trav\u00e9s de SODEPAL, estos premios tienen como objetivo fortalecer la comunidad creativa vinculada a Isla Bonita Moda, visibilizar el trabajo de sus profesionales y fomentar la aparici\u00f3n de nuevos talentos en el \u00e1mbito de la moda.<\/p><p>El jurado, compuesto por el Comit\u00e9 de Garant\u00edas de Isla Bonita Moda, ha reconocido en esta edici\u00f3n a los siguientes profesionales y proyectos:<\/p><p><strong>En la categor\u00eda de Marca de Moda<\/strong>, Paola Barreto fue la dise\u00f1adora galardonada. Marta Ponz\u00e1lez fue reconocida en la faceta de Modelo de Fotograf\u00eda y Pasarela, mientras que Oksana Garc\u00eda en Profesionales del Maquillaje, y Paula Rodr\u00edguez en Profesionales de la Peluquer\u00eda, tambi\u00e9n se hicieron con este t\u00edtulo.<\/p><p><strong>En lo respectivo a Fotograf\u00eda y Creaci\u00f3n Audiovisual<\/strong>, la compa\u00f1\u00eda Geito Comunicaci\u00f3n fue la empresa vencedora, siendo tambi\u00e9n Cristina Navarro la ganadora en la categor\u00eda de Creaci\u00f3n de Contenido de Moda.<\/p><p><strong>En cuanto a los Nuevos Talentos<\/strong>, Zahira P\u00e9rez se impuso en Modelismo de Indumentaria y Elia P\u00e9rez en Procedimientos de Joyer\u00eda. Por \u00faltimo, Raquel Sanju\u00e1n consigui\u00f3 el premio al Proyecto Sostenible de Moda.<\/p><p>Adem\u00e1s, el\u00a0\u201c<strong>Premio Honor\u00edfico al Talento<\/strong>\u201d,\u00a0otorgado por el Consejo de Administraci\u00f3n de SODEPAL, ha reca\u00eddo en la hist\u00f3rica\u00a0Tienda de Amadeo,\u00a0en reconocimiento a su trayectoria y a su contribuci\u00f3n al desarrollo del comercio, la moda y la vida social de La Palma durante m\u00e1s de un siglo.<\/p><p>Entre los asistentes destac\u00f3 la presencia del\u00a0Comit\u00e9\u00a0de Garant\u00edas\u00a0de Isla Bonita Moda\u00a0al completo, integrado por:\u00a0Miriam Perestelo, consejera de Promoci\u00f3n Econ\u00f3mica del Cabildo Insular de La Palma y consejera delegada de SODEPAL, que act\u00faa como presidenta;\u00a0Andr\u00e9s Acosta,\u00a0dise\u00f1ador de moda y director de Isla Bonita Moda, que act\u00faa como secretario;\u00a0Asier Labarga,\u00a0director de MBFW Madrid y de proyectos de Lifestyle de IFEMA Madrid;\u00a0Daniela Guti\u00e9rrez,\u00a0directora creativa, directora de moda de la revista Neo2 y fundadora de Barokah Jewels;\u00a0Jes\u00fas Mar\u00eda Armas Dom\u00ednguez,\u00a0consejera de Educaci\u00f3n, Formaci\u00f3n, Artesan\u00eda y Empleo del Cabildo Insular de La Palma;\u00a0Jonathan D\u00edaz,\u00a0de la firma Diazar y representante del colectivo de firmas de textil; Jose Toledo, modelo y presentadora de televisi\u00f3n;\u00a0Maira Riverol,\u00a0de la firma La Sereca, en representaci\u00f3n del colectivo de firmas de complementos;\u00a0Marta Ortiz,\u00a0modelo y empresaria;\u00a0M\u00f3nica Rever\u00f3n,\u00a0directora de la Escuela de Arte Manolo Blahnik;\u00a0Pepa Bueno,\u00a0directora ejecutiva de ACME (Asociaci\u00f3n Creadores de Moda de Espa\u00f1a);\u00a0Sara Luis,\u00a0de la firma Sara Luis Joyas, en representaci\u00f3n del colectivo de joyeros y joyeras; y\u00a0Verania S\u00e1nchez,\u00a0profesora de la Escuela de Arte Manolo Blahnik.<\/p><p>Asimismo, asistieron como invitadas especiales la creadora de contenido y comunicadora canaria\u00a0Minerva Hern\u00e1ndez\u00a0y la directora de moda de la revista Woman,\u00a0Marta Lasierra.<\/p><p>Durante el acto, conducido por\u00a0Jose Toledo,\u00a0se puso de manifiesto el alto nivel de las candidaturas presentadas, reflejo del crecimiento y consolidaci\u00f3n del sector creativo en la isla.<\/p><p>El evento concluy\u00f3 con un c\u00f3ctel en el propio museo, generando un espacio de encuentro entre profesionales, instituciones y p\u00fablico asistente, reforzando as\u00ed el esp\u00edritu de comunidad que define a Isla Bonita Moda.<\/p><\/div><div class=\"field field--name-field-noticias-entradilla field--type-text-long field--label-hidden field--item\"><div class=\"field field--name-field-noticias-entradilla field--type-text-long field--label-hidden field--item\"><div class=\"field field--name-field-noticias-entradilla field--type-text-long field--label-hidden field--item\"><div class=\"field field--name-field-noticias-entradilla field--type-text-long field--label-hidden field--item\"><div class=\"field field--name-field-noticias-entradilla field--type-text-long field--label-hidden field--item\"><div class=\"field field--name-field-noticias-entradilla field--type-text-long field--label-hidden field--item\"><p>Isla Bonita Moda, programa del Cabildo Insular de La Palma impulsado a trav\u00e9s de Sodepal para apoyar al sector creativo de la moda, refuerza su estructura estrat\u00e9gica con la incorporaci\u00f3n de Pepa Bueno, directora ejecutiva de ACME (Asociaci\u00f3n Creadores de Moda de Espa\u00f1a), al Comit\u00e9 de Garant\u00edas de la marca.<\/p><p>Su incorporaci\u00f3n supone un importante impulso para el Comit\u00e9, al integrar la visi\u00f3n y experiencia de una de las voces con m\u00e1s trayectoria en el ecosistema de la moda espa\u00f1ola. A trav\u00e9s de su liderazgo en ACME,entidad de referencia en la promoci\u00f3n y\u00a0defensa de la moda de autor en Espa\u00f1a, refuerza su estructura estrat\u00e9gica y su conexi\u00f3n con el sector a nivel nacional, generando nuevas oportunidades de conexi\u00f3n,visibilidad y crecimiento para las firmas adheridas.<\/p><p>Historiadora del arte especializada en historia del dise\u00f1o, Pepa Bueno cuenta con una s\u00f3lida trayectoria enel \u00e1mbito editorial y cultural. Tras su paso por medios como\u00a0Woman,\u00a0Elle,\u00a0Vogue Novias\u00a0y\u00a0Yo Dona\u00a0\u2014donde fue subdirectora\u2014, se incorpora a ACME en 2013. Desde entonces, ha impulsado la entrada denuevos socios y liderado iniciativas clave para visibilizar y posicionar el dise\u00f1o de moda espa\u00f1ol dentroy fuera de nuestras fronteras.<\/p><p>Desde 2015 dirige\u00a0Madrid es Moda\u00a0y ha comisariado exposiciones como\u00a0Made in Spain\u00a0en Par\u00eds o\u00a0Lascosturas femeninas de la moda de Espa\u00f1a, junto al Museo Nacional de Artes Decorativas y la Agencia EFE.Es miembro del Comit\u00e9 de Moda de MBFWMadrid y ha impartido clases y conferencias en instituciones como IED, Cond\u00e9 Nast College, Fundaci\u00f3n Ram\u00f3n Areces o la Universidad Pompeu Fabra. Adem\u00e1s, esvicepresidenta de la Fundaci\u00f3n Academia de la Moda Espa\u00f1ola y autora del libro\u00a0Disue\u00f1o. Cuando el arte yel dise\u00f1o jugaron a ser lo mismo\u00a0(Tenov, 2019).<\/p><p>Con esta incorporaci\u00f3n, el Comit\u00e9 fortalece su car\u00e1cter estrat\u00e9gico, integrando de forma m\u00e1s directa el conocimiento del sector a nivel estatal y consolidando un puente entre el talento emergente de La Palma y laindustria de la moda en Espa\u00f1a.<\/p><p>El resto de integrantes del Comit\u00e9 contin\u00faan aportando su experiencia y conocimiento, renovando su compromiso con el proyecto en este 2026:<\/p><ul><li>Miriam Perestelo, consejera de Promoci\u00f3n Econ\u00f3mica, Comercio, Acci\u00f3n Social, Igualdad, Diversidad,Vivienda y Salud, Cultura y Patrimonio Cultural del Cabildo Insular de La Palma, quien ejerce como presidenta del comit\u00e9.<\/li><li>Andr\u00e9s Acosta, dise\u00f1ador de moda y director art\u00edstico, comercial y de expansi\u00f3n de Isla Bonita Moda,como secretario del comit\u00e9.<\/li><li>Asier Labarga, director de MBFW Madrid y proyectos de Lifestyle de IFEMA<\/li><li>Jes\u00fas Mar\u00eda Armas Dom\u00ednguez, consejera de Educaci\u00f3n, Formaci\u00f3n, Artesan\u00eda y Empleo del Cabildo Insular de La Palma.<\/li><li>Jose Toledo, modelo y comunicadora<\/li><li>Marta Ortiz, top model valenciana y empresaria de<\/li><li>Daniela Guti\u00e9rrez, estilista mexicana, consultora y empresaria de<\/li><li>M\u00f3nica Rever\u00f3n, directora de la Escuela de Arte Manolo<\/li><li>Verania S\u00e1nchez, profesora de Modelismo de Indumentaria en la Escuela de Arte Manolo Blahnik.<\/li><li>Jonathan D\u00edaz, de la firma Diazar Atelier, como representante del colectivo de firmas textiles asociadas al sello.<\/li><li>Sara Luis, de la firma Sara Luis Joyas, en representaci\u00f3n del colectivo de joyeros y joyeras adheridos al sello.<\/li><li>Maira Riverol, de la firma La Sereca, en representaci\u00f3n del colectivo de firmas de complementos asociadas a Isla Bonita Moda.<\/li><\/ul><p>El Comit\u00e9 de Garant\u00edas tiene entre sus funciones la concesi\u00f3n del uso de la marca a las firmas solicitantes, la supervisi\u00f3n del cumplimiento del reglamento de uso, la participaci\u00f3n como jurado en los Premios Isla Bonita Moda al Talento !Made in La Palma\u00bb, as\u00ed como la propuesta de acciones de mejora y el impulso de medidas de protecci\u00f3n, promoci\u00f3n y fortalecimiento de la marca.<\/p><p>Esta actualizaci\u00f3n consolida un modelo participativo, transparente y equitativo, que fomenta el desarrollo de las firmas adheridas y consolida la proyecci\u00f3n de Isla Bonita Moda dentro y fuera de La Palma.<\/p><p>En palabras de Pepa Bueno, directora ejecutiva de ACME, \u201cformar parte del Comit\u00e9 de Garant\u00edas de IslaBonita Moda nos permite acompa\u00f1ar de cerca un proyecto que, desde un contexto insular, ha sabido construir un modelo propio de apoyo al sector. Desde ACME, esta colaboraci\u00f3n se enmarca en una relaci\u00f3n sostenida con iniciativas que contribuyen a estructurar la moda de autor en Espa\u00f1a.\u201d<\/p><p>Por su parte, Miriam Perestelo se\u00f1ala que #la incorporaci\u00f3n de Pepa Bueno al Comit\u00e9 de Garant\u00eda de IslaBonita Moda supone un paso muy importante para seguir fortaleciendo la conexi\u00f3n con el sector de la moda a nivel nacional. Su experiencia y la labor que desarrolla ACME ser\u00e1n clave para continuar impulsando eltalento palmero y consolidar la proyecci\u00f3n de nuestras firmas\u201d.<\/p><h4>ABOUT THE SPANISH FASHION DESIGNERS ASSOCIATION (ACME)<\/h4><p>La Asociaci\u00f3n Creadores de Moda de Espa\u00f1a (ACME) es una asociaci\u00f3n profesional sin \u00e1nimo de lucro que actualmente est\u00e1 formada por 97 creadores de moda de toda la geograf\u00eda espa\u00f1ola que participan en lasprincipales pasarelas y plataformas de moda tanto a nivel nacional como internacional, 4 institucionesasociadas y Amazon Fashion como Benefactor.<\/p><p>Fundada en 1998 por los dise\u00f1adores Modesto Lomba, Jes\u00fas del Pozo, Elio Berhanyer,\u00a0Antonio Pernas, \u00c1ngel Fern\u00e1ndez Ovejero (Angel Schlesser) y Roberto Verino, desde su nacimiento, la Asociaci\u00f3n Creadores de Moda de Espa\u00f1a trabaja para defender los intereses de las firmas de moda de autor, ofreciendo herramientas para aumentar su competitividad.<\/p><p>ACME tiene como fin la promoci\u00f3n de la moda espa\u00f1ola en sus facetas econ\u00f3mica y cultural, fomentando actividades que redunden en beneficio del sector del dise\u00f1o de moda en sus vertientes creativa y comercial,tanto dentro como fuera de Espa\u00f1a.<\/p><\/div><\/div><\/div><\/div><\/div><\/div><\/div><\/div><\/div>\t\t\t\t\t\t\t\t<\/div>\n\t\t\t\t<\/div>\n\t\t\t\t\t<\/div>\n\t\t<\/div>\n\t\t\t\t\t<\/div>\n\t\t<\/section>\n\t\t\t\t<\/div>","protected":false},"excerpt":{"rendered":"<p>Las personas reconocidas este a\u00f1o han sido Paola Barreto, Marta Ponz\u00e1lez; Oksana Garc\u00eda; Geito Comunicaci\u00f3n; Cristina Navarro; Zahira P\u00e9rez; Elia P\u00e9rez, y Raquel Sanju\u00e1n, adem\u00e1s de reconocimiento honor\u00edfico, que recay\u00f3 en la Tienda de Amadeo. El programa Isla Bonita Moda ha celebrado este mi\u00e9rcoles 29 de abril la tercera edici\u00f3n de los Premios Isla Bonita &#8230; <a title=\"Isla Bonita Moda celebra el talento local en la tercera edici\u00f3n de los Premios al Talento `Made in La Palma\u00b4\" class=\"read-more\" href=\"https:\/\/sodepal.es\/en\/isla-bonita-moda-celebra-el-talento-local-en-la-tercera-edicion-de-los-premios-al-talento-made-in-la-palma\/\" aria-label=\"Read more about Isla Bonita Moda celebra el talento local en la tercera edici\u00f3n de los Premios al Talento `Made in La Palma\u00b4\">Read more<\/a><\/p>","protected":false},"author":1,"featured_media":26387,"comment_status":"open","ping_status":"open","sticky":false,"template":"","format":"standard","meta":{"_acf_changed":false,"footnotes":""},"categories":[19],"tags":[],"class_list":["post-26385","post","type-post","status-publish","format-standard","has-post-thumbnail","hentry","category-noticias"],"acf":[],"yoast_head":"<!-- This site is optimized with the Yoast SEO Premium plugin v22.0 (Yoast SEO v27.5) - https:\/\/yoast.com\/product\/yoast-seo-premium-wordpress\/ -->\n<title>Isla Bonita Moda celebra el talento local en la tercera edici\u00f3n de los Premios al Talento `Made in La Palma\u00b4 - Sociedad de Promoci\u00f3n y Desarrollo Econ\u00f3mico y Social de La Palma - SODEPAL<\/title>\n<meta name=\"description\" content=\"Toda la actualidad de los proyectos y eventos desarrollados por SODEPAL\" \/>\n<meta name=\"robots\" content=\"index, follow, max-snippet:-1, max-image-preview:large, max-video-preview:-1\" \/>\n<link rel=\"canonical\" href=\"https:\/\/sodepal.es\/en\/isla-bonita-moda-celebra-el-talento-local-en-la-tercera-edicion-de-los-premios-al-talento-made-in-la-palma\/\" \/>\n<meta property=\"og:locale\" content=\"en_GB\" \/>\n<meta property=\"og:type\" content=\"article\" \/>\n<meta property=\"og:title\" content=\"Isla Bonita Moda celebra el talento local en la tercera edici\u00f3n de los Premios al Talento `Made in La Palma\u00b4\" \/>\n<meta property=\"og:description\" content=\"Toda la actualidad de los proyectos y eventos desarrollados por SODEPAL\" \/>\n<meta property=\"og:url\" content=\"https:\/\/sodepal.es\/en\/isla-bonita-moda-celebra-el-talento-local-en-la-tercera-edicion-de-los-premios-al-talento-made-in-la-palma\/\" \/>\n<meta property=\"og:site_name\" content=\"Sociedad de Promoci\u00f3n y Desarrollo Econ\u00f3mico y Social de La Palma - SODEPAL\" \/>\n<meta property=\"article:publisher\" content=\"https:\/\/www.facebook.com\/sodepal\" \/>\n<meta property=\"article:published_time\" content=\"2026-04-30T15:06:06+00:00\" \/>\n<meta property=\"article:modified_time\" content=\"2026-04-30T15:12:56+00:00\" \/>\n<meta property=\"og:image\" content=\"https:\/\/sodepal.es\/wp-content\/uploads\/2026\/04\/Premios_IBM.jpeg\" \/>\n\t<meta property=\"og:image:width\" content=\"1280\" \/>\n\t<meta property=\"og:image:height\" content=\"853\" \/>\n\t<meta property=\"og:image:type\" content=\"image\/jpeg\" \/>\n<meta name=\"author\" content=\"gerencia\" \/>\n<meta name=\"twitter:card\" content=\"summary_large_image\" \/>\n<script type=\"application\/ld+json\" class=\"yoast-schema-graph\">{\"@context\":\"https:\\\/\\\/schema.org\",\"@graph\":[{\"@type\":\"Article\",\"@id\":\"https:\\\/\\\/sodepal.es\\\/isla-bonita-moda-celebra-el-talento-local-en-la-tercera-edicion-de-los-premios-al-talento-made-in-la-palma\\\/#article\",\"isPartOf\":{\"@id\":\"https:\\\/\\\/sodepal.es\\\/isla-bonita-moda-celebra-el-talento-local-en-la-tercera-edicion-de-los-premios-al-talento-made-in-la-palma\\\/\"},\"author\":{\"name\":\"gerencia\",\"@id\":\"https:\\\/\\\/sodepal.es\\\/#\\\/schema\\\/person\\\/43b1d623bde0c4ec4efd5656ef0958b2\"},\"headline\":\"Isla Bonita Moda celebra el talento local en la tercera edici\u00f3n de los Premios al Talento `Made in La Palma\u00b4\",\"datePublished\":\"2026-04-30T15:06:06+00:00\",\"dateModified\":\"2026-04-30T15:12:56+00:00\",\"mainEntityOfPage\":{\"@id\":\"https:\\\/\\\/sodepal.es\\\/isla-bonita-moda-celebra-el-talento-local-en-la-tercera-edicion-de-los-premios-al-talento-made-in-la-palma\\\/\"},\"wordCount\":1864,\"commentCount\":0,\"publisher\":{\"@id\":\"https:\\\/\\\/sodepal.es\\\/#organization\"},\"image\":{\"@id\":\"https:\\\/\\\/sodepal.es\\\/isla-bonita-moda-celebra-el-talento-local-en-la-tercera-edicion-de-los-premios-al-talento-made-in-la-palma\\\/#primaryimage\"},\"thumbnailUrl\":\"https:\\\/\\\/sodepal.es\\\/wp-content\\\/uploads\\\/2026\\\/04\\\/Premios_IBM.jpeg\",\"articleSection\":[\"Noticias\"],\"inLanguage\":\"en-GB\",\"potentialAction\":[{\"@type\":\"CommentAction\",\"name\":\"Comment\",\"target\":[\"https:\\\/\\\/sodepal.es\\\/isla-bonita-moda-celebra-el-talento-local-en-la-tercera-edicion-de-los-premios-al-talento-made-in-la-palma\\\/#respond\"]}]},{\"@type\":\"WebPage\",\"@id\":\"https:\\\/\\\/sodepal.es\\\/isla-bonita-moda-celebra-el-talento-local-en-la-tercera-edicion-de-los-premios-al-talento-made-in-la-palma\\\/\",\"url\":\"https:\\\/\\\/sodepal.es\\\/isla-bonita-moda-celebra-el-talento-local-en-la-tercera-edicion-de-los-premios-al-talento-made-in-la-palma\\\/\",\"name\":\"Isla Bonita Moda celebra el talento local en la tercera edici\u00f3n de los Premios al Talento `Made in La Palma\u00b4 - Sociedad de Promoci\u00f3n y Desarrollo Econ\u00f3mico y Social de La Palma - SODEPAL\",\"isPartOf\":{\"@id\":\"https:\\\/\\\/sodepal.es\\\/#website\"},\"primaryImageOfPage\":{\"@id\":\"https:\\\/\\\/sodepal.es\\\/isla-bonita-moda-celebra-el-talento-local-en-la-tercera-edicion-de-los-premios-al-talento-made-in-la-palma\\\/#primaryimage\"},\"image\":{\"@id\":\"https:\\\/\\\/sodepal.es\\\/isla-bonita-moda-celebra-el-talento-local-en-la-tercera-edicion-de-los-premios-al-talento-made-in-la-palma\\\/#primaryimage\"},\"thumbnailUrl\":\"https:\\\/\\\/sodepal.es\\\/wp-content\\\/uploads\\\/2026\\\/04\\\/Premios_IBM.jpeg\",\"datePublished\":\"2026-04-30T15:06:06+00:00\",\"dateModified\":\"2026-04-30T15:12:56+00:00\",\"description\":\"Toda la actualidad de los proyectos y eventos desarrollados por SODEPAL\",\"breadcrumb\":{\"@id\":\"https:\\\/\\\/sodepal.es\\\/isla-bonita-moda-celebra-el-talento-local-en-la-tercera-edicion-de-los-premios-al-talento-made-in-la-palma\\\/#breadcrumb\"},\"inLanguage\":\"en-GB\",\"potentialAction\":[{\"@type\":\"ReadAction\",\"target\":[\"https:\\\/\\\/sodepal.es\\\/isla-bonita-moda-celebra-el-talento-local-en-la-tercera-edicion-de-los-premios-al-talento-made-in-la-palma\\\/\"]}]},{\"@type\":\"ImageObject\",\"inLanguage\":\"en-GB\",\"@id\":\"https:\\\/\\\/sodepal.es\\\/isla-bonita-moda-celebra-el-talento-local-en-la-tercera-edicion-de-los-premios-al-talento-made-in-la-palma\\\/#primaryimage\",\"url\":\"https:\\\/\\\/sodepal.es\\\/wp-content\\\/uploads\\\/2026\\\/04\\\/Premios_IBM.jpeg\",\"contentUrl\":\"https:\\\/\\\/sodepal.es\\\/wp-content\\\/uploads\\\/2026\\\/04\\\/Premios_IBM.jpeg\",\"width\":1280,\"height\":853},{\"@type\":\"BreadcrumbList\",\"@id\":\"https:\\\/\\\/sodepal.es\\\/isla-bonita-moda-celebra-el-talento-local-en-la-tercera-edicion-de-los-premios-al-talento-made-in-la-palma\\\/#breadcrumb\",\"itemListElement\":[{\"@type\":\"ListItem\",\"position\":1,\"name\":\"Inicio\",\"item\":\"https:\\\/\\\/sodepal.es\\\/\"},{\"@type\":\"ListItem\",\"position\":2,\"name\":\"Isla Bonita Moda celebra el talento local en la tercera edici\u00f3n de los Premios al Talento `Made in La Palma\u00b4\"}]},{\"@type\":\"WebSite\",\"@id\":\"https:\\\/\\\/sodepal.es\\\/#website\",\"url\":\"https:\\\/\\\/sodepal.es\\\/\",\"name\":\"Sodepal\",\"description\":\"SODEPAL es una empresa p\u00fablica dependiente del Cabildo de La Palma. Promoci\u00f3n, Fomento y Desarrollo para la isla de La Palma\",\"publisher\":{\"@id\":\"https:\\\/\\\/sodepal.es\\\/#organization\"},\"alternateName\":\"Sociedad de Promoci\u00f3n y Desarrollo Econ\u00f3mico y Social de La Palma\",\"potentialAction\":[{\"@type\":\"SearchAction\",\"target\":{\"@type\":\"EntryPoint\",\"urlTemplate\":\"https:\\\/\\\/sodepal.es\\\/?s={search_term_string}\"},\"query-input\":{\"@type\":\"PropertyValueSpecification\",\"valueRequired\":true,\"valueName\":\"search_term_string\"}}],\"inLanguage\":\"en-GB\"},{\"@type\":\"Organization\",\"@id\":\"https:\\\/\\\/sodepal.es\\\/#organization\",\"name\":\"Sociedad de Promoci\u00f3n y Desarrollo Econ\u00f3mico y Social de La Palma\",\"alternateName\":\"Sodepal\",\"url\":\"https:\\\/\\\/sodepal.es\\\/\",\"logo\":{\"@type\":\"ImageObject\",\"inLanguage\":\"en-GB\",\"@id\":\"https:\\\/\\\/sodepal.es\\\/#\\\/schema\\\/logo\\\/image\\\/\",\"url\":\"https:\\\/\\\/sodepal.es\\\/wp-content\\\/uploads\\\/2022\\\/09\\\/logo_web.png\",\"contentUrl\":\"https:\\\/\\\/sodepal.es\\\/wp-content\\\/uploads\\\/2022\\\/09\\\/logo_web.png\",\"width\":658,\"height\":156,\"caption\":\"Sociedad de Promoci\u00f3n y Desarrollo Econ\u00f3mico y Social de La Palma\"},\"image\":{\"@id\":\"https:\\\/\\\/sodepal.es\\\/#\\\/schema\\\/logo\\\/image\\\/\"},\"sameAs\":[\"https:\\\/\\\/www.facebook.com\\\/sodepal\",\"https:\\\/\\\/www.instagram.com\\\/sodepallapalma\\\/\"],\"description\":\"Sociedad de Promoci\u00f3n y Desarrollo econ\u00f3mico y Social de La Palma, empresa p\u00fablica dependiente del Cabildo de La Palma\",\"email\":\"info@sodepal.es\",\"telephone\":\"922417323\",\"legalName\":\"Sociedad de Promoci\u00f3n y Desarrollo Econ\u00f3mico de la isla de La Palma S.A.U.\"},{\"@type\":\"Person\",\"@id\":\"https:\\\/\\\/sodepal.es\\\/#\\\/schema\\\/person\\\/43b1d623bde0c4ec4efd5656ef0958b2\",\"name\":\"gerencia\",\"image\":{\"@type\":\"ImageObject\",\"inLanguage\":\"en-GB\",\"@id\":\"https:\\\/\\\/secure.gravatar.com\\\/avatar\\\/2aa1ba3e33e6721e413a7499ea7cab2e4414b99cea1516e7404245c8da655d86?s=96&d=mm&r=g\",\"url\":\"https:\\\/\\\/secure.gravatar.com\\\/avatar\\\/2aa1ba3e33e6721e413a7499ea7cab2e4414b99cea1516e7404245c8da655d86?s=96&d=mm&r=g\",\"contentUrl\":\"https:\\\/\\\/secure.gravatar.com\\\/avatar\\\/2aa1ba3e33e6721e413a7499ea7cab2e4414b99cea1516e7404245c8da655d86?s=96&d=mm&r=g\",\"caption\":\"gerencia\"}}]}<\/script>\n<!-- \/ Yoast SEO Premium plugin. -->","yoast_head_json":{"title":"Isla Bonita Moda celebra el talento local en la tercera edici\u00f3n de los Premios al Talento `Made in La Palma\u00b4 - Sociedad de Promoci\u00f3n y Desarrollo Econ\u00f3mico y Social de La Palma - SODEPAL","description":"Toda la actualidad de los proyectos y eventos desarrollados por SODEPAL","robots":{"index":"index","follow":"follow","max-snippet":"max-snippet:-1","max-image-preview":"max-image-preview:large","max-video-preview":"max-video-preview:-1"},"canonical":"https:\/\/sodepal.es\/en\/isla-bonita-moda-celebra-el-talento-local-en-la-tercera-edicion-de-los-premios-al-talento-made-in-la-palma\/","og_locale":"en_GB","og_type":"article","og_title":"Isla Bonita Moda celebra el talento local en la tercera edici\u00f3n de los Premios al Talento `Made in La Palma\u00b4","og_description":"Toda la actualidad de los proyectos y eventos desarrollados por SODEPAL","og_url":"https:\/\/sodepal.es\/en\/isla-bonita-moda-celebra-el-talento-local-en-la-tercera-edicion-de-los-premios-al-talento-made-in-la-palma\/","og_site_name":"Sociedad de Promoci\u00f3n y Desarrollo Econ\u00f3mico y Social de La Palma - SODEPAL","article_publisher":"https:\/\/www.facebook.com\/sodepal","article_published_time":"2026-04-30T15:06:06+00:00","article_modified_time":"2026-04-30T15:12:56+00:00","og_image":[{"width":1280,"height":853,"url":"https:\/\/sodepal.es\/wp-content\/uploads\/2026\/04\/Premios_IBM.jpeg","type":"image\/jpeg"}],"author":"gerencia","twitter_card":"summary_large_image","schema":{"@context":"https:\/\/schema.org","@graph":[{"@type":"Article","@id":"https:\/\/sodepal.es\/isla-bonita-moda-celebra-el-talento-local-en-la-tercera-edicion-de-los-premios-al-talento-made-in-la-palma\/#article","isPartOf":{"@id":"https:\/\/sodepal.es\/isla-bonita-moda-celebra-el-talento-local-en-la-tercera-edicion-de-los-premios-al-talento-made-in-la-palma\/"},"author":{"name":"gerencia","@id":"https:\/\/sodepal.es\/#\/schema\/person\/43b1d623bde0c4ec4efd5656ef0958b2"},"headline":"Isla Bonita Moda celebra el talento local en la tercera edici\u00f3n de los Premios al Talento `Made in La Palma\u00b4","datePublished":"2026-04-30T15:06:06+00:00","dateModified":"2026-04-30T15:12:56+00:00","mainEntityOfPage":{"@id":"https:\/\/sodepal.es\/isla-bonita-moda-celebra-el-talento-local-en-la-tercera-edicion-de-los-premios-al-talento-made-in-la-palma\/"},"wordCount":1864,"commentCount":0,"publisher":{"@id":"https:\/\/sodepal.es\/#organization"},"image":{"@id":"https:\/\/sodepal.es\/isla-bonita-moda-celebra-el-talento-local-en-la-tercera-edicion-de-los-premios-al-talento-made-in-la-palma\/#primaryimage"},"thumbnailUrl":"https:\/\/sodepal.es\/wp-content\/uploads\/2026\/04\/Premios_IBM.jpeg","articleSection":["Noticias"],"inLanguage":"en-GB","potentialAction":[{"@type":"CommentAction","name":"Comment","target":["https:\/\/sodepal.es\/isla-bonita-moda-celebra-el-talento-local-en-la-tercera-edicion-de-los-premios-al-talento-made-in-la-palma\/#respond"]}]},{"@type":"WebPage","@id":"https:\/\/sodepal.es\/isla-bonita-moda-celebra-el-talento-local-en-la-tercera-edicion-de-los-premios-al-talento-made-in-la-palma\/","url":"https:\/\/sodepal.es\/isla-bonita-moda-celebra-el-talento-local-en-la-tercera-edicion-de-los-premios-al-talento-made-in-la-palma\/","name":"Isla Bonita Moda celebra el talento local en la tercera edici\u00f3n de los Premios al Talento `Made in La Palma\u00b4 - Sociedad de Promoci\u00f3n y Desarrollo Econ\u00f3mico y Social de La Palma - SODEPAL","isPartOf":{"@id":"https:\/\/sodepal.es\/#website"},"primaryImageOfPage":{"@id":"https:\/\/sodepal.es\/isla-bonita-moda-celebra-el-talento-local-en-la-tercera-edicion-de-los-premios-al-talento-made-in-la-palma\/#primaryimage"},"image":{"@id":"https:\/\/sodepal.es\/isla-bonita-moda-celebra-el-talento-local-en-la-tercera-edicion-de-los-premios-al-talento-made-in-la-palma\/#primaryimage"},"thumbnailUrl":"https:\/\/sodepal.es\/wp-content\/uploads\/2026\/04\/Premios_IBM.jpeg","datePublished":"2026-04-30T15:06:06+00:00","dateModified":"2026-04-30T15:12:56+00:00","description":"Toda la actualidad de los proyectos y eventos desarrollados por SODEPAL","breadcrumb":{"@id":"https:\/\/sodepal.es\/isla-bonita-moda-celebra-el-talento-local-en-la-tercera-edicion-de-los-premios-al-talento-made-in-la-palma\/#breadcrumb"},"inLanguage":"en-GB","potentialAction":[{"@type":"ReadAction","target":["https:\/\/sodepal.es\/isla-bonita-moda-celebra-el-talento-local-en-la-tercera-edicion-de-los-premios-al-talento-made-in-la-palma\/"]}]},{"@type":"ImageObject","inLanguage":"en-GB","@id":"https:\/\/sodepal.es\/isla-bonita-moda-celebra-el-talento-local-en-la-tercera-edicion-de-los-premios-al-talento-made-in-la-palma\/#primaryimage","url":"https:\/\/sodepal.es\/wp-content\/uploads\/2026\/04\/Premios_IBM.jpeg","contentUrl":"https:\/\/sodepal.es\/wp-content\/uploads\/2026\/04\/Premios_IBM.jpeg","width":1280,"height":853},{"@type":"BreadcrumbList","@id":"https:\/\/sodepal.es\/isla-bonita-moda-celebra-el-talento-local-en-la-tercera-edicion-de-los-premios-al-talento-made-in-la-palma\/#breadcrumb","itemListElement":[{"@type":"ListItem","position":1,"name":"Inicio","item":"https:\/\/sodepal.es\/"},{"@type":"ListItem","position":2,"name":"Isla Bonita Moda celebra el talento local en la tercera edici\u00f3n de los Premios al Talento `Made in La Palma\u00b4"}]},{"@type":"WebSite","@id":"https:\/\/sodepal.es\/#website","url":"https:\/\/sodepal.es\/","name":"Sodepal","description":"SODEPAL es una empresa p\u00fablica dependiente del Cabildo de La Palma. Promoci\u00f3n, Fomento y Desarrollo para la isla de La Palma","publisher":{"@id":"https:\/\/sodepal.es\/#organization"},"alternateName":"Sociedad de Promoci\u00f3n y Desarrollo Econ\u00f3mico y Social de La Palma","potentialAction":[{"@type":"SearchAction","target":{"@type":"EntryPoint","urlTemplate":"https:\/\/sodepal.es\/?s={search_term_string}"},"query-input":{"@type":"PropertyValueSpecification","valueRequired":true,"valueName":"search_term_string"}}],"inLanguage":"en-GB"},{"@type":"Organization","@id":"https:\/\/sodepal.es\/#organization","name":"Sociedad de Promoci\u00f3n y Desarrollo Econ\u00f3mico y Social de La Palma","alternateName":"Sodepal","url":"https:\/\/sodepal.es\/","logo":{"@type":"ImageObject","inLanguage":"en-GB","@id":"https:\/\/sodepal.es\/#\/schema\/logo\/image\/","url":"https:\/\/sodepal.es\/wp-content\/uploads\/2022\/09\/logo_web.png","contentUrl":"https:\/\/sodepal.es\/wp-content\/uploads\/2022\/09\/logo_web.png","width":658,"height":156,"caption":"Sociedad de Promoci\u00f3n y Desarrollo Econ\u00f3mico y Social de La Palma"},"image":{"@id":"https:\/\/sodepal.es\/#\/schema\/logo\/image\/"},"sameAs":["https:\/\/www.facebook.com\/sodepal","https:\/\/www.instagram.com\/sodepallapalma\/"],"description":"Sociedad de Promoci\u00f3n y Desarrollo econ\u00f3mico y Social de La Palma, empresa p\u00fablica dependiente del Cabildo de La Palma","email":"info@sodepal.es","telephone":"922417323","legalName":"Sociedad de Promoci\u00f3n y Desarrollo Econ\u00f3mico de la isla de La Palma S.A.U."},{"@type":"Person","@id":"https:\/\/sodepal.es\/#\/schema\/person\/43b1d623bde0c4ec4efd5656ef0958b2","name":"gerencia","image":{"@type":"ImageObject","inLanguage":"en-GB","@id":"https:\/\/secure.gravatar.com\/avatar\/2aa1ba3e33e6721e413a7499ea7cab2e4414b99cea1516e7404245c8da655d86?s=96&d=mm&r=g","url":"https:\/\/secure.gravatar.com\/avatar\/2aa1ba3e33e6721e413a7499ea7cab2e4414b99cea1516e7404245c8da655d86?s=96&d=mm&r=g","contentUrl":"https:\/\/secure.gravatar.com\/avatar\/2aa1ba3e33e6721e413a7499ea7cab2e4414b99cea1516e7404245c8da655d86?s=96&d=mm&r=g","caption":"gerencia"}}]}},"_links":{"self":[{"href":"https:\/\/sodepal.es\/en\/wp-json\/wp\/v2\/posts\/26385","targetHints":{"allow":["GET"]}}],"collection":[{"href":"https:\/\/sodepal.es\/en\/wp-json\/wp\/v2\/posts"}],"about":[{"href":"https:\/\/sodepal.es\/en\/wp-json\/wp\/v2\/types\/post"}],"author":[{"embeddable":true,"href":"https:\/\/sodepal.es\/en\/wp-json\/wp\/v2\/users\/1"}],"replies":[{"embeddable":true,"href":"https:\/\/sodepal.es\/en\/wp-json\/wp\/v2\/comments?post=26385"}],"version-history":[{"count":7,"href":"https:\/\/sodepal.es\/en\/wp-json\/wp\/v2\/posts\/26385\/revisions"}],"predecessor-version":[{"id":26394,"href":"https:\/\/sodepal.es\/en\/wp-json\/wp\/v2\/posts\/26385\/revisions\/26394"}],"wp:featuredmedia":[{"embeddable":true,"href":"https:\/\/sodepal.es\/en\/wp-json\/wp\/v2\/media\/26387"}],"wp:attachment":[{"href":"https:\/\/sodepal.es\/en\/wp-json\/wp\/v2\/media?parent=26385"}],"wp:term":[{"taxonomy":"category","embeddable":true,"href":"https:\/\/sodepal.es\/en\/wp-json\/wp\/v2\/categories?post=26385"},{"taxonomy":"post_tag","embeddable":true,"href":"https:\/\/sodepal.es\/en\/wp-json\/wp\/v2\/tags?post=26385"}],"curies":[{"name":"wp","href":"https:\/\/api.w.org\/{rel}","templated":true}]}}