{"id":27004,"date":"2026-09-02T10:39:30","date_gmt":"2026-09-02T10:39:30","guid":{"rendered":"https:\/\/sodepal.es\/?p=27004"},"modified":"2026-09-02T10:54:26","modified_gmt":"2026-09-02T10:54:26","slug":"vuelve-la-palma-fashion-week-2026-bajo-el-lema-la-belleza-florece-sin-limites","status":"publish","type":"post","link":"https:\/\/sodepal.es\/en\/vuelve-la-palma-fashion-week-2026-bajo-el-lema-la-belleza-florece-sin-limites\/","title":{"rendered":"Vuelve La Palma Fashion Week 2026 bajo el lema \u00abLa belleza florece sin l\u00edmites\u00bb"},"content":{"rendered":"<div data-elementor-type=\"wp-post\" data-elementor-id=\"27004\" class=\"elementor elementor-27004\" data-elementor-post-type=\"post\">\n\t\t\t\t\t\t<section class=\"elementor-section elementor-top-section elementor-element elementor-element-36d1fa0 elementor-section-boxed elementor-section-height-default elementor-section-height-default\" data-id=\"36d1fa0\" data-element_type=\"section\" data-e-type=\"section\">\n\t\t\t\t\t\t<div class=\"elementor-container elementor-column-gap-default\">\n\t\t\t\t\t<div class=\"elementor-column elementor-col-100 elementor-top-column elementor-element elementor-element-20481759\" data-id=\"20481759\" data-element_type=\"column\" data-e-type=\"column\">\n\t\t\t<div class=\"elementor-widget-wrap elementor-element-populated\">\n\t\t\t\t\t\t<div class=\"elementor-element elementor-element-203ce316 elementor-widget elementor-widget-text-editor\" data-id=\"203ce316\" data-element_type=\"widget\" data-e-type=\"widget\" data-widget_type=\"text-editor.default\">\n\t\t\t\t<div class=\"elementor-widget-container\">\n\t\t\t\t\t\t\t\t\t<div class=\"field field--name-field-noticias-entradilla field--type-text-long field--label-hidden field--item\"><h4>La Semana de la Moda de La Palma reunir\u00e1 los d\u00edas 2 y 3 de octubre en el Museo Arqueol\u00f3gico Benahoarita de Los Llanos de Aridane a las firmas de Isla Bonita Moda junto a dise\u00f1adores procedentes de otroscolectivos de moda de Canarias y de Adlib Ibiza.<\/h4><\/div><div class=\"field field--name-body field--type-text-with-summary field--label-hidden field--item\"><p>La Palma volver\u00e1 a convertirse en octubre en punto de encuentro para la moda de autor, la creatividad y el talento con la celebraci\u00f3n de una nueva edici\u00f3n de\u00a0La Palma Fashion Week, Semana de la Moda de La Palma, una grancelebraci\u00f3n impulsada por\u00a0Isla Bonita Moda, sello de garant\u00eda de calidad que impulsa el sector creativo vinculado ala moda en la isla de La Palma, promovido por el Cabildo Insular de La Palma a trav\u00e9s de Sodepal.<\/p><p>Bajo el lema\u00a0\u201cLa belleza florece sin l\u00edmites\u201d, la edici\u00f3n 2026 propone una oda a la moda y a la belleza como herramientas de\u00a0autoexpresi\u00f3n, identidad y libertad, reivindicando la capacidad de la creaci\u00f3n para trascender l\u00edmites y convertirse en una forma de comunicaci\u00f3n personal y colectiva.<\/p><p>Durante dos jornadas, los d\u00edas\u00a02 y 3 de octubre, el\u00a0Museo Arqueol\u00f3gico Benahoarita de Los Llanos de Aridane\u00a0acoger\u00e1 una programaci\u00f3n dedicada a la moda de autor en diferentes formatos, con nuevas propuestas sobre la pasarela y espacios expositivos que permitir\u00e1n descubrir el talento creativo vinculado al ecosistema de moda de LaPalma.<\/p><h4>Una celebraci\u00f3n del talento hecho en La Palma<\/h4><p>La Palma Fashion Week 2026 celebrar\u00e1 especialmente el talento de las\u00a026 firmas asociadas actualmente a Isla Bonita Moda, poniendo en valor la evoluci\u00f3n de un colectivo que durante los \u00faltimos a\u00f1os ha consolidado una identidad propia basada en la creatividad, la calidad, la producci\u00f3n responsable y el talento local.<\/p><p>Pero la Semana de la Moda de La Palma es tambi\u00e9n el reflejo de una comunidad creativa que ha\u00a0crecido alrededor de la iniciativa. En este sentido, los\u00a0Premios Isla Bonita Moda al Talento Made In La Palma, creados para descubriry reconocer a las nuevas promesas del sector, han contribuido durante los \u00faltimos tres a\u00f1os a generar una aut\u00e9ntica cantera de profesionales vinculados a la moda.<\/p><p>Dise\u00f1adores y nuevas firmas, j\u00f3venes talentos formados en la\u00a0Escuela de Arte Manolo Blahnik, modelos de pasarela, maquilladores, peluqueros, creadores de contenido, fot\u00f3grafos y profesionales audiovisuales forman hoy parte de una comunidad cada vez m\u00e1s amplia que encuentra en Isla Bonita Moda un espacio de encuentro,colaboraci\u00f3n y desarrollo profesional.<\/p><p>Por ello, esta nueva edici\u00f3n de La Palma Fashion Week no solo pone el foco sobre las firmas de moda, sino que celebra a\u00a0toda una industria creativa que trabaja alrededor de ellas, reivindicando el valor de cada profesional que hace posible que una colecci\u00f3n cobre vida.<\/p><h4>La moda de las islas, unida en La Palma<\/h4><p>La edici\u00f3n 2026 ampliar\u00e1 adem\u00e1s su mirada m\u00e1s all\u00e1 del territorio insular para convertir La Palma en punto deencuentro de diferentes colectivos de moda de territorios insulares.<\/p><p>Junto a las firmas palmeras, la pasarela contar\u00e1 con la presencia de dise\u00f1adores y marcas pertenecientes a colectivos amigos como\u00a0Gran Canaria Moda C\u00e1lida, La Gomera Moda y Magia, Lanzarote Moda y Tenerife Moda.\u00a0Una participaci\u00f3n que refuerza los v\u00ednculos de colaboraci\u00f3n que, durante los \u00faltimos a\u00f1os, se han consolidado entre los principales agentes del sector de la moda en Canarias a trav\u00e9s de la marca\u00a0Canarias Islas deModa, promovida por el\u00a0Gobierno de Canarias,\u00a0a trav\u00e9s de\u00a0Proexca,\u00a0y que nuevamente estar\u00e1 presente como entidad colaboradora en esta edici\u00f3n.<\/p><p>A ellos se sumar\u00e1 tambi\u00e9n una representaci\u00f3n de dise\u00f1adores de\u00a0Adlib Ibiza, colectivo hermanado con Isla Bonita Moda desde 2024, que llegar\u00e1 a La Palma para compartir sobre la pasarela toda la creatividad, identidad y esp\u00edritu de la moda ibicenca.<\/p><p>Esta dimensi\u00f3n interinsular convierte a La Palma Fashion Week en un espacio de encuentro para diferentesformas de entender la moda desde territorios insulares, generando nuevas conexiones entre creadores, profesionales, instituciones y comunidades creativas.<\/p><h4>La belleza florece sin l\u00edmites<\/h4><p>El lema de esta edici\u00f3n,\u00a0\u201cLa belleza florece sin l\u00edmites\u201d, nace como una declaraci\u00f3n de intenciones.<\/p><p>La belleza no entendida como un concepto cerrado, sino como algo que puede manifestarse de infinitas maneras.Una belleza que nace de la identidad, de la diversidad, de la imaginaci\u00f3n y de la libertad de expresarse a trav\u00e9s de loque vestimos y de c\u00f3mo lo hacemos.<\/p><p>La moda se convierte as\u00ed en un lenguaje capaz de contar qui\u00e9nes somos, de explorar nuevas identidades y de romper las fronteras que tradicionalmente han delimitado lo bello.<\/p><p>Bajo esta premisa, La Palma Fashion Week 2026 pretende celebrar\u00a0la libertad de crear, de vestir y de ser, poniendo en valor una moda que nace desde el territorio pero que aspira a proyectarse mucho m\u00e1s all\u00e1 de \u00e9l.<\/p><h4>Dos jornadas para celebrar la moda<\/h4><p>Durante los d\u00edas\u00a02 y 3 de octubre, el Museo Arqueol\u00f3gico Benahoarita se transformar\u00e1 en escenario de unaprogramaci\u00f3n que reunir\u00e1 nuevas propuestas de moda en formatos\u00a0pasarela y expositivo, generando un espacio de encuentro entre profesionales, creadores, medios de comunicaci\u00f3n, invitados y p\u00fablico.<\/p><p>Los desfiles ser\u00e1n de\u00a0libre asistencia hasta completar aforo, acercando la moda de autor al p\u00fablico y permitiendo que residentes y visitantes puedan disfrutar en primera persona de las propuestas de los dise\u00f1adores participantes.<\/p><p>La cita contar\u00e1 adem\u00e1s con la presencia de\u00a0invitados de excepci\u00f3n del panorama social y creativo de las islas y a nivel nacional, as\u00ed como con prensa especializada de primer nivel, que acompa\u00f1ar\u00e1 estas jornadas como amplificador de todo lo que suceda en La Palma.<\/p><p>La Palma Fashion Week se consolida as\u00ed como una de las grandes citas anuales de la creatividad vinculada a lamoda en la isla, al tiempo que contin\u00faa fortaleciendo la proyecci\u00f3n exterior de las firmas y profesionales que formanparte de Isla Bonita Moda.<\/p><p>En palabras de\u00a0Miriam Perestelo, consejera de Promoci\u00f3n Econ\u00f3mica del Cabido Insular de La Palma:\u00a0\u201cLaPalma Fashion Week representa mucho m\u00e1s que una celebraci\u00f3n de la moda. Es\u00a0el reflejo de c\u00f3mo una apuesta sostenida por el talento y la creatividad puede contribuir a construir un tejido empresarial y profesional cada vez m\u00e1s s\u00f3lido en nuestra isla. Desde el Cabildo de La Palma, a trav\u00e9s de Sodepal e Isla Bonita Moda, queremos seguir generando oportunidades para nuestros dise\u00f1adores, creadores y para todos los profesionales que forman parte de esta industria creativa.<\/p><p>Esta edici\u00f3n, bajo el lema \u2018La belleza florece sin l\u00edmites\u2019, pone precisamente en valor esa capacidad de crear, de expresarnos y de proyectar nuestra identidad m\u00e1s all\u00e1 de nuestras fronteras. Nos llena de orgullo que La Palmavuelva a convertirse en punto de encuentro para el talento de las islas y que podamos compartir nuestra pasarelacon colectivos de Canarias y con Adlib Ibiza.<\/p><p>Apostar por la moda es apostar por el talento, por el emprendimiento, por la generaci\u00f3n de oportunidades y poruna La Palma que se reconoce como territorio creativo. Esta Semana de la Moda es, sobre todo, una celebraci\u00f3n colectiva de todo lo que hemos conseguido construir juntos.\u201d<\/p><p>El\u00a0calendario completo de desfiles, las firmas participantes, invitados y el resto de novedades de La PalmaFashion Week 2026\u00a0se ir\u00e1n desvelando progresivamente a trav\u00e9s de los canales oficiales de\u00a0Isla Bonita Moda.<\/p><p>More information:\u00a0<a href=\"mailto:hola@islabonitamoda.es\" target=\"_blank\" rel=\"noopener\">hola@islabonitamoda.es<\/a><\/p><\/div>\t\t\t\t\t\t\t\t<\/div>\n\t\t\t\t<\/div>\n\t\t\t\t\t<\/div>\n\t\t<\/div>\n\t\t\t\t\t<\/div>\n\t\t<\/section>\n\t\t\t\t<\/div>","protected":false},"excerpt":{"rendered":"<p>La Semana de la Moda de La Palma reunir\u00e1 los d\u00edas 2 y 3 de octubre en el Museo Arqueol\u00f3gico Benahoarita de Los Llanos de Aridane a las firmas de Isla Bonita Moda junto a dise\u00f1adores procedentes de otroscolectivos de moda de Canarias y de Adlib Ibiza. La Palma volver\u00e1 a convertirse en octubre en &#8230; <a title=\"Vuelve La Palma Fashion Week 2026 bajo el lema \u00abLa belleza florece sin l\u00edmites\u00bb\" class=\"read-more\" href=\"https:\/\/sodepal.es\/en\/vuelve-la-palma-fashion-week-2026-bajo-el-lema-la-belleza-florece-sin-limites\/\" aria-label=\"Read more about Vuelve La Palma Fashion Week 2026 bajo el lema \u00abLa belleza florece sin l\u00edmites\u00bb\">Read more<\/a><\/p>","protected":false},"author":1,"featured_media":27006,"comment_status":"open","ping_status":"open","sticky":false,"template":"","format":"standard","meta":{"_acf_changed":false,"footnotes":""},"categories":[19],"tags":[],"class_list":["post-27004","post","type-post","status-publish","format-standard","has-post-thumbnail","hentry","category-noticias"],"acf":[],"yoast_head":"<!-- This site is optimized with the Yoast SEO Premium plugin v22.0 (Yoast SEO v28.4) - https:\/\/yoast.com\/product\/yoast-seo-premium-wordpress\/ -->\n<title>Vuelve La Palma Fashion Week 2026 bajo el lema &quot;La belleza florece sin l\u00edmites&quot; - Sociedad de Promoci\u00f3n y Desarrollo Econ\u00f3mico y Social de La Palma - SODEPAL<\/title>\n<meta name=\"description\" content=\"Toda la actualidad de los proyectos y eventos desarrollados por SODEPAL\" \/>\n<meta name=\"robots\" content=\"index, follow, max-snippet:-1, max-image-preview:large, max-video-preview:-1\" \/>\n<link rel=\"canonical\" href=\"https:\/\/sodepal.es\/en\/vuelve-la-palma-fashion-week-2026-bajo-el-lema-la-belleza-florece-sin-limites\/\" \/>\n<meta property=\"og:locale\" content=\"en_GB\" \/>\n<meta property=\"og:type\" content=\"article\" \/>\n<meta property=\"og:title\" content=\"Vuelve La Palma Fashion Week 2026 bajo el lema &quot;La belleza florece sin l\u00edmites&quot;\" \/>\n<meta property=\"og:description\" content=\"Toda la actualidad de los proyectos y eventos desarrollados por SODEPAL\" \/>\n<meta property=\"og:url\" content=\"https:\/\/sodepal.es\/en\/vuelve-la-palma-fashion-week-2026-bajo-el-lema-la-belleza-florece-sin-limites\/\" \/>\n<meta property=\"og:site_name\" content=\"Sociedad de Promoci\u00f3n y Desarrollo Econ\u00f3mico y Social de La Palma - SODEPAL\" \/>\n<meta property=\"article:publisher\" content=\"https:\/\/www.facebook.com\/sodepal\" \/>\n<meta property=\"article:published_time\" content=\"2026-09-02T10:39:30+00:00\" \/>\n<meta property=\"article:modified_time\" content=\"2026-09-02T10:54:26+00:00\" \/>\n<meta property=\"og:image\" content=\"https:\/\/sodepal.es\/wp-content\/uploads\/2026\/09\/LPFW26.jpg\" \/>\n\t<meta property=\"og:image:width\" content=\"1081\" \/>\n\t<meta property=\"og:image:height\" content=\"1351\" \/>\n\t<meta property=\"og:image:type\" content=\"image\/jpeg\" \/>\n<meta name=\"author\" content=\"gerencia\" \/>\n<meta name=\"twitter:card\" content=\"summary_large_image\" \/>\n<script type=\"application\/ld+json\" class=\"yoast-schema-graph\">{\"@context\":\"https:\\\/\\\/schema.org\",\"@graph\":[{\"@type\":\"Article\",\"@id\":\"https:\\\/\\\/sodepal.es\\\/vuelve-la-palma-fashion-week-2026-bajo-el-lema-la-belleza-florece-sin-limites\\\/#article\",\"isPartOf\":{\"@id\":\"https:\\\/\\\/sodepal.es\\\/vuelve-la-palma-fashion-week-2026-bajo-el-lema-la-belleza-florece-sin-limites\\\/\"},\"author\":{\"name\":\"gerencia\",\"@id\":\"https:\\\/\\\/sodepal.es\\\/#\\\/schema\\\/person\\\/43b1d623bde0c4ec4efd5656ef0958b2\"},\"headline\":\"Vuelve La Palma Fashion Week 2026 bajo el lema \u00abLa belleza florece sin l\u00edmites\u00bb\",\"datePublished\":\"2026-09-02T10:39:30+00:00\",\"dateModified\":\"2026-09-02T10:54:26+00:00\",\"mainEntityOfPage\":{\"@id\":\"https:\\\/\\\/sodepal.es\\\/vuelve-la-palma-fashion-week-2026-bajo-el-lema-la-belleza-florece-sin-limites\\\/\"},\"wordCount\":1276,\"commentCount\":0,\"publisher\":{\"@id\":\"https:\\\/\\\/sodepal.es\\\/#organization\"},\"image\":{\"@id\":\"https:\\\/\\\/sodepal.es\\\/vuelve-la-palma-fashion-week-2026-bajo-el-lema-la-belleza-florece-sin-limites\\\/#primaryimage\"},\"thumbnailUrl\":\"https:\\\/\\\/sodepal.es\\\/wp-content\\\/uploads\\\/2026\\\/09\\\/LPFW26.jpg\",\"articleSection\":[\"Noticias\"],\"inLanguage\":\"en-GB\",\"potentialAction\":[{\"@type\":\"CommentAction\",\"name\":\"Comment\",\"target\":[\"https:\\\/\\\/sodepal.es\\\/vuelve-la-palma-fashion-week-2026-bajo-el-lema-la-belleza-florece-sin-limites\\\/#respond\"]}]},{\"@type\":\"WebPage\",\"@id\":\"https:\\\/\\\/sodepal.es\\\/vuelve-la-palma-fashion-week-2026-bajo-el-lema-la-belleza-florece-sin-limites\\\/\",\"url\":\"https:\\\/\\\/sodepal.es\\\/vuelve-la-palma-fashion-week-2026-bajo-el-lema-la-belleza-florece-sin-limites\\\/\",\"name\":\"Vuelve La Palma Fashion Week 2026 bajo el lema \\\"La belleza florece sin l\u00edmites\\\" - Sociedad de Promoci\u00f3n y Desarrollo Econ\u00f3mico y Social de La Palma - SODEPAL\",\"isPartOf\":{\"@id\":\"https:\\\/\\\/sodepal.es\\\/#website\"},\"primaryImageOfPage\":{\"@id\":\"https:\\\/\\\/sodepal.es\\\/vuelve-la-palma-fashion-week-2026-bajo-el-lema-la-belleza-florece-sin-limites\\\/#primaryimage\"},\"image\":{\"@id\":\"https:\\\/\\\/sodepal.es\\\/vuelve-la-palma-fashion-week-2026-bajo-el-lema-la-belleza-florece-sin-limites\\\/#primaryimage\"},\"thumbnailUrl\":\"https:\\\/\\\/sodepal.es\\\/wp-content\\\/uploads\\\/2026\\\/09\\\/LPFW26.jpg\",\"datePublished\":\"2026-09-02T10:39:30+00:00\",\"dateModified\":\"2026-09-02T10:54:26+00:00\",\"description\":\"Toda la actualidad de los proyectos y eventos desarrollados por SODEPAL\",\"breadcrumb\":{\"@id\":\"https:\\\/\\\/sodepal.es\\\/vuelve-la-palma-fashion-week-2026-bajo-el-lema-la-belleza-florece-sin-limites\\\/#breadcrumb\"},\"inLanguage\":\"en-GB\",\"potentialAction\":[{\"@type\":\"ReadAction\",\"target\":[\"https:\\\/\\\/sodepal.es\\\/vuelve-la-palma-fashion-week-2026-bajo-el-lema-la-belleza-florece-sin-limites\\\/\"]}]},{\"@type\":\"ImageObject\",\"inLanguage\":\"en-GB\",\"@id\":\"https:\\\/\\\/sodepal.es\\\/vuelve-la-palma-fashion-week-2026-bajo-el-lema-la-belleza-florece-sin-limites\\\/#primaryimage\",\"url\":\"https:\\\/\\\/sodepal.es\\\/wp-content\\\/uploads\\\/2026\\\/09\\\/LPFW26.jpg\",\"contentUrl\":\"https:\\\/\\\/sodepal.es\\\/wp-content\\\/uploads\\\/2026\\\/09\\\/LPFW26.jpg\",\"width\":1081,\"height\":1351},{\"@type\":\"BreadcrumbList\",\"@id\":\"https:\\\/\\\/sodepal.es\\\/vuelve-la-palma-fashion-week-2026-bajo-el-lema-la-belleza-florece-sin-limites\\\/#breadcrumb\",\"itemListElement\":[{\"@type\":\"ListItem\",\"position\":1,\"name\":\"Inicio\",\"item\":\"https:\\\/\\\/sodepal.es\\\/\"},{\"@type\":\"ListItem\",\"position\":2,\"name\":\"Vuelve La Palma Fashion Week 2026 bajo el lema \u00abLa belleza florece sin l\u00edmites\u00bb\"}]},{\"@type\":\"WebSite\",\"@id\":\"https:\\\/\\\/sodepal.es\\\/#website\",\"url\":\"https:\\\/\\\/sodepal.es\\\/\",\"name\":\"Sodepal\",\"description\":\"SODEPAL es una empresa p\u00fablica dependiente del Cabildo de La Palma. Promoci\u00f3n, Fomento y Desarrollo para la isla de La Palma\",\"publisher\":{\"@id\":\"https:\\\/\\\/sodepal.es\\\/#organization\"},\"alternateName\":\"Sociedad de Promoci\u00f3n y Desarrollo Econ\u00f3mico y Social de La Palma\",\"potentialAction\":[{\"@type\":\"SearchAction\",\"target\":{\"@type\":\"EntryPoint\",\"urlTemplate\":\"https:\\\/\\\/sodepal.es\\\/?s={search_term_string}\"},\"query-input\":{\"@type\":\"PropertyValueSpecification\",\"valueRequired\":true,\"valueName\":\"search_term_string\"}}],\"inLanguage\":\"en-GB\"},{\"@type\":\"Organization\",\"@id\":\"https:\\\/\\\/sodepal.es\\\/#organization\",\"name\":\"Sociedad de Promoci\u00f3n y Desarrollo Econ\u00f3mico y Social de La Palma\",\"alternateName\":\"Sodepal\",\"url\":\"https:\\\/\\\/sodepal.es\\\/\",\"logo\":{\"@type\":\"ImageObject\",\"inLanguage\":\"en-GB\",\"@id\":\"https:\\\/\\\/sodepal.es\\\/#\\\/schema\\\/logo\\\/image\\\/\",\"url\":\"https:\\\/\\\/sodepal.es\\\/wp-content\\\/uploads\\\/2022\\\/09\\\/logo_web.png\",\"contentUrl\":\"https:\\\/\\\/sodepal.es\\\/wp-content\\\/uploads\\\/2022\\\/09\\\/logo_web.png\",\"width\":658,\"height\":156,\"caption\":\"Sociedad de Promoci\u00f3n y Desarrollo Econ\u00f3mico y Social de La Palma\"},\"image\":{\"@id\":\"https:\\\/\\\/sodepal.es\\\/#\\\/schema\\\/logo\\\/image\\\/\"},\"sameAs\":[\"https:\\\/\\\/www.facebook.com\\\/sodepal\",\"https:\\\/\\\/www.instagram.com\\\/sodepallapalma\\\/\"],\"description\":\"Sociedad de Promoci\u00f3n y Desarrollo econ\u00f3mico y Social de La Palma, empresa p\u00fablica dependiente del Cabildo de La Palma\",\"email\":\"info@sodepal.es\",\"telephone\":\"922417323\",\"legalName\":\"Sociedad de Promoci\u00f3n y Desarrollo Econ\u00f3mico de la isla de La Palma S.A.U.\"},{\"@type\":\"Person\",\"@id\":\"https:\\\/\\\/sodepal.es\\\/#\\\/schema\\\/person\\\/43b1d623bde0c4ec4efd5656ef0958b2\",\"name\":\"gerencia\",\"image\":{\"@type\":\"ImageObject\",\"inLanguage\":\"en-GB\",\"@id\":\"https:\\\/\\\/secure.gravatar.com\\\/avatar\\\/2aa1ba3e33e6721e413a7499ea7cab2e4414b99cea1516e7404245c8da655d86?s=96&d=mm&r=g\",\"url\":\"https:\\\/\\\/secure.gravatar.com\\\/avatar\\\/2aa1ba3e33e6721e413a7499ea7cab2e4414b99cea1516e7404245c8da655d86?s=96&d=mm&r=g\",\"contentUrl\":\"https:\\\/\\\/secure.gravatar.com\\\/avatar\\\/2aa1ba3e33e6721e413a7499ea7cab2e4414b99cea1516e7404245c8da655d86?s=96&d=mm&r=g\",\"caption\":\"gerencia\"}}]}<\/script>\n<!-- \/ Yoast SEO Premium plugin. -->","yoast_head_json":{"title":"Vuelve La Palma Fashion Week 2026 bajo el lema \"La belleza florece sin l\u00edmites\" - Sociedad de Promoci\u00f3n y Desarrollo Econ\u00f3mico y Social de La Palma - SODEPAL","description":"Toda la actualidad de los proyectos y eventos desarrollados por SODEPAL","robots":{"index":"index","follow":"follow","max-snippet":"max-snippet:-1","max-image-preview":"max-image-preview:large","max-video-preview":"max-video-preview:-1"},"canonical":"https:\/\/sodepal.es\/en\/vuelve-la-palma-fashion-week-2026-bajo-el-lema-la-belleza-florece-sin-limites\/","og_locale":"en_GB","og_type":"article","og_title":"Vuelve La Palma Fashion Week 2026 bajo el lema \"La belleza florece sin l\u00edmites\"","og_description":"Toda la actualidad de los proyectos y eventos desarrollados por SODEPAL","og_url":"https:\/\/sodepal.es\/en\/vuelve-la-palma-fashion-week-2026-bajo-el-lema-la-belleza-florece-sin-limites\/","og_site_name":"Sociedad de Promoci\u00f3n y Desarrollo Econ\u00f3mico y Social de La Palma - SODEPAL","article_publisher":"https:\/\/www.facebook.com\/sodepal","article_published_time":"2026-09-02T10:39:30+00:00","article_modified_time":"2026-09-02T10:54:26+00:00","og_image":[{"width":1081,"height":1351,"url":"https:\/\/sodepal.es\/wp-content\/uploads\/2026\/09\/LPFW26.jpg","type":"image\/jpeg"}],"author":"gerencia","twitter_card":"summary_large_image","schema":{"@context":"https:\/\/schema.org","@graph":[{"@type":"Article","@id":"https:\/\/sodepal.es\/vuelve-la-palma-fashion-week-2026-bajo-el-lema-la-belleza-florece-sin-limites\/#article","isPartOf":{"@id":"https:\/\/sodepal.es\/vuelve-la-palma-fashion-week-2026-bajo-el-lema-la-belleza-florece-sin-limites\/"},"author":{"name":"gerencia","@id":"https:\/\/sodepal.es\/#\/schema\/person\/43b1d623bde0c4ec4efd5656ef0958b2"},"headline":"Vuelve La Palma Fashion Week 2026 bajo el lema \u00abLa belleza florece sin l\u00edmites\u00bb","datePublished":"2026-09-02T10:39:30+00:00","dateModified":"2026-09-02T10:54:26+00:00","mainEntityOfPage":{"@id":"https:\/\/sodepal.es\/vuelve-la-palma-fashion-week-2026-bajo-el-lema-la-belleza-florece-sin-limites\/"},"wordCount":1276,"commentCount":0,"publisher":{"@id":"https:\/\/sodepal.es\/#organization"},"image":{"@id":"https:\/\/sodepal.es\/vuelve-la-palma-fashion-week-2026-bajo-el-lema-la-belleza-florece-sin-limites\/#primaryimage"},"thumbnailUrl":"https:\/\/sodepal.es\/wp-content\/uploads\/2026\/09\/LPFW26.jpg","articleSection":["Noticias"],"inLanguage":"en-GB","potentialAction":[{"@type":"CommentAction","name":"Comment","target":["https:\/\/sodepal.es\/vuelve-la-palma-fashion-week-2026-bajo-el-lema-la-belleza-florece-sin-limites\/#respond"]}]},{"@type":"WebPage","@id":"https:\/\/sodepal.es\/vuelve-la-palma-fashion-week-2026-bajo-el-lema-la-belleza-florece-sin-limites\/","url":"https:\/\/sodepal.es\/vuelve-la-palma-fashion-week-2026-bajo-el-lema-la-belleza-florece-sin-limites\/","name":"Vuelve La Palma Fashion Week 2026 bajo el lema \"La belleza florece sin l\u00edmites\" - Sociedad de Promoci\u00f3n y Desarrollo Econ\u00f3mico y Social de La Palma - SODEPAL","isPartOf":{"@id":"https:\/\/sodepal.es\/#website"},"primaryImageOfPage":{"@id":"https:\/\/sodepal.es\/vuelve-la-palma-fashion-week-2026-bajo-el-lema-la-belleza-florece-sin-limites\/#primaryimage"},"image":{"@id":"https:\/\/sodepal.es\/vuelve-la-palma-fashion-week-2026-bajo-el-lema-la-belleza-florece-sin-limites\/#primaryimage"},"thumbnailUrl":"https:\/\/sodepal.es\/wp-content\/uploads\/2026\/09\/LPFW26.jpg","datePublished":"2026-09-02T10:39:30+00:00","dateModified":"2026-09-02T10:54:26+00:00","description":"Toda la actualidad de los proyectos y eventos desarrollados por SODEPAL","breadcrumb":{"@id":"https:\/\/sodepal.es\/vuelve-la-palma-fashion-week-2026-bajo-el-lema-la-belleza-florece-sin-limites\/#breadcrumb"},"inLanguage":"en-GB","potentialAction":[{"@type":"ReadAction","target":["https:\/\/sodepal.es\/vuelve-la-palma-fashion-week-2026-bajo-el-lema-la-belleza-florece-sin-limites\/"]}]},{"@type":"ImageObject","inLanguage":"en-GB","@id":"https:\/\/sodepal.es\/vuelve-la-palma-fashion-week-2026-bajo-el-lema-la-belleza-florece-sin-limites\/#primaryimage","url":"https:\/\/sodepal.es\/wp-content\/uploads\/2026\/09\/LPFW26.jpg","contentUrl":"https:\/\/sodepal.es\/wp-content\/uploads\/2026\/09\/LPFW26.jpg","width":1081,"height":1351},{"@type":"BreadcrumbList","@id":"https:\/\/sodepal.es\/vuelve-la-palma-fashion-week-2026-bajo-el-lema-la-belleza-florece-sin-limites\/#breadcrumb","itemListElement":[{"@type":"ListItem","position":1,"name":"Inicio","item":"https:\/\/sodepal.es\/"},{"@type":"ListItem","position":2,"name":"Vuelve La Palma Fashion Week 2026 bajo el lema \u00abLa belleza florece sin l\u00edmites\u00bb"}]},{"@type":"WebSite","@id":"https:\/\/sodepal.es\/#website","url":"https:\/\/sodepal.es\/","name":"Sodepal","description":"SODEPAL es una empresa p\u00fablica dependiente del Cabildo de La Palma. Promoci\u00f3n, Fomento y Desarrollo para la isla de La Palma","publisher":{"@id":"https:\/\/sodepal.es\/#organization"},"alternateName":"Sociedad de Promoci\u00f3n y Desarrollo Econ\u00f3mico y Social de La Palma","potentialAction":[{"@type":"SearchAction","target":{"@type":"EntryPoint","urlTemplate":"https:\/\/sodepal.es\/?s={search_term_string}"},"query-input":{"@type":"PropertyValueSpecification","valueRequired":true,"valueName":"search_term_string"}}],"inLanguage":"en-GB"},{"@type":"Organization","@id":"https:\/\/sodepal.es\/#organization","name":"Sociedad de Promoci\u00f3n y Desarrollo Econ\u00f3mico y Social de La Palma","alternateName":"Sodepal","url":"https:\/\/sodepal.es\/","logo":{"@type":"ImageObject","inLanguage":"en-GB","@id":"https:\/\/sodepal.es\/#\/schema\/logo\/image\/","url":"https:\/\/sodepal.es\/wp-content\/uploads\/2022\/09\/logo_web.png","contentUrl":"https:\/\/sodepal.es\/wp-content\/uploads\/2022\/09\/logo_web.png","width":658,"height":156,"caption":"Sociedad de Promoci\u00f3n y Desarrollo Econ\u00f3mico y Social de La Palma"},"image":{"@id":"https:\/\/sodepal.es\/#\/schema\/logo\/image\/"},"sameAs":["https:\/\/www.facebook.com\/sodepal","https:\/\/www.instagram.com\/sodepallapalma\/"],"description":"Sociedad de Promoci\u00f3n y Desarrollo econ\u00f3mico y Social de La Palma, empresa p\u00fablica dependiente del Cabildo de La Palma","email":"info@sodepal.es","telephone":"922417323","legalName":"Sociedad de Promoci\u00f3n y Desarrollo Econ\u00f3mico de la isla de La Palma S.A.U."},{"@type":"Person","@id":"https:\/\/sodepal.es\/#\/schema\/person\/43b1d623bde0c4ec4efd5656ef0958b2","name":"gerencia","image":{"@type":"ImageObject","inLanguage":"en-GB","@id":"https:\/\/secure.gravatar.com\/avatar\/2aa1ba3e33e6721e413a7499ea7cab2e4414b99cea1516e7404245c8da655d86?s=96&d=mm&r=g","url":"https:\/\/secure.gravatar.com\/avatar\/2aa1ba3e33e6721e413a7499ea7cab2e4414b99cea1516e7404245c8da655d86?s=96&d=mm&r=g","contentUrl":"https:\/\/secure.gravatar.com\/avatar\/2aa1ba3e33e6721e413a7499ea7cab2e4414b99cea1516e7404245c8da655d86?s=96&d=mm&r=g","caption":"gerencia"}}]}},"_links":{"self":[{"href":"https:\/\/sodepal.es\/en\/wp-json\/wp\/v2\/posts\/27004","targetHints":{"allow":["GET"]}}],"collection":[{"href":"https:\/\/sodepal.es\/en\/wp-json\/wp\/v2\/posts"}],"about":[{"href":"https:\/\/sodepal.es\/en\/wp-json\/wp\/v2\/types\/post"}],"author":[{"embeddable":true,"href":"https:\/\/sodepal.es\/en\/wp-json\/wp\/v2\/users\/1"}],"replies":[{"embeddable":true,"href":"https:\/\/sodepal.es\/en\/wp-json\/wp\/v2\/comments?post=27004"}],"version-history":[{"count":10,"href":"https:\/\/sodepal.es\/en\/wp-json\/wp\/v2\/posts\/27004\/revisions"}],"predecessor-version":[{"id":27016,"href":"https:\/\/sodepal.es\/en\/wp-json\/wp\/v2\/posts\/27004\/revisions\/27016"}],"wp:featuredmedia":[{"embeddable":true,"href":"https:\/\/sodepal.es\/en\/wp-json\/wp\/v2\/media\/27006"}],"wp:attachment":[{"href":"https:\/\/sodepal.es\/en\/wp-json\/wp\/v2\/media?parent=27004"}],"wp:term":[{"taxonomy":"category","embeddable":true,"href":"https:\/\/sodepal.es\/en\/wp-json\/wp\/v2\/categories?post=27004"},{"taxonomy":"post_tag","embeddable":true,"href":"https:\/\/sodepal.es\/en\/wp-json\/wp\/v2\/tags?post=27004"}],"curies":[{"name":"wp","href":"https:\/\/api.w.org\/{rel}","templated":true}]}}