{"id":27026,"date":"2026-09-03T17:21:17","date_gmt":"2026-09-03T17:21:17","guid":{"rendered":"https:\/\/sodepal.es\/?p=27026"},"modified":"2026-09-03T17:24:42","modified_gmt":"2026-09-03T17:24:42","slug":"sodepal-impulsa-una-nueva-formacion-en-tejeduria-tradicional-dentro-del-proyecto-la-palma-artesania","status":"publish","type":"post","link":"https:\/\/sodepal.es\/en\/sodepal-impulsa-una-nueva-formacion-en-tejeduria-tradicional-dentro-del-proyecto-la-palma-artesania\/","title":{"rendered":"Sodepal impulsa una nueva formaci\u00f3n en tejedur\u00eda tradicional dentro del proyecto La Palma Artesan\u00eda"},"content":{"rendered":"<div data-elementor-type=\"wp-post\" data-elementor-id=\"27026\" class=\"elementor elementor-27026\" data-elementor-post-type=\"post\">\n\t\t\t\t\t\t<section class=\"elementor-section elementor-top-section elementor-element elementor-element-36d1fa0 elementor-section-boxed elementor-section-height-default elementor-section-height-default\" data-id=\"36d1fa0\" data-element_type=\"section\" data-e-type=\"section\">\n\t\t\t\t\t\t<div class=\"elementor-container elementor-column-gap-default\">\n\t\t\t\t\t<div class=\"elementor-column elementor-col-100 elementor-top-column elementor-element elementor-element-20481759\" data-id=\"20481759\" data-element_type=\"column\" data-e-type=\"column\">\n\t\t\t<div class=\"elementor-widget-wrap elementor-element-populated\">\n\t\t\t\t\t\t<div class=\"elementor-element elementor-element-203ce316 elementor-widget elementor-widget-text-editor\" data-id=\"203ce316\" data-element_type=\"widget\" data-e-type=\"widget\" data-widget_type=\"text-editor.default\">\n\t\t\t\t<div class=\"elementor-widget-container\">\n\t\t\t\t\t\t\t\t\t<div class=\"field field--name-field-noticias-entradilla field--type-text-long field--label-hidden field--item\"><div class=\"field field--name-field-noticias-entradilla field--type-text-long field--label-hidden field--item\"><h4>La Escuela Insular de Artesan\u00eda acoge desde el 21 de septiembre el segundo curso de bajo lizo del programa formativo de 2026, con siete plazas y matr\u00edcula gratuita para estudiantes y personas demandantes de empleo.<\/h4><\/div><div class=\"field field--name-body field--type-text-with-summary field--label-hidden field--item\"><p>El Cabildo de La Palma, a trav\u00e9s del proyecto La Palma Artesan\u00eda que gestiona Sodepal, pone en marcha una nueva formaci\u00f3n en el oficio artesano de tejedur\u00eda tradicional (bajo lizo), la segunda de esta especialidad dentro del programa formativo previsto para 2026. El curso arranca el pr\u00f3ximo 21 de septiembre y se prolongar\u00e1 hasta el 30 de noviembre.<\/p><p>La formaci\u00f3n estar\u00e1 impartida por la artesana Solbeida Marante de Paz y se desarrollar\u00e1 los lunes, mi\u00e9rcoles y viernes, en horario de 10:00 a 13:00 horas. El programa se inicia con el urdido, proceso fundamental del oficio, para avanzar despu\u00e9s por las distintas fases que permiten llegar a la elaboraci\u00f3n completa del tejido. Las plazas son limitadas.<\/p><p>La matr\u00edcula tiene un coste de 5 euros por jornada y requiere el compromiso de completar todo el periodo formativo, de septiembre a noviembre. Quedan exentas de este abono las personas estudiantes y las demandantes de empleo, siempre que acrediten su condici\u00f3n mediante justificante de estudios o la tarjeta de demanda de empleo (DARDE).<\/p><p>Las inscripciones, ya disponibles, pueden formalizarse a trav\u00e9s de la web\u00a0<a href=\"https:\/\/lapalmaartesania.es\/cursos-de-formacion\/curso-de-tejeduria-tradicional-bajo-lizo\/\" target=\"_blank\" rel=\"noopener\">https:\/\/lapalmaartesania.es\/cursos-de-formacion\/curso-de-tejeduria-tradicional-bajo-lizo\/<\/a>\u00a0\u00a0o de manera presencial en la Escuela Insular de Artesan\u00eda, en Villa de Mazo.<\/p><p>Entre los objetivos del curso figuran aprender a elaborar tejidos artesanales de modo tradicional, adquirir conocimiento sobre el valor del trabajo artesano, fomentar los oficios tradicionales, acercar la artesan\u00eda a la gente m\u00e1s joven y a personas con menos recursos, y dinamizar la Escuela Insular de Artesan\u00eda.<\/p><p>Esta convocatoria da continuidad al programa formativo que La Palma Artesan\u00eda viene desarrollando a lo largo del a\u00f1o. El primero de estos cursos, dedicado a la tejedur\u00eda a dos lizos, arranc\u00f3 el pasado 23 de febrero y se prolong\u00f3 hasta el 31 de julio, con una acogida que ha animado a Sodepal y al \u00e1rea de Artesan\u00eda a mantener la apuesta por formaciones de larga duraci\u00f3n y grupos reducidos en esta especialidad.<\/p><p>La consejera de Artesan\u00eda del Cabildo de La Palma, Susa Armas, se\u00f1ala que \u00abla tejedur\u00eda tradicional es uno de los oficios que mejor resume el saber hacer palmero, y garantizar su transmisi\u00f3n es garantizar que ese conocimiento siga vivo y siga produciendo\u00bb. Armas destaca que \u00abcon esta segunda edici\u00f3n consolidamos una l\u00ednea de trabajo que est\u00e1 funcionando: formaciones prolongadas en el tiempo, con grupos reducidos, que permiten adquirir un oficio de verdad y abren la puerta a nuevos proyectos profesionales\u00bb.<\/p><p>Por su parte, la consejera de Promoci\u00f3n Econ\u00f3mica del Cabildo de La Palma y consejera delegada de Sodepal, Miriam Perestelo, subraya el retorno econ\u00f3mico de este tipo de iniciativas. \u00abFormar artesanas y artesanos es sembrar tejido productivo. De estos cursos salen personas que despu\u00e9s abren su taller, que participan en ferias, que venden sus piezas y que contribuyen a diversificar la econom\u00eda insular\u00bb, afirma. Perestelo a\u00f1ade que \u00abla artesan\u00eda palmera es tambi\u00e9n un argumento de promoci\u00f3n de primer orden para la isla, porque conecta con un visitante que busca producto local, identidad y calidad, y porque refuerza el trabajo que desarrollamos desde La Palma Artesan\u00eda junto al comercio y al resto de sectores creativos\u00bb.<\/p><\/div><\/div><div class=\"field field--name-body field--type-text-with-summary field--label-hidden field--item\">\u00a0<\/div>\t\t\t\t\t\t\t\t<\/div>\n\t\t\t\t<\/div>\n\t\t\t\t\t<\/div>\n\t\t<\/div>\n\t\t\t\t\t<\/div>\n\t\t<\/section>\n\t\t\t\t<\/div>","protected":false},"excerpt":{"rendered":"<p>La Escuela Insular de Artesan\u00eda acoge desde el 21 de septiembre el segundo curso de bajo lizo del programa formativo de 2026, con siete plazas y matr\u00edcula gratuita para estudiantes y personas demandantes de empleo. El Cabildo de La Palma, a trav\u00e9s del proyecto La Palma Artesan\u00eda que gestiona Sodepal, pone en marcha una nueva &#8230; <a title=\"Sodepal impulsa una nueva formaci\u00f3n en tejedur\u00eda tradicional dentro del proyecto La Palma Artesan\u00eda\" class=\"read-more\" href=\"https:\/\/sodepal.es\/en\/sodepal-impulsa-una-nueva-formacion-en-tejeduria-tradicional-dentro-del-proyecto-la-palma-artesania\/\" aria-label=\"Read more about Sodepal impulsa una nueva formaci\u00f3n en tejedur\u00eda tradicional dentro del proyecto La Palma Artesan\u00eda\">Read more<\/a><\/p>","protected":false},"author":1,"featured_media":27028,"comment_status":"open","ping_status":"open","sticky":false,"template":"","format":"standard","meta":{"_acf_changed":false,"footnotes":""},"categories":[19],"tags":[],"class_list":["post-27026","post","type-post","status-publish","format-standard","has-post-thumbnail","hentry","category-noticias"],"acf":[],"yoast_head":"<!-- This site is optimized with the Yoast SEO Premium plugin v22.0 (Yoast SEO v28.4) - https:\/\/yoast.com\/product\/yoast-seo-premium-wordpress\/ -->\n<title>Sodepal impulsa una nueva formaci\u00f3n en tejedur\u00eda tradicional dentro del proyecto La Palma Artesan\u00eda - Sociedad de Promoci\u00f3n y Desarrollo Econ\u00f3mico y Social de La Palma - SODEPAL<\/title>\n<meta name=\"description\" content=\"Toda la actualidad de los proyectos y eventos desarrollados por SODEPAL\" \/>\n<meta name=\"robots\" content=\"index, follow, max-snippet:-1, max-image-preview:large, max-video-preview:-1\" \/>\n<link rel=\"canonical\" href=\"https:\/\/sodepal.es\/en\/sodepal-impulsa-una-nueva-formacion-en-tejeduria-tradicional-dentro-del-proyecto-la-palma-artesania\/\" \/>\n<meta property=\"og:locale\" content=\"en_GB\" \/>\n<meta property=\"og:type\" content=\"article\" \/>\n<meta property=\"og:title\" content=\"Sodepal impulsa una nueva formaci\u00f3n en tejedur\u00eda tradicional dentro del proyecto La Palma Artesan\u00eda\" \/>\n<meta property=\"og:description\" content=\"Toda la actualidad de los proyectos y eventos desarrollados por SODEPAL\" \/>\n<meta property=\"og:url\" content=\"https:\/\/sodepal.es\/en\/sodepal-impulsa-una-nueva-formacion-en-tejeduria-tradicional-dentro-del-proyecto-la-palma-artesania\/\" \/>\n<meta property=\"og:site_name\" content=\"Sociedad de Promoci\u00f3n y Desarrollo Econ\u00f3mico y Social de La Palma - SODEPAL\" \/>\n<meta property=\"article:publisher\" content=\"https:\/\/www.facebook.com\/sodepal\" \/>\n<meta property=\"article:published_time\" content=\"2026-09-03T17:21:17+00:00\" \/>\n<meta property=\"article:modified_time\" content=\"2026-09-03T17:24:42+00:00\" \/>\n<meta property=\"og:image\" content=\"https:\/\/sodepal.es\/wp-content\/uploads\/2026\/09\/formacion_tejeduria.jpeg\" \/>\n\t<meta property=\"og:image:width\" content=\"1402\" \/>\n\t<meta property=\"og:image:height\" content=\"935\" \/>\n\t<meta property=\"og:image:type\" content=\"image\/jpeg\" \/>\n<meta name=\"author\" content=\"gerencia\" \/>\n<meta name=\"twitter:card\" content=\"summary_large_image\" \/>\n<script type=\"application\/ld+json\" class=\"yoast-schema-graph\">{\"@context\":\"https:\\\/\\\/schema.org\",\"@graph\":[{\"@type\":\"Article\",\"@id\":\"https:\\\/\\\/sodepal.es\\\/sodepal-impulsa-una-nueva-formacion-en-tejeduria-tradicional-dentro-del-proyecto-la-palma-artesania\\\/#article\",\"isPartOf\":{\"@id\":\"https:\\\/\\\/sodepal.es\\\/sodepal-impulsa-una-nueva-formacion-en-tejeduria-tradicional-dentro-del-proyecto-la-palma-artesania\\\/\"},\"author\":{\"name\":\"gerencia\",\"@id\":\"https:\\\/\\\/sodepal.es\\\/#\\\/schema\\\/person\\\/43b1d623bde0c4ec4efd5656ef0958b2\"},\"headline\":\"Sodepal impulsa una nueva formaci\u00f3n en tejedur\u00eda tradicional dentro del proyecto La Palma Artesan\u00eda\",\"datePublished\":\"2026-09-03T17:21:17+00:00\",\"dateModified\":\"2026-09-03T17:24:42+00:00\",\"mainEntityOfPage\":{\"@id\":\"https:\\\/\\\/sodepal.es\\\/sodepal-impulsa-una-nueva-formacion-en-tejeduria-tradicional-dentro-del-proyecto-la-palma-artesania\\\/\"},\"wordCount\":593,\"commentCount\":0,\"publisher\":{\"@id\":\"https:\\\/\\\/sodepal.es\\\/#organization\"},\"image\":{\"@id\":\"https:\\\/\\\/sodepal.es\\\/sodepal-impulsa-una-nueva-formacion-en-tejeduria-tradicional-dentro-del-proyecto-la-palma-artesania\\\/#primaryimage\"},\"thumbnailUrl\":\"https:\\\/\\\/sodepal.es\\\/wp-content\\\/uploads\\\/2026\\\/09\\\/formacion_tejeduria.jpeg\",\"articleSection\":[\"Noticias\"],\"inLanguage\":\"en-GB\",\"potentialAction\":[{\"@type\":\"CommentAction\",\"name\":\"Comment\",\"target\":[\"https:\\\/\\\/sodepal.es\\\/sodepal-impulsa-una-nueva-formacion-en-tejeduria-tradicional-dentro-del-proyecto-la-palma-artesania\\\/#respond\"]}]},{\"@type\":\"WebPage\",\"@id\":\"https:\\\/\\\/sodepal.es\\\/sodepal-impulsa-una-nueva-formacion-en-tejeduria-tradicional-dentro-del-proyecto-la-palma-artesania\\\/\",\"url\":\"https:\\\/\\\/sodepal.es\\\/sodepal-impulsa-una-nueva-formacion-en-tejeduria-tradicional-dentro-del-proyecto-la-palma-artesania\\\/\",\"name\":\"Sodepal impulsa una nueva formaci\u00f3n en tejedur\u00eda tradicional dentro del proyecto La Palma Artesan\u00eda - Sociedad de Promoci\u00f3n y Desarrollo Econ\u00f3mico y Social de La Palma - SODEPAL\",\"isPartOf\":{\"@id\":\"https:\\\/\\\/sodepal.es\\\/#website\"},\"primaryImageOfPage\":{\"@id\":\"https:\\\/\\\/sodepal.es\\\/sodepal-impulsa-una-nueva-formacion-en-tejeduria-tradicional-dentro-del-proyecto-la-palma-artesania\\\/#primaryimage\"},\"image\":{\"@id\":\"https:\\\/\\\/sodepal.es\\\/sodepal-impulsa-una-nueva-formacion-en-tejeduria-tradicional-dentro-del-proyecto-la-palma-artesania\\\/#primaryimage\"},\"thumbnailUrl\":\"https:\\\/\\\/sodepal.es\\\/wp-content\\\/uploads\\\/2026\\\/09\\\/formacion_tejeduria.jpeg\",\"datePublished\":\"2026-09-03T17:21:17+00:00\",\"dateModified\":\"2026-09-03T17:24:42+00:00\",\"description\":\"Toda la actualidad de los proyectos y eventos desarrollados por SODEPAL\",\"breadcrumb\":{\"@id\":\"https:\\\/\\\/sodepal.es\\\/sodepal-impulsa-una-nueva-formacion-en-tejeduria-tradicional-dentro-del-proyecto-la-palma-artesania\\\/#breadcrumb\"},\"inLanguage\":\"en-GB\",\"potentialAction\":[{\"@type\":\"ReadAction\",\"target\":[\"https:\\\/\\\/sodepal.es\\\/sodepal-impulsa-una-nueva-formacion-en-tejeduria-tradicional-dentro-del-proyecto-la-palma-artesania\\\/\"]}]},{\"@type\":\"ImageObject\",\"inLanguage\":\"en-GB\",\"@id\":\"https:\\\/\\\/sodepal.es\\\/sodepal-impulsa-una-nueva-formacion-en-tejeduria-tradicional-dentro-del-proyecto-la-palma-artesania\\\/#primaryimage\",\"url\":\"https:\\\/\\\/sodepal.es\\\/wp-content\\\/uploads\\\/2026\\\/09\\\/formacion_tejeduria.jpeg\",\"contentUrl\":\"https:\\\/\\\/sodepal.es\\\/wp-content\\\/uploads\\\/2026\\\/09\\\/formacion_tejeduria.jpeg\",\"width\":1402,\"height\":935},{\"@type\":\"BreadcrumbList\",\"@id\":\"https:\\\/\\\/sodepal.es\\\/sodepal-impulsa-una-nueva-formacion-en-tejeduria-tradicional-dentro-del-proyecto-la-palma-artesania\\\/#breadcrumb\",\"itemListElement\":[{\"@type\":\"ListItem\",\"position\":1,\"name\":\"Inicio\",\"item\":\"https:\\\/\\\/sodepal.es\\\/\"},{\"@type\":\"ListItem\",\"position\":2,\"name\":\"Sodepal impulsa una nueva formaci\u00f3n en tejedur\u00eda tradicional dentro del proyecto La Palma Artesan\u00eda\"}]},{\"@type\":\"WebSite\",\"@id\":\"https:\\\/\\\/sodepal.es\\\/#website\",\"url\":\"https:\\\/\\\/sodepal.es\\\/\",\"name\":\"Sodepal\",\"description\":\"SODEPAL es una empresa p\u00fablica dependiente del Cabildo de La Palma. Promoci\u00f3n, Fomento y Desarrollo para la isla de La Palma\",\"publisher\":{\"@id\":\"https:\\\/\\\/sodepal.es\\\/#organization\"},\"alternateName\":\"Sociedad de Promoci\u00f3n y Desarrollo Econ\u00f3mico y Social de La Palma\",\"potentialAction\":[{\"@type\":\"SearchAction\",\"target\":{\"@type\":\"EntryPoint\",\"urlTemplate\":\"https:\\\/\\\/sodepal.es\\\/?s={search_term_string}\"},\"query-input\":{\"@type\":\"PropertyValueSpecification\",\"valueRequired\":true,\"valueName\":\"search_term_string\"}}],\"inLanguage\":\"en-GB\"},{\"@type\":\"Organization\",\"@id\":\"https:\\\/\\\/sodepal.es\\\/#organization\",\"name\":\"Sociedad de Promoci\u00f3n y Desarrollo Econ\u00f3mico y Social de La Palma\",\"alternateName\":\"Sodepal\",\"url\":\"https:\\\/\\\/sodepal.es\\\/\",\"logo\":{\"@type\":\"ImageObject\",\"inLanguage\":\"en-GB\",\"@id\":\"https:\\\/\\\/sodepal.es\\\/#\\\/schema\\\/logo\\\/image\\\/\",\"url\":\"https:\\\/\\\/sodepal.es\\\/wp-content\\\/uploads\\\/2022\\\/09\\\/logo_web.png\",\"contentUrl\":\"https:\\\/\\\/sodepal.es\\\/wp-content\\\/uploads\\\/2022\\\/09\\\/logo_web.png\",\"width\":658,\"height\":156,\"caption\":\"Sociedad de Promoci\u00f3n y Desarrollo Econ\u00f3mico y Social de La Palma\"},\"image\":{\"@id\":\"https:\\\/\\\/sodepal.es\\\/#\\\/schema\\\/logo\\\/image\\\/\"},\"sameAs\":[\"https:\\\/\\\/www.facebook.com\\\/sodepal\",\"https:\\\/\\\/www.instagram.com\\\/sodepallapalma\\\/\"],\"description\":\"Sociedad de Promoci\u00f3n y Desarrollo econ\u00f3mico y Social de La Palma, empresa p\u00fablica dependiente del Cabildo de La Palma\",\"email\":\"info@sodepal.es\",\"telephone\":\"922417323\",\"legalName\":\"Sociedad de Promoci\u00f3n y Desarrollo Econ\u00f3mico de la isla de La Palma S.A.U.\"},{\"@type\":\"Person\",\"@id\":\"https:\\\/\\\/sodepal.es\\\/#\\\/schema\\\/person\\\/43b1d623bde0c4ec4efd5656ef0958b2\",\"name\":\"gerencia\",\"image\":{\"@type\":\"ImageObject\",\"inLanguage\":\"en-GB\",\"@id\":\"https:\\\/\\\/secure.gravatar.com\\\/avatar\\\/2aa1ba3e33e6721e413a7499ea7cab2e4414b99cea1516e7404245c8da655d86?s=96&d=mm&r=g\",\"url\":\"https:\\\/\\\/secure.gravatar.com\\\/avatar\\\/2aa1ba3e33e6721e413a7499ea7cab2e4414b99cea1516e7404245c8da655d86?s=96&d=mm&r=g\",\"contentUrl\":\"https:\\\/\\\/secure.gravatar.com\\\/avatar\\\/2aa1ba3e33e6721e413a7499ea7cab2e4414b99cea1516e7404245c8da655d86?s=96&d=mm&r=g\",\"caption\":\"gerencia\"}}]}<\/script>\n<!-- \/ Yoast SEO Premium plugin. -->","yoast_head_json":{"title":"Sodepal impulsa una nueva formaci\u00f3n en tejedur\u00eda tradicional dentro del proyecto La Palma Artesan\u00eda - Sociedad de Promoci\u00f3n y Desarrollo Econ\u00f3mico y Social de La Palma - SODEPAL","description":"Toda la actualidad de los proyectos y eventos desarrollados por SODEPAL","robots":{"index":"index","follow":"follow","max-snippet":"max-snippet:-1","max-image-preview":"max-image-preview:large","max-video-preview":"max-video-preview:-1"},"canonical":"https:\/\/sodepal.es\/en\/sodepal-impulsa-una-nueva-formacion-en-tejeduria-tradicional-dentro-del-proyecto-la-palma-artesania\/","og_locale":"en_GB","og_type":"article","og_title":"Sodepal impulsa una nueva formaci\u00f3n en tejedur\u00eda tradicional dentro del proyecto La Palma Artesan\u00eda","og_description":"Toda la actualidad de los proyectos y eventos desarrollados por SODEPAL","og_url":"https:\/\/sodepal.es\/en\/sodepal-impulsa-una-nueva-formacion-en-tejeduria-tradicional-dentro-del-proyecto-la-palma-artesania\/","og_site_name":"Sociedad de Promoci\u00f3n y Desarrollo Econ\u00f3mico y Social de La Palma - SODEPAL","article_publisher":"https:\/\/www.facebook.com\/sodepal","article_published_time":"2026-09-03T17:21:17+00:00","article_modified_time":"2026-09-03T17:24:42+00:00","og_image":[{"width":1402,"height":935,"url":"https:\/\/sodepal.es\/wp-content\/uploads\/2026\/09\/formacion_tejeduria.jpeg","type":"image\/jpeg"}],"author":"gerencia","twitter_card":"summary_large_image","schema":{"@context":"https:\/\/schema.org","@graph":[{"@type":"Article","@id":"https:\/\/sodepal.es\/sodepal-impulsa-una-nueva-formacion-en-tejeduria-tradicional-dentro-del-proyecto-la-palma-artesania\/#article","isPartOf":{"@id":"https:\/\/sodepal.es\/sodepal-impulsa-una-nueva-formacion-en-tejeduria-tradicional-dentro-del-proyecto-la-palma-artesania\/"},"author":{"name":"gerencia","@id":"https:\/\/sodepal.es\/#\/schema\/person\/43b1d623bde0c4ec4efd5656ef0958b2"},"headline":"Sodepal impulsa una nueva formaci\u00f3n en tejedur\u00eda tradicional dentro del proyecto La Palma Artesan\u00eda","datePublished":"2026-09-03T17:21:17+00:00","dateModified":"2026-09-03T17:24:42+00:00","mainEntityOfPage":{"@id":"https:\/\/sodepal.es\/sodepal-impulsa-una-nueva-formacion-en-tejeduria-tradicional-dentro-del-proyecto-la-palma-artesania\/"},"wordCount":593,"commentCount":0,"publisher":{"@id":"https:\/\/sodepal.es\/#organization"},"image":{"@id":"https:\/\/sodepal.es\/sodepal-impulsa-una-nueva-formacion-en-tejeduria-tradicional-dentro-del-proyecto-la-palma-artesania\/#primaryimage"},"thumbnailUrl":"https:\/\/sodepal.es\/wp-content\/uploads\/2026\/09\/formacion_tejeduria.jpeg","articleSection":["Noticias"],"inLanguage":"en-GB","potentialAction":[{"@type":"CommentAction","name":"Comment","target":["https:\/\/sodepal.es\/sodepal-impulsa-una-nueva-formacion-en-tejeduria-tradicional-dentro-del-proyecto-la-palma-artesania\/#respond"]}]},{"@type":"WebPage","@id":"https:\/\/sodepal.es\/sodepal-impulsa-una-nueva-formacion-en-tejeduria-tradicional-dentro-del-proyecto-la-palma-artesania\/","url":"https:\/\/sodepal.es\/sodepal-impulsa-una-nueva-formacion-en-tejeduria-tradicional-dentro-del-proyecto-la-palma-artesania\/","name":"Sodepal impulsa una nueva formaci\u00f3n en tejedur\u00eda tradicional dentro del proyecto La Palma Artesan\u00eda - Sociedad de Promoci\u00f3n y Desarrollo Econ\u00f3mico y Social de La Palma - SODEPAL","isPartOf":{"@id":"https:\/\/sodepal.es\/#website"},"primaryImageOfPage":{"@id":"https:\/\/sodepal.es\/sodepal-impulsa-una-nueva-formacion-en-tejeduria-tradicional-dentro-del-proyecto-la-palma-artesania\/#primaryimage"},"image":{"@id":"https:\/\/sodepal.es\/sodepal-impulsa-una-nueva-formacion-en-tejeduria-tradicional-dentro-del-proyecto-la-palma-artesania\/#primaryimage"},"thumbnailUrl":"https:\/\/sodepal.es\/wp-content\/uploads\/2026\/09\/formacion_tejeduria.jpeg","datePublished":"2026-09-03T17:21:17+00:00","dateModified":"2026-09-03T17:24:42+00:00","description":"Toda la actualidad de los proyectos y eventos desarrollados por SODEPAL","breadcrumb":{"@id":"https:\/\/sodepal.es\/sodepal-impulsa-una-nueva-formacion-en-tejeduria-tradicional-dentro-del-proyecto-la-palma-artesania\/#breadcrumb"},"inLanguage":"en-GB","potentialAction":[{"@type":"ReadAction","target":["https:\/\/sodepal.es\/sodepal-impulsa-una-nueva-formacion-en-tejeduria-tradicional-dentro-del-proyecto-la-palma-artesania\/"]}]},{"@type":"ImageObject","inLanguage":"en-GB","@id":"https:\/\/sodepal.es\/sodepal-impulsa-una-nueva-formacion-en-tejeduria-tradicional-dentro-del-proyecto-la-palma-artesania\/#primaryimage","url":"https:\/\/sodepal.es\/wp-content\/uploads\/2026\/09\/formacion_tejeduria.jpeg","contentUrl":"https:\/\/sodepal.es\/wp-content\/uploads\/2026\/09\/formacion_tejeduria.jpeg","width":1402,"height":935},{"@type":"BreadcrumbList","@id":"https:\/\/sodepal.es\/sodepal-impulsa-una-nueva-formacion-en-tejeduria-tradicional-dentro-del-proyecto-la-palma-artesania\/#breadcrumb","itemListElement":[{"@type":"ListItem","position":1,"name":"Inicio","item":"https:\/\/sodepal.es\/"},{"@type":"ListItem","position":2,"name":"Sodepal impulsa una nueva formaci\u00f3n en tejedur\u00eda tradicional dentro del proyecto La Palma Artesan\u00eda"}]},{"@type":"WebSite","@id":"https:\/\/sodepal.es\/#website","url":"https:\/\/sodepal.es\/","name":"Sodepal","description":"SODEPAL es una empresa p\u00fablica dependiente del Cabildo de La Palma. Promoci\u00f3n, Fomento y Desarrollo para la isla de La Palma","publisher":{"@id":"https:\/\/sodepal.es\/#organization"},"alternateName":"Sociedad de Promoci\u00f3n y Desarrollo Econ\u00f3mico y Social de La Palma","potentialAction":[{"@type":"SearchAction","target":{"@type":"EntryPoint","urlTemplate":"https:\/\/sodepal.es\/?s={search_term_string}"},"query-input":{"@type":"PropertyValueSpecification","valueRequired":true,"valueName":"search_term_string"}}],"inLanguage":"en-GB"},{"@type":"Organization","@id":"https:\/\/sodepal.es\/#organization","name":"Sociedad de Promoci\u00f3n y Desarrollo Econ\u00f3mico y Social de La Palma","alternateName":"Sodepal","url":"https:\/\/sodepal.es\/","logo":{"@type":"ImageObject","inLanguage":"en-GB","@id":"https:\/\/sodepal.es\/#\/schema\/logo\/image\/","url":"https:\/\/sodepal.es\/wp-content\/uploads\/2022\/09\/logo_web.png","contentUrl":"https:\/\/sodepal.es\/wp-content\/uploads\/2022\/09\/logo_web.png","width":658,"height":156,"caption":"Sociedad de Promoci\u00f3n y Desarrollo Econ\u00f3mico y Social de La Palma"},"image":{"@id":"https:\/\/sodepal.es\/#\/schema\/logo\/image\/"},"sameAs":["https:\/\/www.facebook.com\/sodepal","https:\/\/www.instagram.com\/sodepallapalma\/"],"description":"Sociedad de Promoci\u00f3n y Desarrollo econ\u00f3mico y Social de La Palma, empresa p\u00fablica dependiente del Cabildo de La Palma","email":"info@sodepal.es","telephone":"922417323","legalName":"Sociedad de Promoci\u00f3n y Desarrollo Econ\u00f3mico de la isla de La Palma S.A.U."},{"@type":"Person","@id":"https:\/\/sodepal.es\/#\/schema\/person\/43b1d623bde0c4ec4efd5656ef0958b2","name":"gerencia","image":{"@type":"ImageObject","inLanguage":"en-GB","@id":"https:\/\/secure.gravatar.com\/avatar\/2aa1ba3e33e6721e413a7499ea7cab2e4414b99cea1516e7404245c8da655d86?s=96&d=mm&r=g","url":"https:\/\/secure.gravatar.com\/avatar\/2aa1ba3e33e6721e413a7499ea7cab2e4414b99cea1516e7404245c8da655d86?s=96&d=mm&r=g","contentUrl":"https:\/\/secure.gravatar.com\/avatar\/2aa1ba3e33e6721e413a7499ea7cab2e4414b99cea1516e7404245c8da655d86?s=96&d=mm&r=g","caption":"gerencia"}}]}},"_links":{"self":[{"href":"https:\/\/sodepal.es\/en\/wp-json\/wp\/v2\/posts\/27026","targetHints":{"allow":["GET"]}}],"collection":[{"href":"https:\/\/sodepal.es\/en\/wp-json\/wp\/v2\/posts"}],"about":[{"href":"https:\/\/sodepal.es\/en\/wp-json\/wp\/v2\/types\/post"}],"author":[{"embeddable":true,"href":"https:\/\/sodepal.es\/en\/wp-json\/wp\/v2\/users\/1"}],"replies":[{"embeddable":true,"href":"https:\/\/sodepal.es\/en\/wp-json\/wp\/v2\/comments?post=27026"}],"version-history":[{"count":7,"href":"https:\/\/sodepal.es\/en\/wp-json\/wp\/v2\/posts\/27026\/revisions"}],"predecessor-version":[{"id":27034,"href":"https:\/\/sodepal.es\/en\/wp-json\/wp\/v2\/posts\/27026\/revisions\/27034"}],"wp:featuredmedia":[{"embeddable":true,"href":"https:\/\/sodepal.es\/en\/wp-json\/wp\/v2\/media\/27028"}],"wp:attachment":[{"href":"https:\/\/sodepal.es\/en\/wp-json\/wp\/v2\/media?parent=27026"}],"wp:term":[{"taxonomy":"category","embeddable":true,"href":"https:\/\/sodepal.es\/en\/wp-json\/wp\/v2\/categories?post=27026"},{"taxonomy":"post_tag","embeddable":true,"href":"https:\/\/sodepal.es\/en\/wp-json\/wp\/v2\/tags?post=27026"}],"curies":[{"name":"wp","href":"https:\/\/api.w.org\/{rel}","templated":true}]}}