{"id":6560,"date":"2023-02-23T23:02:24","date_gmt":"2023-02-23T23:02:24","guid":{"rendered":"https:\/\/sodepal.es\/?p=6560"},"modified":"2023-02-23T23:02:25","modified_gmt":"2023-02-23T23:02:25","slug":"celebramos-la-palma-fashion-week-durante-el-mes-de-abril-con-una-apuesta-decidida-por-la-sostenibilidad-y-la-internacionalizacion","status":"publish","type":"post","link":"https:\/\/sodepal.es\/en\/celebramos-la-palma-fashion-week-durante-el-mes-de-abril-con-una-apuesta-decidida-por-la-sostenibilidad-y-la-internacionalizacion\/","title":{"rendered":"We celebrate La Palma Fashion Week during the month of April with a firm commitment to sustainability and internationalisation"},"content":{"rendered":"<p>The new edition of the biennial La Palma Fashion Week will take place from the 14th to the 16th of April.<\/p>\n\n\n\n<p>The public company Sodepal, through the Isla Bonita Moda (IBM) programme financed by the Island Council for Economic Promotion, will be holding La Palma Fashion Week during the month of April, with a firm commitment to sustainability and internationalisation.<\/p>\n\n\n\n<p>The Councillor for Economic Promotion, Raquel D\u00edaz, emphasised that \"this new edition of La Palma Fashion Week will have new features such as a change of location, an alliance with international media and the support of the most important specialised media in the sector at a national level\". All of this with the aim of continuing \"to take steps towards a greater projection and professionalisation of the creative and textile sector on our island\".<\/p>\n\n\n\n<p>D\u00edaz explained that during the previous edition \"we demonstrated that the previous work carried out to establish a specific roadmap with defined objectives can lead to the creations of our designers appearing in the most relevant media, as well as positioning our island in the national context\".&nbsp;<\/p>\n\n\n\n<p>The councillor emphasised that \"we will maintain the development of the La Palma Fashion Talent awards, in which three firms specialising in the jewellery and accessories sector and three other brands specialising in ready-to-wear will participate, and which aim to support emerging talent\".<\/p>\n\n\n\n<p>Sustainability will continue to play a fundamental role in the event, where 90 % of the participating firms are expected to create their collections using ecologically certified materials, as well as techniques such as upcycling, contributing to the generation of less waste and the dissemination of a more environmentally friendly message.<\/p>","protected":false},"excerpt":{"rendered":"<p>The new edition of La Palma Fashion Week, held every two years, will take place from the 14th to the 16th of April. The public company Sodepal, through the Isla Bonita Moda (IBM) programme financed by the Island Council for Economic Promotion, will be holding La Palma Fashion Week during the month of April, with a firm commitment to the ... <a title=\"We celebrate La Palma Fashion Week during the month of April with a firm commitment to sustainability and internationalisation\" class=\"read-more\" href=\"https:\/\/sodepal.es\/en\/celebramos-la-palma-fashion-week-durante-el-mes-de-abril-con-una-apuesta-decidida-por-la-sostenibilidad-y-la-internacionalizacion\/\" aria-label=\"Read more about La Palma Fashion Week in April with a firm commitment to sustainability and internationalisation\">Read more<\/a><\/p>","protected":false},"author":1,"featured_media":6561,"comment_status":"open","ping_status":"open","sticky":false,"template":"","format":"standard","meta":{"_acf_changed":false,"footnotes":""},"categories":[19],"tags":[],"class_list":["post-6560","post","type-post","status-publish","format-standard","has-post-thumbnail","hentry","category-noticias"],"acf":[],"yoast_head":"<!-- This site is optimized with the Yoast SEO Premium plugin v22.0 (Yoast SEO v27.4) - https:\/\/yoast.com\/product\/yoast-seo-premium-wordpress\/ -->\n<title>Celebramos La Palma Fashion Week durante el mes de abril con una apuesta decidida por la sostenibilidad y la internacionalizaci\u00f3n - Sociedad de Promoci\u00f3n y Desarrollo Econ\u00f3mico y Social de La Palma - SODEPAL<\/title>\n<meta name=\"description\" content=\"Toda la actualidad de los proyectos y eventos desarrollados por SODEPAL\" \/>\n<meta name=\"robots\" content=\"index, follow, max-snippet:-1, max-image-preview:large, max-video-preview:-1\" \/>\n<link rel=\"canonical\" href=\"https:\/\/sodepal.es\/en\/celebramos-la-palma-fashion-week-durante-el-mes-de-abril-con-una-apuesta-decidida-por-la-sostenibilidad-y-la-internacionalizacion\/\" \/>\n<meta property=\"og:locale\" content=\"en_GB\" \/>\n<meta property=\"og:type\" content=\"article\" \/>\n<meta property=\"og:title\" content=\"Celebramos La Palma Fashion Week durante el mes de abril con una apuesta decidida por la sostenibilidad y la internacionalizaci\u00f3n\" \/>\n<meta property=\"og:description\" content=\"Toda la actualidad de los proyectos y eventos desarrollados por SODEPAL\" \/>\n<meta property=\"og:url\" content=\"https:\/\/sodepal.es\/en\/celebramos-la-palma-fashion-week-durante-el-mes-de-abril-con-una-apuesta-decidida-por-la-sostenibilidad-y-la-internacionalizacion\/\" \/>\n<meta property=\"og:site_name\" content=\"Sociedad de Promoci\u00f3n y Desarrollo Econ\u00f3mico y Social de La Palma - SODEPAL\" \/>\n<meta property=\"article:publisher\" content=\"https:\/\/www.facebook.com\/sodepal\" \/>\n<meta property=\"article:published_time\" content=\"2023-02-23T23:02:24+00:00\" \/>\n<meta property=\"article:modified_time\" content=\"2023-02-23T23:02:25+00:00\" \/>\n<meta property=\"og:image\" content=\"https:\/\/sodepal.es\/wp-content\/uploads\/2023\/02\/FW.jpg\" \/>\n\t<meta property=\"og:image:width\" content=\"2048\" \/>\n\t<meta property=\"og:image:height\" content=\"1149\" \/>\n\t<meta property=\"og:image:type\" content=\"image\/jpeg\" \/>\n<meta name=\"author\" content=\"gerencia\" \/>\n<meta name=\"twitter:card\" content=\"summary_large_image\" \/>\n<script type=\"application\/ld+json\" class=\"yoast-schema-graph\">{\"@context\":\"https:\\\/\\\/schema.org\",\"@graph\":[{\"@type\":\"Article\",\"@id\":\"https:\\\/\\\/sodepal.es\\\/celebramos-la-palma-fashion-week-durante-el-mes-de-abril-con-una-apuesta-decidida-por-la-sostenibilidad-y-la-internacionalizacion\\\/#article\",\"isPartOf\":{\"@id\":\"https:\\\/\\\/sodepal.es\\\/celebramos-la-palma-fashion-week-durante-el-mes-de-abril-con-una-apuesta-decidida-por-la-sostenibilidad-y-la-internacionalizacion\\\/\"},\"author\":{\"name\":\"gerencia\",\"@id\":\"https:\\\/\\\/sodepal.es\\\/#\\\/schema\\\/person\\\/43b1d623bde0c4ec4efd5656ef0958b2\"},\"headline\":\"Celebramos La Palma Fashion Week durante el mes de abril con una apuesta decidida por la sostenibilidad y la internacionalizaci\u00f3n\",\"datePublished\":\"2023-02-23T23:02:24+00:00\",\"dateModified\":\"2023-02-23T23:02:25+00:00\",\"mainEntityOfPage\":{\"@id\":\"https:\\\/\\\/sodepal.es\\\/celebramos-la-palma-fashion-week-durante-el-mes-de-abril-con-una-apuesta-decidida-por-la-sostenibilidad-y-la-internacionalizacion\\\/\"},\"wordCount\":331,\"commentCount\":0,\"publisher\":{\"@id\":\"https:\\\/\\\/sodepal.es\\\/#organization\"},\"image\":{\"@id\":\"https:\\\/\\\/sodepal.es\\\/celebramos-la-palma-fashion-week-durante-el-mes-de-abril-con-una-apuesta-decidida-por-la-sostenibilidad-y-la-internacionalizacion\\\/#primaryimage\"},\"thumbnailUrl\":\"https:\\\/\\\/sodepal.es\\\/wp-content\\\/uploads\\\/2023\\\/02\\\/FW.jpg\",\"articleSection\":[\"Noticias\"],\"inLanguage\":\"en-GB\",\"potentialAction\":[{\"@type\":\"CommentAction\",\"name\":\"Comment\",\"target\":[\"https:\\\/\\\/sodepal.es\\\/celebramos-la-palma-fashion-week-durante-el-mes-de-abril-con-una-apuesta-decidida-por-la-sostenibilidad-y-la-internacionalizacion\\\/#respond\"]}]},{\"@type\":\"WebPage\",\"@id\":\"https:\\\/\\\/sodepal.es\\\/celebramos-la-palma-fashion-week-durante-el-mes-de-abril-con-una-apuesta-decidida-por-la-sostenibilidad-y-la-internacionalizacion\\\/\",\"url\":\"https:\\\/\\\/sodepal.es\\\/celebramos-la-palma-fashion-week-durante-el-mes-de-abril-con-una-apuesta-decidida-por-la-sostenibilidad-y-la-internacionalizacion\\\/\",\"name\":\"Celebramos La Palma Fashion Week durante el mes de abril con una apuesta decidida por la sostenibilidad y la internacionalizaci\u00f3n - Sociedad de Promoci\u00f3n y Desarrollo Econ\u00f3mico y Social de La Palma - SODEPAL\",\"isPartOf\":{\"@id\":\"https:\\\/\\\/sodepal.es\\\/#website\"},\"primaryImageOfPage\":{\"@id\":\"https:\\\/\\\/sodepal.es\\\/celebramos-la-palma-fashion-week-durante-el-mes-de-abril-con-una-apuesta-decidida-por-la-sostenibilidad-y-la-internacionalizacion\\\/#primaryimage\"},\"image\":{\"@id\":\"https:\\\/\\\/sodepal.es\\\/celebramos-la-palma-fashion-week-durante-el-mes-de-abril-con-una-apuesta-decidida-por-la-sostenibilidad-y-la-internacionalizacion\\\/#primaryimage\"},\"thumbnailUrl\":\"https:\\\/\\\/sodepal.es\\\/wp-content\\\/uploads\\\/2023\\\/02\\\/FW.jpg\",\"datePublished\":\"2023-02-23T23:02:24+00:00\",\"dateModified\":\"2023-02-23T23:02:25+00:00\",\"description\":\"Toda la actualidad de los proyectos y eventos desarrollados por SODEPAL\",\"breadcrumb\":{\"@id\":\"https:\\\/\\\/sodepal.es\\\/celebramos-la-palma-fashion-week-durante-el-mes-de-abril-con-una-apuesta-decidida-por-la-sostenibilidad-y-la-internacionalizacion\\\/#breadcrumb\"},\"inLanguage\":\"en-GB\",\"potentialAction\":[{\"@type\":\"ReadAction\",\"target\":[\"https:\\\/\\\/sodepal.es\\\/celebramos-la-palma-fashion-week-durante-el-mes-de-abril-con-una-apuesta-decidida-por-la-sostenibilidad-y-la-internacionalizacion\\\/\"]}]},{\"@type\":\"ImageObject\",\"inLanguage\":\"en-GB\",\"@id\":\"https:\\\/\\\/sodepal.es\\\/celebramos-la-palma-fashion-week-durante-el-mes-de-abril-con-una-apuesta-decidida-por-la-sostenibilidad-y-la-internacionalizacion\\\/#primaryimage\",\"url\":\"https:\\\/\\\/sodepal.es\\\/wp-content\\\/uploads\\\/2023\\\/02\\\/FW.jpg\",\"contentUrl\":\"https:\\\/\\\/sodepal.es\\\/wp-content\\\/uploads\\\/2023\\\/02\\\/FW.jpg\",\"width\":2048,\"height\":1149},{\"@type\":\"BreadcrumbList\",\"@id\":\"https:\\\/\\\/sodepal.es\\\/celebramos-la-palma-fashion-week-durante-el-mes-de-abril-con-una-apuesta-decidida-por-la-sostenibilidad-y-la-internacionalizacion\\\/#breadcrumb\",\"itemListElement\":[{\"@type\":\"ListItem\",\"position\":1,\"name\":\"Inicio\",\"item\":\"https:\\\/\\\/sodepal.es\\\/\"},{\"@type\":\"ListItem\",\"position\":2,\"name\":\"Celebramos La Palma Fashion Week durante el mes de abril con una apuesta decidida por la sostenibilidad y la internacionalizaci\u00f3n\"}]},{\"@type\":\"WebSite\",\"@id\":\"https:\\\/\\\/sodepal.es\\\/#website\",\"url\":\"https:\\\/\\\/sodepal.es\\\/\",\"name\":\"Sodepal\",\"description\":\"SODEPAL es una empresa p\u00fablica dependiente del Cabildo de La Palma. Promoci\u00f3n, Fomento y Desarrollo para la isla de La Palma\",\"publisher\":{\"@id\":\"https:\\\/\\\/sodepal.es\\\/#organization\"},\"alternateName\":\"Sociedad de Promoci\u00f3n y Desarrollo Econ\u00f3mico y Social de La Palma\",\"potentialAction\":[{\"@type\":\"SearchAction\",\"target\":{\"@type\":\"EntryPoint\",\"urlTemplate\":\"https:\\\/\\\/sodepal.es\\\/?s={search_term_string}\"},\"query-input\":{\"@type\":\"PropertyValueSpecification\",\"valueRequired\":true,\"valueName\":\"search_term_string\"}}],\"inLanguage\":\"en-GB\"},{\"@type\":\"Organization\",\"@id\":\"https:\\\/\\\/sodepal.es\\\/#organization\",\"name\":\"Sociedad de Promoci\u00f3n y Desarrollo Econ\u00f3mico y Social de La Palma\",\"alternateName\":\"Sodepal\",\"url\":\"https:\\\/\\\/sodepal.es\\\/\",\"logo\":{\"@type\":\"ImageObject\",\"inLanguage\":\"en-GB\",\"@id\":\"https:\\\/\\\/sodepal.es\\\/#\\\/schema\\\/logo\\\/image\\\/\",\"url\":\"https:\\\/\\\/sodepal.es\\\/wp-content\\\/uploads\\\/2022\\\/09\\\/logo_web.png\",\"contentUrl\":\"https:\\\/\\\/sodepal.es\\\/wp-content\\\/uploads\\\/2022\\\/09\\\/logo_web.png\",\"width\":658,\"height\":156,\"caption\":\"Sociedad de Promoci\u00f3n y Desarrollo Econ\u00f3mico y Social de La Palma\"},\"image\":{\"@id\":\"https:\\\/\\\/sodepal.es\\\/#\\\/schema\\\/logo\\\/image\\\/\"},\"sameAs\":[\"https:\\\/\\\/www.facebook.com\\\/sodepal\",\"https:\\\/\\\/www.instagram.com\\\/sodepallapalma\\\/\"],\"description\":\"Sociedad de Promoci\u00f3n y Desarrollo econ\u00f3mico y Social de La Palma, empresa p\u00fablica dependiente del Cabildo de La Palma\",\"email\":\"info@sodepal.es\",\"telephone\":\"922417323\",\"legalName\":\"Sociedad de Promoci\u00f3n y Desarrollo Econ\u00f3mico de la isla de La Palma S.A.U.\"},{\"@type\":\"Person\",\"@id\":\"https:\\\/\\\/sodepal.es\\\/#\\\/schema\\\/person\\\/43b1d623bde0c4ec4efd5656ef0958b2\",\"name\":\"gerencia\",\"image\":{\"@type\":\"ImageObject\",\"inLanguage\":\"en-GB\",\"@id\":\"https:\\\/\\\/secure.gravatar.com\\\/avatar\\\/2aa1ba3e33e6721e413a7499ea7cab2e4414b99cea1516e7404245c8da655d86?s=96&d=mm&r=g\",\"url\":\"https:\\\/\\\/secure.gravatar.com\\\/avatar\\\/2aa1ba3e33e6721e413a7499ea7cab2e4414b99cea1516e7404245c8da655d86?s=96&d=mm&r=g\",\"contentUrl\":\"https:\\\/\\\/secure.gravatar.com\\\/avatar\\\/2aa1ba3e33e6721e413a7499ea7cab2e4414b99cea1516e7404245c8da655d86?s=96&d=mm&r=g\",\"caption\":\"gerencia\"}}]}<\/script>\n<!-- \/ Yoast SEO Premium plugin. -->","yoast_head_json":{"title":"Celebramos La Palma Fashion Week durante el mes de abril con una apuesta decidida por la sostenibilidad y la internacionalizaci\u00f3n - Sociedad de Promoci\u00f3n y Desarrollo Econ\u00f3mico y Social de La Palma - SODEPAL","description":"Toda la actualidad de los proyectos y eventos desarrollados por SODEPAL","robots":{"index":"index","follow":"follow","max-snippet":"max-snippet:-1","max-image-preview":"max-image-preview:large","max-video-preview":"max-video-preview:-1"},"canonical":"https:\/\/sodepal.es\/en\/celebramos-la-palma-fashion-week-durante-el-mes-de-abril-con-una-apuesta-decidida-por-la-sostenibilidad-y-la-internacionalizacion\/","og_locale":"en_GB","og_type":"article","og_title":"Celebramos La Palma Fashion Week durante el mes de abril con una apuesta decidida por la sostenibilidad y la internacionalizaci\u00f3n","og_description":"Toda la actualidad de los proyectos y eventos desarrollados por SODEPAL","og_url":"https:\/\/sodepal.es\/en\/celebramos-la-palma-fashion-week-durante-el-mes-de-abril-con-una-apuesta-decidida-por-la-sostenibilidad-y-la-internacionalizacion\/","og_site_name":"Sociedad de Promoci\u00f3n y Desarrollo Econ\u00f3mico y Social de La Palma - SODEPAL","article_publisher":"https:\/\/www.facebook.com\/sodepal","article_published_time":"2023-02-23T23:02:24+00:00","article_modified_time":"2023-02-23T23:02:25+00:00","og_image":[{"width":2048,"height":1149,"url":"https:\/\/sodepal.es\/wp-content\/uploads\/2023\/02\/FW.jpg","type":"image\/jpeg"}],"author":"gerencia","twitter_card":"summary_large_image","schema":{"@context":"https:\/\/schema.org","@graph":[{"@type":"Article","@id":"https:\/\/sodepal.es\/celebramos-la-palma-fashion-week-durante-el-mes-de-abril-con-una-apuesta-decidida-por-la-sostenibilidad-y-la-internacionalizacion\/#article","isPartOf":{"@id":"https:\/\/sodepal.es\/celebramos-la-palma-fashion-week-durante-el-mes-de-abril-con-una-apuesta-decidida-por-la-sostenibilidad-y-la-internacionalizacion\/"},"author":{"name":"gerencia","@id":"https:\/\/sodepal.es\/#\/schema\/person\/43b1d623bde0c4ec4efd5656ef0958b2"},"headline":"Celebramos La Palma Fashion Week durante el mes de abril con una apuesta decidida por la sostenibilidad y la internacionalizaci\u00f3n","datePublished":"2023-02-23T23:02:24+00:00","dateModified":"2023-02-23T23:02:25+00:00","mainEntityOfPage":{"@id":"https:\/\/sodepal.es\/celebramos-la-palma-fashion-week-durante-el-mes-de-abril-con-una-apuesta-decidida-por-la-sostenibilidad-y-la-internacionalizacion\/"},"wordCount":331,"commentCount":0,"publisher":{"@id":"https:\/\/sodepal.es\/#organization"},"image":{"@id":"https:\/\/sodepal.es\/celebramos-la-palma-fashion-week-durante-el-mes-de-abril-con-una-apuesta-decidida-por-la-sostenibilidad-y-la-internacionalizacion\/#primaryimage"},"thumbnailUrl":"https:\/\/sodepal.es\/wp-content\/uploads\/2023\/02\/FW.jpg","articleSection":["Noticias"],"inLanguage":"en-GB","potentialAction":[{"@type":"CommentAction","name":"Comment","target":["https:\/\/sodepal.es\/celebramos-la-palma-fashion-week-durante-el-mes-de-abril-con-una-apuesta-decidida-por-la-sostenibilidad-y-la-internacionalizacion\/#respond"]}]},{"@type":"WebPage","@id":"https:\/\/sodepal.es\/celebramos-la-palma-fashion-week-durante-el-mes-de-abril-con-una-apuesta-decidida-por-la-sostenibilidad-y-la-internacionalizacion\/","url":"https:\/\/sodepal.es\/celebramos-la-palma-fashion-week-durante-el-mes-de-abril-con-una-apuesta-decidida-por-la-sostenibilidad-y-la-internacionalizacion\/","name":"Celebramos La Palma Fashion Week durante el mes de abril con una apuesta decidida por la sostenibilidad y la internacionalizaci\u00f3n - Sociedad de Promoci\u00f3n y Desarrollo Econ\u00f3mico y Social de La Palma - SODEPAL","isPartOf":{"@id":"https:\/\/sodepal.es\/#website"},"primaryImageOfPage":{"@id":"https:\/\/sodepal.es\/celebramos-la-palma-fashion-week-durante-el-mes-de-abril-con-una-apuesta-decidida-por-la-sostenibilidad-y-la-internacionalizacion\/#primaryimage"},"image":{"@id":"https:\/\/sodepal.es\/celebramos-la-palma-fashion-week-durante-el-mes-de-abril-con-una-apuesta-decidida-por-la-sostenibilidad-y-la-internacionalizacion\/#primaryimage"},"thumbnailUrl":"https:\/\/sodepal.es\/wp-content\/uploads\/2023\/02\/FW.jpg","datePublished":"2023-02-23T23:02:24+00:00","dateModified":"2023-02-23T23:02:25+00:00","description":"Toda la actualidad de los proyectos y eventos desarrollados por SODEPAL","breadcrumb":{"@id":"https:\/\/sodepal.es\/celebramos-la-palma-fashion-week-durante-el-mes-de-abril-con-una-apuesta-decidida-por-la-sostenibilidad-y-la-internacionalizacion\/#breadcrumb"},"inLanguage":"en-GB","potentialAction":[{"@type":"ReadAction","target":["https:\/\/sodepal.es\/celebramos-la-palma-fashion-week-durante-el-mes-de-abril-con-una-apuesta-decidida-por-la-sostenibilidad-y-la-internacionalizacion\/"]}]},{"@type":"ImageObject","inLanguage":"en-GB","@id":"https:\/\/sodepal.es\/celebramos-la-palma-fashion-week-durante-el-mes-de-abril-con-una-apuesta-decidida-por-la-sostenibilidad-y-la-internacionalizacion\/#primaryimage","url":"https:\/\/sodepal.es\/wp-content\/uploads\/2023\/02\/FW.jpg","contentUrl":"https:\/\/sodepal.es\/wp-content\/uploads\/2023\/02\/FW.jpg","width":2048,"height":1149},{"@type":"BreadcrumbList","@id":"https:\/\/sodepal.es\/celebramos-la-palma-fashion-week-durante-el-mes-de-abril-con-una-apuesta-decidida-por-la-sostenibilidad-y-la-internacionalizacion\/#breadcrumb","itemListElement":[{"@type":"ListItem","position":1,"name":"Inicio","item":"https:\/\/sodepal.es\/"},{"@type":"ListItem","position":2,"name":"Celebramos La Palma Fashion Week durante el mes de abril con una apuesta decidida por la sostenibilidad y la internacionalizaci\u00f3n"}]},{"@type":"WebSite","@id":"https:\/\/sodepal.es\/#website","url":"https:\/\/sodepal.es\/","name":"Sodepal","description":"SODEPAL es una empresa p\u00fablica dependiente del Cabildo de La Palma. Promoci\u00f3n, Fomento y Desarrollo para la isla de La Palma","publisher":{"@id":"https:\/\/sodepal.es\/#organization"},"alternateName":"Sociedad de Promoci\u00f3n y Desarrollo Econ\u00f3mico y Social de La Palma","potentialAction":[{"@type":"SearchAction","target":{"@type":"EntryPoint","urlTemplate":"https:\/\/sodepal.es\/?s={search_term_string}"},"query-input":{"@type":"PropertyValueSpecification","valueRequired":true,"valueName":"search_term_string"}}],"inLanguage":"en-GB"},{"@type":"Organization","@id":"https:\/\/sodepal.es\/#organization","name":"Sociedad de Promoci\u00f3n y Desarrollo Econ\u00f3mico y Social de La Palma","alternateName":"Sodepal","url":"https:\/\/sodepal.es\/","logo":{"@type":"ImageObject","inLanguage":"en-GB","@id":"https:\/\/sodepal.es\/#\/schema\/logo\/image\/","url":"https:\/\/sodepal.es\/wp-content\/uploads\/2022\/09\/logo_web.png","contentUrl":"https:\/\/sodepal.es\/wp-content\/uploads\/2022\/09\/logo_web.png","width":658,"height":156,"caption":"Sociedad de Promoci\u00f3n y Desarrollo Econ\u00f3mico y Social de La Palma"},"image":{"@id":"https:\/\/sodepal.es\/#\/schema\/logo\/image\/"},"sameAs":["https:\/\/www.facebook.com\/sodepal","https:\/\/www.instagram.com\/sodepallapalma\/"],"description":"Sociedad de Promoci\u00f3n y Desarrollo econ\u00f3mico y Social de La Palma, empresa p\u00fablica dependiente del Cabildo de La Palma","email":"info@sodepal.es","telephone":"922417323","legalName":"Sociedad de Promoci\u00f3n y Desarrollo Econ\u00f3mico de la isla de La Palma S.A.U."},{"@type":"Person","@id":"https:\/\/sodepal.es\/#\/schema\/person\/43b1d623bde0c4ec4efd5656ef0958b2","name":"gerencia","image":{"@type":"ImageObject","inLanguage":"en-GB","@id":"https:\/\/secure.gravatar.com\/avatar\/2aa1ba3e33e6721e413a7499ea7cab2e4414b99cea1516e7404245c8da655d86?s=96&d=mm&r=g","url":"https:\/\/secure.gravatar.com\/avatar\/2aa1ba3e33e6721e413a7499ea7cab2e4414b99cea1516e7404245c8da655d86?s=96&d=mm&r=g","contentUrl":"https:\/\/secure.gravatar.com\/avatar\/2aa1ba3e33e6721e413a7499ea7cab2e4414b99cea1516e7404245c8da655d86?s=96&d=mm&r=g","caption":"gerencia"}}]}},"_links":{"self":[{"href":"https:\/\/sodepal.es\/en\/wp-json\/wp\/v2\/posts\/6560","targetHints":{"allow":["GET"]}}],"collection":[{"href":"https:\/\/sodepal.es\/en\/wp-json\/wp\/v2\/posts"}],"about":[{"href":"https:\/\/sodepal.es\/en\/wp-json\/wp\/v2\/types\/post"}],"author":[{"embeddable":true,"href":"https:\/\/sodepal.es\/en\/wp-json\/wp\/v2\/users\/1"}],"replies":[{"embeddable":true,"href":"https:\/\/sodepal.es\/en\/wp-json\/wp\/v2\/comments?post=6560"}],"version-history":[{"count":0,"href":"https:\/\/sodepal.es\/en\/wp-json\/wp\/v2\/posts\/6560\/revisions"}],"wp:featuredmedia":[{"embeddable":true,"href":"https:\/\/sodepal.es\/en\/wp-json\/wp\/v2\/media\/6561"}],"wp:attachment":[{"href":"https:\/\/sodepal.es\/en\/wp-json\/wp\/v2\/media?parent=6560"}],"wp:term":[{"taxonomy":"category","embeddable":true,"href":"https:\/\/sodepal.es\/en\/wp-json\/wp\/v2\/categories?post=6560"},{"taxonomy":"post_tag","embeddable":true,"href":"https:\/\/sodepal.es\/en\/wp-json\/wp\/v2\/tags?post=6560"}],"curies":[{"name":"wp","href":"https:\/\/api.w.org\/{rel}","templated":true}]}}