{"id":6797,"date":"2023-03-06T10:00:19","date_gmt":"2023-03-06T10:00:19","guid":{"rendered":"https:\/\/sodepal.es\/?p=6797"},"modified":"2023-03-06T10:00:22","modified_gmt":"2023-03-06T10:00:22","slug":"la-disenadora-paloma-suarez-perteneciente-al-programa-isla-bonita-moda-conquista-mbfwm-con-su-coleccion-titulada-23","status":"publish","type":"post","link":"https:\/\/sodepal.es\/en\/la-disenadora-paloma-suarez-perteneciente-al-programa-isla-bonita-moda-conquista-mbfwm-con-su-coleccion-titulada-23\/","title":{"rendered":"The designer Paloma Su\u00e1rez, part of the Isla Bonita Moda programme, conquers MBFWM with her collection entitled \"23\"."},"content":{"rendered":"<p>The fashion show, part of the official calendar of the Mercedes-Benz Fashion Week Madrid catwalk, was held to close the first day, with the support of Isla Bonita Moda and the attendance of many personalities from the current social scene, celebrities and influencers, among others.<\/p>\n\n\n\n<p>The number 23 has been chosen to give name to the new collection of the creative Paloma Su\u00e1rez. Numbers have a very diverse interpretation for each culture and are a way of defining the vibrations of living beings.<\/p>\n\n\n\n<p>The designer Paloma Su\u00e1rez, who belongs to the institutional programme Isla Bonita Moda (IBM) managed by the public company Sodepal of the Cabildo Insular de La Palma, has just presented her new AW23-24 collection called \"23\" at the new edition of MBFWM.<\/p>\n\n\n\n<p>Raquel D\u00edaz, Councillor for Economic Promotion and head of the public company Sodepal, accompanied the designer on this important day along with many personalities from the current social scene, celebrities and influencers, among others.<\/p>\n\n\n\n<p>D\u00edaz emphasised that \"Paloma Su\u00e1rez has once again demonstrated her position as one of the most outstanding national designers in our country\", and that she faces \"a very special challenge for her, because although in 2015 at the age of 22 she began as a promising young woman in EGO and later paraded in OFF, making the leap as a consolidated brand in 2021, on this occasion in 2023 she achieves her consecration as a brand by parading in the official calendar of MBFWM\".<\/p>\n\n\n\n<p>The councillor acknowledged that \"it is a source of pride for our island to have a reference of the stature of Paloma Su\u00e1rez, whom we have supported in the conquest and business development of her firm through the Isla Bonita Moda project\".<\/p>\n\n\n\n<p>Faithful to its design philosophy and Slow Fashion concept, the brand's characteristic colours and textures will continue to be the protagonists, reinterpreting once again its own codes. On this occasion, it is worth highlighting the incorporation of new fabrics such as virgin wool, cashmere or houndstooth, fur and vegan leather as well as its recognisable vinyl, tulle and feathers.<\/p>\n\n\n\n<p>The chromatic palette takes on special prominence along with pattern making and tailoring techniques. New proposals of refined lines and new colours broken with black predominate. There will be no lack of craftsmanship to transform them and provide the ideal tandem between tradition, technique and avant-garde.<\/p>","protected":false},"excerpt":{"rendered":"<p>The fashion show, part of the official calendar of the Mercedes-Benz Fashion Week Madrid catwalk, was held to close the first day, with the support of Isla Bonita Moda and the attendance of many personalities from the current social scene, celebrities and influencers, among others. The 23rd has been chosen to give name to the ... <a title=\"The designer Paloma Su\u00e1rez, part of the Isla Bonita Moda programme, conquers MBFWM with her collection entitled &quot;23&quot;.\" class=\"read-more\" href=\"https:\/\/sodepal.es\/en\/la-disenadora-paloma-suarez-perteneciente-al-programa-isla-bonita-moda-conquista-mbfwm-con-su-coleccion-titulada-23\/\" aria-label=\"Read more about The designer Paloma Su\u00e1rez, part of the Isla Bonita Moda programme, conquers MBFWM with her collection entitled &quot;23&quot;.\">Read more<\/a><\/p>","protected":false},"author":1,"featured_media":6798,"comment_status":"open","ping_status":"open","sticky":false,"template":"","format":"standard","meta":{"_acf_changed":false,"footnotes":""},"categories":[19],"tags":[],"class_list":["post-6797","post","type-post","status-publish","format-standard","has-post-thumbnail","hentry","category-noticias"],"acf":[],"yoast_head":"<!-- This site is optimized with the Yoast SEO Premium plugin v22.0 (Yoast SEO v27.4) - https:\/\/yoast.com\/product\/yoast-seo-premium-wordpress\/ -->\n<title>La dise\u00f1adora Paloma Su\u00e1rez, perteneciente al programa Isla Bonita Moda, conquista MBFWM con su colecci\u00f3n titulada \u201c23\u201d - Sociedad de Promoci\u00f3n y Desarrollo Econ\u00f3mico y Social de La Palma - SODEPAL<\/title>\n<meta name=\"description\" content=\"Toda la actualidad de los proyectos y eventos desarrollados por SODEPAL\" \/>\n<meta name=\"robots\" content=\"index, follow, max-snippet:-1, max-image-preview:large, max-video-preview:-1\" \/>\n<link rel=\"canonical\" href=\"https:\/\/sodepal.es\/en\/la-disenadora-paloma-suarez-perteneciente-al-programa-isla-bonita-moda-conquista-mbfwm-con-su-coleccion-titulada-23\/\" \/>\n<meta property=\"og:locale\" content=\"en_GB\" \/>\n<meta property=\"og:type\" content=\"article\" \/>\n<meta property=\"og:title\" content=\"La dise\u00f1adora Paloma Su\u00e1rez, perteneciente al programa Isla Bonita Moda, conquista MBFWM con su colecci\u00f3n titulada \u201c23\u201d\" \/>\n<meta property=\"og:description\" content=\"Toda la actualidad de los proyectos y eventos desarrollados por SODEPAL\" \/>\n<meta property=\"og:url\" content=\"https:\/\/sodepal.es\/en\/la-disenadora-paloma-suarez-perteneciente-al-programa-isla-bonita-moda-conquista-mbfwm-con-su-coleccion-titulada-23\/\" \/>\n<meta property=\"og:site_name\" content=\"Sociedad de Promoci\u00f3n y Desarrollo Econ\u00f3mico y Social de La Palma - SODEPAL\" \/>\n<meta property=\"article:publisher\" content=\"https:\/\/www.facebook.com\/sodepal\" \/>\n<meta property=\"article:published_time\" content=\"2023-03-06T10:00:19+00:00\" \/>\n<meta property=\"article:modified_time\" content=\"2023-03-06T10:00:22+00:00\" \/>\n<meta property=\"og:image\" content=\"https:\/\/sodepal.es\/wp-content\/uploads\/2023\/03\/desfile_paloma_suarez.jpeg\" \/>\n\t<meta property=\"og:image:width\" content=\"2048\" \/>\n\t<meta property=\"og:image:height\" content=\"1388\" \/>\n\t<meta property=\"og:image:type\" content=\"image\/jpeg\" \/>\n<meta name=\"author\" content=\"gerencia\" \/>\n<meta name=\"twitter:card\" content=\"summary_large_image\" \/>\n<script type=\"application\/ld+json\" class=\"yoast-schema-graph\">{\"@context\":\"https:\\\/\\\/schema.org\",\"@graph\":[{\"@type\":\"Article\",\"@id\":\"https:\\\/\\\/sodepal.es\\\/la-disenadora-paloma-suarez-perteneciente-al-programa-isla-bonita-moda-conquista-mbfwm-con-su-coleccion-titulada-23\\\/#article\",\"isPartOf\":{\"@id\":\"https:\\\/\\\/sodepal.es\\\/la-disenadora-paloma-suarez-perteneciente-al-programa-isla-bonita-moda-conquista-mbfwm-con-su-coleccion-titulada-23\\\/\"},\"author\":{\"name\":\"gerencia\",\"@id\":\"https:\\\/\\\/sodepal.es\\\/#\\\/schema\\\/person\\\/43b1d623bde0c4ec4efd5656ef0958b2\"},\"headline\":\"La dise\u00f1adora Paloma Su\u00e1rez, perteneciente al programa Isla Bonita Moda, conquista MBFWM con su colecci\u00f3n titulada \u201c23\u201d\",\"datePublished\":\"2023-03-06T10:00:19+00:00\",\"dateModified\":\"2023-03-06T10:00:22+00:00\",\"mainEntityOfPage\":{\"@id\":\"https:\\\/\\\/sodepal.es\\\/la-disenadora-paloma-suarez-perteneciente-al-programa-isla-bonita-moda-conquista-mbfwm-con-su-coleccion-titulada-23\\\/\"},\"wordCount\":454,\"commentCount\":0,\"publisher\":{\"@id\":\"https:\\\/\\\/sodepal.es\\\/#organization\"},\"image\":{\"@id\":\"https:\\\/\\\/sodepal.es\\\/la-disenadora-paloma-suarez-perteneciente-al-programa-isla-bonita-moda-conquista-mbfwm-con-su-coleccion-titulada-23\\\/#primaryimage\"},\"thumbnailUrl\":\"https:\\\/\\\/sodepal.es\\\/wp-content\\\/uploads\\\/2023\\\/03\\\/desfile_paloma_suarez.jpeg\",\"articleSection\":[\"Noticias\"],\"inLanguage\":\"en-GB\",\"potentialAction\":[{\"@type\":\"CommentAction\",\"name\":\"Comment\",\"target\":[\"https:\\\/\\\/sodepal.es\\\/la-disenadora-paloma-suarez-perteneciente-al-programa-isla-bonita-moda-conquista-mbfwm-con-su-coleccion-titulada-23\\\/#respond\"]}]},{\"@type\":\"WebPage\",\"@id\":\"https:\\\/\\\/sodepal.es\\\/la-disenadora-paloma-suarez-perteneciente-al-programa-isla-bonita-moda-conquista-mbfwm-con-su-coleccion-titulada-23\\\/\",\"url\":\"https:\\\/\\\/sodepal.es\\\/la-disenadora-paloma-suarez-perteneciente-al-programa-isla-bonita-moda-conquista-mbfwm-con-su-coleccion-titulada-23\\\/\",\"name\":\"La dise\u00f1adora Paloma Su\u00e1rez, perteneciente al programa Isla Bonita Moda, conquista MBFWM con su colecci\u00f3n titulada \u201c23\u201d - Sociedad de Promoci\u00f3n y Desarrollo Econ\u00f3mico y Social de La Palma - SODEPAL\",\"isPartOf\":{\"@id\":\"https:\\\/\\\/sodepal.es\\\/#website\"},\"primaryImageOfPage\":{\"@id\":\"https:\\\/\\\/sodepal.es\\\/la-disenadora-paloma-suarez-perteneciente-al-programa-isla-bonita-moda-conquista-mbfwm-con-su-coleccion-titulada-23\\\/#primaryimage\"},\"image\":{\"@id\":\"https:\\\/\\\/sodepal.es\\\/la-disenadora-paloma-suarez-perteneciente-al-programa-isla-bonita-moda-conquista-mbfwm-con-su-coleccion-titulada-23\\\/#primaryimage\"},\"thumbnailUrl\":\"https:\\\/\\\/sodepal.es\\\/wp-content\\\/uploads\\\/2023\\\/03\\\/desfile_paloma_suarez.jpeg\",\"datePublished\":\"2023-03-06T10:00:19+00:00\",\"dateModified\":\"2023-03-06T10:00:22+00:00\",\"description\":\"Toda la actualidad de los proyectos y eventos desarrollados por SODEPAL\",\"breadcrumb\":{\"@id\":\"https:\\\/\\\/sodepal.es\\\/la-disenadora-paloma-suarez-perteneciente-al-programa-isla-bonita-moda-conquista-mbfwm-con-su-coleccion-titulada-23\\\/#breadcrumb\"},\"inLanguage\":\"en-GB\",\"potentialAction\":[{\"@type\":\"ReadAction\",\"target\":[\"https:\\\/\\\/sodepal.es\\\/la-disenadora-paloma-suarez-perteneciente-al-programa-isla-bonita-moda-conquista-mbfwm-con-su-coleccion-titulada-23\\\/\"]}]},{\"@type\":\"ImageObject\",\"inLanguage\":\"en-GB\",\"@id\":\"https:\\\/\\\/sodepal.es\\\/la-disenadora-paloma-suarez-perteneciente-al-programa-isla-bonita-moda-conquista-mbfwm-con-su-coleccion-titulada-23\\\/#primaryimage\",\"url\":\"https:\\\/\\\/sodepal.es\\\/wp-content\\\/uploads\\\/2023\\\/03\\\/desfile_paloma_suarez.jpeg\",\"contentUrl\":\"https:\\\/\\\/sodepal.es\\\/wp-content\\\/uploads\\\/2023\\\/03\\\/desfile_paloma_suarez.jpeg\",\"width\":2048,\"height\":1388},{\"@type\":\"BreadcrumbList\",\"@id\":\"https:\\\/\\\/sodepal.es\\\/la-disenadora-paloma-suarez-perteneciente-al-programa-isla-bonita-moda-conquista-mbfwm-con-su-coleccion-titulada-23\\\/#breadcrumb\",\"itemListElement\":[{\"@type\":\"ListItem\",\"position\":1,\"name\":\"Inicio\",\"item\":\"https:\\\/\\\/sodepal.es\\\/\"},{\"@type\":\"ListItem\",\"position\":2,\"name\":\"La dise\u00f1adora Paloma Su\u00e1rez, perteneciente al programa Isla Bonita Moda, conquista MBFWM con su colecci\u00f3n titulada \u201c23\u201d\"}]},{\"@type\":\"WebSite\",\"@id\":\"https:\\\/\\\/sodepal.es\\\/#website\",\"url\":\"https:\\\/\\\/sodepal.es\\\/\",\"name\":\"Sodepal\",\"description\":\"SODEPAL es una empresa p\u00fablica dependiente del Cabildo de La Palma. Promoci\u00f3n, Fomento y Desarrollo para la isla de La Palma\",\"publisher\":{\"@id\":\"https:\\\/\\\/sodepal.es\\\/#organization\"},\"alternateName\":\"Sociedad de Promoci\u00f3n y Desarrollo Econ\u00f3mico y Social de La Palma\",\"potentialAction\":[{\"@type\":\"SearchAction\",\"target\":{\"@type\":\"EntryPoint\",\"urlTemplate\":\"https:\\\/\\\/sodepal.es\\\/?s={search_term_string}\"},\"query-input\":{\"@type\":\"PropertyValueSpecification\",\"valueRequired\":true,\"valueName\":\"search_term_string\"}}],\"inLanguage\":\"en-GB\"},{\"@type\":\"Organization\",\"@id\":\"https:\\\/\\\/sodepal.es\\\/#organization\",\"name\":\"Sociedad de Promoci\u00f3n y Desarrollo Econ\u00f3mico y Social de La Palma\",\"alternateName\":\"Sodepal\",\"url\":\"https:\\\/\\\/sodepal.es\\\/\",\"logo\":{\"@type\":\"ImageObject\",\"inLanguage\":\"en-GB\",\"@id\":\"https:\\\/\\\/sodepal.es\\\/#\\\/schema\\\/logo\\\/image\\\/\",\"url\":\"https:\\\/\\\/sodepal.es\\\/wp-content\\\/uploads\\\/2022\\\/09\\\/logo_web.png\",\"contentUrl\":\"https:\\\/\\\/sodepal.es\\\/wp-content\\\/uploads\\\/2022\\\/09\\\/logo_web.png\",\"width\":658,\"height\":156,\"caption\":\"Sociedad de Promoci\u00f3n y Desarrollo Econ\u00f3mico y Social de La Palma\"},\"image\":{\"@id\":\"https:\\\/\\\/sodepal.es\\\/#\\\/schema\\\/logo\\\/image\\\/\"},\"sameAs\":[\"https:\\\/\\\/www.facebook.com\\\/sodepal\",\"https:\\\/\\\/www.instagram.com\\\/sodepallapalma\\\/\"],\"description\":\"Sociedad de Promoci\u00f3n y Desarrollo econ\u00f3mico y Social de La Palma, empresa p\u00fablica dependiente del Cabildo de La Palma\",\"email\":\"info@sodepal.es\",\"telephone\":\"922417323\",\"legalName\":\"Sociedad de Promoci\u00f3n y Desarrollo Econ\u00f3mico de la isla de La Palma S.A.U.\"},{\"@type\":\"Person\",\"@id\":\"https:\\\/\\\/sodepal.es\\\/#\\\/schema\\\/person\\\/43b1d623bde0c4ec4efd5656ef0958b2\",\"name\":\"gerencia\",\"image\":{\"@type\":\"ImageObject\",\"inLanguage\":\"en-GB\",\"@id\":\"https:\\\/\\\/secure.gravatar.com\\\/avatar\\\/2aa1ba3e33e6721e413a7499ea7cab2e4414b99cea1516e7404245c8da655d86?s=96&d=mm&r=g\",\"url\":\"https:\\\/\\\/secure.gravatar.com\\\/avatar\\\/2aa1ba3e33e6721e413a7499ea7cab2e4414b99cea1516e7404245c8da655d86?s=96&d=mm&r=g\",\"contentUrl\":\"https:\\\/\\\/secure.gravatar.com\\\/avatar\\\/2aa1ba3e33e6721e413a7499ea7cab2e4414b99cea1516e7404245c8da655d86?s=96&d=mm&r=g\",\"caption\":\"gerencia\"}}]}<\/script>\n<!-- \/ Yoast SEO Premium plugin. -->","yoast_head_json":{"title":"La dise\u00f1adora Paloma Su\u00e1rez, perteneciente al programa Isla Bonita Moda, conquista MBFWM con su colecci\u00f3n titulada \u201c23\u201d - Sociedad de Promoci\u00f3n y Desarrollo Econ\u00f3mico y Social de La Palma - SODEPAL","description":"Toda la actualidad de los proyectos y eventos desarrollados por SODEPAL","robots":{"index":"index","follow":"follow","max-snippet":"max-snippet:-1","max-image-preview":"max-image-preview:large","max-video-preview":"max-video-preview:-1"},"canonical":"https:\/\/sodepal.es\/en\/la-disenadora-paloma-suarez-perteneciente-al-programa-isla-bonita-moda-conquista-mbfwm-con-su-coleccion-titulada-23\/","og_locale":"en_GB","og_type":"article","og_title":"La dise\u00f1adora Paloma Su\u00e1rez, perteneciente al programa Isla Bonita Moda, conquista MBFWM con su colecci\u00f3n titulada \u201c23\u201d","og_description":"Toda la actualidad de los proyectos y eventos desarrollados por SODEPAL","og_url":"https:\/\/sodepal.es\/en\/la-disenadora-paloma-suarez-perteneciente-al-programa-isla-bonita-moda-conquista-mbfwm-con-su-coleccion-titulada-23\/","og_site_name":"Sociedad de Promoci\u00f3n y Desarrollo Econ\u00f3mico y Social de La Palma - SODEPAL","article_publisher":"https:\/\/www.facebook.com\/sodepal","article_published_time":"2023-03-06T10:00:19+00:00","article_modified_time":"2023-03-06T10:00:22+00:00","og_image":[{"width":2048,"height":1388,"url":"https:\/\/sodepal.es\/wp-content\/uploads\/2023\/03\/desfile_paloma_suarez.jpeg","type":"image\/jpeg"}],"author":"gerencia","twitter_card":"summary_large_image","schema":{"@context":"https:\/\/schema.org","@graph":[{"@type":"Article","@id":"https:\/\/sodepal.es\/la-disenadora-paloma-suarez-perteneciente-al-programa-isla-bonita-moda-conquista-mbfwm-con-su-coleccion-titulada-23\/#article","isPartOf":{"@id":"https:\/\/sodepal.es\/la-disenadora-paloma-suarez-perteneciente-al-programa-isla-bonita-moda-conquista-mbfwm-con-su-coleccion-titulada-23\/"},"author":{"name":"gerencia","@id":"https:\/\/sodepal.es\/#\/schema\/person\/43b1d623bde0c4ec4efd5656ef0958b2"},"headline":"La dise\u00f1adora Paloma Su\u00e1rez, perteneciente al programa Isla Bonita Moda, conquista MBFWM con su colecci\u00f3n titulada \u201c23\u201d","datePublished":"2023-03-06T10:00:19+00:00","dateModified":"2023-03-06T10:00:22+00:00","mainEntityOfPage":{"@id":"https:\/\/sodepal.es\/la-disenadora-paloma-suarez-perteneciente-al-programa-isla-bonita-moda-conquista-mbfwm-con-su-coleccion-titulada-23\/"},"wordCount":454,"commentCount":0,"publisher":{"@id":"https:\/\/sodepal.es\/#organization"},"image":{"@id":"https:\/\/sodepal.es\/la-disenadora-paloma-suarez-perteneciente-al-programa-isla-bonita-moda-conquista-mbfwm-con-su-coleccion-titulada-23\/#primaryimage"},"thumbnailUrl":"https:\/\/sodepal.es\/wp-content\/uploads\/2023\/03\/desfile_paloma_suarez.jpeg","articleSection":["Noticias"],"inLanguage":"en-GB","potentialAction":[{"@type":"CommentAction","name":"Comment","target":["https:\/\/sodepal.es\/la-disenadora-paloma-suarez-perteneciente-al-programa-isla-bonita-moda-conquista-mbfwm-con-su-coleccion-titulada-23\/#respond"]}]},{"@type":"WebPage","@id":"https:\/\/sodepal.es\/la-disenadora-paloma-suarez-perteneciente-al-programa-isla-bonita-moda-conquista-mbfwm-con-su-coleccion-titulada-23\/","url":"https:\/\/sodepal.es\/la-disenadora-paloma-suarez-perteneciente-al-programa-isla-bonita-moda-conquista-mbfwm-con-su-coleccion-titulada-23\/","name":"La dise\u00f1adora Paloma Su\u00e1rez, perteneciente al programa Isla Bonita Moda, conquista MBFWM con su colecci\u00f3n titulada \u201c23\u201d - Sociedad de Promoci\u00f3n y Desarrollo Econ\u00f3mico y Social de La Palma - SODEPAL","isPartOf":{"@id":"https:\/\/sodepal.es\/#website"},"primaryImageOfPage":{"@id":"https:\/\/sodepal.es\/la-disenadora-paloma-suarez-perteneciente-al-programa-isla-bonita-moda-conquista-mbfwm-con-su-coleccion-titulada-23\/#primaryimage"},"image":{"@id":"https:\/\/sodepal.es\/la-disenadora-paloma-suarez-perteneciente-al-programa-isla-bonita-moda-conquista-mbfwm-con-su-coleccion-titulada-23\/#primaryimage"},"thumbnailUrl":"https:\/\/sodepal.es\/wp-content\/uploads\/2023\/03\/desfile_paloma_suarez.jpeg","datePublished":"2023-03-06T10:00:19+00:00","dateModified":"2023-03-06T10:00:22+00:00","description":"Toda la actualidad de los proyectos y eventos desarrollados por SODEPAL","breadcrumb":{"@id":"https:\/\/sodepal.es\/la-disenadora-paloma-suarez-perteneciente-al-programa-isla-bonita-moda-conquista-mbfwm-con-su-coleccion-titulada-23\/#breadcrumb"},"inLanguage":"en-GB","potentialAction":[{"@type":"ReadAction","target":["https:\/\/sodepal.es\/la-disenadora-paloma-suarez-perteneciente-al-programa-isla-bonita-moda-conquista-mbfwm-con-su-coleccion-titulada-23\/"]}]},{"@type":"ImageObject","inLanguage":"en-GB","@id":"https:\/\/sodepal.es\/la-disenadora-paloma-suarez-perteneciente-al-programa-isla-bonita-moda-conquista-mbfwm-con-su-coleccion-titulada-23\/#primaryimage","url":"https:\/\/sodepal.es\/wp-content\/uploads\/2023\/03\/desfile_paloma_suarez.jpeg","contentUrl":"https:\/\/sodepal.es\/wp-content\/uploads\/2023\/03\/desfile_paloma_suarez.jpeg","width":2048,"height":1388},{"@type":"BreadcrumbList","@id":"https:\/\/sodepal.es\/la-disenadora-paloma-suarez-perteneciente-al-programa-isla-bonita-moda-conquista-mbfwm-con-su-coleccion-titulada-23\/#breadcrumb","itemListElement":[{"@type":"ListItem","position":1,"name":"Inicio","item":"https:\/\/sodepal.es\/"},{"@type":"ListItem","position":2,"name":"La dise\u00f1adora Paloma Su\u00e1rez, perteneciente al programa Isla Bonita Moda, conquista MBFWM con su colecci\u00f3n titulada \u201c23\u201d"}]},{"@type":"WebSite","@id":"https:\/\/sodepal.es\/#website","url":"https:\/\/sodepal.es\/","name":"Sodepal","description":"SODEPAL es una empresa p\u00fablica dependiente del Cabildo de La Palma. Promoci\u00f3n, Fomento y Desarrollo para la isla de La Palma","publisher":{"@id":"https:\/\/sodepal.es\/#organization"},"alternateName":"Sociedad de Promoci\u00f3n y Desarrollo Econ\u00f3mico y Social de La Palma","potentialAction":[{"@type":"SearchAction","target":{"@type":"EntryPoint","urlTemplate":"https:\/\/sodepal.es\/?s={search_term_string}"},"query-input":{"@type":"PropertyValueSpecification","valueRequired":true,"valueName":"search_term_string"}}],"inLanguage":"en-GB"},{"@type":"Organization","@id":"https:\/\/sodepal.es\/#organization","name":"Sociedad de Promoci\u00f3n y Desarrollo Econ\u00f3mico y Social de La Palma","alternateName":"Sodepal","url":"https:\/\/sodepal.es\/","logo":{"@type":"ImageObject","inLanguage":"en-GB","@id":"https:\/\/sodepal.es\/#\/schema\/logo\/image\/","url":"https:\/\/sodepal.es\/wp-content\/uploads\/2022\/09\/logo_web.png","contentUrl":"https:\/\/sodepal.es\/wp-content\/uploads\/2022\/09\/logo_web.png","width":658,"height":156,"caption":"Sociedad de Promoci\u00f3n y Desarrollo Econ\u00f3mico y Social de La Palma"},"image":{"@id":"https:\/\/sodepal.es\/#\/schema\/logo\/image\/"},"sameAs":["https:\/\/www.facebook.com\/sodepal","https:\/\/www.instagram.com\/sodepallapalma\/"],"description":"Sociedad de Promoci\u00f3n y Desarrollo econ\u00f3mico y Social de La Palma, empresa p\u00fablica dependiente del Cabildo de La Palma","email":"info@sodepal.es","telephone":"922417323","legalName":"Sociedad de Promoci\u00f3n y Desarrollo Econ\u00f3mico de la isla de La Palma S.A.U."},{"@type":"Person","@id":"https:\/\/sodepal.es\/#\/schema\/person\/43b1d623bde0c4ec4efd5656ef0958b2","name":"gerencia","image":{"@type":"ImageObject","inLanguage":"en-GB","@id":"https:\/\/secure.gravatar.com\/avatar\/2aa1ba3e33e6721e413a7499ea7cab2e4414b99cea1516e7404245c8da655d86?s=96&d=mm&r=g","url":"https:\/\/secure.gravatar.com\/avatar\/2aa1ba3e33e6721e413a7499ea7cab2e4414b99cea1516e7404245c8da655d86?s=96&d=mm&r=g","contentUrl":"https:\/\/secure.gravatar.com\/avatar\/2aa1ba3e33e6721e413a7499ea7cab2e4414b99cea1516e7404245c8da655d86?s=96&d=mm&r=g","caption":"gerencia"}}]}},"_links":{"self":[{"href":"https:\/\/sodepal.es\/en\/wp-json\/wp\/v2\/posts\/6797","targetHints":{"allow":["GET"]}}],"collection":[{"href":"https:\/\/sodepal.es\/en\/wp-json\/wp\/v2\/posts"}],"about":[{"href":"https:\/\/sodepal.es\/en\/wp-json\/wp\/v2\/types\/post"}],"author":[{"embeddable":true,"href":"https:\/\/sodepal.es\/en\/wp-json\/wp\/v2\/users\/1"}],"replies":[{"embeddable":true,"href":"https:\/\/sodepal.es\/en\/wp-json\/wp\/v2\/comments?post=6797"}],"version-history":[{"count":0,"href":"https:\/\/sodepal.es\/en\/wp-json\/wp\/v2\/posts\/6797\/revisions"}],"wp:featuredmedia":[{"embeddable":true,"href":"https:\/\/sodepal.es\/en\/wp-json\/wp\/v2\/media\/6798"}],"wp:attachment":[{"href":"https:\/\/sodepal.es\/en\/wp-json\/wp\/v2\/media?parent=6797"}],"wp:term":[{"taxonomy":"category","embeddable":true,"href":"https:\/\/sodepal.es\/en\/wp-json\/wp\/v2\/categories?post=6797"},{"taxonomy":"post_tag","embeddable":true,"href":"https:\/\/sodepal.es\/en\/wp-json\/wp\/v2\/tags?post=6797"}],"curies":[{"name":"wp","href":"https:\/\/api.w.org\/{rel}","templated":true}]}}